{"id":55500,"date":"2017-07-14T18:46:55","date_gmt":"2017-07-14T18:46:55","guid":{"rendered":"https:\/\/selig-group.com\/die-auswirkungen-von-verpackungen-auf-ein-alterndes-amerika\/"},"modified":"2023-03-21T19:42:26","modified_gmt":"2023-03-21T19:42:26","slug":"die-auswirkungen-von-verpackungen-auf-ein-alterndes-amerika","status":"publish","type":"post","link":"https:\/\/www.seliggroup.com\/de\/die-auswirkungen-von-verpackungen-auf-ein-alterndes-amerika\/","title":{"rendered":"Die Auswirkungen von Verpackungen auf ein alterndes Amerika"},"content":{"rendered":"\n<p>Darren Dodd, Marketing- und Service-Direktor von Selig Europe, erkl\u00e4rt, was die Verpackungsbranche tun kann, um der alternden Bev\u00f6lkerung in Europa gerecht zu werden.<\/p>\n","protected":false},"excerpt":{"rendered":"<p>Darren Dodd, Marketing- und Service-Direktor von Selig Europe, erkl\u00e4rt, was die Verpackungsbranche tun kann, um der alternden Bev\u00f6lkerung in Europa gerecht zu werden.<\/p>\n","protected":false},"author":3,"featured_media":55501,"comment_status":"closed","ping_status":"closed","sticky":false,"template":"","format":"standard","meta":{"_acf_changed":false,"inline_featured_image":false,"_monsterinsights_skip_tracking":false,"_monsterinsights_sitenote_active":false,"_monsterinsights_sitenote_note":"","_monsterinsights_sitenote_category":0,"footnotes":"","_links_to":"","_links_to_target":""},"categories":[1737],"tags":[1742,1740,1741,1739,1738,1743],"class_list":["post-55500","post","type-post","status-publish","format-standard","has-post-thumbnail","hentry","category-news-de","tag-chemie-industrie","tag-getranke","tag-korperpflege","tag-lebensmittel","tag-selig-ist-an-der-bereitstellung-des-neuen-fda-zugelassenen-funfminuten-covid-19-diagnosetests-beteiligt","tag-wein-spirituosen"],"acf":[],"yoast_head":"<!-- This site is optimized with the Yoast SEO plugin v27.4 - https:\/\/yoast.com\/product\/yoast-seo-wordpress\/ -->\n<title>Die Auswirkungen von Verpackungen auf ein alterndes Amerika - Selig Liners<\/title>\n<meta name=\"robots\" content=\"index, follow, max-snippet:-1, max-image-preview:large, max-video-preview:-1\" \/>\n<link rel=\"canonical\" href=\"https:\/\/www.seliggroup.com\/de\/die-auswirkungen-von-verpackungen-auf-ein-alterndes-amerika\/\" \/>\n<meta property=\"og:locale\" content=\"de_DE\" \/>\n<meta property=\"og:type\" content=\"article\" \/>\n<meta property=\"og:title\" content=\"Die Auswirkungen von Verpackungen auf ein alterndes Amerika - Selig Liners\" \/>\n<meta property=\"og:description\" content=\"Darren Dodd, Marketing- und Service-Direktor von Selig Europe, erkl\u00e4rt, was die Verpackungsbranche tun kann, um der alternden Bev\u00f6lkerung in Europa gerecht zu werden.\" \/>\n<meta property=\"og:url\" content=\"https:\/\/www.seliggroup.com\/de\/die-auswirkungen-von-verpackungen-auf-ein-alterndes-amerika\/\" \/>\n<meta property=\"og:site_name\" content=\"Selig Liners\" \/>\n<meta property=\"article:published_time\" content=\"2017-07-14T18:46:55+00:00\" \/>\n<meta property=\"article:modified_time\" content=\"2023-03-21T19:42:26+00:00\" \/>\n<meta property=\"og:image\" content=\"https:\/\/www.seliggroup.com\/wp-content\/uploads\/2022\/12\/the-impact-of-packaging-on-a-graying-america-1.png\" \/>\n\t<meta property=\"og:image:width\" content=\"350\" \/>\n\t<meta property=\"og:image:height\" content=\"185\" \/>\n\t<meta property=\"og:image:type\" content=\"image\/png\" \/>\n<meta name=\"author\" content=\"Amabel Ryan\" \/>\n<meta name=\"twitter:card\" content=\"summary_large_image\" \/>\n<meta name=\"twitter:label1\" content=\"Verfasst von\" \/>\n\t<meta name=\"twitter:data1\" content=\"Amabel Ryan\" \/>\n<script type=\"application\/ld+json\" class=\"yoast-schema-graph\">{\"@context\":\"https:\\\/\\\/schema.org\",\"@graph\":[{\"@type\":\"Article\",\"@id\":\"https:\\\/\\\/www.seliggroup.com\\\/de\\\/die-auswirkungen-von-verpackungen-auf-ein-alterndes-amerika\\\/#article\",\"isPartOf\":{\"@id\":\"https:\\\/\\\/www.seliggroup.com\\\/de\\\/die-auswirkungen-von-verpackungen-auf-ein-alterndes-amerika\\\/\"},\"author\":{\"name\":\"Amabel Ryan\",\"@id\":\"https:\\\/\\\/www.seliggroup.com\\\/de\\\/#\\\/schema\\\/person\\\/e7b30b0f09d9837fcb675cbf121c4fbb\"},\"headline\":\"Die Auswirkungen von Verpackungen auf ein alterndes Amerika\",\"datePublished\":\"2017-07-14T18:46:55+00:00\",\"dateModified\":\"2023-03-21T19:42:26+00:00\",\"mainEntityOfPage\":{\"@id\":\"https:\\\/\\\/www.seliggroup.com\\\/de\\\/die-auswirkungen-von-verpackungen-auf-ein-alterndes-amerika\\\/\"},\"wordCount\":33,\"publisher\":{\"@id\":\"https:\\\/\\\/www.seliggroup.com\\\/de\\\/#organization\"},\"image\":{\"@id\":\"https:\\\/\\\/www.seliggroup.com\\\/de\\\/die-auswirkungen-von-verpackungen-auf-ein-alterndes-amerika\\\/#primaryimage\"},\"thumbnailUrl\":\"https:\\\/\\\/www.seliggroup.com\\\/wp-content\\\/uploads\\\/2022\\\/12\\\/the-impact-of-packaging-on-a-graying-america-1.png\",\"keywords\":[\"Chemie &amp; Industrie\",\"Getr\u00e4nke\",\"K\u00f6rperpflege\",\"Lebensmittel\",\"Selig ist an der Bereitstellung des neuen FDA-zugelassenen, F\u00fcnfminuten-COVID-19-Diagnosetests beteiligt\",\"Wein &amp; Spirituosen\"],\"articleSection\":[\"News\"],\"inLanguage\":\"de\"},{\"@type\":\"WebPage\",\"@id\":\"https:\\\/\\\/www.seliggroup.com\\\/de\\\/die-auswirkungen-von-verpackungen-auf-ein-alterndes-amerika\\\/\",\"url\":\"https:\\\/\\\/www.seliggroup.com\\\/de\\\/die-auswirkungen-von-verpackungen-auf-ein-alterndes-amerika\\\/\",\"name\":\"Die Auswirkungen von Verpackungen auf ein alterndes Amerika - Selig Liners\",\"isPartOf\":{\"@id\":\"https:\\\/\\\/www.seliggroup.com\\\/de\\\/#website\"},\"primaryImageOfPage\":{\"@id\":\"https:\\\/\\\/www.seliggroup.com\\\/de\\\/die-auswirkungen-von-verpackungen-auf-ein-alterndes-amerika\\\/#primaryimage\"},\"image\":{\"@id\":\"https:\\\/\\\/www.seliggroup.com\\\/de\\\/die-auswirkungen-von-verpackungen-auf-ein-alterndes-amerika\\\/#primaryimage\"},\"thumbnailUrl\":\"https:\\\/\\\/www.seliggroup.com\\\/wp-content\\\/uploads\\\/2022\\\/12\\\/the-impact-of-packaging-on-a-graying-america-1.png\",\"datePublished\":\"2017-07-14T18:46:55+00:00\",\"dateModified\":\"2023-03-21T19:42:26+00:00\",\"breadcrumb\":{\"@id\":\"https:\\\/\\\/www.seliggroup.com\\\/de\\\/die-auswirkungen-von-verpackungen-auf-ein-alterndes-amerika\\\/#breadcrumb\"},\"inLanguage\":\"de\",\"potentialAction\":[{\"@type\":\"ReadAction\",\"target\":[\"https:\\\/\\\/www.seliggroup.com\\\/de\\\/die-auswirkungen-von-verpackungen-auf-ein-alterndes-amerika\\\/\"]}]},{\"@type\":\"ImageObject\",\"inLanguage\":\"de\",\"@id\":\"https:\\\/\\\/www.seliggroup.com\\\/de\\\/die-auswirkungen-von-verpackungen-auf-ein-alterndes-amerika\\\/#primaryimage\",\"url\":\"https:\\\/\\\/www.seliggroup.com\\\/wp-content\\\/uploads\\\/2022\\\/12\\\/the-impact-of-packaging-on-a-graying-america-1.png\",\"contentUrl\":\"https:\\\/\\\/www.seliggroup.com\\\/wp-content\\\/uploads\\\/2022\\\/12\\\/the-impact-of-packaging-on-a-graying-america-1.png\",\"width\":350,\"height\":185},{\"@type\":\"BreadcrumbList\",\"@id\":\"https:\\\/\\\/www.seliggroup.com\\\/de\\\/die-auswirkungen-von-verpackungen-auf-ein-alterndes-amerika\\\/#breadcrumb\",\"itemListElement\":[{\"@type\":\"ListItem\",\"position\":1,\"name\":\"Home\",\"item\":\"https:\\\/\\\/www.seliggroup.com\\\/de\\\/\"},{\"@type\":\"ListItem\",\"position\":2,\"name\":\"Die Auswirkungen von Verpackungen auf ein alterndes Amerika\"}]},{\"@type\":\"WebSite\",\"@id\":\"https:\\\/\\\/www.seliggroup.com\\\/de\\\/#website\",\"url\":\"https:\\\/\\\/www.seliggroup.com\\\/de\\\/\",\"name\":\"Selig Liners\",\"description\":\"Protect, Seal and Deliver\u2122\",\"publisher\":{\"@id\":\"https:\\\/\\\/www.seliggroup.com\\\/de\\\/#organization\"},\"potentialAction\":[{\"@type\":\"SearchAction\",\"target\":{\"@type\":\"EntryPoint\",\"urlTemplate\":\"https:\\\/\\\/www.seliggroup.com\\\/de\\\/?s={search_term_string}\"},\"query-input\":{\"@type\":\"PropertyValueSpecification\",\"valueRequired\":true,\"valueName\":\"search_term_string\"}}],\"inLanguage\":\"de\"},{\"@type\":\"Organization\",\"@id\":\"https:\\\/\\\/www.seliggroup.com\\\/de\\\/#organization\",\"name\":\"Selig Group\",\"alternateName\":\"Selig\",\"url\":\"https:\\\/\\\/www.seliggroup.com\\\/de\\\/\",\"logo\":{\"@type\":\"ImageObject\",\"inLanguage\":\"de\",\"@id\":\"https:\\\/\\\/www.seliggroup.com\\\/de\\\/#\\\/schema\\\/logo\\\/image\\\/\",\"url\":\"https:\\\/\\\/www.seliggroup.com\\\/wp-content\\\/uploads\\\/2022\\\/12\\\/SeligGroupLogo_CMYK.jpg\",\"contentUrl\":\"https:\\\/\\\/www.seliggroup.com\\\/wp-content\\\/uploads\\\/2022\\\/12\\\/SeligGroupLogo_CMYK.jpg\",\"width\":720,\"height\":336,\"caption\":\"Selig Group\"},\"image\":{\"@id\":\"https:\\\/\\\/www.seliggroup.com\\\/de\\\/#\\\/schema\\\/logo\\\/image\\\/\"}},{\"@type\":\"Person\",\"@id\":\"https:\\\/\\\/www.seliggroup.com\\\/de\\\/#\\\/schema\\\/person\\\/e7b30b0f09d9837fcb675cbf121c4fbb\",\"name\":\"Amabel Ryan\",\"image\":{\"@type\":\"ImageObject\",\"inLanguage\":\"de\",\"@id\":\"https:\\\/\\\/secure.gravatar.com\\\/avatar\\\/7d52e3df607aef380a78d81ab14c17008cd9bd5b734b307bc1911e2175ab4de9?s=96&d=mm&r=g\",\"url\":\"https:\\\/\\\/secure.gravatar.com\\\/avatar\\\/7d52e3df607aef380a78d81ab14c17008cd9bd5b734b307bc1911e2175ab4de9?s=96&d=mm&r=g\",\"contentUrl\":\"https:\\\/\\\/secure.gravatar.com\\\/avatar\\\/7d52e3df607aef380a78d81ab14c17008cd9bd5b734b307bc1911e2175ab4de9?s=96&d=mm&r=g\",\"caption\":\"Amabel Ryan\"}}]}<\/script>\n<!-- \/ Yoast SEO plugin. -->","yoast_head_json":{"title":"Die Auswirkungen von Verpackungen auf ein alterndes Amerika - Selig Liners","robots":{"index":"index","follow":"follow","max-snippet":"max-snippet:-1","max-image-preview":"max-image-preview:large","max-video-preview":"max-video-preview:-1"},"canonical":"https:\/\/www.seliggroup.com\/de\/die-auswirkungen-von-verpackungen-auf-ein-alterndes-amerika\/","og_locale":"de_DE","og_type":"article","og_title":"Die Auswirkungen von Verpackungen auf ein alterndes Amerika - Selig Liners","og_description":"Darren Dodd, Marketing- und Service-Direktor von Selig Europe, erkl\u00e4rt, was die Verpackungsbranche tun kann, um der alternden Bev\u00f6lkerung in Europa gerecht zu werden.","og_url":"https:\/\/www.seliggroup.com\/de\/die-auswirkungen-von-verpackungen-auf-ein-alterndes-amerika\/","og_site_name":"Selig Liners","article_published_time":"2017-07-14T18:46:55+00:00","article_modified_time":"2023-03-21T19:42:26+00:00","og_image":[{"width":350,"height":185,"url":"https:\/\/www.seliggroup.com\/wp-content\/uploads\/2022\/12\/the-impact-of-packaging-on-a-graying-america-1.png","type":"image\/png"}],"author":"Amabel Ryan","twitter_card":"summary_large_image","twitter_misc":{"Verfasst von":"Amabel Ryan"},"schema":{"@context":"https:\/\/schema.org","@graph":[{"@type":"Article","@id":"https:\/\/www.seliggroup.com\/de\/die-auswirkungen-von-verpackungen-auf-ein-alterndes-amerika\/#article","isPartOf":{"@id":"https:\/\/www.seliggroup.com\/de\/die-auswirkungen-von-verpackungen-auf-ein-alterndes-amerika\/"},"author":{"name":"Amabel Ryan","@id":"https:\/\/www.seliggroup.com\/de\/#\/schema\/person\/e7b30b0f09d9837fcb675cbf121c4fbb"},"headline":"Die Auswirkungen von Verpackungen auf ein alterndes Amerika","datePublished":"2017-07-14T18:46:55+00:00","dateModified":"2023-03-21T19:42:26+00:00","mainEntityOfPage":{"@id":"https:\/\/www.seliggroup.com\/de\/die-auswirkungen-von-verpackungen-auf-ein-alterndes-amerika\/"},"wordCount":33,"publisher":{"@id":"https:\/\/www.seliggroup.com\/de\/#organization"},"image":{"@id":"https:\/\/www.seliggroup.com\/de\/die-auswirkungen-von-verpackungen-auf-ein-alterndes-amerika\/#primaryimage"},"thumbnailUrl":"https:\/\/www.seliggroup.com\/wp-content\/uploads\/2022\/12\/the-impact-of-packaging-on-a-graying-america-1.png","keywords":["Chemie &amp; Industrie","Getr\u00e4nke","K\u00f6rperpflege","Lebensmittel","Selig ist an der Bereitstellung des neuen FDA-zugelassenen, F\u00fcnfminuten-COVID-19-Diagnosetests beteiligt","Wein &amp; Spirituosen"],"articleSection":["News"],"inLanguage":"de"},{"@type":"WebPage","@id":"https:\/\/www.seliggroup.com\/de\/die-auswirkungen-von-verpackungen-auf-ein-alterndes-amerika\/","url":"https:\/\/www.seliggroup.com\/de\/die-auswirkungen-von-verpackungen-auf-ein-alterndes-amerika\/","name":"Die Auswirkungen von Verpackungen auf ein alterndes Amerika - Selig Liners","isPartOf":{"@id":"https:\/\/www.seliggroup.com\/de\/#website"},"primaryImageOfPage":{"@id":"https:\/\/www.seliggroup.com\/de\/die-auswirkungen-von-verpackungen-auf-ein-alterndes-amerika\/#primaryimage"},"image":{"@id":"https:\/\/www.seliggroup.com\/de\/die-auswirkungen-von-verpackungen-auf-ein-alterndes-amerika\/#primaryimage"},"thumbnailUrl":"https:\/\/www.seliggroup.com\/wp-content\/uploads\/2022\/12\/the-impact-of-packaging-on-a-graying-america-1.png","datePublished":"2017-07-14T18:46:55+00:00","dateModified":"2023-03-21T19:42:26+00:00","breadcrumb":{"@id":"https:\/\/www.seliggroup.com\/de\/die-auswirkungen-von-verpackungen-auf-ein-alterndes-amerika\/#breadcrumb"},"inLanguage":"de","potentialAction":[{"@type":"ReadAction","target":["https:\/\/www.seliggroup.com\/de\/die-auswirkungen-von-verpackungen-auf-ein-alterndes-amerika\/"]}]},{"@type":"ImageObject","inLanguage":"de","@id":"https:\/\/www.seliggroup.com\/de\/die-auswirkungen-von-verpackungen-auf-ein-alterndes-amerika\/#primaryimage","url":"https:\/\/www.seliggroup.com\/wp-content\/uploads\/2022\/12\/the-impact-of-packaging-on-a-graying-america-1.png","contentUrl":"https:\/\/www.seliggroup.com\/wp-content\/uploads\/2022\/12\/the-impact-of-packaging-on-a-graying-america-1.png","width":350,"height":185},{"@type":"BreadcrumbList","@id":"https:\/\/www.seliggroup.com\/de\/die-auswirkungen-von-verpackungen-auf-ein-alterndes-amerika\/#breadcrumb","itemListElement":[{"@type":"ListItem","position":1,"name":"Home","item":"https:\/\/www.seliggroup.com\/de\/"},{"@type":"ListItem","position":2,"name":"Die Auswirkungen von Verpackungen auf ein alterndes Amerika"}]},{"@type":"WebSite","@id":"https:\/\/www.seliggroup.com\/de\/#website","url":"https:\/\/www.seliggroup.com\/de\/","name":"Selig Liners","description":"Protect, Seal and Deliver\u2122","publisher":{"@id":"https:\/\/www.seliggroup.com\/de\/#organization"},"potentialAction":[{"@type":"SearchAction","target":{"@type":"EntryPoint","urlTemplate":"https:\/\/www.seliggroup.com\/de\/?s={search_term_string}"},"query-input":{"@type":"PropertyValueSpecification","valueRequired":true,"valueName":"search_term_string"}}],"inLanguage":"de"},{"@type":"Organization","@id":"https:\/\/www.seliggroup.com\/de\/#organization","name":"Selig Group","alternateName":"Selig","url":"https:\/\/www.seliggroup.com\/de\/","logo":{"@type":"ImageObject","inLanguage":"de","@id":"https:\/\/www.seliggroup.com\/de\/#\/schema\/logo\/image\/","url":"https:\/\/www.seliggroup.com\/wp-content\/uploads\/2022\/12\/SeligGroupLogo_CMYK.jpg","contentUrl":"https:\/\/www.seliggroup.com\/wp-content\/uploads\/2022\/12\/SeligGroupLogo_CMYK.jpg","width":720,"height":336,"caption":"Selig Group"},"image":{"@id":"https:\/\/www.seliggroup.com\/de\/#\/schema\/logo\/image\/"}},{"@type":"Person","@id":"https:\/\/www.seliggroup.com\/de\/#\/schema\/person\/e7b30b0f09d9837fcb675cbf121c4fbb","name":"Amabel Ryan","image":{"@type":"ImageObject","inLanguage":"de","@id":"https:\/\/secure.gravatar.com\/avatar\/7d52e3df607aef380a78d81ab14c17008cd9bd5b734b307bc1911e2175ab4de9?s=96&d=mm&r=g","url":"https:\/\/secure.gravatar.com\/avatar\/7d52e3df607aef380a78d81ab14c17008cd9bd5b734b307bc1911e2175ab4de9?s=96&d=mm&r=g","contentUrl":"https:\/\/secure.gravatar.com\/avatar\/7d52e3df607aef380a78d81ab14c17008cd9bd5b734b307bc1911e2175ab4de9?s=96&d=mm&r=g","caption":"Amabel Ryan"}}]}},"_links":{"self":[{"href":"https:\/\/www.seliggroup.com\/de\/wp-json\/wp\/v2\/posts\/55500","targetHints":{"allow":["GET"]}}],"collection":[{"href":"https:\/\/www.seliggroup.com\/de\/wp-json\/wp\/v2\/posts"}],"about":[{"href":"https:\/\/www.seliggroup.com\/de\/wp-json\/wp\/v2\/types\/post"}],"author":[{"embeddable":true,"href":"https:\/\/www.seliggroup.com\/de\/wp-json\/wp\/v2\/users\/3"}],"replies":[{"embeddable":true,"href":"https:\/\/www.seliggroup.com\/de\/wp-json\/wp\/v2\/comments?post=55500"}],"version-history":[{"count":0,"href":"https:\/\/www.seliggroup.com\/de\/wp-json\/wp\/v2\/posts\/55500\/revisions"}],"wp:featuredmedia":[{"embeddable":true,"href":"https:\/\/www.seliggroup.com\/de\/wp-json\/wp\/v2\/media\/55501"}],"wp:attachment":[{"href":"https:\/\/www.seliggroup.com\/de\/wp-json\/wp\/v2\/media?parent=55500"}],"wp:term":[{"taxonomy":"category","embeddable":true,"href":"https:\/\/www.seliggroup.com\/de\/wp-json\/wp\/v2\/categories?post=55500"},{"taxonomy":"post_tag","embeddable":true,"href":"https:\/\/www.seliggroup.com\/de\/wp-json\/wp\/v2\/tags?post=55500"}],"curies":[{"name":"wp","href":"https:\/\/api.w.org\/{rel}","templated":true}]}}