{"id":58375,"date":"2021-08-05T02:56:39","date_gmt":"2021-08-05T02:56:39","guid":{"rendered":"https:\/\/selig-group.com\/%e8%b0%83%e5%91%b3%e5%93%81%ef%bc%9a%e5%8c%85%e8%a3%85%e7%9a%84%e5%8a%9b%e9%87%8f%e5%92%8c%e6%bd%9c%e5%8a%9b\/"},"modified":"2023-05-20T11:48:43","modified_gmt":"2023-05-20T11:48:43","slug":"%e8%b0%83%e5%91%b3%e5%93%81%ef%bc%9a%e5%8c%85%e8%a3%85%e7%9a%84%e5%8a%9b%e9%87%8f%e5%92%8c%e6%bd%9c%e5%8a%9b","status":"publish","type":"post","link":"https:\/\/www.seliggroup.com\/de\/%e8%b0%83%e5%91%b3%e5%93%81%ef%bc%9a%e5%8c%85%e8%a3%85%e7%9a%84%e5%8a%9b%e9%87%8f%e5%92%8c%e6%bd%9c%e5%8a%9b\/","title":{"rendered":"\u8c03\u5473\u54c1\uff1a\u5305\u88c5\u7684\u529b\u91cf\u548c\u6f5c\u529b"},"content":{"rendered":"\t\t<div data-elementor-type=\"wp-post\" data-elementor-id=\"58375\" class=\"elementor elementor-58375 elementor-26739\" data-elementor-post-type=\"post\">\n\t\t\t\t<div class=\"elementor-element elementor-element-152ecee6 e-con-full normal-horizontal-padding e-flex e-con e-parent\" data-id=\"152ecee6\" data-element_type=\"container\" data-e-type=\"container\" data-settings=\"{&quot;background_background&quot;:&quot;classic&quot;}\">\n\t\t\t\t<div class=\"elementor-element elementor-element-36b36315 elementor-absolute elementor-widget elementor-widget-shortcode\" data-id=\"36b36315\" data-element_type=\"widget\" data-e-type=\"widget\" data-settings=\"{&quot;_position&quot;:&quot;absolute&quot;}\" data-widget_type=\"shortcode.default\">\n\t\t\t\t<div class=\"elementor-widget-container\">\n\t\t\t\t\t\t\t<div class=\"elementor-shortcode\"><i class=\"fas fa-bookmark unfavorited\" onclick=\"open_login_popup(58375)\"><\/i><\/div>\n\t\t\t\t\t\t<\/div>\n\t\t\t\t<\/div>\n\t\t<div class=\"elementor-element elementor-element-5546ebbf e-con-full e-flex e-con e-parent\" data-id=\"5546ebbf\" data-element_type=\"container\" data-e-type=\"container\" data-settings=\"{&quot;background_background&quot;:&quot;slideshow&quot;,&quot;background_slideshow_gallery&quot;:[],&quot;background_slideshow_loop&quot;:&quot;yes&quot;,&quot;background_slideshow_slide_duration&quot;:5000,&quot;background_slideshow_slide_transition&quot;:&quot;fade&quot;,&quot;background_slideshow_transition_duration&quot;:500}\">\n\t\t\t\t<div class=\"elementor-element elementor-element-676df517 elementor-widget__width-auto elementor-widget elementor-widget-heading\" data-id=\"676df517\" data-element_type=\"widget\" data-e-type=\"widget\" data-widget_type=\"heading.default\">\n\t\t\t\t<div class=\"elementor-widget-container\">\n\t\t\t\t\t<span class=\"elementor-heading-title elementor-size-default\"><a href=\"https:\/\/www.seliggroup.com\/de\/\">STARTSEITE<\/a><\/span>\t\t\t\t<\/div>\n\t\t\t\t<\/div>\n\t\t\t\t<div class=\"elementor-element elementor-element-204489db elementor-widget__width-auto elementor-widget elementor-widget-heading\" data-id=\"204489db\" data-element_type=\"widget\" data-e-type=\"widget\" data-widget_type=\"heading.default\">\n\t\t\t\t<div class=\"elementor-widget-container\">\n\t\t\t\t\t<span class=\"elementor-heading-title elementor-size-default\">\/ RESSOURCEN \/<\/span>\t\t\t\t<\/div>\n\t\t\t\t<\/div>\n\t\t\t\t<div class=\"elementor-element elementor-element-2f74693b elementor-widget__width-auto elementor-widget elementor-widget-heading\" data-id=\"2f74693b\" data-element_type=\"widget\" data-e-type=\"widget\" data-widget_type=\"heading.default\">\n\t\t\t\t<div class=\"elementor-widget-container\">\n\t\t\t\t\t<span class=\"elementor-heading-title elementor-size-default\">Nachrichten und Whitepaper<\/span>\t\t\t\t<\/div>\n\t\t\t\t<\/div>\n\t\t\t\t<\/div>\n\t\t<div class=\"elementor-element elementor-element-4d654e1 e-con-full e-flex e-con e-parent\" data-id=\"4d654e1\" data-element_type=\"container\" data-e-type=\"container\">\n\t\t\t\t<div class=\"elementor-element elementor-element-6aea8a3c elementor-widget__width-initial elementor-widget elementor-widget-heading\" data-id=\"6aea8a3c\" data-element_type=\"widget\" data-e-type=\"widget\" data-widget_type=\"heading.default\">\n\t\t\t\t<div class=\"elementor-widget-container\">\n\t\t\t\t\t<p class=\"elementor-heading-title elementor-size-default\">\u8c03\u5473\u54c1\uff1a\u5305\u88c5\u7684\u529b\u91cf\u548c\u6f5c\u529b<\/p>\t\t\t\t<\/div>\n\t\t\t\t<\/div>\n\t\t<div class=\"elementor-element elementor-element-16efb908 e-con-full e-flex e-con e-parent\" data-id=\"16efb908\" data-element_type=\"container\" data-e-type=\"container\">\n\t\t\t\t<div class=\"elementor-element elementor-element-42fe343d elementor-widget elementor-widget-heading\" data-id=\"42fe343d\" data-element_type=\"widget\" data-e-type=\"widget\" data-widget_type=\"heading.default\">\n\t\t\t\t<div class=\"elementor-widget-container\">\n\t\t\t\t\t<h2 class=\"elementor-heading-title elementor-size-default\">August 5, 2021<\/h2>\t\t\t\t<\/div>\n\t\t\t\t<\/div>\n\t\t\t\t<div class=\"elementor-element elementor-element-655be702 elementor-widget elementor-widget-heading\" data-id=\"655be702\" data-element_type=\"widget\" data-e-type=\"widget\" data-widget_type=\"heading.default\">\n\t\t\t\t<div class=\"elementor-widget-container\">\n\t\t\t\t\t<h2 class=\"elementor-heading-title elementor-size-default\">|<\/h2>\t\t\t\t<\/div>\n\t\t\t\t<\/div>\n\t\t\t\t<div class=\"elementor-element elementor-element-7fe109c elementor-widget elementor-widget-post-info\" data-id=\"7fe109c\" data-element_type=\"widget\" data-e-type=\"widget\" data-widget_type=\"post-info.default\">\n\t\t\t\t<div class=\"elementor-widget-container\">\n\t\t\t\t\t\t\t<ul class=\"elementor-inline-items elementor-icon-list-items elementor-post-info\">\n\t\t\t\t\t\t\t\t<li class=\"elementor-icon-list-item elementor-repeater-item-6dd02d5 elementor-inline-item\" itemprop=\"about\">\n\t\t\t\t\t\t\t\t\t\t\t\t\t<span class=\"elementor-icon-list-text elementor-post-info__item elementor-post-info__item--type-terms\">\n\t\t\t\t\t\t\t\t\t\t<span class=\"elementor-post-info__terms-list\">\n\t\t\t\t<span class=\"elementor-post-info__terms-list-item\">Lebensmittel<\/span>\t\t\t\t<\/span>\n\t\t\t\t\t<\/span>\n\t\t\t\t\t\t\t\t<\/li>\n\t\t\t\t<\/ul>\n\t\t\t\t\t\t<\/div>\n\t\t\t\t<\/div>\n\t\t\t\t<div class=\"elementor-element elementor-element-ad0d4d6 elementor-widget elementor-widget-heading\" data-id=\"ad0d4d6\" data-element_type=\"widget\" data-e-type=\"widget\" data-widget_type=\"heading.default\">\n\t\t\t\t<div class=\"elementor-widget-container\">\n\t\t\t\t\t<h2 class=\"elementor-heading-title elementor-size-default\">|<\/h2>\t\t\t\t<\/div>\n\t\t\t\t<\/div>\n\t\t\t\t<div class=\"elementor-element elementor-element-38362a89 elementor-widget elementor-widget-heading\" data-id=\"38362a89\" data-element_type=\"widget\" data-e-type=\"widget\" data-widget_type=\"heading.default\">\n\t\t\t\t<div class=\"elementor-widget-container\">\n\t\t\t\t\t<h2 class=\"elementor-heading-title elementor-size-default\">Region: Nordamerika, Europa, Asien-Pazifik<\/h2>\t\t\t\t<\/div>\n\t\t\t\t<\/div>\n\t\t\t\t<\/div>\n\t\t\t\t<div class=\"elementor-element elementor-element-3767bb14 elementor-widget elementor-widget-button\" data-id=\"3767bb14\" data-element_type=\"widget\" data-e-type=\"widget\" data-widget_type=\"button.default\">\n\t\t\t\t<div class=\"elementor-widget-container\">\n\t\t\t\t\t\t\t\t\t<div class=\"elementor-button-wrapper\">\n\t\t\t\t\t<a class=\"elementor-button elementor-button-link elementor-size-sm\" href=\"https:\/\/www.seliggroup.com\/wp-content\/uploads\/2022\/11\/Selig150-White-Paper-Condiments-May-2021-v1.3_Pages-Web.pdf\" target=\"_blank\">\n\t\t\t\t\t\t<span class=\"elementor-button-content-wrapper\">\n\t\t\t\t\t\t<span class=\"elementor-button-icon\">\n\t\t\t\t<i aria-hidden=\"true\" class=\"fas fa-download\"><\/i>\t\t\t<\/span>\n\t\t\t\t\t\t\t\t\t<span class=\"elementor-button-text\">PDF herunterladen<\/span>\n\t\t\t\t\t<\/span>\n\t\t\t\t\t<\/a>\n\t\t\t\t<\/div>\n\t\t\t\t\t\t\t\t<\/div>\n\t\t\t\t<\/div>\n\t\t<div class=\"elementor-element elementor-element-46fac075 e-con-full e-flex e-con e-parent\" data-id=\"46fac075\" data-element_type=\"container\" data-e-type=\"container\">\n\t\t\t\t<div class=\"elementor-element elementor-element-2ea3a023 elementor-widget elementor-widget-heading\" data-id=\"2ea3a023\" data-element_type=\"widget\" data-e-type=\"widget\" data-widget_type=\"heading.default\">\n\t\t\t\t<div class=\"elementor-widget-container\">\n\t\t\t\t\t<h2 class=\"elementor-heading-title elementor-size-default\">Teilen<\/h2>\t\t\t\t<\/div>\n\t\t\t\t<\/div>\n\t\t\t\t<div class=\"elementor-element elementor-element-1f8c7cb3 elementor-share-buttons--view-icon elementor-share-buttons--shape-circle elementor-share-buttons--color-custom elementor-share-buttons--skin-gradient elementor-grid-0 elementor-widget elementor-widget-share-buttons\" data-id=\"1f8c7cb3\" data-element_type=\"widget\" data-e-type=\"widget\" data-widget_type=\"share-buttons.default\">\n\t\t\t\t<div class=\"elementor-widget-container\">\n\t\t\t\t\t\t\t<div class=\"elementor-grid\" role=\"list\">\n\t\t\t\t\t\t\t\t<div class=\"elementor-grid-item\" role=\"listitem\">\n\t\t\t\t\t\t<div class=\"elementor-share-btn elementor-share-btn_facebook\" role=\"button\" tabindex=\"0\" aria-label=\"Teilen auf facebook\">\n\t\t\t\t\t\t\t\t\t\t\t\t\t\t\t<span class=\"elementor-share-btn__icon\">\n\t\t\t\t\t\t\t\t<i class=\"fab fa-facebook\" aria-hidden=\"true\"><\/i>\t\t\t\t\t\t\t<\/span>\n\t\t\t\t\t\t\t\t\t\t\t\t\t\t\t\t\t\t\t\t<\/div>\n\t\t\t\t\t<\/div>\n\t\t\t\t\t\t\t\t\t<div class=\"elementor-grid-item\" role=\"listitem\">\n\t\t\t\t\t\t<div class=\"elementor-share-btn elementor-share-btn_twitter\" role=\"button\" tabindex=\"0\" aria-label=\"Teilen auf twitter\">\n\t\t\t\t\t\t\t\t\t\t\t\t\t\t\t<span class=\"elementor-share-btn__icon\">\n\t\t\t\t\t\t\t\t<i class=\"fab fa-twitter\" aria-hidden=\"true\"><\/i>\t\t\t\t\t\t\t<\/span>\n\t\t\t\t\t\t\t\t\t\t\t\t\t\t\t\t\t\t\t\t<\/div>\n\t\t\t\t\t<\/div>\n\t\t\t\t\t\t\t\t\t<div class=\"elementor-grid-item\" role=\"listitem\">\n\t\t\t\t\t\t<div class=\"elementor-share-btn elementor-share-btn_email\" role=\"button\" tabindex=\"0\" aria-label=\"Teilen auf email\">\n\t\t\t\t\t\t\t\t\t\t\t\t\t\t\t<span class=\"elementor-share-btn__icon\">\n\t\t\t\t\t\t\t\t<i class=\"fas fa-envelope\" aria-hidden=\"true\"><\/i>\t\t\t\t\t\t\t<\/span>\n\t\t\t\t\t\t\t\t\t\t\t\t\t\t\t\t\t\t\t\t<\/div>\n\t\t\t\t\t<\/div>\n\t\t\t\t\t\t\t\t\t<div class=\"elementor-grid-item\" role=\"listitem\">\n\t\t\t\t\t\t<div class=\"elementor-share-btn elementor-share-btn_linkedin\" role=\"button\" tabindex=\"0\" aria-label=\"Teilen auf linkedin\">\n\t\t\t\t\t\t\t\t\t\t\t\t\t\t\t<span class=\"elementor-share-btn__icon\">\n\t\t\t\t\t\t\t\t<i class=\"fab fa-linkedin\" aria-hidden=\"true\"><\/i>\t\t\t\t\t\t\t<\/span>\n\t\t\t\t\t\t\t\t\t\t\t\t\t\t\t\t\t\t\t\t<\/div>\n\t\t\t\t\t<\/div>\n\t\t\t\t\t\t<\/div>\n\t\t\t\t\t\t<\/div>\n\t\t\t\t<\/div>\n\t\t\t\t<\/div>\n\t\t\t\t<\/div>\n\t\t\t\t<\/div>\n\t\t<div class=\"elementor-element elementor-element-39245313 e-con-full normal-horizontal-padding e-flex e-con e-parent\" data-id=\"39245313\" data-element_type=\"container\" data-e-type=\"container\">\n\t\t<div class=\"elementor-element elementor-element-51ed59d2 e-con-full e-flex e-con e-parent\" data-id=\"51ed59d2\" data-element_type=\"container\" data-e-type=\"container\">\n\t\t\t\t<div class=\"elementor-element elementor-element-97545f5 elementor-widget elementor-widget-image\" data-id=\"97545f5\" data-element_type=\"widget\" data-e-type=\"widget\" data-widget_type=\"image.default\">\n\t\t\t\t<div class=\"elementor-widget-container\">\n\t\t\t\t\t\t\t\t\t\t\t\t\t\t\t<img fetchpriority=\"high\" decoding=\"async\" width=\"1133\" height=\"264\" src=\"https:\/\/www.seliggroup.com\/wp-content\/uploads\/2022\/11\/Condiments-Whitepaper-Banner-1.png\" class=\"attachment-full size-full wp-image-26741\" alt=\"\" srcset=\"https:\/\/www.seliggroup.com\/wp-content\/uploads\/2022\/11\/Condiments-Whitepaper-Banner-1.png 1133w, https:\/\/www.seliggroup.com\/wp-content\/uploads\/2022\/11\/Condiments-Whitepaper-Banner-1-300x70.png 300w, https:\/\/www.seliggroup.com\/wp-content\/uploads\/2022\/11\/Condiments-Whitepaper-Banner-1-1024x239.png 1024w, https:\/\/www.seliggroup.com\/wp-content\/uploads\/2022\/11\/Condiments-Whitepaper-Banner-1-768x179.png 768w\" sizes=\"(max-width: 1133px) 100vw, 1133px\" \/>\t\t\t\t\t\t\t\t\t\t\t\t\t\t\t<\/div>\n\t\t\t\t<\/div>\n\t\t\t\t<div class=\"elementor-element elementor-element-4ca44ec6 elementor-widget elementor-widget-text-editor\" data-id=\"4ca44ec6\" data-element_type=\"widget\" data-e-type=\"widget\" data-widget_type=\"text-editor.default\">\n\t\t\t\t<div class=\"elementor-widget-container\">\n\t\t\t\t\t\t\t\t\t<h4><strong>More Than Just a Sauce<\/strong><\/h4>\n<p>Condiments and sauces can be seen on dinner tables across the globe. Although often overlooked, they can be key in adding colour, texture, taste and flavour to what is being consumed. However, the actual taste experience is often determined as much by the packaging and branding of the product as by its contents<sup>1<\/sup>. With packaging playing a key role in customer satisfaction and purchasing decisions<sup>2<\/sup>, what can manufacturers learn from consumer purchasing behaviour and how has packaging evolved to cope with the many demands now being placed on it?<\/p><\/p>\n\t\t\t\t\t\t\t\t<\/div>\n\t\t\t\t<\/div>\n\t\t\t\t<div class=\"elementor-element elementor-element-edd6a77 elementor-widget elementor-widget-text-editor\" data-id=\"edd6a77\" data-element_type=\"widget\" data-e-type=\"widget\" data-widget_type=\"text-editor.default\">\n\t\t\t\t<div class=\"elementor-widget-container\">\n\t\t\t\t\t\t\t\t\t<h4><strong>A Growing Market<\/strong><\/h4>\n<p><img decoding=\"async\" class=\"size-medium wp-image-26743 alignleft\" src=\"https:\/\/www.seliggroup.com\/wp-content\/uploads\/2022\/11\/Selig-Condiments-Ketchup-Image-300x216.jpeg\" alt=\"\" width=\"300\" height=\"216\">Since salt and vinegar were first used to enhance the flavour of foods in ancient times, people have been hooked on condiments. From the Roman practice of crushing the innards of various fish and fermenting them in salt to create garum, to today\u2019s brightly coloured ketchups and mustards, a flourishing industry has grown.<\/p>\n<p>A brief walk through any food store shows just how popular condiments have become over the years. Much time and investment is given to attracting the attention of shoppers in the condiments aisle and keeping them coming back for more. Despite its significant size, the global condiments market is projected to continue to expand, reaching USD 98.3 billion by 2024 and growing at a significant CAGR of 5.4% during the forecast period, 2019\u20132024.<sup>3<\/sup> <\/p><\/p>\n\t\t\t\t\t\t\t\t<\/div>\n\t\t\t\t<\/div>\n\t\t\t\t<div class=\"elementor-element elementor-element-d804b32 elementor-widget elementor-widget-text-editor\" data-id=\"d804b32\" data-element_type=\"widget\" data-e-type=\"widget\" data-widget_type=\"text-editor.default\">\n\t\t\t\t<div class=\"elementor-widget-container\">\n\t\t\t\t\t\t\t\t\t<h4><strong>The Psychology of Condiment Packaging <\/strong><\/h4>\n<p>With competition fierce for shelf space, condiments producers have had to get ever-more creative in how they attract shoppers to their products. Here are some of the ways that psychology plays a part in condiments packaging design. <\/p>\n<p>Capturing consumer attention:<\/p>\n<ul>\n<li>Condiment colour \u2013 colour is typically used to guide a shopper\u2019s product search; whether it is the colour of the packaging, or the product itself, if it is in transparent packaging<\/li>\n<li>Iconic packaging shapes \u2013 the original octagonal glass Heinz ketchup or the Kikkoman soya sauce bottles show that having a distinctive shape can make an item stand out on the shelf<\/li>\n<li>A weighty solution \u2013 quality tends to be communicated via the weight of a product when the shopper picks it off the shelf, which is why many condiment producers choose glass to convey premium quality<\/li>\n<li>Punchy labels &#8211; it has been shown that if a packaging label is too \u2018busy\u2019, consumers will skip over it. This means a balance needs to be achieved between education and attractiveness on product labeling.<\/li>\n<\/ul>\n\t\t\t\t\t\t\t\t<\/div>\n\t\t\t\t<\/div>\n\t\t\t\t<div class=\"elementor-element elementor-element-50b82d8 elementor-widget elementor-widget-text-editor\" data-id=\"50b82d8\" data-element_type=\"widget\" data-e-type=\"widget\" data-widget_type=\"text-editor.default\">\n\t\t\t\t<div class=\"elementor-widget-container\">\n\t\t\t\t\t\t\t\t\t<h4><strong>Rising Condiment Stars<\/strong><\/h4>\n<p>The popularity of condiments rises and falls. Here are the top 5 condiments in the UK and top 6 in the US at the moment.<\/p>\n\t\t\t\t\t\t\t\t<\/div>\n\t\t\t\t<\/div>\n\t\t\t\t<div class=\"elementor-element elementor-element-bc990fd gallery-spacing-custom elementor-widget elementor-widget-image-gallery\" data-id=\"bc990fd\" data-element_type=\"widget\" data-e-type=\"widget\" data-widget_type=\"image-gallery.default\">\n\t\t\t\t<div class=\"elementor-widget-container\">\n\t\t\t\t\t\t\t<div class=\"elementor-image-gallery\">\n\t\t\t<div id='gallery-1' class='gallery galleryid-58375 gallery-columns-2 gallery-size-full'><figure class='gallery-item'>\n\t\t\t<div class='gallery-icon portrait'>\n\t\t\t\t<a data-elementor-open-lightbox=\"no\" href='https:\/\/www.seliggroup.com\/wp-content\/uploads\/2022\/11\/Top-5-UK-Condiments-Image-e1669171879165-1.jpeg'><img decoding=\"async\" width=\"952\" height=\"1087\" src=\"https:\/\/www.seliggroup.com\/wp-content\/uploads\/2022\/11\/Top-5-UK-Condiments-Image-e1669171879165-1.jpeg\" class=\"attachment-full size-full\" alt=\"\" srcset=\"https:\/\/www.seliggroup.com\/wp-content\/uploads\/2022\/11\/Top-5-UK-Condiments-Image-e1669171879165-1.jpeg 952w, https:\/\/www.seliggroup.com\/wp-content\/uploads\/2022\/11\/Top-5-UK-Condiments-Image-e1669171879165-1-263x300.jpeg 263w, https:\/\/www.seliggroup.com\/wp-content\/uploads\/2022\/11\/Top-5-UK-Condiments-Image-e1669171879165-1-897x1024.jpeg 897w, https:\/\/www.seliggroup.com\/wp-content\/uploads\/2022\/11\/Top-5-UK-Condiments-Image-e1669171879165-1-768x877.jpeg 768w\" sizes=\"(max-width: 952px) 100vw, 952px\" \/><\/a>\n\t\t\t<\/div><\/figure><figure class='gallery-item'>\n\t\t\t<div class='gallery-icon landscape'>\n\t\t\t\t<a data-elementor-open-lightbox=\"no\" href='https:\/\/www.seliggroup.com\/wp-content\/uploads\/2022\/11\/Top-6-USA-Condiments-Image-v1.2-1.jpg'><img loading=\"lazy\" decoding=\"async\" width=\"1087\" height=\"1087\" src=\"https:\/\/www.seliggroup.com\/wp-content\/uploads\/2022\/11\/Top-6-USA-Condiments-Image-v1.2-1.jpg\" class=\"attachment-full size-full\" alt=\"\" srcset=\"https:\/\/www.seliggroup.com\/wp-content\/uploads\/2022\/11\/Top-6-USA-Condiments-Image-v1.2-1.jpg 1087w, https:\/\/www.seliggroup.com\/wp-content\/uploads\/2022\/11\/Top-6-USA-Condiments-Image-v1.2-1-300x300.jpg 300w, https:\/\/www.seliggroup.com\/wp-content\/uploads\/2022\/11\/Top-6-USA-Condiments-Image-v1.2-1-1024x1024.jpg 1024w, https:\/\/www.seliggroup.com\/wp-content\/uploads\/2022\/11\/Top-6-USA-Condiments-Image-v1.2-1-150x150.jpg 150w, https:\/\/www.seliggroup.com\/wp-content\/uploads\/2022\/11\/Top-6-USA-Condiments-Image-v1.2-1-768x768.jpg 768w\" sizes=\"(max-width: 1087px) 100vw, 1087px\" \/><\/a>\n\t\t\t<\/div><\/figure>\n\t\t<\/div>\n\t\t<\/div>\n\t\t\t\t\t\t<\/div>\n\t\t\t\t<\/div>\n\t\t\t\t<div class=\"elementor-element elementor-element-340664f elementor-widget elementor-widget-text-editor\" data-id=\"340664f\" data-element_type=\"widget\" data-e-type=\"widget\" data-widget_type=\"text-editor.default\">\n\t\t\t\t<div class=\"elementor-widget-container\">\n\t\t\t\t\t\t\t\t\t<h4><strong>The Changing Face of Condiment Packaging<\/strong><\/h4>\n<p>Even since the introduction of the octagonal glass Heinz ketchup bottle in 1889, packaging has played an important role in the marketing of condiment products. Although most condiments were originally packaged in glass, consumer convenience and the cost of transporting and storing heavy items have driven the growth of PET\/HDPE bottles. <\/p>\n<p>Squeezable condiment pouches have also begun to make an appearance. This is because they are light to transport and easy to use. Although in the present climate, the fact that they are single-use might impact their popularity. As well as convenience, consumer demographics are also driving continued change in condiment design, with the rise in single-person households increasing demand for smaller pack sizes. <\/p>\n<\/p>\n<p><img loading=\"lazy\" decoding=\"async\" class=\"size-medium wp-image-26742 alignright\" src=\"https:\/\/www.seliggroup.com\/wp-content\/uploads\/2022\/11\/glass-jars-300x245.png\" alt=\"\" width=\"300\" height=\"245\">The benefits of glass for condiment packaging:<\/p>\n<ul>\n<li>Glass conveys a premium image to consumers<\/li>\n<li>It is seen as easier to recycle or re-use and thus more sustainable by consumers<\/li>\n<\/ul>\n<p>The benefits of HDPE and PET plastic for condiment packaging:<\/p>\n<ul>\n<li>Inverted bottles with plastic dispensing closures are easy to use<\/li>\n<li>Plastic condiment containers are more flexible, durable and lightweight than glass containers<\/li>\n<li>They are unbreakable and seen as more portable than glass<\/li>\n<\/ul>\n\t\t\t\t\t\t\t\t<\/div>\n\t\t\t\t<\/div>\n\t\t\t\t<div class=\"elementor-element elementor-element-ed02280 elementor-widget elementor-widget-text-editor\" data-id=\"ed02280\" data-element_type=\"widget\" data-e-type=\"widget\" data-widget_type=\"text-editor.default\">\n\t\t\t\t<div class=\"elementor-widget-container\">\n\t\t\t\t\t\t\t\t\t<h4><strong>Responding to Changing Demands<\/strong><\/h4>\n<p>Originally most condiments were packaged in glass. The shift over recent years to plastic packaging has occurred due to the fact that it is cheaper than glass to produce and transport and offers customer convenience. <\/p>\n<p>It wasn\u2019t until the early 2000\u2019s that the plastic bottle was turned on its head and a dispensing cap incorporated into its design. In fact, makers of Hunts\u2019 and Heinz ketchup had to educate customers on the benefits of an inverted bottle when the new packaging was launched to US consumers in 2002. The container\u2019s banner featured the strapline: \u2018Easy Squeeze! Stay Clean Cap with Squeeze Control.\u201d<\/p>\n<p>Although highly convenient for consumers, the inversion of condiments did present product integrity issues for producers. This is where a match made in heaven was formed \u2013 the plastic condiment bottle and the induction heat seal. As well as enabling a hermetic seal when the bottle is inverted, induction heat sealing also allows the plastic container to be light-weighted. This is of particular importance as producers seek to show improve their sustainability credentials.<\/p>\n<h4><strong>Convenient Condiments and Induction Heat Seals<\/strong><\/h4>\n<p>Induction sealing is a non-contact heating process. It works by attaching a liner seal material to the bottle neck of a container. As well as enabling the creation of a hermetic seal, induction heat sealing requires little, if any, modification to a producer\u2019s existing packaging line and promotes the product\u2019s shelf-life by protecting against moisture and oxygen ingress.<\/p><\/p>\n\t\t\t\t\t\t\t\t<\/div>\n\t\t\t\t<\/div>\n\t\t\t\t<div class=\"elementor-element elementor-element-b8d3e94 elementor-widget elementor-widget-text-editor\" data-id=\"b8d3e94\" data-element_type=\"widget\" data-e-type=\"widget\" data-widget_type=\"text-editor.default\">\n\t\t\t\t<div class=\"elementor-widget-container\">\n\t\t\t\t\t\t\t\t\t<h4><strong>Benefits For Plastic and Glass Condiment Packaging<\/strong><\/h4>\n<p><img loading=\"lazy\" decoding=\"async\" class=\"alignright wp-image-26740\" src=\"https:\/\/www.seliggroup.com\/wp-content\/uploads\/2022\/11\/Condiments-Journey.jpeg\" alt=\"\" width=\"380\" height=\"686\">While leakage prevention is often the primary driver for the adoption of induction foil seals in condiments packaging, there are other benefits to consider as well:<\/p>\n<ul>\n<li>It helps maintain the freshness of product<\/li>\n<li>It prevents accidental product contamination via moisture ingress during transportation or storage<\/li>\n<li>It provides tamper-evidence \u2013 the consumer can see if the product has been compromised in any way<\/li>\n<li>It promotes an \u2018easy open\u2019 experience &#8211; Selig\u2019s Lift \u2018n\u2019 Peel\u2122 easy to open liner is particularly popular with condiment producers for this reason<\/li>\n<li>It offers the opportunity for brand reinforcement &#8211; through the use of bespoke branding on seals<\/li>\n<li>It enables the light-weighting of plastic packaging \u2013 by using an induction heat seal, the plastic packaging around the neck and cap can be reduced whilst maintaining the product\u2019s integrity<\/li>\n<li>It seals even the most oily condiments \u2013 thanks to Selig\u2019s GlassFuze\u2122 technology, induction seals can even be used on oily condiments in both large and small glass containers. This enables a hermetic seal to be formed every time.<\/li>\n<\/ul>\n<h4> <\/h4>\n<h4><strong>Selig &#8211; Tried and Tested <\/strong><\/h4>\n<p>As a global leader in induction sealing solutions, Selig has helped many producers resolve their condiment packaging seal challenges. Thanks to induction heat sealing, both plastic and glass condiment bottles and jars containing oily and non-oily foods alike can be sealed securely, with no leakage. <\/p>\n<p>Although only a small part of the condiment packaging mix, the induction heat seal brings peace of mind to many manufacturers, so why not see if Selig can help you improve seal integrity, extend shelf-life and keep your customers happy too?<\/p>\n<\/p>\n<h6>1. Source: The psychology of condiments: A review, Charles Spence, International Journal of Gastronomy and Food Science 11 (2018) 41-48.https:\/\/www.fortunebusinessinsights.com\/industry-reports\/food-packaging-market-101941<br \/>2. https:\/\/www.euromonitor.com\/sauces-dressings-and-condiments-packaging<br \/>3. https:\/\/www.marketresearchfuture.com\/reports\/condiments-market-2799<br \/>4. Source: Uber Eats, UK\u2019s favourite condiments, May 2019<br \/>5. Source: https:\/\/qz.com\/172019\/ketchup-isnt-the-king-of-american-condiments-mayonnaise-is\/<\/h6>\n<h6> <\/h6>\n<h6> <\/h6>\n\t\t\t\t\t\t\t\t<\/div>\n\t\t\t\t<\/div>\n\t\t\t\t<\/div>\n\t\t<div class=\"elementor-element elementor-element-6e705fef e-con-full e-flex e-con e-parent\" data-id=\"6e705fef\" data-element_type=\"container\" data-e-type=\"container\">\n\t\t<div class=\"elementor-element elementor-element-e8ba1b2 e-con-full e-flex e-con e-parent\" data-id=\"e8ba1b2\" data-element_type=\"container\" data-e-type=\"container\">\n\t\t\t\t<div class=\"elementor-element elementor-element-19640b3b elementor-widget elementor-widget-heading\" data-id=\"19640b3b\" data-element_type=\"widget\" data-e-type=\"widget\" data-widget_type=\"heading.default\">\n\t\t\t\t<div class=\"elementor-widget-container\">\n\t\t\t\t\t<h2 class=\"elementor-heading-title elementor-size-default\">Verwandte L\u00f6sungen<\/h2>\t\t\t\t<\/div>\n\t\t\t\t<\/div>\n\t\t\t\t<div class=\"elementor-element elementor-element-b386b1e elementor-grid-1 elementor-posts--thumbnail-top elementor-grid-tablet-2 elementor-grid-mobile-1 elementor-widget elementor-widget-posts\" data-id=\"b386b1e\" data-element_type=\"widget\" data-e-type=\"widget\" data-settings=\"{&quot;custom_columns&quot;:&quot;1&quot;,&quot;custom_row_gap&quot;:{&quot;unit&quot;:&quot;px&quot;,&quot;size&quot;:0,&quot;sizes&quot;:[]},&quot;custom_columns_tablet&quot;:&quot;2&quot;,&quot;custom_columns_mobile&quot;:&quot;1&quot;,&quot;custom_row_gap_tablet&quot;:{&quot;unit&quot;:&quot;px&quot;,&quot;size&quot;:&quot;&quot;,&quot;sizes&quot;:[]},&quot;custom_row_gap_mobile&quot;:{&quot;unit&quot;:&quot;px&quot;,&quot;size&quot;:&quot;&quot;,&quot;sizes&quot;:[]}}\" data-widget_type=\"posts.custom\">\n\t\t\t\t<div class=\"elementor-widget-container\">\n\t\t\t\t\t      <div class=\"ecs-posts elementor-posts-container elementor-posts   elementor-grid elementor-posts--skin-custom\" data-settings=\"{&quot;current_page&quot;:1,&quot;max_num_pages&quot;:1,&quot;load_method&quot;:&quot;&quot;,&quot;widget_id&quot;:&quot;b386b1e&quot;,&quot;post_id&quot;:58375,&quot;theme_id&quot;:58375,&quot;change_url&quot;:false,&quot;reinit_js&quot;:false}\">\n      \t\t<article id=\"post-53042\" class=\"elementor-post elementor-grid-item ecs-post-loop post-53042 solution_page type-solution_page status-publish has-post-thumbnail hentry\">\n\t\t\t\t<div data-elementor-type=\"loop\" data-elementor-id=\"44786\" class=\"elementor elementor-44786 post-53042 solution_page type-solution_page status-publish has-post-thumbnail hentry\" data-elementor-post-type=\"elementor_library\">\n\t\t\t<div class=\"elementor-element elementor-element-6e8074ec e-con-full e-flex e-con e-parent\" data-id=\"6e8074ec\" data-element_type=\"container\" data-e-type=\"container\">\n\t\t\t\t<div class=\"elementor-element elementor-element-412a08e1 elementor-widget elementor-widget-theme-post-title elementor-page-title elementor-widget-heading\" data-id=\"412a08e1\" data-element_type=\"widget\" data-e-type=\"widget\" data-widget_type=\"theme-post-title.default\">\n\t\t\t\t<div class=\"elementor-widget-container\">\n\t\t\t\t\t<h1 class=\"elementor-heading-title elementor-size-default\"><a href=\"\/solution\/alphaseal\">AlphaSeal\u2122<\/a><\/h1>\t\t\t\t<\/div>\n\t\t\t\t<\/div>\n\t\t\t\t<\/div>\n\t\t\t\t<\/div>\n\t\t\t\t<\/article>\n\t\t\t\t<article id=\"post-48459\" class=\"elementor-post elementor-grid-item ecs-post-loop post-48459 solution_page type-solution_page status-publish has-post-thumbnail hentry\">\n\t\t\t\t<div data-elementor-type=\"loop\" data-elementor-id=\"44786\" class=\"elementor elementor-44786 post-48459 solution_page type-solution_page status-publish has-post-thumbnail hentry\" data-elementor-post-type=\"elementor_library\">\n\t\t\t<div class=\"elementor-element elementor-element-6e8074ec e-con-full e-flex e-con e-parent\" data-id=\"6e8074ec\" data-element_type=\"container\" data-e-type=\"container\">\n\t\t\t\t<div class=\"elementor-element elementor-element-412a08e1 elementor-widget elementor-widget-theme-post-title elementor-page-title elementor-widget-heading\" data-id=\"412a08e1\" data-element_type=\"widget\" data-e-type=\"widget\" data-widget_type=\"theme-post-title.default\">\n\t\t\t\t<div class=\"elementor-widget-container\">\n\t\t\t\t\t<h1 class=\"elementor-heading-title elementor-size-default\"><a href=\"\/solution\/esterfoam\">EsterFoam\u2122<\/a><\/h1>\t\t\t\t<\/div>\n\t\t\t\t<\/div>\n\t\t\t\t<\/div>\n\t\t\t\t<\/div>\n\t\t\t\t<\/article>\n\t\t\t\t<article id=\"post-48462\" class=\"elementor-post elementor-grid-item ecs-post-loop post-48462 solution_page type-solution_page status-publish has-post-thumbnail hentry\">\n\t\t\t\t<div data-elementor-type=\"loop\" data-elementor-id=\"44786\" class=\"elementor elementor-44786 post-48462 solution_page type-solution_page status-publish has-post-thumbnail hentry\" data-elementor-post-type=\"elementor_library\">\n\t\t\t<div class=\"elementor-element elementor-element-6e8074ec e-con-full e-flex e-con e-parent\" data-id=\"6e8074ec\" data-element_type=\"container\" data-e-type=\"container\">\n\t\t\t\t<div class=\"elementor-element elementor-element-412a08e1 elementor-widget elementor-widget-theme-post-title elementor-page-title elementor-widget-heading\" data-id=\"412a08e1\" data-element_type=\"widget\" data-e-type=\"widget\" data-widget_type=\"theme-post-title.default\">\n\t\t\t\t<div class=\"elementor-widget-container\">\n\t\t\t\t\t<h1 class=\"elementor-heading-title elementor-size-default\"><a href=\"\/solution\/foilseal\">FoilSeal\u2122<\/a><\/h1>\t\t\t\t<\/div>\n\t\t\t\t<\/div>\n\t\t\t\t<\/div>\n\t\t\t\t<\/div>\n\t\t\t\t<\/article>\n\t\t\t\t<article id=\"post-48465\" class=\"elementor-post elementor-grid-item ecs-post-loop post-48465 solution_page type-solution_page status-publish has-post-thumbnail hentry\">\n\t\t\t\t<div data-elementor-type=\"loop\" data-elementor-id=\"44786\" class=\"elementor elementor-44786 post-48465 solution_page type-solution_page status-publish has-post-thumbnail hentry\" data-elementor-post-type=\"elementor_library\">\n\t\t\t<div class=\"elementor-element elementor-element-6e8074ec e-con-full e-flex e-con e-parent\" data-id=\"6e8074ec\" data-element_type=\"container\" data-e-type=\"container\">\n\t\t\t\t<div class=\"elementor-element elementor-element-412a08e1 elementor-widget elementor-widget-theme-post-title elementor-page-title elementor-widget-heading\" data-id=\"412a08e1\" data-element_type=\"widget\" data-e-type=\"widget\" data-widget_type=\"theme-post-title.default\">\n\t\t\t\t<div class=\"elementor-widget-container\">\n\t\t\t\t\t<h1 class=\"elementor-heading-title elementor-size-default\"><a href=\"\/solution\/lift-n-peel\">Lift &#8216;n&#8217; Peel\u2122<\/a><\/h1>\t\t\t\t<\/div>\n\t\t\t\t<\/div>\n\t\t\t\t<\/div>\n\t\t\t\t<\/div>\n\t\t\t\t<\/article>\n\t\t\t\t<article id=\"post-48475\" class=\"elementor-post elementor-grid-item ecs-post-loop post-48475 solution_page type-solution_page status-publish has-post-thumbnail hentry\">\n\t\t\t\t<div data-elementor-type=\"loop\" data-elementor-id=\"44786\" class=\"elementor elementor-44786 post-48475 solution_page type-solution_page status-publish has-post-thumbnail hentry\" data-elementor-post-type=\"elementor_library\">\n\t\t\t<div class=\"elementor-element elementor-element-6e8074ec e-con-full e-flex e-con e-parent\" data-id=\"6e8074ec\" data-element_type=\"container\" data-e-type=\"container\">\n\t\t\t\t<div class=\"elementor-element elementor-element-412a08e1 elementor-widget elementor-widget-theme-post-title elementor-page-title elementor-widget-heading\" data-id=\"412a08e1\" data-element_type=\"widget\" data-e-type=\"widget\" data-widget_type=\"theme-post-title.default\">\n\t\t\t\t<div class=\"elementor-widget-container\">\n\t\t\t\t\t<h1 class=\"elementor-heading-title elementor-size-default\"><a href=\"\/solution\/toptab\">Top Tab\u2122<\/a><\/h1>\t\t\t\t<\/div>\n\t\t\t\t<\/div>\n\t\t\t\t<\/div>\n\t\t\t\t<\/div>\n\t\t\t\t<\/article>\n\t\t\t\t<\/div>\n\t\t\t\t\t\t<\/div>\n\t\t\t\t<\/div>\n\t\t\t\t<\/div>\n\t\t<div class=\"elementor-element elementor-element-3aced3f7 e-con-full e-flex e-con e-parent\" data-id=\"3aced3f7\" data-element_type=\"container\" data-e-type=\"container\">\n\t\t\t\t<div class=\"elementor-element elementor-element-2d26bbf3 elementor-widget elementor-widget-heading\" data-id=\"2d26bbf3\" data-element_type=\"widget\" data-e-type=\"widget\" data-widget_type=\"heading.default\">\n\t\t\t\t<div class=\"elementor-widget-container\">\n\t\t\t\t\t<h2 class=\"elementor-heading-title elementor-size-default\">Related Resources<\/h2>\t\t\t\t<\/div>\n\t\t\t\t<\/div>\n\t\t\t\t<div class=\"elementor-element elementor-element-6e9c121 elementor-grid-1 elementor-posts--thumbnail-top elementor-grid-tablet-2 elementor-grid-mobile-1 elementor-widget elementor-widget-posts\" data-id=\"6e9c121\" data-element_type=\"widget\" data-e-type=\"widget\" data-settings=\"{&quot;custom_columns&quot;:&quot;1&quot;,&quot;custom_row_gap&quot;:{&quot;unit&quot;:&quot;px&quot;,&quot;size&quot;:0,&quot;sizes&quot;:[]},&quot;custom_columns_tablet&quot;:&quot;2&quot;,&quot;custom_columns_mobile&quot;:&quot;1&quot;,&quot;custom_row_gap_tablet&quot;:{&quot;unit&quot;:&quot;px&quot;,&quot;size&quot;:&quot;&quot;,&quot;sizes&quot;:[]},&quot;custom_row_gap_mobile&quot;:{&quot;unit&quot;:&quot;px&quot;,&quot;size&quot;:&quot;&quot;,&quot;sizes&quot;:[]}}\" data-widget_type=\"posts.custom\">\n\t\t\t\t<div class=\"elementor-widget-container\">\n\t\t\t\t\t      <div class=\"ecs-posts elementor-posts-container elementor-posts   elementor-grid elementor-posts--skin-custom\" data-settings=\"{&quot;current_page&quot;:1,&quot;max_num_pages&quot;:1,&quot;load_method&quot;:&quot;&quot;,&quot;widget_id&quot;:&quot;6e9c121&quot;,&quot;post_id&quot;:48475,&quot;theme_id&quot;:58375,&quot;change_url&quot;:false,&quot;reinit_js&quot;:false}\">\n      \t\t<article id=\"post-55289\" class=\"elementor-post elementor-grid-item ecs-post-loop post-55289 page type-page status-publish has-post-thumbnail hentry\">\n\t\t\t\t<div data-elementor-type=\"loop\" data-elementor-id=\"44786\" class=\"elementor elementor-44786 post-55289 page type-page status-publish has-post-thumbnail hentry\" data-elementor-post-type=\"elementor_library\">\n\t\t\t<div class=\"elementor-element elementor-element-6e8074ec e-con-full e-flex e-con e-parent\" data-id=\"6e8074ec\" data-element_type=\"container\" data-e-type=\"container\">\n\t\t\t\t<div class=\"elementor-element elementor-element-412a08e1 elementor-widget elementor-widget-theme-post-title elementor-page-title elementor-widget-heading\" data-id=\"412a08e1\" data-element_type=\"widget\" data-e-type=\"widget\" data-widget_type=\"theme-post-title.default\">\n\t\t\t\t<div class=\"elementor-widget-container\">\n\t\t\t\t\t<h1 class=\"elementor-heading-title elementor-size-default\"><a href=\"https:\/\/www.seliggroup.com\/de\/verpackungsloesungen\/behaelterversiegelung\/\">Beh\u00e4lterversiegelung<\/a><\/h1>\t\t\t\t<\/div>\n\t\t\t\t<\/div>\n\t\t\t\t<\/div>\n\t\t\t\t<\/div>\n\t\t\t\t<\/article>\n\t\t\t\t<article id=\"post-56359\" class=\"elementor-post elementor-grid-item ecs-post-loop post-56359 page type-page status-publish hentry\">\n\t\t\t\t<div data-elementor-type=\"loop\" data-elementor-id=\"44786\" class=\"elementor elementor-44786 post-56359 page type-page status-publish hentry\" data-elementor-post-type=\"elementor_library\">\n\t\t\t<div class=\"elementor-element elementor-element-6e8074ec e-con-full e-flex e-con e-parent\" data-id=\"6e8074ec\" data-element_type=\"container\" data-e-type=\"container\">\n\t\t\t\t<div class=\"elementor-element elementor-element-412a08e1 elementor-widget elementor-widget-theme-post-title elementor-page-title elementor-widget-heading\" data-id=\"412a08e1\" data-element_type=\"widget\" data-e-type=\"widget\" data-widget_type=\"theme-post-title.default\">\n\t\t\t\t<div class=\"elementor-widget-container\">\n\t\t\t\t\t<h1 class=\"elementor-heading-title elementor-size-default\"><a href=\"https:\/\/www.seliggroup.com\/de\/marches\/lebensmittel\/\">Lebensmittel<\/a><\/h1>\t\t\t\t<\/div>\n\t\t\t\t<\/div>\n\t\t\t\t<\/div>\n\t\t\t\t<\/div>\n\t\t\t\t<\/article>\n\t\t\t\t<article id=\"post-55554\" class=\"elementor-post elementor-grid-item ecs-post-loop post-55554 page type-page status-publish hentry\">\n\t\t\t\t<div data-elementor-type=\"loop\" data-elementor-id=\"44786\" class=\"elementor elementor-44786 post-55554 page type-page status-publish hentry\" data-elementor-post-type=\"elementor_library\">\n\t\t\t<div class=\"elementor-element elementor-element-6e8074ec e-con-full e-flex e-con e-parent\" data-id=\"6e8074ec\" data-element_type=\"container\" data-e-type=\"container\">\n\t\t\t\t<div class=\"elementor-element elementor-element-412a08e1 elementor-widget elementor-widget-theme-post-title elementor-page-title elementor-widget-heading\" data-id=\"412a08e1\" data-element_type=\"widget\" data-e-type=\"widget\" data-widget_type=\"theme-post-title.default\">\n\t\t\t\t<div class=\"elementor-widget-container\">\n\t\t\t\t\t<h1 class=\"elementor-heading-title elementor-size-default\"><a href=\"https:\/\/www.seliggroup.com\/de\/ressourcen\/pht-leitfaden-fuer-die-induktionsversiegelung\/\">PHT: Leitfaden f\u00fcr die Induktionsversiegelung<\/a><\/h1>\t\t\t\t<\/div>\n\t\t\t\t<\/div>\n\t\t\t\t<\/div>\n\t\t\t\t<\/div>\n\t\t\t\t<\/article>\n\t\t\t\t<article id=\"post-55551\" class=\"elementor-post elementor-grid-item ecs-post-loop post-55551 post type-post status-publish format-standard has-post-thumbnail hentry category-webinare tag-getranke tag-korperpflege tag-lebensmittel tag-selig-ist-an-der-bereitstellung-des-neuen-fda-zugelassenen-funfminuten-covid-19-diagnosetests-beteiligt tag-wein-spirituosen\">\n\t\t\t\t<div data-elementor-type=\"loop\" data-elementor-id=\"44786\" class=\"elementor elementor-44786 post-55551 post type-post status-publish format-standard has-post-thumbnail hentry category-webinare tag-getranke tag-korperpflege tag-lebensmittel tag-selig-ist-an-der-bereitstellung-des-neuen-fda-zugelassenen-funfminuten-covid-19-diagnosetests-beteiligt tag-wein-spirituosen\" data-elementor-post-type=\"elementor_library\">\n\t\t\t<div class=\"elementor-element elementor-element-6e8074ec e-con-full e-flex e-con e-parent\" data-id=\"6e8074ec\" data-element_type=\"container\" data-e-type=\"container\">\n\t\t\t\t<div class=\"elementor-element elementor-element-412a08e1 elementor-widget elementor-widget-theme-post-title elementor-page-title elementor-widget-heading\" data-id=\"412a08e1\" data-element_type=\"widget\" data-e-type=\"widget\" data-widget_type=\"theme-post-title.default\">\n\t\t\t\t<div class=\"elementor-widget-container\">\n\t\t\t\t\t<h1 class=\"elementor-heading-title elementor-size-default\"><a href=\"https:\/\/www.seliggroup.com\/de\/wie-sie-eine-perfekte-versiegelung-erreichen\/\">Wie Sie eine perfekte Versiegelung erreichen<\/a><\/h1>\t\t\t\t<\/div>\n\t\t\t\t<\/div>\n\t\t\t\t<\/div>\n\t\t\t\t<\/div>\n\t\t\t\t<\/article>\n\t\t\t\t<\/div>\n\t\t\t\t\t\t<\/div>\n\t\t\t\t<\/div>\n\t\t\t\t<\/div>\n\t\t\t\t<\/div>\n\t\t\t\t<\/div>\n\t\t<div class=\"elementor-element elementor-element-722fd379 e-con-full e-flex e-con e-parent\" data-id=\"722fd379\" data-element_type=\"container\" data-e-type=\"container\">\n\t\t<div class=\"elementor-element elementor-element-ee55f5a e-con-full normal-padding content-show e-flex e-con e-parent\" data-id=\"ee55f5a\" data-element_type=\"container\" data-e-type=\"container\" data-settings=\"{&quot;background_background&quot;:&quot;classic&quot;}\">\n\t\t<div class=\"elementor-element elementor-element-9589037 e-con-full e-flex e-con e-parent\" data-id=\"9589037\" data-element_type=\"container\" data-e-type=\"container\">\n\t\t\t\t<div class=\"elementor-element elementor-element-508c7083 elementor-widget__width-auto elementor-widget elementor-widget-heading\" data-id=\"508c7083\" data-element_type=\"widget\" data-e-type=\"widget\" data-widget_type=\"heading.default\">\n\t\t\t\t<div class=\"elementor-widget-container\">\n\t\t\t\t\t<h2 class=\"elementor-heading-title elementor-size-default\">Verwandte Inhalte<\/h2>\t\t\t\t<\/div>\n\t\t\t\t<\/div>\n\t\t\t\t<div class=\"elementor-element elementor-element-d99f064 elementor-widget__width-initial elementor-hidden-mobile elementor-widget-divider--view-line elementor-widget elementor-widget-divider\" data-id=\"d99f064\" data-element_type=\"widget\" data-e-type=\"widget\" data-widget_type=\"divider.default\">\n\t\t\t\t<div class=\"elementor-widget-container\">\n\t\t\t\t\t\t\t<div class=\"elementor-divider\">\n\t\t\t<span class=\"elementor-divider-separator\">\n\t\t\t\t\t\t<\/span>\n\t\t<\/div>\n\t\t\t\t\t\t<\/div>\n\t\t\t\t<\/div>\n\t\t\t\t<\/div>\n\t\t\t\t<div class=\"elementor-element elementor-element-3d799600 anwp-pg-widget-header-style--b anwp-pg-post-teaser__post-icon--size-16 elementor-arrows-position-inside elementor-widget elementor-widget-anwp-pg-classic-slider\" data-id=\"3d799600\" data-element_type=\"widget\" data-e-type=\"widget\" data-widget_type=\"anwp-pg-classic-slider.default\">\n\t\t\t\t<div class=\"elementor-widget-container\">\n\t\t\t\t\t<div class=\"anwp-pg-wrap\">\n\n\t\n\t<!-- Slider main container -->\n\t<div\n\t\tclass=\"anwp-pg-classic-slider anwp-pg-swiper-wrapper position-static swiper swiper-container anwp-pg-no-transform\"\n\t\tdata-pg-slides-per-view=\"3\"\n\t\tdata-pg-slides-per-view-mobile=\"1\"\n\t\tdata-pg-slides-per-view-tablet=\"2\"\n\t\tdata-pg-slides-per-group=\"1\"\n\t\tdata-pg-slides-per-group-mobile=\"1\"\n\t\tdata-pg-slides-per-group-tablet=\"1\"\n\t\tdata-pg-autoplay=\"no\"\n\t\tdata-pg-autoplay-delay=\"\"\n\t\tdata-pg-space-between=\"30\"\n\t\tdata-pg-effect=\"slide\"\n\t\tdata-pg-show-read-more=\"yes\"\n\t\tdata-pg-enable-observer=\"no\"\n\t\tdata-pg-loop=\"no\"\n\t\tdir=\"ltr\"\n\t>\n\t\t<!-- Additional required wrapper -->\n\t\t<div class=\"swiper-wrapper\">\n\t\t\t<!-- Slides -->\n\t\t\t<div class=\"anwp-pg-post-teaser anwp-pg-post-teaser--inner-cover-link anwp-pg-post-teaser--layout-d d-flex flex-column swiper-slide anwp-pg-post-teaser--with-read-more \">\n\t<div class=\"anwp-pg-post-teaser__thumbnail position-relative\">\n\n\t\t\n\t\t\n\t\t\t\t\t<img loading=\"lazy\" class=\"anwp-pg-post-teaser__thumbnail-img d-block anwp-pg-height-180 anwp-object-cover m-0 w-100\"\n\t\t\t\talt=\"AP\/AR Specialist\"\n\t\t\t\tsrc=\"https:\/\/www.seliggroup.com\/wp-content\/uploads\/2022\/12\/Selig-Group.jpeg\"\/>\n\t\t\n\t\t<div class=\"anwp-pg-post-teaser__thumbnail-bg anwp-position-cover\"><\/div>\n\n\t\t<a class=\"anwp-position-cover anwp-link-without-effects\" href=\"https:\/\/www.seliggroup.com\/de\/engineering-manager\/\" aria-hidden=\"true\" ><\/a>\n\t<\/div>\n\n\t<div class=\"anwp-pg-post-teaser__content flex-grow-1 pt-1 d-flex flex-column\">\n\n\t\t<div class=\"anwp-pg-post-teaser__title anwp-font-heading mt-2\">\n\t\t\t<a class=\"anwp-link-without-effects\" href=\"https:\/\/www.seliggroup.com\/de\/engineering-manager\/\" aria-hidden=\"true\" >\n\t\t\t\tAP\/AR Specialist\t\t\t<\/a>\n\t\t<\/div>\n\n\t\t<div class=\"anwp-pg-post-teaser__bottom-meta d-flex flex-wrap\">\n\n\t\t\t\n\t\t\t\t\t<\/div>\n\n\t\t\t\t\t<div class=\"anwp-pg-post-teaser__excerpt mb-2\">\n\t\t\t\tHOME \/ CAREERS \/ | | Share Selig is committed to employing the best qualified candidates for approved company positions while engaging in recruitment and selection practices that are in ...\t\t\t<\/div>\n\t\t\n\t\t\t\t\t<div class=\"w-100 anwp-pg-read-more mt-auto\">\n\t\t\t\t<a href=\"https:\/\/www.seliggroup.com\/de\/engineering-manager\/\" \t\t\t\t\tclass=\"anwp-pg-read-more__btn mt-3 mb-0 btn btn-sm btn-outline-info w-100 text-decoration-none\">\n\t\t\t\t\tRead More\t\t\t\t<\/a>\n\t\t\t<\/div>\n\t\t\n\t<\/div>\n\n<\/div>\n<div class=\"anwp-pg-post-teaser anwp-pg-post-teaser--inner-cover-link anwp-pg-post-teaser--layout-d d-flex flex-column swiper-slide anwp-pg-post-teaser--with-read-more \">\n\t<div class=\"anwp-pg-post-teaser__thumbnail position-relative\">\n\n\t\t\n\t\t\n\t\t\t\t\t<img loading=\"lazy\" class=\"anwp-pg-post-teaser__thumbnail-img d-block anwp-pg-height-180 anwp-object-cover m-0 w-100\"\n\t\t\t\talt=\"Selig Group Announces New GM, Americas and Leadership Reorganization\"\n\t\t\t\tsrc=\"https:\/\/www.seliggroup.com\/wp-content\/uploads\/2025\/09\/Selig-Group-news-article-images-organizational-1.jpg\"\/>\n\t\t\n\t\t<div class=\"anwp-pg-post-teaser__thumbnail-bg anwp-position-cover\"><\/div>\n\n\t\t<a class=\"anwp-position-cover anwp-link-without-effects\" href=\"https:\/\/www.seliggroup.com\/wp-content\/uploads\/2025\/09\/Selig_Press-Release_090825.pdf\" aria-hidden=\"true\" ><\/a>\n\t<\/div>\n\n\t<div class=\"anwp-pg-post-teaser__content flex-grow-1 pt-1 d-flex flex-column\">\n\n\t\t<div class=\"anwp-pg-post-teaser__title anwp-font-heading mt-2\">\n\t\t\t<a class=\"anwp-link-without-effects\" href=\"https:\/\/www.seliggroup.com\/wp-content\/uploads\/2025\/09\/Selig_Press-Release_090825.pdf\" aria-hidden=\"true\" >\n\t\t\t\tSelig Group Announces New GM, Americas and Leadership Reorganization\t\t\t<\/a>\n\t\t<\/div>\n\n\t\t<div class=\"anwp-pg-post-teaser__bottom-meta d-flex flex-wrap\">\n\n\t\t\t\n\t\t\t\t\t<\/div>\n\n\t\t\t\t\t<div class=\"anwp-pg-post-teaser__excerpt mb-2\">\n\t\t\t\t\t\t\t<\/div>\n\t\t\n\t\t\t\t\t<div class=\"w-100 anwp-pg-read-more mt-auto\">\n\t\t\t\t<a href=\"https:\/\/www.seliggroup.com\/wp-content\/uploads\/2025\/09\/Selig_Press-Release_090825.pdf\" \t\t\t\t\tclass=\"anwp-pg-read-more__btn mt-3 mb-0 btn btn-sm btn-outline-info w-100 text-decoration-none\">\n\t\t\t\t\tRead More\t\t\t\t<\/a>\n\t\t\t<\/div>\n\t\t\n\t<\/div>\n\n<\/div>\n<div class=\"anwp-pg-post-teaser anwp-pg-post-teaser--inner-cover-link anwp-pg-post-teaser--layout-d d-flex flex-column swiper-slide anwp-pg-post-teaser--with-read-more \">\n\t<div class=\"anwp-pg-post-teaser__thumbnail position-relative\">\n\n\t\t\n\t\t\n\t\t\t\t\t<img loading=\"lazy\" class=\"anwp-pg-post-teaser__thumbnail-img d-block anwp-pg-height-180 anwp-object-cover m-0 w-100\"\n\t\t\t\talt=\"Department Supervisor\"\n\t\t\t\tsrc=\"https:\/\/www.seliggroup.com\/wp-content\/uploads\/2022\/12\/Selig-Group.jpeg\"\/>\n\t\t\n\t\t<div class=\"anwp-pg-post-teaser__thumbnail-bg anwp-position-cover\"><\/div>\n\n\t\t<a class=\"anwp-position-cover anwp-link-without-effects\" href=\"https:\/\/www.seliggroup.com\/de\/department-supervisor\/\" aria-hidden=\"true\" ><\/a>\n\t<\/div>\n\n\t<div class=\"anwp-pg-post-teaser__content flex-grow-1 pt-1 d-flex flex-column\">\n\n\t\t<div class=\"anwp-pg-post-teaser__title anwp-font-heading mt-2\">\n\t\t\t<a class=\"anwp-link-without-effects\" href=\"https:\/\/www.seliggroup.com\/de\/department-supervisor\/\" aria-hidden=\"true\" >\n\t\t\t\tDepartment Supervisor\t\t\t<\/a>\n\t\t<\/div>\n\n\t\t<div class=\"anwp-pg-post-teaser__bottom-meta d-flex flex-wrap\">\n\n\t\t\t\n\t\t\t\t\t<\/div>\n\n\t\t\t\t\t<div class=\"anwp-pg-post-teaser__excerpt mb-2\">\n\t\t\t\tHOME \/ CAREERS \/ | | Share Selig is committed to employing the best qualified candidates for approved company positions while engaging in recruitment and selection practices that are in ...\t\t\t<\/div>\n\t\t\n\t\t\t\t\t<div class=\"w-100 anwp-pg-read-more mt-auto\">\n\t\t\t\t<a href=\"https:\/\/www.seliggroup.com\/de\/department-supervisor\/\" \t\t\t\t\tclass=\"anwp-pg-read-more__btn mt-3 mb-0 btn btn-sm btn-outline-info w-100 text-decoration-none\">\n\t\t\t\t\tRead More\t\t\t\t<\/a>\n\t\t\t<\/div>\n\t\t\n\t<\/div>\n\n<\/div>\n<div class=\"anwp-pg-post-teaser anwp-pg-post-teaser--inner-cover-link anwp-pg-post-teaser--layout-d d-flex flex-column swiper-slide anwp-pg-post-teaser--with-read-more \">\n\t<div class=\"anwp-pg-post-teaser__thumbnail position-relative\">\n\n\t\t\n\t\t\n\t\t\t\t\t<img loading=\"lazy\" class=\"anwp-pg-post-teaser__thumbnail-img d-block anwp-pg-height-180 anwp-object-cover m-0 w-100\"\n\t\t\t\talt=\"Machine Operator\"\n\t\t\t\tsrc=\"https:\/\/www.seliggroup.com\/wp-content\/plugins\/anwp-post-grid-for-elementor\/public\/img\/empty_image.jpg\"\/>\n\t\t\n\t\t<div class=\"anwp-pg-post-teaser__thumbnail-bg anwp-position-cover\"><\/div>\n\n\t\t<a class=\"anwp-position-cover anwp-link-without-effects\" href=\"https:\/\/www.seliggroup.com\/de\/machine-operator-1st-shift\/\" aria-hidden=\"true\" ><\/a>\n\t<\/div>\n\n\t<div class=\"anwp-pg-post-teaser__content flex-grow-1 pt-1 d-flex flex-column\">\n\n\t\t<div class=\"anwp-pg-post-teaser__title anwp-font-heading mt-2\">\n\t\t\t<a class=\"anwp-link-without-effects\" href=\"https:\/\/www.seliggroup.com\/de\/machine-operator-1st-shift\/\" aria-hidden=\"true\" >\n\t\t\t\tMachine Operator\t\t\t<\/a>\n\t\t<\/div>\n\n\t\t<div class=\"anwp-pg-post-teaser__bottom-meta d-flex flex-wrap\">\n\n\t\t\t\n\t\t\t\t\t<\/div>\n\n\t\t\t\t\t<div class=\"anwp-pg-post-teaser__excerpt mb-2\">\n\t\t\t\tHOME \/ CAREERS \/ | Department: Manufacturing | Location: Grand Rapids, MI USA Apply Now Share Selig is committed to employing the best qualified candidates for approved company positions while ...\t\t\t<\/div>\n\t\t\n\t\t\t\t\t<div class=\"w-100 anwp-pg-read-more mt-auto\">\n\t\t\t\t<a href=\"https:\/\/www.seliggroup.com\/de\/machine-operator-1st-shift\/\" \t\t\t\t\tclass=\"anwp-pg-read-more__btn mt-3 mb-0 btn btn-sm btn-outline-info w-100 text-decoration-none\">\n\t\t\t\t\tRead More\t\t\t\t<\/a>\n\t\t\t<\/div>\n\t\t\n\t<\/div>\n\n<\/div>\n<div class=\"anwp-pg-post-teaser anwp-pg-post-teaser--inner-cover-link anwp-pg-post-teaser--layout-d d-flex flex-column swiper-slide anwp-pg-post-teaser--with-read-more \">\n\t<div class=\"anwp-pg-post-teaser__thumbnail position-relative\">\n\n\t\t\n\t\t\n\t\t\t\t\t<img loading=\"lazy\" class=\"anwp-pg-post-teaser__thumbnail-img d-block anwp-pg-height-180 anwp-object-cover m-0 w-100\"\n\t\t\t\talt=\"Selig Group Announces New CEO\"\n\t\t\t\tsrc=\"https:\/\/www.seliggroup.com\/wp-content\/uploads\/2025\/02\/Selig-Group-news-article-images-Adam-CEO.jpg\"\/>\n\t\t\n\t\t<div class=\"anwp-pg-post-teaser__thumbnail-bg anwp-position-cover\"><\/div>\n\n\t\t<a class=\"anwp-position-cover anwp-link-without-effects\" href=\"https:\/\/www.seliggroup.com\/wp-content\/uploads\/2025\/02\/Press-Release-Selig-CEO-February-2025.pdf\" aria-hidden=\"true\" ><\/a>\n\t<\/div>\n\n\t<div class=\"anwp-pg-post-teaser__content flex-grow-1 pt-1 d-flex flex-column\">\n\n\t\t<div class=\"anwp-pg-post-teaser__title anwp-font-heading mt-2\">\n\t\t\t<a class=\"anwp-link-without-effects\" href=\"https:\/\/www.seliggroup.com\/wp-content\/uploads\/2025\/02\/Press-Release-Selig-CEO-February-2025.pdf\" aria-hidden=\"true\" >\n\t\t\t\tSelig Group Announces New CEO\t\t\t<\/a>\n\t\t<\/div>\n\n\t\t<div class=\"anwp-pg-post-teaser__bottom-meta d-flex flex-wrap\">\n\n\t\t\t\n\t\t\t\t\t<\/div>\n\n\t\t\t\t\t<div class=\"anwp-pg-post-teaser__excerpt mb-2\">\n\t\t\t\t\t\t\t<\/div>\n\t\t\n\t\t\t\t\t<div class=\"w-100 anwp-pg-read-more mt-auto\">\n\t\t\t\t<a href=\"https:\/\/www.seliggroup.com\/wp-content\/uploads\/2025\/02\/Press-Release-Selig-CEO-February-2025.pdf\" \t\t\t\t\tclass=\"anwp-pg-read-more__btn mt-3 mb-0 btn btn-sm btn-outline-info w-100 text-decoration-none\">\n\t\t\t\t\tRead More\t\t\t\t<\/a>\n\t\t\t<\/div>\n\t\t\n\t<\/div>\n\n<\/div>\n<div class=\"anwp-pg-post-teaser anwp-pg-post-teaser--inner-cover-link anwp-pg-post-teaser--layout-d d-flex flex-column swiper-slide anwp-pg-post-teaser--with-read-more \">\n\t<div class=\"anwp-pg-post-teaser__thumbnail position-relative\">\n\n\t\t\n\t\t\n\t\t\t\t\t<img loading=\"lazy\" class=\"anwp-pg-post-teaser__thumbnail-img d-block anwp-pg-height-180 anwp-object-cover m-0 w-100\"\n\t\t\t\talt=\"Account Coordinator &#8211; Customer Care\"\n\t\t\t\tsrc=\"https:\/\/www.seliggroup.com\/wp-content\/uploads\/2022\/12\/Selig-Group.jpeg\"\/>\n\t\t\n\t\t<div class=\"anwp-pg-post-teaser__thumbnail-bg anwp-position-cover\"><\/div>\n\n\t\t<a class=\"anwp-position-cover anwp-link-without-effects\" href=\"https:\/\/www.seliggroup.com\/de\/account-coordinator-customer-care\/\" aria-hidden=\"true\" ><\/a>\n\t<\/div>\n\n\t<div class=\"anwp-pg-post-teaser__content flex-grow-1 pt-1 d-flex flex-column\">\n\n\t\t<div class=\"anwp-pg-post-teaser__title anwp-font-heading mt-2\">\n\t\t\t<a class=\"anwp-link-without-effects\" href=\"https:\/\/www.seliggroup.com\/de\/account-coordinator-customer-care\/\" aria-hidden=\"true\" >\n\t\t\t\tAccount Coordinator &#8211; Customer Care\t\t\t<\/a>\n\t\t<\/div>\n\n\t\t<div class=\"anwp-pg-post-teaser__bottom-meta d-flex flex-wrap\">\n\n\t\t\t\n\t\t\t\t\t<\/div>\n\n\t\t\t\t\t<div class=\"anwp-pg-post-teaser__excerpt mb-2\">\n\t\t\t\tHOME \/ CAREERS \/ | Department: Customer Care | Location: Grand Rapids, MI USA Apply Now Share Selig is committed to employing the best qualified candidates for approved company positions ...\t\t\t<\/div>\n\t\t\n\t\t\t\t\t<div class=\"w-100 anwp-pg-read-more mt-auto\">\n\t\t\t\t<a href=\"https:\/\/www.seliggroup.com\/de\/account-coordinator-customer-care\/\" \t\t\t\t\tclass=\"anwp-pg-read-more__btn mt-3 mb-0 btn btn-sm btn-outline-info w-100 text-decoration-none\">\n\t\t\t\t\tRead More\t\t\t\t<\/a>\n\t\t\t<\/div>\n\t\t\n\t<\/div>\n\n<\/div>\n<div class=\"anwp-pg-post-teaser anwp-pg-post-teaser--inner-cover-link anwp-pg-post-teaser--layout-d d-flex flex-column swiper-slide anwp-pg-post-teaser--with-read-more \">\n\t<div class=\"anwp-pg-post-teaser__thumbnail position-relative\">\n\n\t\t\n\t\t\n\t\t\t\t\t<img loading=\"lazy\" class=\"anwp-pg-post-teaser__thumbnail-img d-block anwp-pg-height-180 anwp-object-cover m-0 w-100\"\n\t\t\t\talt=\"Overcoming Induction Heat Sealing Pain Points\"\n\t\t\t\tsrc=\"https:\/\/www.seliggroup.com\/wp-content\/uploads\/2024\/05\/DELTASEAL-GlassFuze-feature-image.jpg\"\/>\n\t\t\n\t\t<div class=\"anwp-pg-post-teaser__thumbnail-bg anwp-position-cover\"><\/div>\n\n\t\t<a class=\"anwp-position-cover anwp-link-without-effects\" href=\"https:\/\/www.seliggroup.com\/de\/overcoming-induction-heat-sealing-pain-points\/\" aria-hidden=\"true\" ><\/a>\n\t<\/div>\n\n\t<div class=\"anwp-pg-post-teaser__content flex-grow-1 pt-1 d-flex flex-column\">\n\n\t\t<div class=\"anwp-pg-post-teaser__title anwp-font-heading mt-2\">\n\t\t\t<a class=\"anwp-link-without-effects\" href=\"https:\/\/www.seliggroup.com\/de\/overcoming-induction-heat-sealing-pain-points\/\" aria-hidden=\"true\" >\n\t\t\t\tOvercoming Induction Heat Sealing Pain Points\t\t\t<\/a>\n\t\t<\/div>\n\n\t\t<div class=\"anwp-pg-post-teaser__bottom-meta d-flex flex-wrap\">\n\n\t\t\t\n\t\t\t\t\t<\/div>\n\n\t\t\t\t\t<div class=\"anwp-pg-post-teaser__excerpt mb-2\">\n\t\t\t\tHOME \/ RESOURCES \/ News &#038; Whiter papers | | Region: Europe Download PDF Share Overcoming Induction Heat Sealing Pain Points Globally the induction sealing machine market was worth USD ...\t\t\t<\/div>\n\t\t\n\t\t\t\t\t<div class=\"w-100 anwp-pg-read-more mt-auto\">\n\t\t\t\t<a href=\"https:\/\/www.seliggroup.com\/de\/overcoming-induction-heat-sealing-pain-points\/\" \t\t\t\t\tclass=\"anwp-pg-read-more__btn mt-3 mb-0 btn btn-sm btn-outline-info w-100 text-decoration-none\">\n\t\t\t\t\tRead More\t\t\t\t<\/a>\n\t\t\t<\/div>\n\t\t\n\t<\/div>\n\n<\/div>\n<div class=\"anwp-pg-post-teaser anwp-pg-post-teaser--inner-cover-link anwp-pg-post-teaser--layout-d d-flex flex-column swiper-slide anwp-pg-post-teaser--with-read-more \">\n\t<div class=\"anwp-pg-post-teaser__thumbnail position-relative\">\n\n\t\t\n\t\t\n\t\t\t\t\t<img loading=\"lazy\" class=\"anwp-pg-post-teaser__thumbnail-img d-block anwp-pg-height-180 anwp-object-cover m-0 w-100\"\n\t\t\t\talt=\"Sealing the Deal With Hot Fill Containers\"\n\t\t\t\tsrc=\"https:\/\/www.seliggroup.com\/wp-content\/uploads\/2024\/01\/Selig-Group-news-article-images-Sealing-the-Deal-with-Hot-Fill.jpg\"\/>\n\t\t\n\t\t<div class=\"anwp-pg-post-teaser__thumbnail-bg anwp-position-cover\"><\/div>\n\n\t\t<a class=\"anwp-position-cover anwp-link-without-effects\" href=\"https:\/\/www.foodmanufacture.co.uk\/Article\/2024\/01\/15\/selig-group-on-sealing-the-deal-with-hot-fill-containers\" aria-hidden=\"true\" ><\/a>\n\t<\/div>\n\n\t<div class=\"anwp-pg-post-teaser__content flex-grow-1 pt-1 d-flex flex-column\">\n\n\t\t<div class=\"anwp-pg-post-teaser__title anwp-font-heading mt-2\">\n\t\t\t<a class=\"anwp-link-without-effects\" href=\"https:\/\/www.foodmanufacture.co.uk\/Article\/2024\/01\/15\/selig-group-on-sealing-the-deal-with-hot-fill-containers\" aria-hidden=\"true\" >\n\t\t\t\tSealing the Deal With Hot Fill Containers\t\t\t<\/a>\n\t\t<\/div>\n\n\t\t<div class=\"anwp-pg-post-teaser__bottom-meta d-flex flex-wrap\">\n\n\t\t\t\n\t\t\t\t\t<\/div>\n\n\t\t\t\t\t<div class=\"anwp-pg-post-teaser__excerpt mb-2\">\n\t\t\t\tHot fill technology has been standard practice across many forms of liquid and semi-liquid food products since the 1980&#8217;s. This is largely due to the improved product quality, shelf-life extension ...\t\t\t<\/div>\n\t\t\n\t\t\t\t\t<div class=\"w-100 anwp-pg-read-more mt-auto\">\n\t\t\t\t<a href=\"https:\/\/www.foodmanufacture.co.uk\/Article\/2024\/01\/15\/selig-group-on-sealing-the-deal-with-hot-fill-containers\" \t\t\t\t\tclass=\"anwp-pg-read-more__btn mt-3 mb-0 btn btn-sm btn-outline-info w-100 text-decoration-none\">\n\t\t\t\t\tRead More\t\t\t\t<\/a>\n\t\t\t<\/div>\n\t\t\n\t<\/div>\n\n<\/div>\n<div class=\"anwp-pg-post-teaser anwp-pg-post-teaser--inner-cover-link anwp-pg-post-teaser--layout-d d-flex flex-column swiper-slide anwp-pg-post-teaser--with-read-more \">\n\t<div class=\"anwp-pg-post-teaser__thumbnail position-relative\">\n\n\t\t\n\t\t\n\t\t\t\t\t<img loading=\"lazy\" class=\"anwp-pg-post-teaser__thumbnail-img d-block anwp-pg-height-180 anwp-object-cover m-0 w-100\"\n\t\t\t\talt=\"Slashing Waste With Induction Heat Seals\"\n\t\t\t\tsrc=\"https:\/\/www.seliggroup.com\/wp-content\/uploads\/2023\/08\/Selig-Group-news-article-Slashing-Waste-With-Induction-1.jpg\"\/>\n\t\t\n\t\t<div class=\"anwp-pg-post-teaser__thumbnail-bg anwp-position-cover\"><\/div>\n\n\t\t<a class=\"anwp-position-cover anwp-link-without-effects\" href=\"https:\/\/packagingscotland.com\/2023\/04\/slashing-waste-with-induction-heat-seals\/\" aria-hidden=\"true\" ><\/a>\n\t<\/div>\n\n\t<div class=\"anwp-pg-post-teaser__content flex-grow-1 pt-1 d-flex flex-column\">\n\n\t\t<div class=\"anwp-pg-post-teaser__title anwp-font-heading mt-2\">\n\t\t\t<a class=\"anwp-link-without-effects\" href=\"https:\/\/packagingscotland.com\/2023\/04\/slashing-waste-with-induction-heat-seals\/\" aria-hidden=\"true\" >\n\t\t\t\tSlashing Waste With Induction Heat Seals\t\t\t<\/a>\n\t\t<\/div>\n\n\t\t<div class=\"anwp-pg-post-teaser__bottom-meta d-flex flex-wrap\">\n\n\t\t\t\n\t\t\t\t\t<\/div>\n\n\t\t\t\t\t<div class=\"anwp-pg-post-teaser__excerpt mb-2\">\n\t\t\t\t\t\t\t<\/div>\n\t\t\n\t\t\t\t\t<div class=\"w-100 anwp-pg-read-more mt-auto\">\n\t\t\t\t<a href=\"https:\/\/packagingscotland.com\/2023\/04\/slashing-waste-with-induction-heat-seals\/\" \t\t\t\t\tclass=\"anwp-pg-read-more__btn mt-3 mb-0 btn btn-sm btn-outline-info w-100 text-decoration-none\">\n\t\t\t\t\tRead More\t\t\t\t<\/a>\n\t\t\t<\/div>\n\t\t\n\t<\/div>\n\n<\/div>\n<div class=\"anwp-pg-post-teaser anwp-pg-post-teaser--inner-cover-link anwp-pg-post-teaser--layout-d d-flex flex-column swiper-slide anwp-pg-post-teaser--with-read-more \">\n\t<div class=\"anwp-pg-post-teaser__thumbnail position-relative\">\n\n\t\t\n\t\t\n\t\t\t\t\t<img loading=\"lazy\" class=\"anwp-pg-post-teaser__thumbnail-img d-block anwp-pg-height-180 anwp-object-cover m-0 w-100\"\n\t\t\t\talt=\"Selig Group Launches New Website\"\n\t\t\t\tsrc=\"https:\/\/www.seliggroup.com\/wp-content\/uploads\/2023\/08\/Selig-Group-news-article-Selig-Group-Launches-New-Website.jpg\"\/>\n\t\t\n\t\t<div class=\"anwp-pg-post-teaser__thumbnail-bg anwp-position-cover\"><\/div>\n\n\t\t<a class=\"anwp-position-cover anwp-link-without-effects\" href=\"https:\/\/www.packworld.com\/supplier-news\/news\/22863862\/selig-group-selig-group-launches-new-website\" aria-hidden=\"true\" ><\/a>\n\t<\/div>\n\n\t<div class=\"anwp-pg-post-teaser__content flex-grow-1 pt-1 d-flex flex-column\">\n\n\t\t<div class=\"anwp-pg-post-teaser__title anwp-font-heading mt-2\">\n\t\t\t<a class=\"anwp-link-without-effects\" href=\"https:\/\/www.packworld.com\/supplier-news\/news\/22863862\/selig-group-selig-group-launches-new-website\" aria-hidden=\"true\" >\n\t\t\t\tSelig Group Launches New Website\t\t\t<\/a>\n\t\t<\/div>\n\n\t\t<div class=\"anwp-pg-post-teaser__bottom-meta d-flex flex-wrap\">\n\n\t\t\t\n\t\t\t\t\t<\/div>\n\n\t\t\t\t\t<div class=\"anwp-pg-post-teaser__excerpt mb-2\">\n\t\t\t\t\t\t\t<\/div>\n\t\t\n\t\t\t\t\t<div class=\"w-100 anwp-pg-read-more mt-auto\">\n\t\t\t\t<a href=\"https:\/\/www.packworld.com\/supplier-news\/news\/22863862\/selig-group-selig-group-launches-new-website\" \t\t\t\t\tclass=\"anwp-pg-read-more__btn mt-3 mb-0 btn btn-sm btn-outline-info w-100 text-decoration-none\">\n\t\t\t\t\tRead More\t\t\t\t<\/a>\n\t\t\t<\/div>\n\t\t\n\t<\/div>\n\n<\/div>\n<div class=\"anwp-pg-post-teaser anwp-pg-post-teaser--inner-cover-link anwp-pg-post-teaser--layout-d d-flex flex-column swiper-slide anwp-pg-post-teaser--with-read-more \">\n\t<div class=\"anwp-pg-post-teaser__thumbnail position-relative\">\n\n\t\t\n\t\t\n\t\t\t\t\t<img loading=\"lazy\" class=\"anwp-pg-post-teaser__thumbnail-img d-block anwp-pg-height-180 anwp-object-cover m-0 w-100\"\n\t\t\t\talt=\"Material Handler &#8211; 1st Shift\"\n\t\t\t\tsrc=\"https:\/\/www.seliggroup.com\/wp-content\/uploads\/2022\/12\/Selig-Group.jpeg\"\/>\n\t\t\n\t\t<div class=\"anwp-pg-post-teaser__thumbnail-bg anwp-position-cover\"><\/div>\n\n\t\t<a class=\"anwp-position-cover anwp-link-without-effects\" href=\"https:\/\/www.seliggroup.com\/de\/material-handler-1st-shift\/\" aria-hidden=\"true\" ><\/a>\n\t<\/div>\n\n\t<div class=\"anwp-pg-post-teaser__content flex-grow-1 pt-1 d-flex flex-column\">\n\n\t\t<div class=\"anwp-pg-post-teaser__title anwp-font-heading mt-2\">\n\t\t\t<a class=\"anwp-link-without-effects\" href=\"https:\/\/www.seliggroup.com\/de\/material-handler-1st-shift\/\" aria-hidden=\"true\" >\n\t\t\t\tMaterial Handler &#8211; 1st Shift\t\t\t<\/a>\n\t\t<\/div>\n\n\t\t<div class=\"anwp-pg-post-teaser__bottom-meta d-flex flex-wrap\">\n\n\t\t\t\n\t\t\t\t\t<\/div>\n\n\t\t\t\t\t<div class=\"anwp-pg-post-teaser__excerpt mb-2\">\n\t\t\t\tStartseite \/ Karriere \/ | | Teilen Selig is committed to employing the best qualified candidates for approved company positions while engaging in recruitment and selection practices that are in ...\t\t\t<\/div>\n\t\t\n\t\t\t\t\t<div class=\"w-100 anwp-pg-read-more mt-auto\">\n\t\t\t\t<a href=\"https:\/\/www.seliggroup.com\/de\/material-handler-1st-shift\/\" \t\t\t\t\tclass=\"anwp-pg-read-more__btn mt-3 mb-0 btn btn-sm btn-outline-info w-100 text-decoration-none\">\n\t\t\t\t\tRead More\t\t\t\t<\/a>\n\t\t\t<\/div>\n\t\t\n\t<\/div>\n\n<\/div>\n<div class=\"anwp-pg-post-teaser anwp-pg-post-teaser--inner-cover-link anwp-pg-post-teaser--layout-d d-flex flex-column swiper-slide anwp-pg-post-teaser--with-read-more \">\n\t<div class=\"anwp-pg-post-teaser__thumbnail position-relative\">\n\n\t\t\n\t\t\n\t\t\t\t\t<img loading=\"lazy\" class=\"anwp-pg-post-teaser__thumbnail-img d-block anwp-pg-height-180 anwp-object-cover m-0 w-100\"\n\t\t\t\talt=\"Packaging Sealing at its Best with Selig at Interpack\"\n\t\t\t\tsrc=\"https:\/\/www.seliggroup.com\/wp-content\/uploads\/2023\/08\/Selig-Group-news-article-Packaging-Sealing-at-its-Best-1.jpg\"\/>\n\t\t\n\t\t<div class=\"anwp-pg-post-teaser__thumbnail-bg anwp-position-cover\"><\/div>\n\n\t\t<a class=\"anwp-position-cover anwp-link-without-effects\" href=\"https:\/\/spnews.com\/selig-at-interpack\/\" aria-hidden=\"true\" ><\/a>\n\t<\/div>\n\n\t<div class=\"anwp-pg-post-teaser__content flex-grow-1 pt-1 d-flex flex-column\">\n\n\t\t<div class=\"anwp-pg-post-teaser__title anwp-font-heading mt-2\">\n\t\t\t<a class=\"anwp-link-without-effects\" href=\"https:\/\/spnews.com\/selig-at-interpack\/\" aria-hidden=\"true\" >\n\t\t\t\tPackaging Sealing at its Best with Selig at Interpack\t\t\t<\/a>\n\t\t<\/div>\n\n\t\t<div class=\"anwp-pg-post-teaser__bottom-meta d-flex flex-wrap\">\n\n\t\t\t\n\t\t\t\t\t<\/div>\n\n\t\t\t\t\t<div class=\"anwp-pg-post-teaser__excerpt mb-2\">\n\t\t\t\t\t\t\t<\/div>\n\t\t\n\t\t\t\t\t<div class=\"w-100 anwp-pg-read-more mt-auto\">\n\t\t\t\t<a href=\"https:\/\/spnews.com\/selig-at-interpack\/\" \t\t\t\t\tclass=\"anwp-pg-read-more__btn mt-3 mb-0 btn btn-sm btn-outline-info w-100 text-decoration-none\">\n\t\t\t\t\tRead More\t\t\t\t<\/a>\n\t\t\t<\/div>\n\t\t\n\t<\/div>\n\n<\/div>\n<div class=\"anwp-pg-post-teaser anwp-pg-post-teaser--inner-cover-link anwp-pg-post-teaser--layout-d d-flex flex-column swiper-slide anwp-pg-post-teaser--with-read-more \">\n\t<div class=\"anwp-pg-post-teaser__thumbnail position-relative\">\n\n\t\t\n\t\t\n\t\t\t\t\t<img loading=\"lazy\" class=\"anwp-pg-post-teaser__thumbnail-img d-block anwp-pg-height-180 anwp-object-cover m-0 w-100\"\n\t\t\t\talt=\"Packager-Machine Operator\"\n\t\t\t\tsrc=\"https:\/\/www.seliggroup.com\/wp-content\/uploads\/2022\/12\/Selig-Group.jpeg\"\/>\n\t\t\n\t\t<div class=\"anwp-pg-post-teaser__thumbnail-bg anwp-position-cover\"><\/div>\n\n\t\t<a class=\"anwp-position-cover anwp-link-without-effects\" href=\"https:\/\/www.seliggroup.com\/de\/packager-machine-operator\/\" aria-hidden=\"true\" ><\/a>\n\t<\/div>\n\n\t<div class=\"anwp-pg-post-teaser__content flex-grow-1 pt-1 d-flex flex-column\">\n\n\t\t<div class=\"anwp-pg-post-teaser__title anwp-font-heading mt-2\">\n\t\t\t<a class=\"anwp-link-without-effects\" href=\"https:\/\/www.seliggroup.com\/de\/packager-machine-operator\/\" aria-hidden=\"true\" >\n\t\t\t\tPackager-Machine Operator\t\t\t<\/a>\n\t\t<\/div>\n\n\t\t<div class=\"anwp-pg-post-teaser__bottom-meta d-flex flex-wrap\">\n\n\t\t\t\n\t\t\t\t\t<\/div>\n\n\t\t\t\t\t<div class=\"anwp-pg-post-teaser__excerpt mb-2\">\n\t\t\t\tHOME \/ CAREERS \/ | | Share Selig is committed to employing the best qualified candidates for approved company positions while engaging in recruitment and selection practices that are in ...\t\t\t<\/div>\n\t\t\n\t\t\t\t\t<div class=\"w-100 anwp-pg-read-more mt-auto\">\n\t\t\t\t<a href=\"https:\/\/www.seliggroup.com\/de\/packager-machine-operator\/\" \t\t\t\t\tclass=\"anwp-pg-read-more__btn mt-3 mb-0 btn btn-sm btn-outline-info w-100 text-decoration-none\">\n\t\t\t\t\tRead More\t\t\t\t<\/a>\n\t\t\t<\/div>\n\t\t\n\t<\/div>\n\n<\/div>\n<div class=\"anwp-pg-post-teaser anwp-pg-post-teaser--inner-cover-link anwp-pg-post-teaser--layout-d d-flex flex-column swiper-slide anwp-pg-post-teaser--with-read-more \">\n\t<div class=\"anwp-pg-post-teaser__thumbnail position-relative\">\n\n\t\t\n\t\t\n\t\t\t\t\t<img loading=\"lazy\" class=\"anwp-pg-post-teaser__thumbnail-img d-block anwp-pg-height-180 anwp-object-cover m-0 w-100\"\n\t\t\t\talt=\"Flexible Verpackungen \u2013 Die sich ver\u00e4ndernde Landschaft\"\n\t\t\t\tsrc=\"https:\/\/www.seliggroup.com\/wp-content\/uploads\/2022\/11\/flexible-packaging-kagi-1.png\"\/>\n\t\t\n\t\t<div class=\"anwp-pg-post-teaser__thumbnail-bg anwp-position-cover\"><\/div>\n\n\t\t<a class=\"anwp-position-cover anwp-link-without-effects\" href=\"https:\/\/www.seliggroup.com\/de\/flexible-verpackungen-die-sich-veraendernde-landschaft\/\" aria-hidden=\"true\" ><\/a>\n\t<\/div>\n\n\t<div class=\"anwp-pg-post-teaser__content flex-grow-1 pt-1 d-flex flex-column\">\n\n\t\t<div class=\"anwp-pg-post-teaser__title anwp-font-heading mt-2\">\n\t\t\t<a class=\"anwp-link-without-effects\" href=\"https:\/\/www.seliggroup.com\/de\/flexible-verpackungen-die-sich-veraendernde-landschaft\/\" aria-hidden=\"true\" >\n\t\t\t\tFlexible Verpackungen \u2013 Die sich ver\u00e4ndernde Landschaft\t\t\t<\/a>\n\t\t<\/div>\n\n\t\t<div class=\"anwp-pg-post-teaser__bottom-meta d-flex flex-wrap\">\n\n\t\t\t\n\t\t\t\t\t<\/div>\n\n\t\t\t\t\t<div class=\"anwp-pg-post-teaser__excerpt mb-2\">\n\t\t\t\tNachhaltigkeit, Komfort und technologischer Fortschritt ver\u00e4ndern die Landschaft f\u00fcr flexible Verpackungen.\t\t\t<\/div>\n\t\t\n\t\t\t\t\t<div class=\"w-100 anwp-pg-read-more mt-auto\">\n\t\t\t\t<a href=\"https:\/\/www.seliggroup.com\/de\/flexible-verpackungen-die-sich-veraendernde-landschaft\/\" \t\t\t\t\tclass=\"anwp-pg-read-more__btn mt-3 mb-0 btn btn-sm btn-outline-info w-100 text-decoration-none\">\n\t\t\t\t\tRead More\t\t\t\t<\/a>\n\t\t\t<\/div>\n\t\t\n\t<\/div>\n\n<\/div>\n<div class=\"anwp-pg-post-teaser anwp-pg-post-teaser--inner-cover-link anwp-pg-post-teaser--layout-d d-flex flex-column swiper-slide anwp-pg-post-teaser--with-read-more \">\n\t<div class=\"anwp-pg-post-teaser__thumbnail position-relative\">\n\n\t\t\n\t\t\n\t\t\t\t\t<img loading=\"lazy\" class=\"anwp-pg-post-teaser__thumbnail-img d-block anwp-pg-height-180 anwp-object-cover m-0 w-100\"\n\t\t\t\talt=\"Weinkonservierung im 21. Jahrhundert\"\n\t\t\t\tsrc=\"https:\/\/www.seliggroup.com\/wp-content\/uploads\/2022\/11\/Oenoseal-wine-bottle-1.png\"\/>\n\t\t\n\t\t<div class=\"anwp-pg-post-teaser__thumbnail-bg anwp-position-cover\"><\/div>\n\n\t\t<a class=\"anwp-position-cover anwp-link-without-effects\" href=\"https:\/\/www.seliggroup.com\/de\/weinkonservierung-im-21-jahrhundert\/\" aria-hidden=\"true\" ><\/a>\n\t<\/div>\n\n\t<div class=\"anwp-pg-post-teaser__content flex-grow-1 pt-1 d-flex flex-column\">\n\n\t\t<div class=\"anwp-pg-post-teaser__title anwp-font-heading mt-2\">\n\t\t\t<a class=\"anwp-link-without-effects\" href=\"https:\/\/www.seliggroup.com\/de\/weinkonservierung-im-21-jahrhundert\/\" aria-hidden=\"true\" >\n\t\t\t\tWeinkonservierung im 21. Jahrhundert\t\t\t<\/a>\n\t\t<\/div>\n\n\t\t<div class=\"anwp-pg-post-teaser__bottom-meta d-flex flex-wrap\">\n\n\t\t\t\n\t\t\t\t\t<\/div>\n\n\t\t\t\t\t<div class=\"anwp-pg-post-teaser__excerpt mb-2\">\n\t\t\t\tW\u00e4hrend der globalen Pandemie hat die Weinindustrie ihre Vielseitigkeit bei der Suche nach flexiblen L\u00f6sungen unter Beweis gestellt. Da der Wandel mittlerweile die einzige Konstante in der Weinbranche ist, stellt ...\t\t\t<\/div>\n\t\t\n\t\t\t\t\t<div class=\"w-100 anwp-pg-read-more mt-auto\">\n\t\t\t\t<a href=\"https:\/\/www.seliggroup.com\/de\/weinkonservierung-im-21-jahrhundert\/\" \t\t\t\t\tclass=\"anwp-pg-read-more__btn mt-3 mb-0 btn btn-sm btn-outline-info w-100 text-decoration-none\">\n\t\t\t\t\tRead More\t\t\t\t<\/a>\n\t\t\t<\/div>\n\t\t\n\t<\/div>\n\n<\/div>\n<div class=\"anwp-pg-post-teaser anwp-pg-post-teaser--inner-cover-link anwp-pg-post-teaser--layout-d d-flex flex-column swiper-slide anwp-pg-post-teaser--with-read-more \">\n\t<div class=\"anwp-pg-post-teaser__thumbnail position-relative\">\n\n\t\t\n\t\t\n\t\t\t\t\t<img loading=\"lazy\" class=\"anwp-pg-post-teaser__thumbnail-img d-block anwp-pg-height-180 anwp-object-cover m-0 w-100\"\n\t\t\t\talt=\"Selig ernennt seinen neuen Pr\u00e4sidenten\"\n\t\t\t\tsrc=\"https:\/\/www.seliggroup.com\/wp-content\/uploads\/2022\/11\/Adam-Selig-President-e1669746852171-1.png\"\/>\n\t\t\n\t\t<div class=\"anwp-pg-post-teaser__thumbnail-bg anwp-position-cover\"><\/div>\n\n\t\t<a class=\"anwp-position-cover anwp-link-without-effects\" href=\"https:\/\/www.seliggroup.com\/de\/selig-ernennt-seinen-neuen-praesidenten\/\" aria-hidden=\"true\" ><\/a>\n\t<\/div>\n\n\t<div class=\"anwp-pg-post-teaser__content flex-grow-1 pt-1 d-flex flex-column\">\n\n\t\t<div class=\"anwp-pg-post-teaser__title anwp-font-heading mt-2\">\n\t\t\t<a class=\"anwp-link-without-effects\" href=\"https:\/\/www.seliggroup.com\/de\/selig-ernennt-seinen-neuen-praesidenten\/\" aria-hidden=\"true\" >\n\t\t\t\tSelig ernennt seinen neuen Pr\u00e4sidenten\t\t\t<\/a>\n\t\t<\/div>\n\n\t\t<div class=\"anwp-pg-post-teaser__bottom-meta d-flex flex-wrap\">\n\n\t\t\t\n\t\t\t\t\t<\/div>\n\n\t\t\t\t\t<div class=\"anwp-pg-post-teaser__excerpt mb-2\">\n\t\t\t\tDie Selig Group gibt mit Freude bekannt, dass Adam Sheridan zum 1. Juni die Rolle des Pr\u00e4sidenten der Selig Group \u00fcbernehmen wird. \u201eIch freue mich sehr, das Selig-Team zu leiten ...\t\t\t<\/div>\n\t\t\n\t\t\t\t\t<div class=\"w-100 anwp-pg-read-more mt-auto\">\n\t\t\t\t<a href=\"https:\/\/www.seliggroup.com\/de\/selig-ernennt-seinen-neuen-praesidenten\/\" \t\t\t\t\tclass=\"anwp-pg-read-more__btn mt-3 mb-0 btn btn-sm btn-outline-info w-100 text-decoration-none\">\n\t\t\t\t\tRead More\t\t\t\t<\/a>\n\t\t\t<\/div>\n\t\t\n\t<\/div>\n\n<\/div>\n<div class=\"anwp-pg-post-teaser anwp-pg-post-teaser--inner-cover-link anwp-pg-post-teaser--layout-d d-flex flex-column swiper-slide anwp-pg-post-teaser--with-read-more \">\n\t<div class=\"anwp-pg-post-teaser__thumbnail position-relative\">\n\n\t\t\n\t\t\n\t\t\t\t\t<img loading=\"lazy\" class=\"anwp-pg-post-teaser__thumbnail-img d-block anwp-pg-height-180 anwp-object-cover m-0 w-100\"\n\t\t\t\talt=\"Seligs Bel\u00fcftungsl\u00f6sungen f\u00fcr Haushalts- und K\u00f6rperpflegeprodukte\"\n\t\t\t\tsrc=\"https:\/\/www.seliggroup.com\/wp-content\/uploads\/2022\/11\/news-venting-happi-1.png\"\/>\n\t\t\n\t\t<div class=\"anwp-pg-post-teaser__thumbnail-bg anwp-position-cover\"><\/div>\n\n\t\t<a class=\"anwp-position-cover anwp-link-without-effects\" href=\"https:\/\/www.seliggroup.com\/de\/seligs-belueftungsloesungen-fuer-haushalts-und-koerperpflegeprodukte\/\" aria-hidden=\"true\" ><\/a>\n\t<\/div>\n\n\t<div class=\"anwp-pg-post-teaser__content flex-grow-1 pt-1 d-flex flex-column\">\n\n\t\t<div class=\"anwp-pg-post-teaser__title anwp-font-heading mt-2\">\n\t\t\t<a class=\"anwp-link-without-effects\" href=\"https:\/\/www.seliggroup.com\/de\/seligs-belueftungsloesungen-fuer-haushalts-und-koerperpflegeprodukte\/\" aria-hidden=\"true\" >\n\t\t\t\tSeligs Bel\u00fcftungsl\u00f6sungen f\u00fcr Haushalts- und K\u00f6rperpflegeprodukte\t\t\t<\/a>\n\t\t<\/div>\n\n\t\t<div class=\"anwp-pg-post-teaser__bottom-meta d-flex flex-wrap\">\n\n\t\t\t\n\t\t\t\t\t<\/div>\n\n\t\t\t\t\t<div class=\"anwp-pg-post-teaser__excerpt mb-2\">\n\t\t\t\tLesen Sie den Artikel \u00fcber die bel\u00fcfteten Linersysteme Circumvent\u2122 und Airfoil\u2122 der Selig Group aus der Februarausgabe 2022 des Magazins Happi Packaging.\t\t\t<\/div>\n\t\t\n\t\t\t\t\t<div class=\"w-100 anwp-pg-read-more mt-auto\">\n\t\t\t\t<a href=\"https:\/\/www.seliggroup.com\/de\/seligs-belueftungsloesungen-fuer-haushalts-und-koerperpflegeprodukte\/\" \t\t\t\t\tclass=\"anwp-pg-read-more__btn mt-3 mb-0 btn btn-sm btn-outline-info w-100 text-decoration-none\">\n\t\t\t\t\tRead More\t\t\t\t<\/a>\n\t\t\t<\/div>\n\t\t\n\t<\/div>\n\n<\/div>\n<div class=\"anwp-pg-post-teaser anwp-pg-post-teaser--inner-cover-link anwp-pg-post-teaser--layout-d d-flex flex-column swiper-slide anwp-pg-post-teaser--with-read-more \">\n\t<div class=\"anwp-pg-post-teaser__thumbnail position-relative\">\n\n\t\t\n\t\t\n\t\t\t\t\t<img loading=\"lazy\" class=\"anwp-pg-post-teaser__thumbnail-img d-block anwp-pg-height-180 anwp-object-cover m-0 w-100\"\n\t\t\t\talt=\"Erfolgreicher Versuch mit wiederverwertbaren flexiblen Verpackungen f\u00fcr Selig Flexibles\"\n\t\t\t\tsrc=\"https:\/\/www.seliggroup.com\/wp-content\/uploads\/2022\/11\/flexibles-bars-1-1.png\"\/>\n\t\t\n\t\t<div class=\"anwp-pg-post-teaser__thumbnail-bg anwp-position-cover\"><\/div>\n\n\t\t<a class=\"anwp-position-cover anwp-link-without-effects\" href=\"https:\/\/www.seliggroup.com\/de\/erfolgreicher-versuch-mit-wiederverwertbaren-flexiblen-verpackungen-fuer-selig-flexibles\/\" aria-hidden=\"true\" ><\/a>\n\t<\/div>\n\n\t<div class=\"anwp-pg-post-teaser__content flex-grow-1 pt-1 d-flex flex-column\">\n\n\t\t<div class=\"anwp-pg-post-teaser__title anwp-font-heading mt-2\">\n\t\t\t<a class=\"anwp-link-without-effects\" href=\"https:\/\/www.seliggroup.com\/de\/erfolgreicher-versuch-mit-wiederverwertbaren-flexiblen-verpackungen-fuer-selig-flexibles\/\" aria-hidden=\"true\" >\n\t\t\t\tErfolgreicher Versuch mit wiederverwertbaren flexiblen Verpackungen f\u00fcr Selig Flexibles\t\t\t<\/a>\n\t\t<\/div>\n\n\t\t<div class=\"anwp-pg-post-teaser__bottom-meta d-flex flex-wrap\">\n\n\t\t\t\n\t\t\t\t\t<\/div>\n\n\t\t\t\t\t<div class=\"anwp-pg-post-teaser__excerpt mb-2\">\n\t\t\t\tSelig arbeitet mit seinen Kunden zusammen, um neue L\u00f6sungen f\u00fcr wiederverwertbare flexible Verpackungen anzubieten, wobei der Fokus klar auf der Reduzierung von Kunststoffverpackungsabf\u00e4llen liegt. Derzeit testen Unternehmen in ganz Europa ...\t\t\t<\/div>\n\t\t\n\t\t\t\t\t<div class=\"w-100 anwp-pg-read-more mt-auto\">\n\t\t\t\t<a href=\"https:\/\/www.seliggroup.com\/de\/erfolgreicher-versuch-mit-wiederverwertbaren-flexiblen-verpackungen-fuer-selig-flexibles\/\" \t\t\t\t\tclass=\"anwp-pg-read-more__btn mt-3 mb-0 btn btn-sm btn-outline-info w-100 text-decoration-none\">\n\t\t\t\t\tRead More\t\t\t\t<\/a>\n\t\t\t<\/div>\n\t\t\n\t<\/div>\n\n<\/div>\n<div class=\"anwp-pg-post-teaser anwp-pg-post-teaser--inner-cover-link anwp-pg-post-teaser--layout-d d-flex flex-column swiper-slide anwp-pg-post-teaser--with-read-more \">\n\t<div class=\"anwp-pg-post-teaser__thumbnail position-relative\">\n\n\t\t\n\t\t\n\t\t\t\t\t<img loading=\"lazy\" class=\"anwp-pg-post-teaser__thumbnail-img d-block anwp-pg-height-180 anwp-object-cover m-0 w-100\"\n\t\t\t\talt=\"Die Selig Group k\u00fcndigt die \u00dcbernahme von MGJ an\"\n\t\t\t\tsrc=\"https:\/\/www.seliggroup.com\/wp-content\/uploads\/2022\/11\/selig-mgj-1.png\"\/>\n\t\t\n\t\t<div class=\"anwp-pg-post-teaser__thumbnail-bg anwp-position-cover\"><\/div>\n\n\t\t<a class=\"anwp-position-cover anwp-link-without-effects\" href=\"https:\/\/www.seliggroup.com\/de\/die-selig-group-kuendigt-die-uebernahme-von-mgj-an\/\" aria-hidden=\"true\" ><\/a>\n\t<\/div>\n\n\t<div class=\"anwp-pg-post-teaser__content flex-grow-1 pt-1 d-flex flex-column\">\n\n\t\t<div class=\"anwp-pg-post-teaser__title anwp-font-heading mt-2\">\n\t\t\t<a class=\"anwp-link-without-effects\" href=\"https:\/\/www.seliggroup.com\/de\/die-selig-group-kuendigt-die-uebernahme-von-mgj-an\/\" aria-hidden=\"true\" >\n\t\t\t\tDie Selig Group k\u00fcndigt die \u00dcbernahme von MGJ an\t\t\t<\/a>\n\t\t<\/div>\n\n\t\t<div class=\"anwp-pg-post-teaser__bottom-meta d-flex flex-wrap\">\n\n\t\t\t\n\t\t\t\t\t<\/div>\n\n\t\t\t\t\t<div class=\"anwp-pg-post-teaser__excerpt mb-2\">\n\t\t\t\tDie Selig Group, die sich im Besitz von CC Industries (\u201eCCI\u201c) befindet, hat heute die \u00dcbernahme von Manufacture G\u00e9n\u00e9rale de Joints (\u201eMGJ\u201c) bekannt gegeben. Das 1947 gegr\u00fcndete Unternehmen MGJ mit ...\t\t\t<\/div>\n\t\t\n\t\t\t\t\t<div class=\"w-100 anwp-pg-read-more mt-auto\">\n\t\t\t\t<a href=\"https:\/\/www.seliggroup.com\/de\/die-selig-group-kuendigt-die-uebernahme-von-mgj-an\/\" \t\t\t\t\tclass=\"anwp-pg-read-more__btn mt-3 mb-0 btn btn-sm btn-outline-info w-100 text-decoration-none\">\n\t\t\t\t\tRead More\t\t\t\t<\/a>\n\t\t\t<\/div>\n\t\t\n\t<\/div>\n\n<\/div>\n<div class=\"anwp-pg-post-teaser anwp-pg-post-teaser--inner-cover-link anwp-pg-post-teaser--layout-d d-flex flex-column swiper-slide anwp-pg-post-teaser--with-read-more \">\n\t<div class=\"anwp-pg-post-teaser__thumbnail position-relative\">\n\n\t\t\n\t\t\n\t\t\t\t\t<img loading=\"lazy\" class=\"anwp-pg-post-teaser__thumbnail-img d-block anwp-pg-height-180 anwp-object-cover m-0 w-100\"\n\t\t\t\talt=\"Die Steuer auf Kunststoffverpackungen: Sind wir bereit?\"\n\t\t\t\tsrc=\"https:\/\/www.seliggroup.com\/wp-content\/uploads\/2022\/11\/plastic-packaging-tax-1.png\"\/>\n\t\t\n\t\t<div class=\"anwp-pg-post-teaser__thumbnail-bg anwp-position-cover\"><\/div>\n\n\t\t<a class=\"anwp-position-cover anwp-link-without-effects\" href=\"https:\/\/www.seliggroup.com\/de\/die-steuer-auf-kunststoffverpackungen-sind-wir-bereit\/\" aria-hidden=\"true\" ><\/a>\n\t<\/div>\n\n\t<div class=\"anwp-pg-post-teaser__content flex-grow-1 pt-1 d-flex flex-column\">\n\n\t\t<div class=\"anwp-pg-post-teaser__title anwp-font-heading mt-2\">\n\t\t\t<a class=\"anwp-link-without-effects\" href=\"https:\/\/www.seliggroup.com\/de\/die-steuer-auf-kunststoffverpackungen-sind-wir-bereit\/\" aria-hidden=\"true\" >\n\t\t\t\tDie Steuer auf Kunststoffverpackungen: Sind wir bereit?\t\t\t<\/a>\n\t\t<\/div>\n\n\t\t<div class=\"anwp-pg-post-teaser__bottom-meta d-flex flex-wrap\">\n\n\t\t\t\n\t\t\t\t\t<\/div>\n\n\t\t\t\t\t<div class=\"anwp-pg-post-teaser__excerpt mb-2\">\n\t\t\t\tIm November ver\u00f6ffentlichte die britische Regierung ein Strategiepapier zur Einf\u00fchrung einer Steuer auf Kunststoffverpackungen. Die Steuer zielt darauf ab, einen wirtschaftlichen Anreiz f\u00fcr Unternehmen zu schaffen, bei der Herstellung ihrer ...\t\t\t<\/div>\n\t\t\n\t\t\t\t\t<div class=\"w-100 anwp-pg-read-more mt-auto\">\n\t\t\t\t<a href=\"https:\/\/www.seliggroup.com\/de\/die-steuer-auf-kunststoffverpackungen-sind-wir-bereit\/\" \t\t\t\t\tclass=\"anwp-pg-read-more__btn mt-3 mb-0 btn btn-sm btn-outline-info w-100 text-decoration-none\">\n\t\t\t\t\tRead More\t\t\t\t<\/a>\n\t\t\t<\/div>\n\t\t\n\t<\/div>\n\n<\/div>\n<div class=\"anwp-pg-post-teaser anwp-pg-post-teaser--inner-cover-link anwp-pg-post-teaser--layout-d d-flex flex-column swiper-slide anwp-pg-post-teaser--with-read-more \">\n\t<div class=\"anwp-pg-post-teaser__thumbnail position-relative\">\n\n\t\t\n\t\t\n\t\t\t\t\t<img loading=\"lazy\" class=\"anwp-pg-post-teaser__thumbnail-img d-block anwp-pg-height-180 anwp-object-cover m-0 w-100\"\n\t\t\t\talt=\"\u8c03\u5473\u54c1\uff1a\u5305\u88c5\u7684\u529b\u91cf\u548c\u6f5c\u529b\"\n\t\t\t\tsrc=\"https:\/\/www.seliggroup.com\/wp-content\/uploads\/2022\/11\/Selig-Condiments-Ketchup-Image-scaled-1.jpeg\"\/>\n\t\t\n\t\t<div class=\"anwp-pg-post-teaser__thumbnail-bg anwp-position-cover\"><\/div>\n\n\t\t<a class=\"anwp-position-cover anwp-link-without-effects\" href=\"https:\/\/www.seliggroup.com\/de\/%e8%b0%83%e5%91%b3%e5%93%81%ef%bc%9a%e5%8c%85%e8%a3%85%e7%9a%84%e5%8a%9b%e9%87%8f%e5%92%8c%e6%bd%9c%e5%8a%9b\/\" aria-hidden=\"true\" ><\/a>\n\t<\/div>\n\n\t<div class=\"anwp-pg-post-teaser__content flex-grow-1 pt-1 d-flex flex-column\">\n\n\t\t<div class=\"anwp-pg-post-teaser__title anwp-font-heading mt-2\">\n\t\t\t<a class=\"anwp-link-without-effects\" href=\"https:\/\/www.seliggroup.com\/de\/%e8%b0%83%e5%91%b3%e5%93%81%ef%bc%9a%e5%8c%85%e8%a3%85%e7%9a%84%e5%8a%9b%e9%87%8f%e5%92%8c%e6%bd%9c%e5%8a%9b\/\" aria-hidden=\"true\" >\n\t\t\t\t\u8c03\u5473\u54c1\uff1a\u5305\u88c5\u7684\u529b\u91cf\u548c\u6f5c\u529b\t\t\t<\/a>\n\t\t<\/div>\n\n\t\t<div class=\"anwp-pg-post-teaser__bottom-meta d-flex flex-wrap\">\n\n\t\t\t\n\t\t\t\t\t<\/div>\n\n\t\t\t\t\t<div class=\"anwp-pg-post-teaser__excerpt mb-2\">\n\t\t\t\t\u5305\u88c5\u5728\u5ba2\u6237\u6ee1\u610f\u5ea6\u548c\u8d2d\u4e70\u51b3\u7b56\u4e2d\u8d77\u7740\u5173\u952e\u4f5c\u7528\uff0c\u5236\u9020\u5546\u53ef\u4ee5\u4ece\u6d88\u8d39\u8005\u7684\u8d2d\u4e70\u884c\u4e3a\u4e2d\u5b66\u5230\u4ec0\u4e48\uff0c\u4ee5\u53ca\u5305\u88c5\u5982\u4f55\u6f14\u53d8\u4ee5\u5e94\u5bf9\u5bf9\u5176\u63d0\u51fa\u7684\u4f17\u591a\u8981\u6c42\uff1f\t\t\t<\/div>\n\t\t\n\t\t\t\t\t<div class=\"w-100 anwp-pg-read-more mt-auto\">\n\t\t\t\t<a href=\"https:\/\/www.seliggroup.com\/de\/%e8%b0%83%e5%91%b3%e5%93%81%ef%bc%9a%e5%8c%85%e8%a3%85%e7%9a%84%e5%8a%9b%e9%87%8f%e5%92%8c%e6%bd%9c%e5%8a%9b\/\" \t\t\t\t\tclass=\"anwp-pg-read-more__btn mt-3 mb-0 btn btn-sm btn-outline-info w-100 text-decoration-none\">\n\t\t\t\t\tRead More\t\t\t\t<\/a>\n\t\t\t<\/div>\n\t\t\n\t<\/div>\n\n<\/div>\n<div class=\"anwp-pg-post-teaser anwp-pg-post-teaser--inner-cover-link anwp-pg-post-teaser--layout-d d-flex flex-column swiper-slide anwp-pg-post-teaser--with-read-more \">\n\t<div class=\"anwp-pg-post-teaser__thumbnail position-relative\">\n\n\t\t\n\t\t\n\t\t\t\t\t<img loading=\"lazy\" class=\"anwp-pg-post-teaser__thumbnail-img d-block anwp-pg-height-180 anwp-object-cover m-0 w-100\"\n\t\t\t\talt=\"Einblicke in nachhaltige Verpackungen\"\n\t\t\t\tsrc=\"https:\/\/www.seliggroup.com\/wp-content\/uploads\/2022\/10\/Sustainability-1.jpg\"\/>\n\t\t\n\t\t<div class=\"anwp-pg-post-teaser__thumbnail-bg anwp-position-cover\"><\/div>\n\n\t\t<a class=\"anwp-position-cover anwp-link-without-effects\" href=\"https:\/\/www.seliggroup.com\/de\/einblicke-in-nachhaltige-verpackungen\/\" aria-hidden=\"true\" ><\/a>\n\t<\/div>\n\n\t<div class=\"anwp-pg-post-teaser__content flex-grow-1 pt-1 d-flex flex-column\">\n\n\t\t<div class=\"anwp-pg-post-teaser__title anwp-font-heading mt-2\">\n\t\t\t<a class=\"anwp-link-without-effects\" href=\"https:\/\/www.seliggroup.com\/de\/einblicke-in-nachhaltige-verpackungen\/\" aria-hidden=\"true\" >\n\t\t\t\tEinblicke in nachhaltige Verpackungen\t\t\t<\/a>\n\t\t<\/div>\n\n\t\t<div class=\"anwp-pg-post-teaser__bottom-meta d-flex flex-wrap\">\n\n\t\t\t\n\t\t\t\t\t<\/div>\n\n\t\t\t\t\t<div class=\"anwp-pg-post-teaser__excerpt mb-2\">\n\t\t\t\tMatthew O&#039;Donnell und John Brown von der Selig Group geben einen Einblick in den aktuellen Stand der Recyclingindustrie und die Zukunft der nachhaltigen Verpackung.\t\t\t<\/div>\n\t\t\n\t\t\t\t\t<div class=\"w-100 anwp-pg-read-more mt-auto\">\n\t\t\t\t<a href=\"https:\/\/www.seliggroup.com\/de\/einblicke-in-nachhaltige-verpackungen\/\" \t\t\t\t\tclass=\"anwp-pg-read-more__btn mt-3 mb-0 btn btn-sm btn-outline-info w-100 text-decoration-none\">\n\t\t\t\t\tRead More\t\t\t\t<\/a>\n\t\t\t<\/div>\n\t\t\n\t<\/div>\n\n<\/div>\n<div class=\"anwp-pg-post-teaser anwp-pg-post-teaser--inner-cover-link anwp-pg-post-teaser--layout-d d-flex flex-column swiper-slide anwp-pg-post-teaser--with-read-more \">\n\t<div class=\"anwp-pg-post-teaser__thumbnail position-relative\">\n\n\t\t\n\t\t\n\t\t\t\t\t<img loading=\"lazy\" class=\"anwp-pg-post-teaser__thumbnail-img d-block anwp-pg-height-180 anwp-object-cover m-0 w-100\"\n\t\t\t\talt=\"Packstoff-Herausforderungen f\u00fcr die E-Commerce-Lieferkette \u00fcberwinden\"\n\t\t\t\tsrc=\"https:\/\/www.seliggroup.com\/wp-content\/uploads\/2022\/11\/overcoming-pack-challenges-for-supply-chain-1.png\"\/>\n\t\t\n\t\t<div class=\"anwp-pg-post-teaser__thumbnail-bg anwp-position-cover\"><\/div>\n\n\t\t<a class=\"anwp-position-cover anwp-link-without-effects\" href=\"https:\/\/www.seliggroup.com\/de\/packstoff-herausforderungen-fuer-die-e-commerce-lieferkette-ueberwinden\/\" aria-hidden=\"true\" ><\/a>\n\t<\/div>\n\n\t<div class=\"anwp-pg-post-teaser__content flex-grow-1 pt-1 d-flex flex-column\">\n\n\t\t<div class=\"anwp-pg-post-teaser__title anwp-font-heading mt-2\">\n\t\t\t<a class=\"anwp-link-without-effects\" href=\"https:\/\/www.seliggroup.com\/de\/packstoff-herausforderungen-fuer-die-e-commerce-lieferkette-ueberwinden\/\" aria-hidden=\"true\" >\n\t\t\t\tPackstoff-Herausforderungen f\u00fcr die E-Commerce-Lieferkette \u00fcberwinden\t\t\t<\/a>\n\t\t<\/div>\n\n\t\t<div class=\"anwp-pg-post-teaser__bottom-meta d-flex flex-wrap\">\n\n\t\t\t\n\t\t\t\t\t<\/div>\n\n\t\t\t\t\t<div class=\"anwp-pg-post-teaser__excerpt mb-2\">\n\t\t\t\tMit der steigenden Nachfrage nach bequemen L\u00f6sungen, der Fragmentierung der Lieferkette und der zunehmenden Forderung nach Nachhaltigkeit m\u00fcssen Verpackungsmaterialien f\u00fcr den E-Commerce h\u00f6here Leistungskriterien erf\u00fcllen. Hier erl\u00e4utert Darren Dodd, Vertriebs- ...\t\t\t<\/div>\n\t\t\n\t\t\t\t\t<div class=\"w-100 anwp-pg-read-more mt-auto\">\n\t\t\t\t<a href=\"https:\/\/www.seliggroup.com\/de\/packstoff-herausforderungen-fuer-die-e-commerce-lieferkette-ueberwinden\/\" \t\t\t\t\tclass=\"anwp-pg-read-more__btn mt-3 mb-0 btn btn-sm btn-outline-info w-100 text-decoration-none\">\n\t\t\t\t\tRead More\t\t\t\t<\/a>\n\t\t\t<\/div>\n\t\t\n\t<\/div>\n\n<\/div>\n<div class=\"anwp-pg-post-teaser anwp-pg-post-teaser--inner-cover-link anwp-pg-post-teaser--layout-d d-flex flex-column swiper-slide anwp-pg-post-teaser--with-read-more \">\n\t<div class=\"anwp-pg-post-teaser__thumbnail position-relative\">\n\n\t\t\n\t\t\n\t\t\t\t\t<img loading=\"lazy\" class=\"anwp-pg-post-teaser__thumbnail-img d-block anwp-pg-height-180 anwp-object-cover m-0 w-100\"\n\t\t\t\talt=\"Forschung zur Versiegelung von Glasbeh\u00e4ltern bringt Selig an die Spitze\"\n\t\t\t\tsrc=\"https:\/\/www.seliggroup.com\/wp-content\/uploads\/2022\/11\/glass-jar-sealing-research-puts-selig-on-top-1.png\"\/>\n\t\t\n\t\t<div class=\"anwp-pg-post-teaser__thumbnail-bg anwp-position-cover\"><\/div>\n\n\t\t<a class=\"anwp-position-cover anwp-link-without-effects\" href=\"https:\/\/www.seliggroup.com\/de\/forschung-zur-versiegelung-von-glasbehaeltern-bringt-selig-an-die-spitze\/\" aria-hidden=\"true\" ><\/a>\n\t<\/div>\n\n\t<div class=\"anwp-pg-post-teaser__content flex-grow-1 pt-1 d-flex flex-column\">\n\n\t\t<div class=\"anwp-pg-post-teaser__title anwp-font-heading mt-2\">\n\t\t\t<a class=\"anwp-link-without-effects\" href=\"https:\/\/www.seliggroup.com\/de\/forschung-zur-versiegelung-von-glasbehaeltern-bringt-selig-an-die-spitze\/\" aria-hidden=\"true\" >\n\t\t\t\tForschung zur Versiegelung von Glasbeh\u00e4ltern bringt Selig an die Spitze\t\t\t<\/a>\n\t\t<\/div>\n\n\t\t<div class=\"anwp-pg-post-teaser__bottom-meta d-flex flex-wrap\">\n\n\t\t\t\n\t\t\t\t\t<\/div>\n\n\t\t\t\t\t<div class=\"anwp-pg-post-teaser__excerpt mb-2\">\n\t\t\t\tIn einer neuen Reihe unabh\u00e4ngiger Tests, die durchgef\u00fchrt wurden, um das beste Material f\u00fcr die Versiegelung von Gl\u00e4sern zu ermitteln, belegte Seligs GlassFuze\u2122 den ersten Platz. Die Untersuchung wurde von ...\t\t\t<\/div>\n\t\t\n\t\t\t\t\t<div class=\"w-100 anwp-pg-read-more mt-auto\">\n\t\t\t\t<a href=\"https:\/\/www.seliggroup.com\/de\/forschung-zur-versiegelung-von-glasbehaeltern-bringt-selig-an-die-spitze\/\" \t\t\t\t\tclass=\"anwp-pg-read-more__btn mt-3 mb-0 btn btn-sm btn-outline-info w-100 text-decoration-none\">\n\t\t\t\t\tRead More\t\t\t\t<\/a>\n\t\t\t<\/div>\n\t\t\n\t<\/div>\n\n<\/div>\n<div class=\"anwp-pg-post-teaser anwp-pg-post-teaser--inner-cover-link anwp-pg-post-teaser--layout-d d-flex flex-column swiper-slide anwp-pg-post-teaser--with-read-more \">\n\t<div class=\"anwp-pg-post-teaser__thumbnail position-relative\">\n\n\t\t\n\t\t\n\t\t\t\t\t<img loading=\"lazy\" class=\"anwp-pg-post-teaser__thumbnail-img d-block anwp-pg-height-180 anwp-object-cover m-0 w-100\"\n\t\t\t\talt=\"Die Selig Group k\u00fcndigt die \u00dcbernahme von Performance Systematix an\"\n\t\t\t\tsrc=\"https:\/\/www.seliggroup.com\/wp-content\/uploads\/2022\/11\/selig-acquires-psi-1.png\"\/>\n\t\t\n\t\t<div class=\"anwp-pg-post-teaser__thumbnail-bg anwp-position-cover\"><\/div>\n\n\t\t<a class=\"anwp-position-cover anwp-link-without-effects\" href=\"https:\/\/www.seliggroup.com\/de\/die-selig-group-kuendigt-die-uebernahme-von-performance-systematix-an\/\" aria-hidden=\"true\" ><\/a>\n\t<\/div>\n\n\t<div class=\"anwp-pg-post-teaser__content flex-grow-1 pt-1 d-flex flex-column\">\n\n\t\t<div class=\"anwp-pg-post-teaser__title anwp-font-heading mt-2\">\n\t\t\t<a class=\"anwp-link-without-effects\" href=\"https:\/\/www.seliggroup.com\/de\/die-selig-group-kuendigt-die-uebernahme-von-performance-systematix-an\/\" aria-hidden=\"true\" >\n\t\t\t\tDie Selig Group k\u00fcndigt die \u00dcbernahme von Performance Systematix an\t\t\t<\/a>\n\t\t<\/div>\n\n\t\t<div class=\"anwp-pg-post-teaser__bottom-meta d-flex flex-wrap\">\n\n\t\t\t\n\t\t\t\t\t<\/div>\n\n\t\t\t\t\t<div class=\"anwp-pg-post-teaser__excerpt mb-2\">\n\t\t\t\tDie Selig Group ist erfreut, die \u00dcbernahme von Performance Systematix (PSI) bekannt zu geben. PSI ist der weltweit f\u00fchrende Anbieter von Bel\u00fcftungsl\u00f6sungen f\u00fcr Beh\u00e4lter und Verpackungen.\t\t\t<\/div>\n\t\t\n\t\t\t\t\t<div class=\"w-100 anwp-pg-read-more mt-auto\">\n\t\t\t\t<a href=\"https:\/\/www.seliggroup.com\/de\/die-selig-group-kuendigt-die-uebernahme-von-performance-systematix-an\/\" \t\t\t\t\tclass=\"anwp-pg-read-more__btn mt-3 mb-0 btn btn-sm btn-outline-info w-100 text-decoration-none\">\n\t\t\t\t\tRead More\t\t\t\t<\/a>\n\t\t\t<\/div>\n\t\t\n\t<\/div>\n\n<\/div>\n<div class=\"anwp-pg-post-teaser anwp-pg-post-teaser--inner-cover-link anwp-pg-post-teaser--layout-d d-flex flex-column swiper-slide anwp-pg-post-teaser--with-read-more \">\n\t<div class=\"anwp-pg-post-teaser__thumbnail position-relative\">\n\n\t\t\n\t\t\n\t\t\t\t\t<img loading=\"lazy\" class=\"anwp-pg-post-teaser__thumbnail-img d-block anwp-pg-height-180 anwp-object-cover m-0 w-100\"\n\t\t\t\talt=\"FDA eCTD-Konformit\u00e4t f\u00fcr Arzneimittelstammdaten\"\n\t\t\t\tsrc=\"https:\/\/www.seliggroup.com\/wp-content\/uploads\/2022\/11\/Tylenol-Cold-1.jpg\"\/>\n\t\t\n\t\t<div class=\"anwp-pg-post-teaser__thumbnail-bg anwp-position-cover\"><\/div>\n\n\t\t<a class=\"anwp-position-cover anwp-link-without-effects\" href=\"https:\/\/www.seliggroup.com\/de\/fda-ectd-konformitaet-fuer-arzneimittelstammdaten\/\" aria-hidden=\"true\" ><\/a>\n\t<\/div>\n\n\t<div class=\"anwp-pg-post-teaser__content flex-grow-1 pt-1 d-flex flex-column\">\n\n\t\t<div class=\"anwp-pg-post-teaser__title anwp-font-heading mt-2\">\n\t\t\t<a class=\"anwp-link-without-effects\" href=\"https:\/\/www.seliggroup.com\/de\/fda-ectd-konformitaet-fuer-arzneimittelstammdaten\/\" aria-hidden=\"true\" >\n\t\t\t\tFDA eCTD-Konformit\u00e4t f\u00fcr Arzneimittelstammdaten\t\t\t<\/a>\n\t\t<\/div>\n\n\t\t<div class=\"anwp-pg-post-teaser__bottom-meta d-flex flex-wrap\">\n\n\t\t\t\n\t\t\t\t\t<\/div>\n\n\t\t\t\t\t<div class=\"anwp-pg-post-teaser__excerpt mb-2\">\n\t\t\t\tOwen Smith, Director - Regulatory Affairs, Selig Group, er\u00f6rtert die Umstellung auf eCTD, die damit verbundenen Vorteile und die Vorbereitungen von Selig auf die von der FDA gesetzte Frist am ...\t\t\t<\/div>\n\t\t\n\t\t\t\t\t<div class=\"w-100 anwp-pg-read-more mt-auto\">\n\t\t\t\t<a href=\"https:\/\/www.seliggroup.com\/de\/fda-ectd-konformitaet-fuer-arzneimittelstammdaten\/\" \t\t\t\t\tclass=\"anwp-pg-read-more__btn mt-3 mb-0 btn btn-sm btn-outline-info w-100 text-decoration-none\">\n\t\t\t\t\tRead More\t\t\t\t<\/a>\n\t\t\t<\/div>\n\t\t\n\t<\/div>\n\n<\/div>\n<div class=\"anwp-pg-post-teaser anwp-pg-post-teaser--inner-cover-link anwp-pg-post-teaser--layout-d d-flex flex-column swiper-slide anwp-pg-post-teaser--with-read-more \">\n\t<div class=\"anwp-pg-post-teaser__thumbnail position-relative\">\n\n\t\t\n\t\t\n\t\t\t\t\t<img loading=\"lazy\" class=\"anwp-pg-post-teaser__thumbnail-img d-block anwp-pg-height-180 anwp-object-cover m-0 w-100\"\n\t\t\t\talt=\"Optimieren Sie Ihre Verschl\u00fcsse, Liner und Verschlussverfahren f\u00fcr die Induktionsversiegelung\"\n\t\t\t\tsrc=\"https:\/\/www.seliggroup.com\/wp-content\/uploads\/2022\/11\/wp_pht_steps-1.jpeg\"\/>\n\t\t\n\t\t<div class=\"anwp-pg-post-teaser__thumbnail-bg anwp-position-cover\"><\/div>\n\n\t\t<a class=\"anwp-position-cover anwp-link-without-effects\" href=\"https:\/\/www.seliggroup.com\/de\/optimieren-sie-ihre-verschluesse-liner-und-verschlussverfahren-fuer-die-induktionsversiegelung\/\" aria-hidden=\"true\" ><\/a>\n\t<\/div>\n\n\t<div class=\"anwp-pg-post-teaser__content flex-grow-1 pt-1 d-flex flex-column\">\n\n\t\t<div class=\"anwp-pg-post-teaser__title anwp-font-heading mt-2\">\n\t\t\t<a class=\"anwp-link-without-effects\" href=\"https:\/\/www.seliggroup.com\/de\/optimieren-sie-ihre-verschluesse-liner-und-verschlussverfahren-fuer-die-induktionsversiegelung\/\" aria-hidden=\"true\" >\n\t\t\t\tOptimieren Sie Ihre Verschl\u00fcsse, Liner und Verschlussverfahren f\u00fcr die Induktionsversiegelung\t\t\t<\/a>\n\t\t<\/div>\n\n\t\t<div class=\"anwp-pg-post-teaser__bottom-meta d-flex flex-wrap\">\n\n\t\t\t\n\t\t\t\t\t<\/div>\n\n\t\t\t\t\t<div class=\"anwp-pg-post-teaser__excerpt mb-2\">\n\t\t\t\tJohn Brown von der Selig Group und die Experten von Enercon Industries, Phoenix Closures und BellatRx Inc. beschreiben die besten Methoden f\u00fcr eine erfolgreiche Versiegelung.\t\t\t<\/div>\n\t\t\n\t\t\t\t\t<div class=\"w-100 anwp-pg-read-more mt-auto\">\n\t\t\t\t<a href=\"https:\/\/www.seliggroup.com\/de\/optimieren-sie-ihre-verschluesse-liner-und-verschlussverfahren-fuer-die-induktionsversiegelung\/\" \t\t\t\t\tclass=\"anwp-pg-read-more__btn mt-3 mb-0 btn btn-sm btn-outline-info w-100 text-decoration-none\">\n\t\t\t\t\tRead More\t\t\t\t<\/a>\n\t\t\t<\/div>\n\t\t\n\t<\/div>\n\n<\/div>\n<div class=\"anwp-pg-post-teaser anwp-pg-post-teaser--inner-cover-link anwp-pg-post-teaser--layout-d d-flex flex-column swiper-slide anwp-pg-post-teaser--with-read-more \">\n\t<div class=\"anwp-pg-post-teaser__thumbnail position-relative\">\n\n\t\t\n\t\t\n\t\t\t\t\t<img loading=\"lazy\" class=\"anwp-pg-post-teaser__thumbnail-img d-block anwp-pg-height-180 anwp-object-cover m-0 w-100\"\n\t\t\t\talt=\"Wie Sie eine perfekte Versiegelung erreichen\"\n\t\t\t\tsrc=\"https:\/\/www.seliggroup.com\/wp-content\/uploads\/2022\/11\/Advantage-of-Induction-Seals-for-Milk-Packaging-1.jpeg\"\/>\n\t\t\n\t\t<div class=\"anwp-pg-post-teaser__thumbnail-bg anwp-position-cover\"><\/div>\n\n\t\t<a class=\"anwp-position-cover anwp-link-without-effects\" href=\"https:\/\/www.seliggroup.com\/de\/wie-sie-eine-perfekte-versiegelung-erreichen\/\" aria-hidden=\"true\" ><\/a>\n\t<\/div>\n\n\t<div class=\"anwp-pg-post-teaser__content flex-grow-1 pt-1 d-flex flex-column\">\n\n\t\t<div class=\"anwp-pg-post-teaser__title anwp-font-heading mt-2\">\n\t\t\t<a class=\"anwp-link-without-effects\" href=\"https:\/\/www.seliggroup.com\/de\/wie-sie-eine-perfekte-versiegelung-erreichen\/\" aria-hidden=\"true\" >\n\t\t\t\tWie Sie eine perfekte Versiegelung erreichen\t\t\t<\/a>\n\t\t<\/div>\n\n\t\t<div class=\"anwp-pg-post-teaser__bottom-meta d-flex flex-wrap\">\n\n\t\t\t\n\t\t\t\t\t<\/div>\n\n\t\t\t\t\t<div class=\"anwp-pg-post-teaser__excerpt mb-2\">\n\t\t\t\tMit Jay Kelley von der Selig Group und anderen Podiumsteilnehmern von Enercon Industries. Die Experten berichten \u00fcber die bew\u00e4hrten Verfahren f\u00fcr eine erfolgreiche Versiegelung. Erfahren Sie, wie Sie das beste ...\t\t\t<\/div>\n\t\t\n\t\t\t\t\t<div class=\"w-100 anwp-pg-read-more mt-auto\">\n\t\t\t\t<a href=\"https:\/\/www.seliggroup.com\/de\/wie-sie-eine-perfekte-versiegelung-erreichen\/\" \t\t\t\t\tclass=\"anwp-pg-read-more__btn mt-3 mb-0 btn btn-sm btn-outline-info w-100 text-decoration-none\">\n\t\t\t\t\tRead More\t\t\t\t<\/a>\n\t\t\t<\/div>\n\t\t\n\t<\/div>\n\n<\/div>\n<div class=\"anwp-pg-post-teaser anwp-pg-post-teaser--inner-cover-link anwp-pg-post-teaser--layout-d d-flex flex-column swiper-slide anwp-pg-post-teaser--with-read-more \">\n\t<div class=\"anwp-pg-post-teaser__thumbnail position-relative\">\n\n\t\t\n\t\t\n\t\t\t\t\t<img loading=\"lazy\" class=\"anwp-pg-post-teaser__thumbnail-img d-block anwp-pg-height-180 anwp-object-cover m-0 w-100\"\n\t\t\t\talt=\"Tipps zum Versiegeln von Fl\u00fcssigkeiten: Amazon, FedEx und UPS\"\n\t\t\t\tsrc=\"https:\/\/www.seliggroup.com\/wp-content\/uploads\/2022\/11\/RainX-Self-Dry-Car-Wash-1.jpg\"\/>\n\t\t\n\t\t<div class=\"anwp-pg-post-teaser__thumbnail-bg anwp-position-cover\"><\/div>\n\n\t\t<a class=\"anwp-position-cover anwp-link-without-effects\" href=\"https:\/\/www.seliggroup.com\/de\/tipps-zum-versiegeln-von-fluessigkeiten-amazon-fedex-und-ups\/\" aria-hidden=\"true\" ><\/a>\n\t<\/div>\n\n\t<div class=\"anwp-pg-post-teaser__content flex-grow-1 pt-1 d-flex flex-column\">\n\n\t\t<div class=\"anwp-pg-post-teaser__title anwp-font-heading mt-2\">\n\t\t\t<a class=\"anwp-link-without-effects\" href=\"https:\/\/www.seliggroup.com\/de\/tipps-zum-versiegeln-von-fluessigkeiten-amazon-fedex-und-ups\/\" aria-hidden=\"true\" >\n\t\t\t\tTipps zum Versiegeln von Fl\u00fcssigkeiten: Amazon, FedEx und UPS\t\t\t<\/a>\n\t\t<\/div>\n\n\t\t<div class=\"anwp-pg-post-teaser__bottom-meta d-flex flex-wrap\">\n\n\t\t\t\n\t\t\t\t\t<\/div>\n\n\t\t\t\t\t<div class=\"anwp-pg-post-teaser__excerpt mb-2\">\n\t\t\t\tBJ Radek von der Selig Group und weitere Experten von Enercon Industries behandeln die Versandvorschriften f\u00fcr fl\u00fcssige Produkte \u00fcber die g\u00e4ngigen Vertriebskan\u00e4le.\t\t\t<\/div>\n\t\t\n\t\t\t\t\t<div class=\"w-100 anwp-pg-read-more mt-auto\">\n\t\t\t\t<a href=\"https:\/\/www.seliggroup.com\/de\/tipps-zum-versiegeln-von-fluessigkeiten-amazon-fedex-und-ups\/\" \t\t\t\t\tclass=\"anwp-pg-read-more__btn mt-3 mb-0 btn btn-sm btn-outline-info w-100 text-decoration-none\">\n\t\t\t\t\tRead More\t\t\t\t<\/a>\n\t\t\t<\/div>\n\t\t\n\t<\/div>\n\n<\/div>\n<div class=\"anwp-pg-post-teaser anwp-pg-post-teaser--inner-cover-link anwp-pg-post-teaser--layout-d d-flex flex-column swiper-slide anwp-pg-post-teaser--with-read-more \">\n\t<div class=\"anwp-pg-post-teaser__thumbnail position-relative\">\n\n\t\t\n\t\t\n\t\t\t\t\t<img loading=\"lazy\" class=\"anwp-pg-post-teaser__thumbnail-img d-block anwp-pg-height-180 anwp-object-cover m-0 w-100\"\n\t\t\t\talt=\"Ein Gewichtsreduktionsprogramm f\u00fcr Kunststoffverpackungen\"\n\t\t\t\tsrc=\"https:\/\/www.seliggroup.com\/wp-content\/uploads\/2022\/12\/weight-loss-for-plastic-packaging-1.png\"\/>\n\t\t\n\t\t<div class=\"anwp-pg-post-teaser__thumbnail-bg anwp-position-cover\"><\/div>\n\n\t\t<a class=\"anwp-position-cover anwp-link-without-effects\" href=\"https:\/\/www.seliggroup.com\/de\/ein-gewichtsreduktionsprogramm-fuer-kunststoffverpackungen\/\" aria-hidden=\"true\" ><\/a>\n\t<\/div>\n\n\t<div class=\"anwp-pg-post-teaser__content flex-grow-1 pt-1 d-flex flex-column\">\n\n\t\t<div class=\"anwp-pg-post-teaser__title anwp-font-heading mt-2\">\n\t\t\t<a class=\"anwp-link-without-effects\" href=\"https:\/\/www.seliggroup.com\/de\/ein-gewichtsreduktionsprogramm-fuer-kunststoffverpackungen\/\" aria-hidden=\"true\" >\n\t\t\t\tEin Gewichtsreduktionsprogramm f\u00fcr Kunststoffverpackungen\t\t\t<\/a>\n\t\t<\/div>\n\n\t\t<div class=\"anwp-pg-post-teaser__bottom-meta d-flex flex-wrap\">\n\n\t\t\t\n\t\t\t\t\t<\/div>\n\n\t\t\t\t\t<div class=\"anwp-pg-post-teaser__excerpt mb-2\">\n\t\t\t\tUnternehmen stehen unter zunehmendem Druck, die verwendete Kunststoffmenge zu reduzieren, was viele dazu veranlasst, ihre Verpackungsdesigns \u201eleichter\u201c zu gestalten. Unternehmen stehen unter zunehmendem Druck, die verwendete Kunststoffmenge zu reduzieren, was ...\t\t\t<\/div>\n\t\t\n\t\t\t\t\t<div class=\"w-100 anwp-pg-read-more mt-auto\">\n\t\t\t\t<a href=\"https:\/\/www.seliggroup.com\/de\/ein-gewichtsreduktionsprogramm-fuer-kunststoffverpackungen\/\" \t\t\t\t\tclass=\"anwp-pg-read-more__btn mt-3 mb-0 btn btn-sm btn-outline-info w-100 text-decoration-none\">\n\t\t\t\t\tRead More\t\t\t\t<\/a>\n\t\t\t<\/div>\n\t\t\n\t<\/div>\n\n<\/div>\n<div class=\"anwp-pg-post-teaser anwp-pg-post-teaser--inner-cover-link anwp-pg-post-teaser--layout-d d-flex flex-column swiper-slide anwp-pg-post-teaser--with-read-more \">\n\t<div class=\"anwp-pg-post-teaser__thumbnail position-relative\">\n\n\t\t\n\t\t\n\t\t\t\t\t<img loading=\"lazy\" class=\"anwp-pg-post-teaser__thumbnail-img d-block anwp-pg-height-180 anwp-object-cover m-0 w-100\"\n\t\t\t\talt=\"Glasversiegelung gibt der Verpackung das gewisse Etwas\"\n\t\t\t\tsrc=\"https:\/\/www.seliggroup.com\/wp-content\/uploads\/2022\/12\/glass-sealing-adds-spice-1.png\"\/>\n\t\t\n\t\t<div class=\"anwp-pg-post-teaser__thumbnail-bg anwp-position-cover\"><\/div>\n\n\t\t<a class=\"anwp-position-cover anwp-link-without-effects\" href=\"https:\/\/www.seliggroup.com\/de\/glasversiegelung-gibt-der-verpackung-das-gewisse-etwas\/\" aria-hidden=\"true\" ><\/a>\n\t<\/div>\n\n\t<div class=\"anwp-pg-post-teaser__content flex-grow-1 pt-1 d-flex flex-column\">\n\n\t\t<div class=\"anwp-pg-post-teaser__title anwp-font-heading mt-2\">\n\t\t\t<a class=\"anwp-link-without-effects\" href=\"https:\/\/www.seliggroup.com\/de\/glasversiegelung-gibt-der-verpackung-das-gewisse-etwas\/\" aria-hidden=\"true\" >\n\t\t\t\tGlasversiegelung gibt der Verpackung das gewisse Etwas\t\t\t<\/a>\n\t\t<\/div>\n\n\t\t<div class=\"anwp-pg-post-teaser__bottom-meta d-flex flex-wrap\">\n\n\t\t\t\n\t\t\t\t\t<\/div>\n\n\t\t\t\t\t<div class=\"anwp-pg-post-teaser__excerpt mb-2\">\n\t\t\t\tDie Nachfrage nach Kr\u00e4utern und Gew\u00fcrzen in Glasverpackungen ist zwar gut f\u00fcr den Planeten, birgt aber auch Herausforderungen \u2013 insbesondere, wenn es um die Versiegelung geht. Selig stellt eine L\u00f6sung ...\t\t\t<\/div>\n\t\t\n\t\t\t\t\t<div class=\"w-100 anwp-pg-read-more mt-auto\">\n\t\t\t\t<a href=\"https:\/\/www.seliggroup.com\/de\/glasversiegelung-gibt-der-verpackung-das-gewisse-etwas\/\" \t\t\t\t\tclass=\"anwp-pg-read-more__btn mt-3 mb-0 btn btn-sm btn-outline-info w-100 text-decoration-none\">\n\t\t\t\t\tRead More\t\t\t\t<\/a>\n\t\t\t<\/div>\n\t\t\n\t<\/div>\n\n<\/div>\n<div class=\"anwp-pg-post-teaser anwp-pg-post-teaser--inner-cover-link anwp-pg-post-teaser--layout-d d-flex flex-column swiper-slide anwp-pg-post-teaser--with-read-more \">\n\t<div class=\"anwp-pg-post-teaser__thumbnail position-relative\">\n\n\t\t\n\t\t\n\t\t\t\t\t<img loading=\"lazy\" class=\"anwp-pg-post-teaser__thumbnail-img d-block anwp-pg-height-180 anwp-object-cover m-0 w-100\"\n\t\t\t\talt=\"Fortschritte im E-Commerce\"\n\t\t\t\tsrc=\"https:\/\/www.seliggroup.com\/wp-content\/uploads\/2022\/10\/Warehouse-Worker-Loading-Shipment-1.jpg\"\/>\n\t\t\n\t\t<div class=\"anwp-pg-post-teaser__thumbnail-bg anwp-position-cover\"><\/div>\n\n\t\t<a class=\"anwp-position-cover anwp-link-without-effects\" href=\"https:\/\/www.seliggroup.com\/de\/fortschritte-im-e-commerce\/\" aria-hidden=\"true\" ><\/a>\n\t<\/div>\n\n\t<div class=\"anwp-pg-post-teaser__content flex-grow-1 pt-1 d-flex flex-column\">\n\n\t\t<div class=\"anwp-pg-post-teaser__title anwp-font-heading mt-2\">\n\t\t\t<a class=\"anwp-link-without-effects\" href=\"https:\/\/www.seliggroup.com\/de\/fortschritte-im-e-commerce\/\" aria-hidden=\"true\" >\n\t\t\t\tFortschritte im E-Commerce\t\t\t<\/a>\n\t\t<\/div>\n\n\t\t<div class=\"anwp-pg-post-teaser__bottom-meta d-flex flex-wrap\">\n\n\t\t\t\n\t\t\t\t\t<\/div>\n\n\t\t\t\t\t<div class=\"anwp-pg-post-teaser__excerpt mb-2\">\n\t\t\t\tBJ Radek von der Selig Group spricht \u00fcber das Wachstum des E-Commerce, den Versand von Fl\u00fcssigkeiten und dar\u00fcber, wie man die Anforderungen eines anspruchsvollen Vertriebskanals erf\u00fcllt.\t\t\t<\/div>\n\t\t\n\t\t\t\t\t<div class=\"w-100 anwp-pg-read-more mt-auto\">\n\t\t\t\t<a href=\"https:\/\/www.seliggroup.com\/de\/fortschritte-im-e-commerce\/\" \t\t\t\t\tclass=\"anwp-pg-read-more__btn mt-3 mb-0 btn btn-sm btn-outline-info w-100 text-decoration-none\">\n\t\t\t\t\tRead More\t\t\t\t<\/a>\n\t\t\t<\/div>\n\t\t\n\t<\/div>\n\n<\/div>\n<div class=\"anwp-pg-post-teaser anwp-pg-post-teaser--inner-cover-link anwp-pg-post-teaser--layout-d d-flex flex-column swiper-slide anwp-pg-post-teaser--with-read-more \">\n\t<div class=\"anwp-pg-post-teaser__thumbnail position-relative\">\n\n\t\t\n\t\t\n\t\t\t\t\t<img loading=\"lazy\" class=\"anwp-pg-post-teaser__thumbnail-img d-block anwp-pg-height-180 anwp-object-cover m-0 w-100\"\n\t\t\t\talt=\"Neue Verwendung der Induktionsversiegelung\"\n\t\t\t\tsrc=\"https:\/\/www.seliggroup.com\/wp-content\/uploads\/2022\/12\/new-use-of-induction-sealing-1.png\"\/>\n\t\t\n\t\t<div class=\"anwp-pg-post-teaser__thumbnail-bg anwp-position-cover\"><\/div>\n\n\t\t<a class=\"anwp-position-cover anwp-link-without-effects\" href=\"https:\/\/www.seliggroup.com\/de\/neue-verwendung-der-induktionsversiegelung\/\" aria-hidden=\"true\" ><\/a>\n\t<\/div>\n\n\t<div class=\"anwp-pg-post-teaser__content flex-grow-1 pt-1 d-flex flex-column\">\n\n\t\t<div class=\"anwp-pg-post-teaser__title anwp-font-heading mt-2\">\n\t\t\t<a class=\"anwp-link-without-effects\" href=\"https:\/\/www.seliggroup.com\/de\/neue-verwendung-der-induktionsversiegelung\/\" aria-hidden=\"true\" >\n\t\t\t\tNeue Verwendung der Induktionsversiegelung\t\t\t<\/a>\n\t\t<\/div>\n\n\t\t<div class=\"anwp-pg-post-teaser__bottom-meta d-flex flex-wrap\">\n\n\t\t\t\n\t\t\t\t\t<\/div>\n\n\t\t\t\t\t<div class=\"anwp-pg-post-teaser__excerpt mb-2\">\n\t\t\t\tEine neuartige Siegelshicht er\u00f6ffnet M\u00f6glichkeiten f\u00fcr Glas, die bisher nicht m\u00f6glich waren.\t\t\t<\/div>\n\t\t\n\t\t\t\t\t<div class=\"w-100 anwp-pg-read-more mt-auto\">\n\t\t\t\t<a href=\"https:\/\/www.seliggroup.com\/de\/neue-verwendung-der-induktionsversiegelung\/\" \t\t\t\t\tclass=\"anwp-pg-read-more__btn mt-3 mb-0 btn btn-sm btn-outline-info w-100 text-decoration-none\">\n\t\t\t\t\tRead More\t\t\t\t<\/a>\n\t\t\t<\/div>\n\t\t\n\t<\/div>\n\n<\/div>\n<div class=\"anwp-pg-post-teaser anwp-pg-post-teaser--inner-cover-link anwp-pg-post-teaser--layout-d d-flex flex-column swiper-slide anwp-pg-post-teaser--with-read-more \">\n\t<div class=\"anwp-pg-post-teaser__thumbnail position-relative\">\n\n\t\t\n\t\t\n\t\t\t\t\t<img loading=\"lazy\" class=\"anwp-pg-post-teaser__thumbnail-img d-block anwp-pg-height-180 anwp-object-cover m-0 w-100\"\n\t\t\t\talt=\"Mit einer hygienisch zu \u00f6ffnenden Verpackung das Gesch\u00e4ft besiegeln\"\n\t\t\t\tsrc=\"https:\/\/www.seliggroup.com\/wp-content\/uploads\/2022\/12\/sealing-the-deal-with-hygienic-to-open-packaging-1.png\"\/>\n\t\t\n\t\t<div class=\"anwp-pg-post-teaser__thumbnail-bg anwp-position-cover\"><\/div>\n\n\t\t<a class=\"anwp-position-cover anwp-link-without-effects\" href=\"https:\/\/www.seliggroup.com\/de\/mit-einer-hygienisch-zu-oeffnenden-verpackung-das-geschaeft-besiegeln\/\" aria-hidden=\"true\" ><\/a>\n\t<\/div>\n\n\t<div class=\"anwp-pg-post-teaser__content flex-grow-1 pt-1 d-flex flex-column\">\n\n\t\t<div class=\"anwp-pg-post-teaser__title anwp-font-heading mt-2\">\n\t\t\t<a class=\"anwp-link-without-effects\" href=\"https:\/\/www.seliggroup.com\/de\/mit-einer-hygienisch-zu-oeffnenden-verpackung-das-geschaeft-besiegeln\/\" aria-hidden=\"true\" >\n\t\t\t\tMit einer hygienisch zu \u00f6ffnenden Verpackung das Gesch\u00e4ft besiegeln\t\t\t<\/a>\n\t\t<\/div>\n\n\t\t<div class=\"anwp-pg-post-teaser__bottom-meta d-flex flex-wrap\">\n\n\t\t\t\n\t\t\t\t\t<\/div>\n\n\t\t\t\t\t<div class=\"anwp-pg-post-teaser__excerpt mb-2\">\n\t\t\t\tMit der wachsenden Beliebtheit von Vitaminen, rezeptfreien (OTC) Medikamenten, Arzneimitteln und Nahrungserg\u00e4nzungsmitteln infolge der zunehmenden Bedeutung von Gesundheit und Wohlbefinden, ist auch die Nachfrage nach entsprechenden Verpackungen gestiegen.\t\t\t<\/div>\n\t\t\n\t\t\t\t\t<div class=\"w-100 anwp-pg-read-more mt-auto\">\n\t\t\t\t<a href=\"https:\/\/www.seliggroup.com\/de\/mit-einer-hygienisch-zu-oeffnenden-verpackung-das-geschaeft-besiegeln\/\" \t\t\t\t\tclass=\"anwp-pg-read-more__btn mt-3 mb-0 btn btn-sm btn-outline-info w-100 text-decoration-none\">\n\t\t\t\t\tRead More\t\t\t\t<\/a>\n\t\t\t<\/div>\n\t\t\n\t<\/div>\n\n<\/div>\n<div class=\"anwp-pg-post-teaser anwp-pg-post-teaser--inner-cover-link anwp-pg-post-teaser--layout-d d-flex flex-column swiper-slide anwp-pg-post-teaser--with-read-more \">\n\t<div class=\"anwp-pg-post-teaser__thumbnail position-relative\">\n\n\t\t\n\t\t\n\t\t\t\t\t<img loading=\"lazy\" class=\"anwp-pg-post-teaser__thumbnail-img d-block anwp-pg-height-180 anwp-object-cover m-0 w-100\"\n\t\t\t\talt=\"Eine kleine \u00c4nderung f\u00fcr Milchprodukte, ein gro\u00dfer Gewinn f\u00fcr die Umwelt?\"\n\t\t\t\tsrc=\"https:\/\/www.seliggroup.com\/wp-content\/uploads\/2022\/11\/one-small-change-for-dairy-one-big-benefit-for-the-environment-1.png\"\/>\n\t\t\n\t\t<div class=\"anwp-pg-post-teaser__thumbnail-bg anwp-position-cover\"><\/div>\n\n\t\t<a class=\"anwp-position-cover anwp-link-without-effects\" href=\"https:\/\/www.seliggroup.com\/de\/eine-kleine-aenderung-fuer-milchprodukte-ein-grosser-gewinn-fuer-die-umwelt\/\" aria-hidden=\"true\" ><\/a>\n\t<\/div>\n\n\t<div class=\"anwp-pg-post-teaser__content flex-grow-1 pt-1 d-flex flex-column\">\n\n\t\t<div class=\"anwp-pg-post-teaser__title anwp-font-heading mt-2\">\n\t\t\t<a class=\"anwp-link-without-effects\" href=\"https:\/\/www.seliggroup.com\/de\/eine-kleine-aenderung-fuer-milchprodukte-ein-grosser-gewinn-fuer-die-umwelt\/\" aria-hidden=\"true\" >\n\t\t\t\tEine kleine \u00c4nderung f\u00fcr Milchprodukte, ein gro\u00dfer Gewinn f\u00fcr die Umwelt?\t\t\t<\/a>\n\t\t<\/div>\n\n\t\t<div class=\"anwp-pg-post-teaser__bottom-meta d-flex flex-wrap\">\n\n\t\t\t\n\t\t\t\t\t<\/div>\n\n\t\t\t\t\t<div class=\"anwp-pg-post-teaser__excerpt mb-2\">\n\t\t\t\tIn Gro\u00dfbritannien werden 95 % der Milchverpackungen mit einer Induktionsversiegelung verschlossen. Dadurch konnte die Kunststoffmenge um 25 % reduziert werden. In den USA werden h\u00f6chstens 10 % der Milch auf ...\t\t\t<\/div>\n\t\t\n\t\t\t\t\t<div class=\"w-100 anwp-pg-read-more mt-auto\">\n\t\t\t\t<a href=\"https:\/\/www.seliggroup.com\/de\/eine-kleine-aenderung-fuer-milchprodukte-ein-grosser-gewinn-fuer-die-umwelt\/\" \t\t\t\t\tclass=\"anwp-pg-read-more__btn mt-3 mb-0 btn btn-sm btn-outline-info w-100 text-decoration-none\">\n\t\t\t\t\tRead More\t\t\t\t<\/a>\n\t\t\t<\/div>\n\t\t\n\t<\/div>\n\n<\/div>\n<div class=\"anwp-pg-post-teaser anwp-pg-post-teaser--inner-cover-link anwp-pg-post-teaser--layout-d d-flex flex-column swiper-slide anwp-pg-post-teaser--with-read-more \">\n\t<div class=\"anwp-pg-post-teaser__thumbnail position-relative\">\n\n\t\t\n\t\t\n\t\t\t\t\t<img loading=\"lazy\" class=\"anwp-pg-post-teaser__thumbnail-img d-block anwp-pg-height-180 anwp-object-cover m-0 w-100\"\n\t\t\t\talt=\"Reduzierung von Lebensmittelabf\u00e4llen mit der Induktionsversiegelung\"\n\t\t\t\tsrc=\"https:\/\/www.seliggroup.com\/wp-content\/uploads\/2022\/12\/slashing-food-waste-with-induction-heat-seals-1.png\"\/>\n\t\t\n\t\t<div class=\"anwp-pg-post-teaser__thumbnail-bg anwp-position-cover\"><\/div>\n\n\t\t<a class=\"anwp-position-cover anwp-link-without-effects\" href=\"https:\/\/www.seliggroup.com\/de\/reduzierung-von-lebensmittelabfaellen-mit-der-induktionsversiegelung\/\" aria-hidden=\"true\" ><\/a>\n\t<\/div>\n\n\t<div class=\"anwp-pg-post-teaser__content flex-grow-1 pt-1 d-flex flex-column\">\n\n\t\t<div class=\"anwp-pg-post-teaser__title anwp-font-heading mt-2\">\n\t\t\t<a class=\"anwp-link-without-effects\" href=\"https:\/\/www.seliggroup.com\/de\/reduzierung-von-lebensmittelabfaellen-mit-der-induktionsversiegelung\/\" aria-hidden=\"true\" >\n\t\t\t\tReduzierung von Lebensmittelabf\u00e4llen mit der Induktionsversiegelung\t\t\t<\/a>\n\t\t<\/div>\n\n\t\t<div class=\"anwp-pg-post-teaser__bottom-meta d-flex flex-wrap\">\n\n\t\t\t\n\t\t\t\t\t<\/div>\n\n\t\t\t\t\t<div class=\"anwp-pg-post-teaser__excerpt mb-2\">\n\t\t\t\tLebensmittelverschwendung ist schon seit langem in den Schlagzeilen, und mit den aktuellen Herausforderungen in der Lieferkette steht die optimale Nutzung der Ressourcen mehr als sonst im Mittelpunkt. Darren Dodd von ...\t\t\t<\/div>\n\t\t\n\t\t\t\t\t<div class=\"w-100 anwp-pg-read-more mt-auto\">\n\t\t\t\t<a href=\"https:\/\/www.seliggroup.com\/de\/reduzierung-von-lebensmittelabfaellen-mit-der-induktionsversiegelung\/\" \t\t\t\t\tclass=\"anwp-pg-read-more__btn mt-3 mb-0 btn btn-sm btn-outline-info w-100 text-decoration-none\">\n\t\t\t\t\tRead More\t\t\t\t<\/a>\n\t\t\t<\/div>\n\t\t\n\t<\/div>\n\n<\/div>\n<div class=\"anwp-pg-post-teaser anwp-pg-post-teaser--inner-cover-link anwp-pg-post-teaser--layout-d d-flex flex-column swiper-slide anwp-pg-post-teaser--with-read-more \">\n\t<div class=\"anwp-pg-post-teaser__thumbnail position-relative\">\n\n\t\t\n\t\t\n\t\t\t\t\t<img loading=\"lazy\" class=\"anwp-pg-post-teaser__thumbnail-img d-block anwp-pg-height-180 anwp-object-cover m-0 w-100\"\n\t\t\t\talt=\"Milchverpackung Anheben des Siegels\"\n\t\t\t\tsrc=\"https:\/\/www.seliggroup.com\/wp-content\/uploads\/2022\/11\/wp-milk-jug-with-liftnpeel-1.jpeg\"\/>\n\t\t\n\t\t<div class=\"anwp-pg-post-teaser__thumbnail-bg anwp-position-cover\"><\/div>\n\n\t\t<a class=\"anwp-position-cover anwp-link-without-effects\" href=\"https:\/\/www.seliggroup.com\/de\/milchverpackung-anheben-des-siegels\/\" aria-hidden=\"true\" ><\/a>\n\t<\/div>\n\n\t<div class=\"anwp-pg-post-teaser__content flex-grow-1 pt-1 d-flex flex-column\">\n\n\t\t<div class=\"anwp-pg-post-teaser__title anwp-font-heading mt-2\">\n\t\t\t<a class=\"anwp-link-without-effects\" href=\"https:\/\/www.seliggroup.com\/de\/milchverpackung-anheben-des-siegels\/\" aria-hidden=\"true\" >\n\t\t\t\tMilchverpackung Anheben des Siegels\t\t\t<\/a>\n\t\t<\/div>\n\n\t\t<div class=\"anwp-pg-post-teaser__bottom-meta d-flex flex-wrap\">\n\n\t\t\t\n\t\t\t\t\t<\/div>\n\n\t\t\t\t\t<div class=\"anwp-pg-post-teaser__excerpt mb-2\">\n\t\t\t\tHeute wird fast die gesamte Milch f\u00fcr den britischen Einzelhandelsmarkt in HDPE-Schraubverschlussbeh\u00e4ltern in Kombination mit Heisssiegelinduktionsdichtungen geliefert.\t\t\t<\/div>\n\t\t\n\t\t\t\t\t<div class=\"w-100 anwp-pg-read-more mt-auto\">\n\t\t\t\t<a href=\"https:\/\/www.seliggroup.com\/de\/milchverpackung-anheben-des-siegels\/\" \t\t\t\t\tclass=\"anwp-pg-read-more__btn mt-3 mb-0 btn btn-sm btn-outline-info w-100 text-decoration-none\">\n\t\t\t\t\tRead More\t\t\t\t<\/a>\n\t\t\t<\/div>\n\t\t\n\t<\/div>\n\n<\/div>\n<div class=\"anwp-pg-post-teaser anwp-pg-post-teaser--inner-cover-link anwp-pg-post-teaser--layout-d d-flex flex-column swiper-slide anwp-pg-post-teaser--with-read-more \">\n\t<div class=\"anwp-pg-post-teaser__thumbnail position-relative\">\n\n\t\t\n\t\t\n\t\t\t\t\t<img loading=\"lazy\" class=\"anwp-pg-post-teaser__thumbnail-img d-block anwp-pg-height-180 anwp-object-cover m-0 w-100\"\n\t\t\t\talt=\"Manipulationssichere pharmazeutische Verpackungen\"\n\t\t\t\tsrc=\"https:\/\/www.seliggroup.com\/wp-content\/uploads\/2022\/11\/white-paper-tamper-evident-pharmaceutical-packaging-1.png\"\/>\n\t\t\n\t\t<div class=\"anwp-pg-post-teaser__thumbnail-bg anwp-position-cover\"><\/div>\n\n\t\t<a class=\"anwp-position-cover anwp-link-without-effects\" href=\"https:\/\/www.seliggroup.com\/de\/manipulationssichere-pharmazeutische-verpackungen\/\" aria-hidden=\"true\" ><\/a>\n\t<\/div>\n\n\t<div class=\"anwp-pg-post-teaser__content flex-grow-1 pt-1 d-flex flex-column\">\n\n\t\t<div class=\"anwp-pg-post-teaser__title anwp-font-heading mt-2\">\n\t\t\t<a class=\"anwp-link-without-effects\" href=\"https:\/\/www.seliggroup.com\/de\/manipulationssichere-pharmazeutische-verpackungen\/\" aria-hidden=\"true\" >\n\t\t\t\tManipulationssichere pharmazeutische Verpackungen\t\t\t<\/a>\n\t\t<\/div>\n\n\t\t<div class=\"anwp-pg-post-teaser__bottom-meta d-flex flex-wrap\">\n\n\t\t\t\n\t\t\t\t\t<\/div>\n\n\t\t\t\t\t<div class=\"anwp-pg-post-teaser__excerpt mb-2\">\n\t\t\t\tUm die Anforderungen von Verbrauchern und Aufsichtsbeh\u00f6rden zu erf\u00fcllen, m\u00fcssen Pharmaunternehmen Verpackungen anbieten, die sowohl f\u00e4lschungssicher als auch f\u00fcr den Endverbraucher zug\u00e4nglich sind.\t\t\t<\/div>\n\t\t\n\t\t\t\t\t<div class=\"w-100 anwp-pg-read-more mt-auto\">\n\t\t\t\t<a href=\"https:\/\/www.seliggroup.com\/de\/manipulationssichere-pharmazeutische-verpackungen\/\" \t\t\t\t\tclass=\"anwp-pg-read-more__btn mt-3 mb-0 btn btn-sm btn-outline-info w-100 text-decoration-none\">\n\t\t\t\t\tRead More\t\t\t\t<\/a>\n\t\t\t<\/div>\n\t\t\n\t<\/div>\n\n<\/div>\n<div class=\"anwp-pg-post-teaser anwp-pg-post-teaser--inner-cover-link anwp-pg-post-teaser--layout-d d-flex flex-column swiper-slide anwp-pg-post-teaser--with-read-more \">\n\t<div class=\"anwp-pg-post-teaser__thumbnail position-relative\">\n\n\t\t\n\t\t\n\t\t\t\t\t<img loading=\"lazy\" class=\"anwp-pg-post-teaser__thumbnail-img d-block anwp-pg-height-180 anwp-object-cover m-0 w-100\"\n\t\t\t\talt=\"Induktionsversiegelung im Markt f\u00fcr Automobil-Fl\u00fcssigkeiten\"\n\t\t\t\tsrc=\"https:\/\/www.seliggroup.com\/wp-content\/uploads\/2022\/11\/automotive-bottle-1.jpeg\"\/>\n\t\t\n\t\t<div class=\"anwp-pg-post-teaser__thumbnail-bg anwp-position-cover\"><\/div>\n\n\t\t<a class=\"anwp-position-cover anwp-link-without-effects\" href=\"https:\/\/www.seliggroup.com\/de\/induktionsversiegelung-im-markt-fuer-automobil-fluessigkeiten\/\" aria-hidden=\"true\" ><\/a>\n\t<\/div>\n\n\t<div class=\"anwp-pg-post-teaser__content flex-grow-1 pt-1 d-flex flex-column\">\n\n\t\t<div class=\"anwp-pg-post-teaser__title anwp-font-heading mt-2\">\n\t\t\t<a class=\"anwp-link-without-effects\" href=\"https:\/\/www.seliggroup.com\/de\/induktionsversiegelung-im-markt-fuer-automobil-fluessigkeiten\/\" aria-hidden=\"true\" >\n\t\t\t\tInduktionsversiegelung im Markt f\u00fcr Automobil-Fl\u00fcssigkeiten\t\t\t<\/a>\n\t\t<\/div>\n\n\t\t<div class=\"anwp-pg-post-teaser__bottom-meta d-flex flex-wrap\">\n\n\t\t\t\n\t\t\t\t\t<\/div>\n\n\t\t\t\t\t<div class=\"anwp-pg-post-teaser__excerpt mb-2\">\n\t\t\t\tFortschritte in der Dichtungstechnik bieten M\u00f6glichkeiten, die Sicherheit und Umweltvertr\u00e4glichkeit von Automobilprodukten zu verbessern.\t\t\t<\/div>\n\t\t\n\t\t\t\t\t<div class=\"w-100 anwp-pg-read-more mt-auto\">\n\t\t\t\t<a href=\"https:\/\/www.seliggroup.com\/de\/induktionsversiegelung-im-markt-fuer-automobil-fluessigkeiten\/\" \t\t\t\t\tclass=\"anwp-pg-read-more__btn mt-3 mb-0 btn btn-sm btn-outline-info w-100 text-decoration-none\">\n\t\t\t\t\tRead More\t\t\t\t<\/a>\n\t\t\t<\/div>\n\t\t\n\t<\/div>\n\n<\/div>\n<div class=\"anwp-pg-post-teaser anwp-pg-post-teaser--inner-cover-link anwp-pg-post-teaser--layout-d d-flex flex-column swiper-slide anwp-pg-post-teaser--with-read-more \">\n\t<div class=\"anwp-pg-post-teaser__thumbnail position-relative\">\n\n\t\t\n\t\t\n\t\t\t\t\t<img loading=\"lazy\" class=\"anwp-pg-post-teaser__thumbnail-img d-block anwp-pg-height-180 anwp-object-cover m-0 w-100\"\n\t\t\t\talt=\"Selig ist an der Bereitstellung des neuen FDA-zugelassenen, F\u00fcnfminuten-COVID-19-Diagnosetests beteiligt\"\n\t\t\t\tsrc=\"https:\/\/www.seliggroup.com\/wp-content\/uploads\/2022\/12\/selig-plays-part-in-suppling-new-fda-approved-five-minute-covid-19-diagnosotic-test-1.png\"\/>\n\t\t\n\t\t<div class=\"anwp-pg-post-teaser__thumbnail-bg anwp-position-cover\"><\/div>\n\n\t\t<a class=\"anwp-position-cover anwp-link-without-effects\" href=\"https:\/\/www.seliggroup.com\/de\/selig-ist-an-der-bereitstellung-des-neuen-fda-zugelassenen-fuenfminuten-covid-19-diagnosetests-beteiligt\/\" aria-hidden=\"true\" ><\/a>\n\t<\/div>\n\n\t<div class=\"anwp-pg-post-teaser__content flex-grow-1 pt-1 d-flex flex-column\">\n\n\t\t<div class=\"anwp-pg-post-teaser__title anwp-font-heading mt-2\">\n\t\t\t<a class=\"anwp-link-without-effects\" href=\"https:\/\/www.seliggroup.com\/de\/selig-ist-an-der-bereitstellung-des-neuen-fda-zugelassenen-fuenfminuten-covid-19-diagnosetests-beteiligt\/\" aria-hidden=\"true\" >\n\t\t\t\tSelig ist an der Bereitstellung des neuen FDA-zugelassenen, F\u00fcnfminuten-COVID-19-Diagnosetests beteiligt\t\t\t<\/a>\n\t\t<\/div>\n\n\t\t<div class=\"anwp-pg-post-teaser__bottom-meta d-flex flex-wrap\">\n\n\t\t\t\n\t\t\t\t\t<\/div>\n\n\t\t\t\t\t<div class=\"anwp-pg-post-teaser__excerpt mb-2\">\n\t\t\t\tDie Medizin-, Technologie- und Verpackungsbranche arbeiten gemeinsam an diagnostischen Tests, um die Ausbreitung des Coronavirus zu stoppen. Selig k\u00fcndigt mit Stolz seine Beteiligung an einem neuen, F\u00fcnfminuten-COVID-19-Diagnosetest an.\t\t\t<\/div>\n\t\t\n\t\t\t\t\t<div class=\"w-100 anwp-pg-read-more mt-auto\">\n\t\t\t\t<a href=\"https:\/\/www.seliggroup.com\/de\/selig-ist-an-der-bereitstellung-des-neuen-fda-zugelassenen-fuenfminuten-covid-19-diagnosetests-beteiligt\/\" \t\t\t\t\tclass=\"anwp-pg-read-more__btn mt-3 mb-0 btn btn-sm btn-outline-info w-100 text-decoration-none\">\n\t\t\t\t\tRead More\t\t\t\t<\/a>\n\t\t\t<\/div>\n\t\t\n\t<\/div>\n\n<\/div>\n<div class=\"anwp-pg-post-teaser anwp-pg-post-teaser--inner-cover-link anwp-pg-post-teaser--layout-d d-flex flex-column swiper-slide anwp-pg-post-teaser--with-read-more \">\n\t<div class=\"anwp-pg-post-teaser__thumbnail position-relative\">\n\n\t\t\n\t\t\n\t\t\t\t\t<img loading=\"lazy\" class=\"anwp-pg-post-teaser__thumbnail-img d-block anwp-pg-height-180 anwp-object-cover m-0 w-100\"\n\t\t\t\talt=\"Kosten- und Umweltnutzen der Induktionsversiegelung\"\n\t\t\t\tsrc=\"https:\/\/www.seliggroup.com\/wp-content\/uploads\/2022\/11\/lightweighting-1.png\"\/>\n\t\t\n\t\t<div class=\"anwp-pg-post-teaser__thumbnail-bg anwp-position-cover\"><\/div>\n\n\t\t<a class=\"anwp-position-cover anwp-link-without-effects\" href=\"https:\/\/www.seliggroup.com\/de\/kosten-und-umweltnutzen-der-induktionsversiegelung\/\" aria-hidden=\"true\" ><\/a>\n\t<\/div>\n\n\t<div class=\"anwp-pg-post-teaser__content flex-grow-1 pt-1 d-flex flex-column\">\n\n\t\t<div class=\"anwp-pg-post-teaser__title anwp-font-heading mt-2\">\n\t\t\t<a class=\"anwp-link-without-effects\" href=\"https:\/\/www.seliggroup.com\/de\/kosten-und-umweltnutzen-der-induktionsversiegelung\/\" aria-hidden=\"true\" >\n\t\t\t\tKosten- und Umweltnutzen der Induktionsversiegelung\t\t\t<\/a>\n\t\t<\/div>\n\n\t\t<div class=\"anwp-pg-post-teaser__bottom-meta d-flex flex-wrap\">\n\n\t\t\t\n\t\t\t\t\t<\/div>\n\n\t\t\t\t\t<div class=\"anwp-pg-post-teaser__excerpt mb-2\">\n\t\t\t\tDer Druck, Plastikverpackungen zu reduzieren, kommt, da die Hersteller \u00c4nderungen vornehmen, um die potenzielle Katastrophe abzuwenden, dass es bis 2050 mehr Plastik als Fische im Meer gibt.\t\t\t<\/div>\n\t\t\n\t\t\t\t\t<div class=\"w-100 anwp-pg-read-more mt-auto\">\n\t\t\t\t<a href=\"https:\/\/www.seliggroup.com\/de\/kosten-und-umweltnutzen-der-induktionsversiegelung\/\" \t\t\t\t\tclass=\"anwp-pg-read-more__btn mt-3 mb-0 btn btn-sm btn-outline-info w-100 text-decoration-none\">\n\t\t\t\t\tRead More\t\t\t\t<\/a>\n\t\t\t<\/div>\n\t\t\n\t<\/div>\n\n<\/div>\n<div class=\"anwp-pg-post-teaser anwp-pg-post-teaser--inner-cover-link anwp-pg-post-teaser--layout-d d-flex flex-column swiper-slide anwp-pg-post-teaser--with-read-more \">\n\t<div class=\"anwp-pg-post-teaser__thumbnail position-relative\">\n\n\t\t\n\t\t\n\t\t\t\t\t<img loading=\"lazy\" class=\"anwp-pg-post-teaser__thumbnail-img d-block anwp-pg-height-180 anwp-object-cover m-0 w-100\"\n\t\t\t\talt=\"Einfacher Zugang: Der Bedarf an einem inklusiven Verpackungsdesign\"\n\t\t\t\tsrc=\"https:\/\/www.seliggroup.com\/wp-content\/uploads\/2022\/12\/easy-access-the-need-to-design-inclusive-packaging-1.png\"\/>\n\t\t\n\t\t<div class=\"anwp-pg-post-teaser__thumbnail-bg anwp-position-cover\"><\/div>\n\n\t\t<a class=\"anwp-position-cover anwp-link-without-effects\" href=\"https:\/\/www.seliggroup.com\/de\/einfacher-zugang-der-bedarf-an-einem-inklusiven-verpackungsdesign\/\" aria-hidden=\"true\" ><\/a>\n\t<\/div>\n\n\t<div class=\"anwp-pg-post-teaser__content flex-grow-1 pt-1 d-flex flex-column\">\n\n\t\t<div class=\"anwp-pg-post-teaser__title anwp-font-heading mt-2\">\n\t\t\t<a class=\"anwp-link-without-effects\" href=\"https:\/\/www.seliggroup.com\/de\/einfacher-zugang-der-bedarf-an-einem-inklusiven-verpackungsdesign\/\" aria-hidden=\"true\" >\n\t\t\t\tEinfacher Zugang: Der Bedarf an einem inklusiven Verpackungsdesign\t\t\t<\/a>\n\t\t<\/div>\n\n\t\t<div class=\"anwp-pg-post-teaser__bottom-meta d-flex flex-wrap\">\n\n\t\t\t\n\t\t\t\t\t<\/div>\n\n\t\t\t\t\t<div class=\"anwp-pg-post-teaser__excerpt mb-2\">\n\t\t\t\tVerpackungen m\u00fcssen robust, manipulationssicher und auslaufsicher sein, doch angesichts einer immer \u00e4lter werdenden Weltbev\u00f6lkerung m\u00fcssen sie auch leicht zu \u00f6ffnen sein. Dieses Gleichgewicht zu finden, kann schwierig sein, doch Selig ...\t\t\t<\/div>\n\t\t\n\t\t\t\t\t<div class=\"w-100 anwp-pg-read-more mt-auto\">\n\t\t\t\t<a href=\"https:\/\/www.seliggroup.com\/de\/einfacher-zugang-der-bedarf-an-einem-inklusiven-verpackungsdesign\/\" \t\t\t\t\tclass=\"anwp-pg-read-more__btn mt-3 mb-0 btn btn-sm btn-outline-info w-100 text-decoration-none\">\n\t\t\t\t\tRead More\t\t\t\t<\/a>\n\t\t\t<\/div>\n\t\t\n\t<\/div>\n\n<\/div>\n<div class=\"anwp-pg-post-teaser anwp-pg-post-teaser--inner-cover-link anwp-pg-post-teaser--layout-d d-flex flex-column swiper-slide anwp-pg-post-teaser--with-read-more \">\n\t<div class=\"anwp-pg-post-teaser__thumbnail position-relative\">\n\n\t\t\n\t\t\n\t\t\t\t\t<img loading=\"lazy\" class=\"anwp-pg-post-teaser__thumbnail-img d-block anwp-pg-height-180 anwp-object-cover m-0 w-100\"\n\t\t\t\talt=\"Verpackungen und die Bed\u00fcrfnisse einer alternden Weltbev\u00f6lkerung\"\n\t\t\t\tsrc=\"https:\/\/www.seliggroup.com\/wp-content\/uploads\/2022\/11\/white-paper-packaging-and-the-needs-of-an-ageing-global-population-1.png\"\/>\n\t\t\n\t\t<div class=\"anwp-pg-post-teaser__thumbnail-bg anwp-position-cover\"><\/div>\n\n\t\t<a class=\"anwp-position-cover anwp-link-without-effects\" href=\"https:\/\/www.seliggroup.com\/de\/verpackungen-und-die-beduerfnisse-einer-alternden-weltbevoelkerung\/\" aria-hidden=\"true\" ><\/a>\n\t<\/div>\n\n\t<div class=\"anwp-pg-post-teaser__content flex-grow-1 pt-1 d-flex flex-column\">\n\n\t\t<div class=\"anwp-pg-post-teaser__title anwp-font-heading mt-2\">\n\t\t\t<a class=\"anwp-link-without-effects\" href=\"https:\/\/www.seliggroup.com\/de\/verpackungen-und-die-beduerfnisse-einer-alternden-weltbevoelkerung\/\" aria-hidden=\"true\" >\n\t\t\t\tVerpackungen und die Bed\u00fcrfnisse einer alternden Weltbev\u00f6lkerung\t\t\t<\/a>\n\t\t<\/div>\n\n\t\t<div class=\"anwp-pg-post-teaser__bottom-meta d-flex flex-wrap\">\n\n\t\t\t\n\t\t\t\t\t<\/div>\n\n\t\t\t\t\t<div class=\"anwp-pg-post-teaser__excerpt mb-2\">\n\t\t\t\tDie alternde Weltbev\u00f6lkerung wird bleiben und die Verpackungsbranche muss sicherstellen, dass ihre Produkte st\u00e4ndig weiterentwickelt werden, um den Bed\u00fcrfnissen der \u00e4lteren Menschen gerecht zu werden und relevant zu bleiben.\t\t\t<\/div>\n\t\t\n\t\t\t\t\t<div class=\"w-100 anwp-pg-read-more mt-auto\">\n\t\t\t\t<a href=\"https:\/\/www.seliggroup.com\/de\/verpackungen-und-die-beduerfnisse-einer-alternden-weltbevoelkerung\/\" \t\t\t\t\tclass=\"anwp-pg-read-more__btn mt-3 mb-0 btn btn-sm btn-outline-info w-100 text-decoration-none\">\n\t\t\t\t\tRead More\t\t\t\t<\/a>\n\t\t\t<\/div>\n\t\t\n\t<\/div>\n\n<\/div>\n<div class=\"anwp-pg-post-teaser anwp-pg-post-teaser--inner-cover-link anwp-pg-post-teaser--layout-d d-flex flex-column swiper-slide anwp-pg-post-teaser--with-read-more \">\n\t<div class=\"anwp-pg-post-teaser__thumbnail position-relative\">\n\n\t\t\n\t\t\n\t\t\t\t\t<img loading=\"lazy\" class=\"anwp-pg-post-teaser__thumbnail-img d-block anwp-pg-height-180 anwp-object-cover m-0 w-100\"\n\t\t\t\talt=\"Glasversiegelung in der kosmetischen Industrie\"\n\t\t\t\tsrc=\"https:\/\/www.seliggroup.com\/wp-content\/uploads\/2022\/11\/Cosmetic-White-Paper-cream-1.jpeg\"\/>\n\t\t\n\t\t<div class=\"anwp-pg-post-teaser__thumbnail-bg anwp-position-cover\"><\/div>\n\n\t\t<a class=\"anwp-position-cover anwp-link-without-effects\" href=\"https:\/\/www.seliggroup.com\/de\/glasversiegelung-in-der-kosmetischen-industrie\/\" aria-hidden=\"true\" ><\/a>\n\t<\/div>\n\n\t<div class=\"anwp-pg-post-teaser__content flex-grow-1 pt-1 d-flex flex-column\">\n\n\t\t<div class=\"anwp-pg-post-teaser__title anwp-font-heading mt-2\">\n\t\t\t<a class=\"anwp-link-without-effects\" href=\"https:\/\/www.seliggroup.com\/de\/glasversiegelung-in-der-kosmetischen-industrie\/\" aria-hidden=\"true\" >\n\t\t\t\tGlasversiegelung in der kosmetischen Industrie\t\t\t<\/a>\n\t\t<\/div>\n\n\t\t<div class=\"anwp-pg-post-teaser__bottom-meta d-flex flex-wrap\">\n\n\t\t\t\n\t\t\t\t\t<\/div>\n\n\t\t\t\t\t<div class=\"anwp-pg-post-teaser__excerpt mb-2\">\n\t\t\t\tDie Sch\u00f6nheits- und Kosmetikindustrie floriert st\u00e4ndig. Es ist keine \u00dcberraschung, dass Kosmetikhersteller in die Entwicklung neuer Produkte investieren, um diese Nachfrage zu befriedigen.\t\t\t<\/div>\n\t\t\n\t\t\t\t\t<div class=\"w-100 anwp-pg-read-more mt-auto\">\n\t\t\t\t<a href=\"https:\/\/www.seliggroup.com\/de\/glasversiegelung-in-der-kosmetischen-industrie\/\" \t\t\t\t\tclass=\"anwp-pg-read-more__btn mt-3 mb-0 btn btn-sm btn-outline-info w-100 text-decoration-none\">\n\t\t\t\t\tRead More\t\t\t\t<\/a>\n\t\t\t<\/div>\n\t\t\n\t<\/div>\n\n<\/div>\n<div class=\"anwp-pg-post-teaser anwp-pg-post-teaser--inner-cover-link anwp-pg-post-teaser--layout-d d-flex flex-column swiper-slide anwp-pg-post-teaser--with-read-more \">\n\t<div class=\"anwp-pg-post-teaser__thumbnail position-relative\">\n\n\t\t\n\t\t\n\t\t\t\t\t<img loading=\"lazy\" class=\"anwp-pg-post-teaser__thumbnail-img d-block anwp-pg-height-180 anwp-object-cover m-0 w-100\"\n\t\t\t\talt=\"Wie Hersteller auf den Bedarf an innovativen \u00d6ko-Verpackungen antworten\"\n\t\t\t\tsrc=\"https:\/\/www.seliggroup.com\/wp-content\/uploads\/2022\/12\/manufacturers-respond-demand-ecopackaging-1.jpeg\"\/>\n\t\t\n\t\t<div class=\"anwp-pg-post-teaser__thumbnail-bg anwp-position-cover\"><\/div>\n\n\t\t<a class=\"anwp-position-cover anwp-link-without-effects\" href=\"https:\/\/www.seliggroup.com\/de\/wie-hersteller-auf-den-bedarf-an-innovativen-oeko-verpackungen-antworten\/\" aria-hidden=\"true\" ><\/a>\n\t<\/div>\n\n\t<div class=\"anwp-pg-post-teaser__content flex-grow-1 pt-1 d-flex flex-column\">\n\n\t\t<div class=\"anwp-pg-post-teaser__title anwp-font-heading mt-2\">\n\t\t\t<a class=\"anwp-link-without-effects\" href=\"https:\/\/www.seliggroup.com\/de\/wie-hersteller-auf-den-bedarf-an-innovativen-oeko-verpackungen-antworten\/\" aria-hidden=\"true\" >\n\t\t\t\tWie Hersteller auf den Bedarf an innovativen \u00d6ko-Verpackungen antworten\t\t\t<\/a>\n\t\t<\/div>\n\n\t\t<div class=\"anwp-pg-post-teaser__bottom-meta d-flex flex-wrap\">\n\n\t\t\t\n\t\t\t\t\t<\/div>\n\n\t\t\t\t\t<div class=\"anwp-pg-post-teaser__excerpt mb-2\">\n\t\t\t\tWenn es um Auslaufschutz und den Erhalt der Frische geht, sind Scheiben, Sch\u00e4ben (doesn&#8217;t exist as word) und Versiegelungen beliebte, individuell anpassbare L\u00f6sungen. Aber wie antworten Hersteller auf die Nachfrage ...\t\t\t<\/div>\n\t\t\n\t\t\t\t\t<div class=\"w-100 anwp-pg-read-more mt-auto\">\n\t\t\t\t<a href=\"https:\/\/www.seliggroup.com\/de\/wie-hersteller-auf-den-bedarf-an-innovativen-oeko-verpackungen-antworten\/\" \t\t\t\t\tclass=\"anwp-pg-read-more__btn mt-3 mb-0 btn btn-sm btn-outline-info w-100 text-decoration-none\">\n\t\t\t\t\tRead More\t\t\t\t<\/a>\n\t\t\t<\/div>\n\t\t\n\t<\/div>\n\n<\/div>\n<div class=\"anwp-pg-post-teaser anwp-pg-post-teaser--inner-cover-link anwp-pg-post-teaser--layout-d d-flex flex-column swiper-slide anwp-pg-post-teaser--with-read-more \">\n\t<div class=\"anwp-pg-post-teaser__thumbnail position-relative\">\n\n\t\t\n\t\t\n\t\t\t\t\t<img loading=\"lazy\" class=\"anwp-pg-post-teaser__thumbnail-img d-block anwp-pg-height-180 anwp-object-cover m-0 w-100\"\n\t\t\t\talt=\"Sichere Versiegelung f\u00fcr alle\"\n\t\t\t\tsrc=\"https:\/\/www.seliggroup.com\/wp-content\/uploads\/2022\/12\/secure-sealing-for-all-1-1.png\"\/>\n\t\t\n\t\t<div class=\"anwp-pg-post-teaser__thumbnail-bg anwp-position-cover\"><\/div>\n\n\t\t<a class=\"anwp-position-cover anwp-link-without-effects\" href=\"https:\/\/www.seliggroup.com\/de\/sichere-versiegelung-fuer-alle\/\" aria-hidden=\"true\" ><\/a>\n\t<\/div>\n\n\t<div class=\"anwp-pg-post-teaser__content flex-grow-1 pt-1 d-flex flex-column\">\n\n\t\t<div class=\"anwp-pg-post-teaser__title anwp-font-heading mt-2\">\n\t\t\t<a class=\"anwp-link-without-effects\" href=\"https:\/\/www.seliggroup.com\/de\/sichere-versiegelung-fuer-alle\/\" aria-hidden=\"true\" >\n\t\t\t\tSichere Versiegelung f\u00fcr alle\t\t\t<\/a>\n\t\t<\/div>\n\n\t\t<div class=\"anwp-pg-post-teaser__bottom-meta d-flex flex-wrap\">\n\n\t\t\t\n\t\t\t\t\t<\/div>\n\n\t\t\t\t\t<div class=\"anwp-pg-post-teaser__excerpt mb-2\">\n\t\t\t\tDie Vorteile einer auslaufsicheren und manipulationssicheren Verpackung sollten Verbrauchern mit einer eingeschr\u00e4nkten Griffkraft nicht vorenthalten werden. Peter Tindale, Vertriebsleiter von Selig, erkl\u00e4rt, wie das richtige Design und die richtige Technologie ...\t\t\t<\/div>\n\t\t\n\t\t\t\t\t<div class=\"w-100 anwp-pg-read-more mt-auto\">\n\t\t\t\t<a href=\"https:\/\/www.seliggroup.com\/de\/sichere-versiegelung-fuer-alle\/\" \t\t\t\t\tclass=\"anwp-pg-read-more__btn mt-3 mb-0 btn btn-sm btn-outline-info w-100 text-decoration-none\">\n\t\t\t\t\tRead More\t\t\t\t<\/a>\n\t\t\t<\/div>\n\t\t\n\t<\/div>\n\n<\/div>\n<div class=\"anwp-pg-post-teaser anwp-pg-post-teaser--inner-cover-link anwp-pg-post-teaser--layout-d d-flex flex-column swiper-slide anwp-pg-post-teaser--with-read-more \">\n\t<div class=\"anwp-pg-post-teaser__thumbnail position-relative\">\n\n\t\t\n\t\t\n\t\t\t\t\t<img loading=\"lazy\" class=\"anwp-pg-post-teaser__thumbnail-img d-block anwp-pg-height-180 anwp-object-cover m-0 w-100\"\n\t\t\t\talt=\"Den Deal besiegeln: Zugang gew\u00e4hren und gleichzeitig sicher bleiben\"\n\t\t\t\tsrc=\"https:\/\/www.seliggroup.com\/wp-content\/uploads\/2022\/12\/granting-access-1.jpeg\"\/>\n\t\t\n\t\t<div class=\"anwp-pg-post-teaser__thumbnail-bg anwp-position-cover\"><\/div>\n\n\t\t<a class=\"anwp-position-cover anwp-link-without-effects\" href=\"https:\/\/www.seliggroup.com\/de\/den-deal-besiegeln-zugang-gewaehren-und-gleichzeitig-sicher-bleiben\/\" aria-hidden=\"true\" ><\/a>\n\t<\/div>\n\n\t<div class=\"anwp-pg-post-teaser__content flex-grow-1 pt-1 d-flex flex-column\">\n\n\t\t<div class=\"anwp-pg-post-teaser__title anwp-font-heading mt-2\">\n\t\t\t<a class=\"anwp-link-without-effects\" href=\"https:\/\/www.seliggroup.com\/de\/den-deal-besiegeln-zugang-gewaehren-und-gleichzeitig-sicher-bleiben\/\" aria-hidden=\"true\" >\n\t\t\t\tDen Deal besiegeln: Zugang gew\u00e4hren und gleichzeitig sicher bleiben\t\t\t<\/a>\n\t\t<\/div>\n\n\t\t<div class=\"anwp-pg-post-teaser__bottom-meta d-flex flex-wrap\">\n\n\t\t\t\n\t\t\t\t\t<\/div>\n\n\t\t\t\t\t<div class=\"anwp-pg-post-teaser__excerpt mb-2\">\n\t\t\t\tAngesichts der zunehmenden Zahl \u00e4lterer Menschen, die an Arthritis leiden, m\u00fcssen Designer neue Wege finden, um sicherzustellen, dass die Verpackungen f\u00fcr die Benutzer leicht zug\u00e4nglich sind und gleichzeitig die Sicherheit ...\t\t\t<\/div>\n\t\t\n\t\t\t\t\t<div class=\"w-100 anwp-pg-read-more mt-auto\">\n\t\t\t\t<a href=\"https:\/\/www.seliggroup.com\/de\/den-deal-besiegeln-zugang-gewaehren-und-gleichzeitig-sicher-bleiben\/\" \t\t\t\t\tclass=\"anwp-pg-read-more__btn mt-3 mb-0 btn btn-sm btn-outline-info w-100 text-decoration-none\">\n\t\t\t\t\tRead More\t\t\t\t<\/a>\n\t\t\t<\/div>\n\t\t\n\t<\/div>\n\n<\/div>\n<div class=\"anwp-pg-post-teaser anwp-pg-post-teaser--inner-cover-link anwp-pg-post-teaser--layout-d d-flex flex-column swiper-slide anwp-pg-post-teaser--with-read-more \">\n\t<div class=\"anwp-pg-post-teaser__thumbnail position-relative\">\n\n\t\t\n\t\t\n\t\t\t\t\t<img loading=\"lazy\" class=\"anwp-pg-post-teaser__thumbnail-img d-block anwp-pg-height-180 anwp-object-cover m-0 w-100\"\n\t\t\t\talt=\"Milchverpackung: Die Versiegelung l\u00f6sen\"\n\t\t\t\tsrc=\"https:\/\/www.seliggroup.com\/wp-content\/uploads\/2022\/12\/milk-packaging-lifting-the-seal-1.png\"\/>\n\t\t\n\t\t<div class=\"anwp-pg-post-teaser__thumbnail-bg anwp-position-cover\"><\/div>\n\n\t\t<a class=\"anwp-position-cover anwp-link-without-effects\" href=\"https:\/\/www.seliggroup.com\/de\/milchverpackung-die-versiegelung-loesen\/\" aria-hidden=\"true\" ><\/a>\n\t<\/div>\n\n\t<div class=\"anwp-pg-post-teaser__content flex-grow-1 pt-1 d-flex flex-column\">\n\n\t\t<div class=\"anwp-pg-post-teaser__title anwp-font-heading mt-2\">\n\t\t\t<a class=\"anwp-link-without-effects\" href=\"https:\/\/www.seliggroup.com\/de\/milchverpackung-die-versiegelung-loesen\/\" aria-hidden=\"true\" >\n\t\t\t\tMilchverpackung: Die Versiegelung l\u00f6sen\t\t\t<\/a>\n\t\t<\/div>\n\n\t\t<div class=\"anwp-pg-post-teaser__bottom-meta d-flex flex-wrap\">\n\n\t\t\t\n\t\t\t\t\t<\/div>\n\n\t\t\t\t\t<div class=\"anwp-pg-post-teaser__excerpt mb-2\">\n\t\t\t\tHeute wird nahezu die gesamte Milch f\u00fcr den britischen Einzelhandel in HDPE-Schraubverschlussflaschen in Kombination mit Induktionsversiegelung geliefert.\t\t\t<\/div>\n\t\t\n\t\t\t\t\t<div class=\"w-100 anwp-pg-read-more mt-auto\">\n\t\t\t\t<a href=\"https:\/\/www.seliggroup.com\/de\/milchverpackung-die-versiegelung-loesen\/\" \t\t\t\t\tclass=\"anwp-pg-read-more__btn mt-3 mb-0 btn btn-sm btn-outline-info w-100 text-decoration-none\">\n\t\t\t\t\tRead More\t\t\t\t<\/a>\n\t\t\t<\/div>\n\t\t\n\t<\/div>\n\n<\/div>\n<div class=\"anwp-pg-post-teaser anwp-pg-post-teaser--inner-cover-link anwp-pg-post-teaser--layout-d d-flex flex-column swiper-slide anwp-pg-post-teaser--with-read-more \">\n\t<div class=\"anwp-pg-post-teaser__thumbnail position-relative\">\n\n\t\t\n\t\t\n\t\t\t\t\t<img loading=\"lazy\" class=\"anwp-pg-post-teaser__thumbnail-img d-block anwp-pg-height-180 anwp-object-cover m-0 w-100\"\n\t\t\t\talt=\"Die Zukunft mit leicht zu \u00f6ffnenden pharmazeutischen Verpackungen besiegeln\"\n\t\t\t\tsrc=\"https:\/\/www.seliggroup.com\/wp-content\/uploads\/2022\/12\/sealing-the-future-with-easy-open-pharmaceutical-packaging-1.png\"\/>\n\t\t\n\t\t<div class=\"anwp-pg-post-teaser__thumbnail-bg anwp-position-cover\"><\/div>\n\n\t\t<a class=\"anwp-position-cover anwp-link-without-effects\" href=\"https:\/\/www.seliggroup.com\/de\/die-zukunft-mit-leicht-zu-oeffnenden-pharmazeutischen-verpackungen-besiegeln\/\" aria-hidden=\"true\" ><\/a>\n\t<\/div>\n\n\t<div class=\"anwp-pg-post-teaser__content flex-grow-1 pt-1 d-flex flex-column\">\n\n\t\t<div class=\"anwp-pg-post-teaser__title anwp-font-heading mt-2\">\n\t\t\t<a class=\"anwp-link-without-effects\" href=\"https:\/\/www.seliggroup.com\/de\/die-zukunft-mit-leicht-zu-oeffnenden-pharmazeutischen-verpackungen-besiegeln\/\" aria-hidden=\"true\" >\n\t\t\t\tDie Zukunft mit leicht zu \u00f6ffnenden pharmazeutischen Verpackungen besiegeln\t\t\t<\/a>\n\t\t<\/div>\n\n\t\t<div class=\"anwp-pg-post-teaser__bottom-meta d-flex flex-wrap\">\n\n\t\t\t\n\t\t\t\t\t<\/div>\n\n\t\t\t\t\t<div class=\"anwp-pg-post-teaser__excerpt mb-2\">\n\t\t\t\tDie Induktionsversiegelung ist eine kosteng\u00fcnstige Methode, mit der sich sichere, hermetische und leicht zu \u00f6ffnende Versiegelungen erzielen lassen, die sich hervorragend f\u00fcr pharmazeutische und nutrazeutische Produkte f\u00fcr diesen wachsenden Markt ...\t\t\t<\/div>\n\t\t\n\t\t\t\t\t<div class=\"w-100 anwp-pg-read-more mt-auto\">\n\t\t\t\t<a href=\"https:\/\/www.seliggroup.com\/de\/die-zukunft-mit-leicht-zu-oeffnenden-pharmazeutischen-verpackungen-besiegeln\/\" \t\t\t\t\tclass=\"anwp-pg-read-more__btn mt-3 mb-0 btn btn-sm btn-outline-info w-100 text-decoration-none\">\n\t\t\t\t\tRead More\t\t\t\t<\/a>\n\t\t\t<\/div>\n\t\t\n\t<\/div>\n\n<\/div>\n<div class=\"anwp-pg-post-teaser anwp-pg-post-teaser--inner-cover-link anwp-pg-post-teaser--layout-d d-flex flex-column swiper-slide anwp-pg-post-teaser--with-read-more \">\n\t<div class=\"anwp-pg-post-teaser__thumbnail position-relative\">\n\n\t\t\n\t\t\n\t\t\t\t\t<img loading=\"lazy\" class=\"anwp-pg-post-teaser__thumbnail-img d-block anwp-pg-height-180 anwp-object-cover m-0 w-100\"\n\t\t\t\talt=\"Neue Technologie l\u00f6st Probleme beim Versiegeln von Glasgef\u00e4\u00dfen\"\n\t\t\t\tsrc=\"https:\/\/www.seliggroup.com\/wp-content\/plugins\/anwp-post-grid-for-elementor\/public\/img\/empty_image.jpg\"\/>\n\t\t\n\t\t<div class=\"anwp-pg-post-teaser__thumbnail-bg anwp-position-cover\"><\/div>\n\n\t\t<a class=\"anwp-position-cover anwp-link-without-effects\" href=\"https:\/\/www.seliggroup.com\/de\/neue-technologie-loest-probleme-beim-versiegeln-von-glasgefaessen\/\" aria-hidden=\"true\" ><\/a>\n\t<\/div>\n\n\t<div class=\"anwp-pg-post-teaser__content flex-grow-1 pt-1 d-flex flex-column\">\n\n\t\t<div class=\"anwp-pg-post-teaser__title anwp-font-heading mt-2\">\n\t\t\t<a class=\"anwp-link-without-effects\" href=\"https:\/\/www.seliggroup.com\/de\/neue-technologie-loest-probleme-beim-versiegeln-von-glasgefaessen\/\" aria-hidden=\"true\" >\n\t\t\t\tNeue Technologie l\u00f6st Probleme beim Versiegeln von Glasgef\u00e4\u00dfen\t\t\t<\/a>\n\t\t<\/div>\n\n\t\t<div class=\"anwp-pg-post-teaser__bottom-meta d-flex flex-wrap\">\n\n\t\t\t\n\t\t\t\t\t<\/div>\n\n\t\t\t\t\t<div class=\"anwp-pg-post-teaser__excerpt mb-2\">\n\t\t\t\tDas stetige Wachstum des europ\u00e4ischen Gew\u00fcrz- und Kr\u00e4utermarktes geht einher mit einem parallelen Anstieg der Nachfrage nach Glasverpackungen. Selig diskutiert die besonderen Herausforderungen dieses Marktes und stellt die neueste technologische ...\t\t\t<\/div>\n\t\t\n\t\t\t\t\t<div class=\"w-100 anwp-pg-read-more mt-auto\">\n\t\t\t\t<a href=\"https:\/\/www.seliggroup.com\/de\/neue-technologie-loest-probleme-beim-versiegeln-von-glasgefaessen\/\" \t\t\t\t\tclass=\"anwp-pg-read-more__btn mt-3 mb-0 btn btn-sm btn-outline-info w-100 text-decoration-none\">\n\t\t\t\t\tRead More\t\t\t\t<\/a>\n\t\t\t<\/div>\n\t\t\n\t<\/div>\n\n<\/div>\n<div class=\"anwp-pg-post-teaser anwp-pg-post-teaser--inner-cover-link anwp-pg-post-teaser--layout-d d-flex flex-column swiper-slide anwp-pg-post-teaser--with-read-more \">\n\t<div class=\"anwp-pg-post-teaser__thumbnail position-relative\">\n\n\t\t\n\t\t\n\t\t\t\t\t<img loading=\"lazy\" class=\"anwp-pg-post-teaser__thumbnail-img d-block anwp-pg-height-180 anwp-object-cover m-0 w-100\"\n\t\t\t\talt=\"Selig Technology wird mit dem technischen Innovationspreis ausgezeichnet\"\n\t\t\t\tsrc=\"https:\/\/www.seliggroup.com\/wp-content\/uploads\/2022\/12\/selig-tech-wins-innovative-prize-1.jpeg\"\/>\n\t\t\n\t\t<div class=\"anwp-pg-post-teaser__thumbnail-bg anwp-position-cover\"><\/div>\n\n\t\t<a class=\"anwp-position-cover anwp-link-without-effects\" href=\"https:\/\/www.seliggroup.com\/de\/selig-technology-wird-mit-dem-technischen-innovationspreis-ausgezeichnet\/\" aria-hidden=\"true\" ><\/a>\n\t<\/div>\n\n\t<div class=\"anwp-pg-post-teaser__content flex-grow-1 pt-1 d-flex flex-column\">\n\n\t\t<div class=\"anwp-pg-post-teaser__title anwp-font-heading mt-2\">\n\t\t\t<a class=\"anwp-link-without-effects\" href=\"https:\/\/www.seliggroup.com\/de\/selig-technology-wird-mit-dem-technischen-innovationspreis-ausgezeichnet\/\" aria-hidden=\"true\" >\n\t\t\t\tSelig Technology wird mit dem technischen Innovationspreis ausgezeichnet\t\t\t<\/a>\n\t\t<\/div>\n\n\t\t<div class=\"anwp-pg-post-teaser__bottom-meta d-flex flex-wrap\">\n\n\t\t\t\n\t\t\t\t\t<\/div>\n\n\t\t\t\t\t<div class=\"anwp-pg-post-teaser__excerpt mb-2\">\n\t\t\t\tSelig wurde f\u00fcr seine GlassFuze-Technologie mit der Alufoil Troph\u00e4e ausgezeichnet. Das Unternehmen ist \u00fcberzeugt, dass es sich dabei um die erste Induktionsversiegelung handelt, die eine vollst\u00e4ndig hermetische Versiegelung von Glas ...\t\t\t<\/div>\n\t\t\n\t\t\t\t\t<div class=\"w-100 anwp-pg-read-more mt-auto\">\n\t\t\t\t<a href=\"https:\/\/www.seliggroup.com\/de\/selig-technology-wird-mit-dem-technischen-innovationspreis-ausgezeichnet\/\" \t\t\t\t\tclass=\"anwp-pg-read-more__btn mt-3 mb-0 btn btn-sm btn-outline-info w-100 text-decoration-none\">\n\t\t\t\t\tRead More\t\t\t\t<\/a>\n\t\t\t<\/div>\n\t\t\n\t<\/div>\n\n<\/div>\n<div class=\"anwp-pg-post-teaser anwp-pg-post-teaser--inner-cover-link anwp-pg-post-teaser--layout-d d-flex flex-column swiper-slide anwp-pg-post-teaser--with-read-more \">\n\t<div class=\"anwp-pg-post-teaser__thumbnail position-relative\">\n\n\t\t\n\t\t\n\t\t\t\t\t<img loading=\"lazy\" class=\"anwp-pg-post-teaser__thumbnail-img d-block anwp-pg-height-180 anwp-object-cover m-0 w-100\"\n\t\t\t\talt=\"Das wei\u00dfe Zeug\"\n\t\t\t\tsrc=\"https:\/\/www.seliggroup.com\/wp-content\/uploads\/2022\/12\/the-white-stuff-1.jpeg\"\/>\n\t\t\n\t\t<div class=\"anwp-pg-post-teaser__thumbnail-bg anwp-position-cover\"><\/div>\n\n\t\t<a class=\"anwp-position-cover anwp-link-without-effects\" href=\"https:\/\/www.seliggroup.com\/de\/das-weisse-zeug\/\" aria-hidden=\"true\" ><\/a>\n\t<\/div>\n\n\t<div class=\"anwp-pg-post-teaser__content flex-grow-1 pt-1 d-flex flex-column\">\n\n\t\t<div class=\"anwp-pg-post-teaser__title anwp-font-heading mt-2\">\n\t\t\t<a class=\"anwp-link-without-effects\" href=\"https:\/\/www.seliggroup.com\/de\/das-weisse-zeug\/\" aria-hidden=\"true\" >\n\t\t\t\tDas wei\u00dfe Zeug\t\t\t<\/a>\n\t\t<\/div>\n\n\t\t<div class=\"anwp-pg-post-teaser__bottom-meta d-flex flex-wrap\">\n\n\t\t\t\n\t\t\t\t\t<\/div>\n\n\t\t\t\t\t<div class=\"anwp-pg-post-teaser__excerpt mb-2\">\n\t\t\t\tDie Verbrauchernachfrage nach Milch d\u00fcrfte in den kommenden Jahren in Europa stabil bleiben, doch zuverl\u00e4ssige und sichere Beh\u00e4lter werden eine entscheidende Rolle f\u00fcr den anhaltenden Erfolg des Milchsektors spielen.\t\t\t<\/div>\n\t\t\n\t\t\t\t\t<div class=\"w-100 anwp-pg-read-more mt-auto\">\n\t\t\t\t<a href=\"https:\/\/www.seliggroup.com\/de\/das-weisse-zeug\/\" \t\t\t\t\tclass=\"anwp-pg-read-more__btn mt-3 mb-0 btn btn-sm btn-outline-info w-100 text-decoration-none\">\n\t\t\t\t\tRead More\t\t\t\t<\/a>\n\t\t\t<\/div>\n\t\t\n\t<\/div>\n\n<\/div>\n<div class=\"anwp-pg-post-teaser anwp-pg-post-teaser--inner-cover-link anwp-pg-post-teaser--layout-d d-flex flex-column swiper-slide anwp-pg-post-teaser--with-read-more \">\n\t<div class=\"anwp-pg-post-teaser__thumbnail position-relative\">\n\n\t\t\n\t\t\n\t\t\t\t\t<img loading=\"lazy\" class=\"anwp-pg-post-teaser__thumbnail-img d-block anwp-pg-height-180 anwp-object-cover m-0 w-100\"\n\t\t\t\talt=\"Das G\u00fctesiegel: Wie man Glasbeh\u00e4lter versiegelt\"\n\t\t\t\tsrc=\"https:\/\/www.seliggroup.com\/wp-content\/uploads\/2022\/12\/Seal-of-Approval-1.jpeg\"\/>\n\t\t\n\t\t<div class=\"anwp-pg-post-teaser__thumbnail-bg anwp-position-cover\"><\/div>\n\n\t\t<a class=\"anwp-position-cover anwp-link-without-effects\" href=\"https:\/\/www.seliggroup.com\/de\/das-guetesiegel-wie-man-glasbehaelter-versiegelt\/\" aria-hidden=\"true\" ><\/a>\n\t<\/div>\n\n\t<div class=\"anwp-pg-post-teaser__content flex-grow-1 pt-1 d-flex flex-column\">\n\n\t\t<div class=\"anwp-pg-post-teaser__title anwp-font-heading mt-2\">\n\t\t\t<a class=\"anwp-link-without-effects\" href=\"https:\/\/www.seliggroup.com\/de\/das-guetesiegel-wie-man-glasbehaelter-versiegelt\/\" aria-hidden=\"true\" >\n\t\t\t\tDas G\u00fctesiegel: Wie man Glasbeh\u00e4lter versiegelt\t\t\t<\/a>\n\t\t<\/div>\n\n\t\t<div class=\"anwp-pg-post-teaser__bottom-meta d-flex flex-wrap\">\n\n\t\t\t\n\t\t\t\t\t<\/div>\n\n\t\t\t\t\t<div class=\"anwp-pg-post-teaser__excerpt mb-2\">\n\t\t\t\tGlasbeh\u00e4lter geben den Produkten den Eindruck h\u00f6herer Qualit\u00e4t, doch das Versiegeln kann eine Herausforderung sein. Darren Dodd pr\u00e4sentiert eine bew\u00e4hrte L\u00f6sung f\u00fcr den Lebensmittelsektor.\t\t\t<\/div>\n\t\t\n\t\t\t\t\t<div class=\"w-100 anwp-pg-read-more mt-auto\">\n\t\t\t\t<a href=\"https:\/\/www.seliggroup.com\/de\/das-guetesiegel-wie-man-glasbehaelter-versiegelt\/\" \t\t\t\t\tclass=\"anwp-pg-read-more__btn mt-3 mb-0 btn btn-sm btn-outline-info w-100 text-decoration-none\">\n\t\t\t\t\tRead More\t\t\t\t<\/a>\n\t\t\t<\/div>\n\t\t\n\t<\/div>\n\n<\/div>\n<div class=\"anwp-pg-post-teaser anwp-pg-post-teaser--inner-cover-link anwp-pg-post-teaser--layout-d d-flex flex-column swiper-slide anwp-pg-post-teaser--with-read-more \">\n\t<div class=\"anwp-pg-post-teaser__thumbnail position-relative\">\n\n\t\t\n\t\t\n\t\t\t\t\t<img loading=\"lazy\" class=\"anwp-pg-post-teaser__thumbnail-img d-block anwp-pg-height-180 anwp-object-cover m-0 w-100\"\n\t\t\t\talt=\"Die Herausforderungen an die Verpackung durch eine alternde Bev\u00f6lkerung\"\n\t\t\t\tsrc=\"https:\/\/www.seliggroup.com\/wp-content\/uploads\/2022\/12\/packaging-challenges-ageing-population-1.jpeg\"\/>\n\t\t\n\t\t<div class=\"anwp-pg-post-teaser__thumbnail-bg anwp-position-cover\"><\/div>\n\n\t\t<a class=\"anwp-position-cover anwp-link-without-effects\" href=\"https:\/\/www.seliggroup.com\/de\/die-herausforderungen-an-die-verpackung-durch-eine-alternde-bevoelkerung\/\" aria-hidden=\"true\" ><\/a>\n\t<\/div>\n\n\t<div class=\"anwp-pg-post-teaser__content flex-grow-1 pt-1 d-flex flex-column\">\n\n\t\t<div class=\"anwp-pg-post-teaser__title anwp-font-heading mt-2\">\n\t\t\t<a class=\"anwp-link-without-effects\" href=\"https:\/\/www.seliggroup.com\/de\/die-herausforderungen-an-die-verpackung-durch-eine-alternde-bevoelkerung\/\" aria-hidden=\"true\" >\n\t\t\t\tDie Herausforderungen an die Verpackung durch eine alternde Bev\u00f6lkerung\t\t\t<\/a>\n\t\t<\/div>\n\n\t\t<div class=\"anwp-pg-post-teaser__bottom-meta d-flex flex-wrap\">\n\n\t\t\t\n\t\t\t\t\t<\/div>\n\n\t\t\t\t\t<div class=\"anwp-pg-post-teaser__excerpt mb-2\">\n\t\t\t\tDie Branche steht vor der Herausforderung, Verpackungen zu entwickeln, die sicher und manipulationssicher sind, sich aber auch von \u00e4lteren Verbrauchern und solchen mit eingeschr\u00e4nkter Fingerfertigkeit oder Mobilit\u00e4t leicht \u00f6ffnen lassen.\t\t\t<\/div>\n\t\t\n\t\t\t\t\t<div class=\"w-100 anwp-pg-read-more mt-auto\">\n\t\t\t\t<a href=\"https:\/\/www.seliggroup.com\/de\/die-herausforderungen-an-die-verpackung-durch-eine-alternde-bevoelkerung\/\" \t\t\t\t\tclass=\"anwp-pg-read-more__btn mt-3 mb-0 btn btn-sm btn-outline-info w-100 text-decoration-none\">\n\t\t\t\t\tRead More\t\t\t\t<\/a>\n\t\t\t<\/div>\n\t\t\n\t<\/div>\n\n<\/div>\n<div class=\"anwp-pg-post-teaser anwp-pg-post-teaser--inner-cover-link anwp-pg-post-teaser--layout-d d-flex flex-column swiper-slide anwp-pg-post-teaser--with-read-more \">\n\t<div class=\"anwp-pg-post-teaser__thumbnail position-relative\">\n\n\t\t\n\t\t\n\t\t\t\t\t<img loading=\"lazy\" class=\"anwp-pg-post-teaser__thumbnail-img d-block anwp-pg-height-180 anwp-object-cover m-0 w-100\"\n\t\t\t\talt=\"Die Alterung der Bev\u00f6lkerung und die Herausforderungen an Verpackungen\"\n\t\t\t\tsrc=\"https:\/\/www.seliggroup.com\/wp-content\/uploads\/2022\/12\/aging-population-and-packaging-challenges-1.jpeg\"\/>\n\t\t\n\t\t<div class=\"anwp-pg-post-teaser__thumbnail-bg anwp-position-cover\"><\/div>\n\n\t\t<a class=\"anwp-position-cover anwp-link-without-effects\" href=\"https:\/\/www.seliggroup.com\/de\/die-alterung-der-bevoelkerung-und-die-herausforderungen-an-verpackungen\/\" aria-hidden=\"true\" ><\/a>\n\t<\/div>\n\n\t<div class=\"anwp-pg-post-teaser__content flex-grow-1 pt-1 d-flex flex-column\">\n\n\t\t<div class=\"anwp-pg-post-teaser__title anwp-font-heading mt-2\">\n\t\t\t<a class=\"anwp-link-without-effects\" href=\"https:\/\/www.seliggroup.com\/de\/die-alterung-der-bevoelkerung-und-die-herausforderungen-an-verpackungen\/\" aria-hidden=\"true\" >\n\t\t\t\tDie Alterung der Bev\u00f6lkerung und die Herausforderungen an Verpackungen\t\t\t<\/a>\n\t\t<\/div>\n\n\t\t<div class=\"anwp-pg-post-teaser__bottom-meta d-flex flex-wrap\">\n\n\t\t\t\n\t\t\t\t\t<\/div>\n\n\t\t\t\t\t<div class=\"anwp-pg-post-teaser__excerpt mb-2\">\n\t\t\t\tEine alternde Weltbev\u00f6lkerung ist vorprogrammiert und die Verpackungsbranche muss sicherstellen, dass ihre Produkte den Bed\u00fcrfnissen \u00e4lterer Menschen gerecht werden.\t\t\t<\/div>\n\t\t\n\t\t\t\t\t<div class=\"w-100 anwp-pg-read-more mt-auto\">\n\t\t\t\t<a href=\"https:\/\/www.seliggroup.com\/de\/die-alterung-der-bevoelkerung-und-die-herausforderungen-an-verpackungen\/\" \t\t\t\t\tclass=\"anwp-pg-read-more__btn mt-3 mb-0 btn btn-sm btn-outline-info w-100 text-decoration-none\">\n\t\t\t\t\tRead More\t\t\t\t<\/a>\n\t\t\t<\/div>\n\t\t\n\t<\/div>\n\n<\/div>\n<div class=\"anwp-pg-post-teaser anwp-pg-post-teaser--inner-cover-link anwp-pg-post-teaser--layout-d d-flex flex-column swiper-slide anwp-pg-post-teaser--with-read-more \">\n\t<div class=\"anwp-pg-post-teaser__thumbnail position-relative\">\n\n\t\t\n\t\t\n\t\t\t\t\t<img loading=\"lazy\" class=\"anwp-pg-post-teaser__thumbnail-img d-block anwp-pg-height-180 anwp-object-cover m-0 w-100\"\n\t\t\t\talt=\"Versiegelung von Glasgef\u00e4\u00dfen mit fettreichen Lebensmitteln\"\n\t\t\t\tsrc=\"https:\/\/www.seliggroup.com\/wp-content\/uploads\/2022\/12\/sealing-glass-jars-highfat-foods-1.jpeg\"\/>\n\t\t\n\t\t<div class=\"anwp-pg-post-teaser__thumbnail-bg anwp-position-cover\"><\/div>\n\n\t\t<a class=\"anwp-position-cover anwp-link-without-effects\" href=\"https:\/\/www.seliggroup.com\/de\/versiegelung-von-glasgefaessen-mit-fettreichen-lebensmitteln\/\" aria-hidden=\"true\" ><\/a>\n\t<\/div>\n\n\t<div class=\"anwp-pg-post-teaser__content flex-grow-1 pt-1 d-flex flex-column\">\n\n\t\t<div class=\"anwp-pg-post-teaser__title anwp-font-heading mt-2\">\n\t\t\t<a class=\"anwp-link-without-effects\" href=\"https:\/\/www.seliggroup.com\/de\/versiegelung-von-glasgefaessen-mit-fettreichen-lebensmitteln\/\" aria-hidden=\"true\" >\n\t\t\t\tVersiegelung von Glasgef\u00e4\u00dfen mit fettreichen Lebensmitteln\t\t\t<\/a>\n\t\t<\/div>\n\n\t\t<div class=\"anwp-pg-post-teaser__bottom-meta d-flex flex-wrap\">\n\n\t\t\t\n\t\t\t\t\t<\/div>\n\n\t\t\t\t\t<div class=\"anwp-pg-post-teaser__excerpt mb-2\">\n\t\t\t\tDer Deltaseal 9000 von Selig er\u00f6ffnet neue M\u00f6glichkeiten f\u00fcr die Versiegelung von Glasbeh\u00e4ltern und erm\u00f6glicht es, die Produktintegrit\u00e4t von Lebensmitteln mit hohem \u00d6l- oder Fettgehalt zu erhalten.\t\t\t<\/div>\n\t\t\n\t\t\t\t\t<div class=\"w-100 anwp-pg-read-more mt-auto\">\n\t\t\t\t<a href=\"https:\/\/www.seliggroup.com\/de\/versiegelung-von-glasgefaessen-mit-fettreichen-lebensmitteln\/\" \t\t\t\t\tclass=\"anwp-pg-read-more__btn mt-3 mb-0 btn btn-sm btn-outline-info w-100 text-decoration-none\">\n\t\t\t\t\tRead More\t\t\t\t<\/a>\n\t\t\t<\/div>\n\t\t\n\t<\/div>\n\n<\/div>\n<div class=\"anwp-pg-post-teaser anwp-pg-post-teaser--inner-cover-link anwp-pg-post-teaser--layout-d d-flex flex-column swiper-slide anwp-pg-post-teaser--with-read-more \">\n\t<div class=\"anwp-pg-post-teaser__thumbnail position-relative\">\n\n\t\t\n\t\t\n\t\t\t\t\t<img loading=\"lazy\" class=\"anwp-pg-post-teaser__thumbnail-img d-block anwp-pg-height-180 anwp-object-cover m-0 w-100\"\n\t\t\t\talt=\"Selig: Schaumstoffliner\"\n\t\t\t\tsrc=\"https:\/\/www.seliggroup.com\/wp-content\/uploads\/2022\/12\/selig-foam-liner-1.jpeg\"\/>\n\t\t\n\t\t<div class=\"anwp-pg-post-teaser__thumbnail-bg anwp-position-cover\"><\/div>\n\n\t\t<a class=\"anwp-position-cover anwp-link-without-effects\" href=\"https:\/\/www.seliggroup.com\/de\/selig-schaumstoffliner\/\" aria-hidden=\"true\" ><\/a>\n\t<\/div>\n\n\t<div class=\"anwp-pg-post-teaser__content flex-grow-1 pt-1 d-flex flex-column\">\n\n\t\t<div class=\"anwp-pg-post-teaser__title anwp-font-heading mt-2\">\n\t\t\t<a class=\"anwp-link-without-effects\" href=\"https:\/\/www.seliggroup.com\/de\/selig-schaumstoffliner\/\" aria-hidden=\"true\" >\n\t\t\t\tSelig: Schaumstoffliner\t\t\t<\/a>\n\t\t<\/div>\n\n\t\t<div class=\"anwp-pg-post-teaser__bottom-meta d-flex flex-wrap\">\n\n\t\t\t\n\t\t\t\t\t<\/div>\n\n\t\t\t\t\t<div class=\"anwp-pg-post-teaser__excerpt mb-2\">\n\t\t\t\tSelig k\u00fcndigt ein fortschrittliches dreilagiges LDPE-Schaumstofflinermaterial f\u00fcr die Lebensmittel- und Getr\u00e4nke-, Pharma-, Kosmetik- und andere Branchen an, die ihre Waren in festen Beh\u00e4ltern liefern.\t\t\t<\/div>\n\t\t\n\t\t\t\t\t<div class=\"w-100 anwp-pg-read-more mt-auto\">\n\t\t\t\t<a href=\"https:\/\/www.seliggroup.com\/de\/selig-schaumstoffliner\/\" \t\t\t\t\tclass=\"anwp-pg-read-more__btn mt-3 mb-0 btn btn-sm btn-outline-info w-100 text-decoration-none\">\n\t\t\t\t\tRead More\t\t\t\t<\/a>\n\t\t\t<\/div>\n\t\t\n\t<\/div>\n\n<\/div>\n<div class=\"anwp-pg-post-teaser anwp-pg-post-teaser--inner-cover-link anwp-pg-post-teaser--layout-d d-flex flex-column swiper-slide anwp-pg-post-teaser--with-read-more \">\n\t<div class=\"anwp-pg-post-teaser__thumbnail position-relative\">\n\n\t\t\n\t\t\n\t\t\t\t\t<img loading=\"lazy\" class=\"anwp-pg-post-teaser__thumbnail-img d-block anwp-pg-height-180 anwp-object-cover m-0 w-100\"\n\t\t\t\talt=\"Verbraucher bevorzugen Induktionsversiegelungen\"\n\t\t\t\tsrc=\"https:\/\/www.seliggroup.com\/wp-content\/uploads\/2022\/12\/consumers-prefer-induction-seals-1.png\"\/>\n\t\t\n\t\t<div class=\"anwp-pg-post-teaser__thumbnail-bg anwp-position-cover\"><\/div>\n\n\t\t<a class=\"anwp-position-cover anwp-link-without-effects\" href=\"https:\/\/www.seliggroup.com\/de\/verbraucher-bevorzugen-induktionsversiegelungen\/\" aria-hidden=\"true\" ><\/a>\n\t<\/div>\n\n\t<div class=\"anwp-pg-post-teaser__content flex-grow-1 pt-1 d-flex flex-column\">\n\n\t\t<div class=\"anwp-pg-post-teaser__title anwp-font-heading mt-2\">\n\t\t\t<a class=\"anwp-link-without-effects\" href=\"https:\/\/www.seliggroup.com\/de\/verbraucher-bevorzugen-induktionsversiegelungen\/\" aria-hidden=\"true\" >\n\t\t\t\tVerbraucher bevorzugen Induktionsversiegelungen\t\t\t<\/a>\n\t\t<\/div>\n\n\t\t<div class=\"anwp-pg-post-teaser__bottom-meta d-flex flex-wrap\">\n\n\t\t\t\n\t\t\t\t\t<\/div>\n\n\t\t\t\t\t<div class=\"anwp-pg-post-teaser__excerpt mb-2\">\n\t\t\t\tDie Verbraucher sind sehr auf Sicherheit bedacht und m\u00f6chten Produkte kaufen, die sicher sind, nicht auslaufen, so frisch wie m\u00f6glich sind und sich leicht \u00f6ffnen lassen.\t\t\t<\/div>\n\t\t\n\t\t\t\t\t<div class=\"w-100 anwp-pg-read-more mt-auto\">\n\t\t\t\t<a href=\"https:\/\/www.seliggroup.com\/de\/verbraucher-bevorzugen-induktionsversiegelungen\/\" \t\t\t\t\tclass=\"anwp-pg-read-more__btn mt-3 mb-0 btn btn-sm btn-outline-info w-100 text-decoration-none\">\n\t\t\t\t\tRead More\t\t\t\t<\/a>\n\t\t\t<\/div>\n\t\t\n\t<\/div>\n\n<\/div>\n<div class=\"anwp-pg-post-teaser anwp-pg-post-teaser--inner-cover-link anwp-pg-post-teaser--layout-d d-flex flex-column swiper-slide anwp-pg-post-teaser--with-read-more \">\n\t<div class=\"anwp-pg-post-teaser__thumbnail position-relative\">\n\n\t\t\n\t\t\n\t\t\t\t\t<img loading=\"lazy\" class=\"anwp-pg-post-teaser__thumbnail-img d-block anwp-pg-height-180 anwp-object-cover m-0 w-100\"\n\t\t\t\talt=\"Neue Schaumstoffliner f\u00fcr schwierige Verpackungsherausforderungen\"\n\t\t\t\tsrc=\"https:\/\/www.seliggroup.com\/wp-content\/uploads\/2022\/12\/new-foam-liner-tough-packaging-challenges-1.jpeg\"\/>\n\t\t\n\t\t<div class=\"anwp-pg-post-teaser__thumbnail-bg anwp-position-cover\"><\/div>\n\n\t\t<a class=\"anwp-position-cover anwp-link-without-effects\" href=\"https:\/\/www.seliggroup.com\/de\/neue-schaumstoffliner-fuer-schwierige-verpackungsherausforderungen\/\" aria-hidden=\"true\" ><\/a>\n\t<\/div>\n\n\t<div class=\"anwp-pg-post-teaser__content flex-grow-1 pt-1 d-flex flex-column\">\n\n\t\t<div class=\"anwp-pg-post-teaser__title anwp-font-heading mt-2\">\n\t\t\t<a class=\"anwp-link-without-effects\" href=\"https:\/\/www.seliggroup.com\/de\/neue-schaumstoffliner-fuer-schwierige-verpackungsherausforderungen\/\" aria-hidden=\"true\" >\n\t\t\t\tNeue Schaumstoffliner f\u00fcr schwierige Verpackungsherausforderungen\t\t\t<\/a>\n\t\t<\/div>\n\n\t\t<div class=\"anwp-pg-post-teaser__bottom-meta d-flex flex-wrap\">\n\n\t\t\t\n\t\t\t\t\t<\/div>\n\n\t\t\t\t\t<div class=\"anwp-pg-post-teaser__excerpt mb-2\">\n\t\t\t\tSelig hat ein fortschrittliches dreilagiges LDPE-Schaumstofflinermaterial auf den Markt gebracht, das vielen Branchen, die ihre Waren in festen Beh\u00e4ltern liefern, eine Reihe von Vorteilen bietet.\t\t\t<\/div>\n\t\t\n\t\t\t\t\t<div class=\"w-100 anwp-pg-read-more mt-auto\">\n\t\t\t\t<a href=\"https:\/\/www.seliggroup.com\/de\/neue-schaumstoffliner-fuer-schwierige-verpackungsherausforderungen\/\" \t\t\t\t\tclass=\"anwp-pg-read-more__btn mt-3 mb-0 btn btn-sm btn-outline-info w-100 text-decoration-none\">\n\t\t\t\t\tRead More\t\t\t\t<\/a>\n\t\t\t<\/div>\n\t\t\n\t<\/div>\n\n<\/div>\n<div class=\"anwp-pg-post-teaser anwp-pg-post-teaser--inner-cover-link anwp-pg-post-teaser--layout-d d-flex flex-column swiper-slide anwp-pg-post-teaser--with-read-more \">\n\t<div class=\"anwp-pg-post-teaser__thumbnail position-relative\">\n\n\t\t\n\t\t\n\t\t\t\t\t<img loading=\"lazy\" class=\"anwp-pg-post-teaser__thumbnail-img d-block anwp-pg-height-180 anwp-object-cover m-0 w-100\"\n\t\t\t\talt=\"Induktionsfolienversiegelungen f\u00fcr den Markt der Automobilfl\u00fcssigkeiten\"\n\t\t\t\tsrc=\"https:\/\/www.seliggroup.com\/wp-content\/uploads\/2022\/12\/induction-foil-seals-for-the-automotive-market-1.png\"\/>\n\t\t\n\t\t<div class=\"anwp-pg-post-teaser__thumbnail-bg anwp-position-cover\"><\/div>\n\n\t\t<a class=\"anwp-position-cover anwp-link-without-effects\" href=\"https:\/\/www.seliggroup.com\/de\/induktionsfolienversiegelungen-fuer-den-markt-der-automobilfluessigkeiten\/\" aria-hidden=\"true\" ><\/a>\n\t<\/div>\n\n\t<div class=\"anwp-pg-post-teaser__content flex-grow-1 pt-1 d-flex flex-column\">\n\n\t\t<div class=\"anwp-pg-post-teaser__title anwp-font-heading mt-2\">\n\t\t\t<a class=\"anwp-link-without-effects\" href=\"https:\/\/www.seliggroup.com\/de\/induktionsfolienversiegelungen-fuer-den-markt-der-automobilfluessigkeiten\/\" aria-hidden=\"true\" >\n\t\t\t\tInduktionsfolienversiegelungen f\u00fcr den Markt der Automobilfl\u00fcssigkeiten\t\t\t<\/a>\n\t\t<\/div>\n\n\t\t<div class=\"anwp-pg-post-teaser__bottom-meta d-flex flex-wrap\">\n\n\t\t\t\n\t\t\t\t\t<\/div>\n\n\t\t\t\t\t<div class=\"anwp-pg-post-teaser__excerpt mb-2\">\n\t\t\t\tW\u00e4hrend der Auslaufschutz oft der Hauptgrund f\u00fcr die Induktionsversiegelung von Automobilprodukten ist, bietet die Technologie inzwischen auch andere bedeutende Vorteile f\u00fcr Lieferanten und H\u00e4ndler.\t\t\t<\/div>\n\t\t\n\t\t\t\t\t<div class=\"w-100 anwp-pg-read-more mt-auto\">\n\t\t\t\t<a href=\"https:\/\/www.seliggroup.com\/de\/induktionsfolienversiegelungen-fuer-den-markt-der-automobilfluessigkeiten\/\" \t\t\t\t\tclass=\"anwp-pg-read-more__btn mt-3 mb-0 btn btn-sm btn-outline-info w-100 text-decoration-none\">\n\t\t\t\t\tRead More\t\t\t\t<\/a>\n\t\t\t<\/div>\n\t\t\n\t<\/div>\n\n<\/div>\n<div class=\"anwp-pg-post-teaser anwp-pg-post-teaser--inner-cover-link anwp-pg-post-teaser--layout-d d-flex flex-column swiper-slide anwp-pg-post-teaser--with-read-more \">\n\t<div class=\"anwp-pg-post-teaser__thumbnail position-relative\">\n\n\t\t\n\t\t\n\t\t\t\t\t<img loading=\"lazy\" class=\"anwp-pg-post-teaser__thumbnail-img d-block anwp-pg-height-180 anwp-object-cover m-0 w-100\"\n\t\t\t\talt=\"Selig bringt Induktionsversiegelung f\u00fcr Glasgef\u00e4\u00dfe auf den Markt, die f\u00fcr fettige Lebensmittel geeignet sind\"\n\t\t\t\tsrc=\"https:\/\/www.seliggroup.com\/wp-content\/uploads\/2022\/12\/fatty-food-compliant-induction-seal-glass-jar-1.jpeg\"\/>\n\t\t\n\t\t<div class=\"anwp-pg-post-teaser__thumbnail-bg anwp-position-cover\"><\/div>\n\n\t\t<a class=\"anwp-position-cover anwp-link-without-effects\" href=\"https:\/\/www.seliggroup.com\/de\/selig-bringt-induktionsversiegelung-fuer-glasgefaesse-auf-den-markt-die-fuer-fettige-lebensmittel-geeignet-sind\/\" aria-hidden=\"true\" ><\/a>\n\t<\/div>\n\n\t<div class=\"anwp-pg-post-teaser__content flex-grow-1 pt-1 d-flex flex-column\">\n\n\t\t<div class=\"anwp-pg-post-teaser__title anwp-font-heading mt-2\">\n\t\t\t<a class=\"anwp-link-without-effects\" href=\"https:\/\/www.seliggroup.com\/de\/selig-bringt-induktionsversiegelung-fuer-glasgefaesse-auf-den-markt-die-fuer-fettige-lebensmittel-geeignet-sind\/\" aria-hidden=\"true\" >\n\t\t\t\tSelig bringt Induktionsversiegelung f\u00fcr Glasgef\u00e4\u00dfe auf den Markt, die f\u00fcr fettige Lebensmittel geeignet sind\t\t\t<\/a>\n\t\t<\/div>\n\n\t\t<div class=\"anwp-pg-post-teaser__bottom-meta d-flex flex-wrap\">\n\n\t\t\t\n\t\t\t\t\t<\/div>\n\n\t\t\t\t\t<div class=\"anwp-pg-post-teaser__excerpt mb-2\">\n\t\t\t\tSelig hat einen innovativen neuen Induktionsliner auf den Markt gebracht, der die EU-Vorschriften f\u00fcr den Kontakt mit fetthaltigen Lebensmitteln erf\u00fcllt.\t\t\t<\/div>\n\t\t\n\t\t\t\t\t<div class=\"w-100 anwp-pg-read-more mt-auto\">\n\t\t\t\t<a href=\"https:\/\/www.seliggroup.com\/de\/selig-bringt-induktionsversiegelung-fuer-glasgefaesse-auf-den-markt-die-fuer-fettige-lebensmittel-geeignet-sind\/\" \t\t\t\t\tclass=\"anwp-pg-read-more__btn mt-3 mb-0 btn btn-sm btn-outline-info w-100 text-decoration-none\">\n\t\t\t\t\tRead More\t\t\t\t<\/a>\n\t\t\t<\/div>\n\t\t\n\t<\/div>\n\n<\/div>\n<div class=\"anwp-pg-post-teaser anwp-pg-post-teaser--inner-cover-link anwp-pg-post-teaser--layout-d d-flex flex-column swiper-slide anwp-pg-post-teaser--with-read-more \">\n\t<div class=\"anwp-pg-post-teaser__thumbnail position-relative\">\n\n\t\t\n\t\t\n\t\t\t\t\t<img loading=\"lazy\" class=\"anwp-pg-post-teaser__thumbnail-img d-block anwp-pg-height-180 anwp-object-cover m-0 w-100\"\n\t\t\t\talt=\"Manipulationssichere Verpackungen f\u00fcr Molkereiprodukte bereitstellen\"\n\t\t\t\tsrc=\"https:\/\/www.seliggroup.com\/wp-content\/uploads\/2022\/12\/tamper-evident-dairy-packaging-1.jpeg\"\/>\n\t\t\n\t\t<div class=\"anwp-pg-post-teaser__thumbnail-bg anwp-position-cover\"><\/div>\n\n\t\t<a class=\"anwp-position-cover anwp-link-without-effects\" href=\"https:\/\/www.seliggroup.com\/de\/manipulationssichere-verpackungen-fuer-molkereiprodukte-bereitstellen\/\" aria-hidden=\"true\" ><\/a>\n\t<\/div>\n\n\t<div class=\"anwp-pg-post-teaser__content flex-grow-1 pt-1 d-flex flex-column\">\n\n\t\t<div class=\"anwp-pg-post-teaser__title anwp-font-heading mt-2\">\n\t\t\t<a class=\"anwp-link-without-effects\" href=\"https:\/\/www.seliggroup.com\/de\/manipulationssichere-verpackungen-fuer-molkereiprodukte-bereitstellen\/\" aria-hidden=\"true\" >\n\t\t\t\tManipulationssichere Verpackungen f\u00fcr Molkereiprodukte bereitstellen\t\t\t<\/a>\n\t\t<\/div>\n\n\t\t<div class=\"anwp-pg-post-teaser__bottom-meta d-flex flex-wrap\">\n\n\t\t\t\n\t\t\t\t\t<\/div>\n\n\t\t\t\t\t<div class=\"anwp-pg-post-teaser__excerpt mb-2\">\n\t\t\t\tDas Bed\u00fcrfnis von Verbrauchern und Einzelh\u00e4ndlern nach Vertrauen in Frische und Integrit\u00e4t von Lebensmitteln und Getr\u00e4nken ist st\u00e4rker denn je. Die Induktionsversiegelung erf\u00fcllt diese Anforderungen.\t\t\t<\/div>\n\t\t\n\t\t\t\t\t<div class=\"w-100 anwp-pg-read-more mt-auto\">\n\t\t\t\t<a href=\"https:\/\/www.seliggroup.com\/de\/manipulationssichere-verpackungen-fuer-molkereiprodukte-bereitstellen\/\" \t\t\t\t\tclass=\"anwp-pg-read-more__btn mt-3 mb-0 btn btn-sm btn-outline-info w-100 text-decoration-none\">\n\t\t\t\t\tRead More\t\t\t\t<\/a>\n\t\t\t<\/div>\n\t\t\n\t<\/div>\n\n<\/div>\n<div class=\"anwp-pg-post-teaser anwp-pg-post-teaser--inner-cover-link anwp-pg-post-teaser--layout-d d-flex flex-column swiper-slide anwp-pg-post-teaser--with-read-more \">\n\t<div class=\"anwp-pg-post-teaser__thumbnail position-relative\">\n\n\t\t\n\t\t\n\t\t\t\t\t<img loading=\"lazy\" class=\"anwp-pg-post-teaser__thumbnail-img d-block anwp-pg-height-180 anwp-object-cover m-0 w-100\"\n\t\t\t\talt=\"Manipulationsnachweis: Die perfekte Verpackung erstellen\"\n\t\t\t\tsrc=\"https:\/\/www.seliggroup.com\/wp-content\/uploads\/2022\/12\/tamper-evidence-perfect-package-1.jpeg\"\/>\n\t\t\n\t\t<div class=\"anwp-pg-post-teaser__thumbnail-bg anwp-position-cover\"><\/div>\n\n\t\t<a class=\"anwp-position-cover anwp-link-without-effects\" href=\"https:\/\/www.seliggroup.com\/de\/manipulationsnachweis-die-perfekte-verpackung-erstellen\/\" aria-hidden=\"true\" ><\/a>\n\t<\/div>\n\n\t<div class=\"anwp-pg-post-teaser__content flex-grow-1 pt-1 d-flex flex-column\">\n\n\t\t<div class=\"anwp-pg-post-teaser__title anwp-font-heading mt-2\">\n\t\t\t<a class=\"anwp-link-without-effects\" href=\"https:\/\/www.seliggroup.com\/de\/manipulationsnachweis-die-perfekte-verpackung-erstellen\/\" aria-hidden=\"true\" >\n\t\t\t\tManipulationsnachweis: Die perfekte Verpackung erstellen\t\t\t<\/a>\n\t\t<\/div>\n\n\t\t<div class=\"anwp-pg-post-teaser__bottom-meta d-flex flex-wrap\">\n\n\t\t\t\n\t\t\t\t\t<\/div>\n\n\t\t\t\t\t<div class=\"anwp-pg-post-teaser__excerpt mb-2\">\n\t\t\t\tDer europ\u00e4ische Vertriebsleiter von Selig, Peter Tindale, beschreibt die Liner-Materialien und wie die Prozessparameter Druck, Hitze und Zeit f\u00fcr den Erfolg der Induktionshitzeversiegelung entscheidend sind.\t\t\t<\/div>\n\t\t\n\t\t\t\t\t<div class=\"w-100 anwp-pg-read-more mt-auto\">\n\t\t\t\t<a href=\"https:\/\/www.seliggroup.com\/de\/manipulationsnachweis-die-perfekte-verpackung-erstellen\/\" \t\t\t\t\tclass=\"anwp-pg-read-more__btn mt-3 mb-0 btn btn-sm btn-outline-info w-100 text-decoration-none\">\n\t\t\t\t\tRead More\t\t\t\t<\/a>\n\t\t\t<\/div>\n\t\t\n\t<\/div>\n\n<\/div>\n<div class=\"anwp-pg-post-teaser anwp-pg-post-teaser--inner-cover-link anwp-pg-post-teaser--layout-d d-flex flex-column swiper-slide anwp-pg-post-teaser--with-read-more \">\n\t<div class=\"anwp-pg-post-teaser__thumbnail position-relative\">\n\n\t\t\n\t\t\n\t\t\t\t\t<img loading=\"lazy\" class=\"anwp-pg-post-teaser__thumbnail-img d-block anwp-pg-height-180 anwp-object-cover m-0 w-100\"\n\t\t\t\talt=\"Pharmazeutische Verpackungen f\u00fcr eine alternde Bev\u00f6lkerung zukunftssicher gestalten\"\n\t\t\t\tsrc=\"https:\/\/www.seliggroup.com\/wp-content\/uploads\/2022\/12\/future-proofing-pharmaceutical-packaging-1.png\"\/>\n\t\t\n\t\t<div class=\"anwp-pg-post-teaser__thumbnail-bg anwp-position-cover\"><\/div>\n\n\t\t<a class=\"anwp-position-cover anwp-link-without-effects\" href=\"https:\/\/www.seliggroup.com\/de\/pharmazeutische-verpackungen-fuer-eine-alternde-bevoelkerung-zukunftssicher-gestalten\/\" aria-hidden=\"true\" ><\/a>\n\t<\/div>\n\n\t<div class=\"anwp-pg-post-teaser__content flex-grow-1 pt-1 d-flex flex-column\">\n\n\t\t<div class=\"anwp-pg-post-teaser__title anwp-font-heading mt-2\">\n\t\t\t<a class=\"anwp-link-without-effects\" href=\"https:\/\/www.seliggroup.com\/de\/pharmazeutische-verpackungen-fuer-eine-alternde-bevoelkerung-zukunftssicher-gestalten\/\" aria-hidden=\"true\" >\n\t\t\t\tPharmazeutische Verpackungen f\u00fcr eine alternde Bev\u00f6lkerung zukunftssicher gestalten\t\t\t<\/a>\n\t\t<\/div>\n\n\t\t<div class=\"anwp-pg-post-teaser__bottom-meta d-flex flex-wrap\">\n\n\t\t\t\n\t\t\t\t\t<\/div>\n\n\t\t\t\t\t<div class=\"anwp-pg-post-teaser__excerpt mb-2\">\n\t\t\t\tSelig hat einen Konzeptliner Lift &#8216;n&#8217; Peel TamperSeal f\u00fcr Arzneimittelverpackungen entwickelt, der \u00e4hnliche Eigenschaften aufweist wie der \u00e4u\u00dferst erfolgreiche Lift &#8216;n&#8217; Peel Induktionsliner, und der als Versiegelung der Wahl f\u00fcr ...\t\t\t<\/div>\n\t\t\n\t\t\t\t\t<div class=\"w-100 anwp-pg-read-more mt-auto\">\n\t\t\t\t<a href=\"https:\/\/www.seliggroup.com\/de\/pharmazeutische-verpackungen-fuer-eine-alternde-bevoelkerung-zukunftssicher-gestalten\/\" \t\t\t\t\tclass=\"anwp-pg-read-more__btn mt-3 mb-0 btn btn-sm btn-outline-info w-100 text-decoration-none\">\n\t\t\t\t\tRead More\t\t\t\t<\/a>\n\t\t\t<\/div>\n\t\t\n\t<\/div>\n\n<\/div>\n<div class=\"anwp-pg-post-teaser anwp-pg-post-teaser--inner-cover-link anwp-pg-post-teaser--layout-d d-flex flex-column swiper-slide anwp-pg-post-teaser--with-read-more \">\n\t<div class=\"anwp-pg-post-teaser__thumbnail position-relative\">\n\n\t\t\n\t\t\n\t\t\t\t\t<img loading=\"lazy\" class=\"anwp-pg-post-teaser__thumbnail-img d-block anwp-pg-height-180 anwp-object-cover m-0 w-100\"\n\t\t\t\talt=\"Lift &#8216;n&#8217; Peel\u2122 belegt Platz 1 in der Verbraucherstudie\"\n\t\t\t\tsrc=\"https:\/\/www.seliggroup.com\/wp-content\/uploads\/2022\/12\/lift-n-peel-first-in-consumer-study-1.jpeg\"\/>\n\t\t\n\t\t<div class=\"anwp-pg-post-teaser__thumbnail-bg anwp-position-cover\"><\/div>\n\n\t\t<a class=\"anwp-position-cover anwp-link-without-effects\" href=\"https:\/\/www.seliggroup.com\/de\/lift-n-peel-belegt-platz-1-in-der-verbraucherstudie\/\" aria-hidden=\"true\" ><\/a>\n\t<\/div>\n\n\t<div class=\"anwp-pg-post-teaser__content flex-grow-1 pt-1 d-flex flex-column\">\n\n\t\t<div class=\"anwp-pg-post-teaser__title anwp-font-heading mt-2\">\n\t\t\t<a class=\"anwp-link-without-effects\" href=\"https:\/\/www.seliggroup.com\/de\/lift-n-peel-belegt-platz-1-in-der-verbraucherstudie\/\" aria-hidden=\"true\" >\n\t\t\t\tLift &#8216;n&#8217; Peel\u2122 belegt Platz 1 in der Verbraucherstudie\t\t\t<\/a>\n\t\t<\/div>\n\n\t\t<div class=\"anwp-pg-post-teaser__bottom-meta d-flex flex-wrap\">\n\n\t\t\t\n\t\t\t\t\t<\/div>\n\n\t\t\t\t\t<div class=\"anwp-pg-post-teaser__excerpt mb-2\">\n\t\t\t\tIn einer k\u00fcrzlich durchgef\u00fchrten Verbraucherstudie wurden Sicherheit, Auslaufschutz und Frischeerhaltung als die wichtigsten Verpackungsmerkmale genannt. Lift &#8216;n Peel\u2122 erwies sich als die am meisten (remove) bevorzugte Versiegelungsoption, um diese Eigenschaften ...\t\t\t<\/div>\n\t\t\n\t\t\t\t\t<div class=\"w-100 anwp-pg-read-more mt-auto\">\n\t\t\t\t<a href=\"https:\/\/www.seliggroup.com\/de\/lift-n-peel-belegt-platz-1-in-der-verbraucherstudie\/\" \t\t\t\t\tclass=\"anwp-pg-read-more__btn mt-3 mb-0 btn btn-sm btn-outline-info w-100 text-decoration-none\">\n\t\t\t\t\tRead More\t\t\t\t<\/a>\n\t\t\t<\/div>\n\t\t\n\t<\/div>\n\n<\/div>\n<div class=\"anwp-pg-post-teaser anwp-pg-post-teaser--inner-cover-link anwp-pg-post-teaser--layout-d d-flex flex-column swiper-slide anwp-pg-post-teaser--with-read-more \">\n\t<div class=\"anwp-pg-post-teaser__thumbnail position-relative\">\n\n\t\t\n\t\t\n\t\t\t\t\t<img loading=\"lazy\" class=\"anwp-pg-post-teaser__thumbnail-img d-block anwp-pg-height-180 anwp-object-cover m-0 w-100\"\n\t\t\t\talt=\"Die Auswirkungen von Verpackungen auf ein alterndes Amerika\"\n\t\t\t\tsrc=\"https:\/\/www.seliggroup.com\/wp-content\/uploads\/2022\/12\/the-impact-of-packaging-on-a-graying-america-1.png\"\/>\n\t\t\n\t\t<div class=\"anwp-pg-post-teaser__thumbnail-bg anwp-position-cover\"><\/div>\n\n\t\t<a class=\"anwp-position-cover anwp-link-without-effects\" href=\"https:\/\/www.seliggroup.com\/de\/die-auswirkungen-von-verpackungen-auf-ein-alterndes-amerika\/\" aria-hidden=\"true\" ><\/a>\n\t<\/div>\n\n\t<div class=\"anwp-pg-post-teaser__content flex-grow-1 pt-1 d-flex flex-column\">\n\n\t\t<div class=\"anwp-pg-post-teaser__title anwp-font-heading mt-2\">\n\t\t\t<a class=\"anwp-link-without-effects\" href=\"https:\/\/www.seliggroup.com\/de\/die-auswirkungen-von-verpackungen-auf-ein-alterndes-amerika\/\" aria-hidden=\"true\" >\n\t\t\t\tDie Auswirkungen von Verpackungen auf ein alterndes Amerika\t\t\t<\/a>\n\t\t<\/div>\n\n\t\t<div class=\"anwp-pg-post-teaser__bottom-meta d-flex flex-wrap\">\n\n\t\t\t\n\t\t\t\t\t<\/div>\n\n\t\t\t\t\t<div class=\"anwp-pg-post-teaser__excerpt mb-2\">\n\t\t\t\tDarren Dodd, Marketing- und Service-Direktor von Selig Europe, erkl\u00e4rt, was die Verpackungsbranche tun kann, um der alternden Bev\u00f6lkerung in Europa gerecht zu werden.\t\t\t<\/div>\n\t\t\n\t\t\t\t\t<div class=\"w-100 anwp-pg-read-more mt-auto\">\n\t\t\t\t<a href=\"https:\/\/www.seliggroup.com\/de\/die-auswirkungen-von-verpackungen-auf-ein-alterndes-amerika\/\" \t\t\t\t\tclass=\"anwp-pg-read-more__btn mt-3 mb-0 btn btn-sm btn-outline-info w-100 text-decoration-none\">\n\t\t\t\t\tRead More\t\t\t\t<\/a>\n\t\t\t<\/div>\n\t\t\n\t<\/div>\n\n<\/div>\n<div class=\"anwp-pg-post-teaser anwp-pg-post-teaser--inner-cover-link anwp-pg-post-teaser--layout-d d-flex flex-column swiper-slide anwp-pg-post-teaser--with-read-more \">\n\t<div class=\"anwp-pg-post-teaser__thumbnail position-relative\">\n\n\t\t\n\t\t\n\t\t\t\t\t<img loading=\"lazy\" class=\"anwp-pg-post-teaser__thumbnail-img d-block anwp-pg-height-180 anwp-object-cover m-0 w-100\"\n\t\t\t\talt=\"Manipulationsnachweis bei Verpackungen im Gesundheitswesen\"\n\t\t\t\tsrc=\"https:\/\/www.seliggroup.com\/wp-content\/uploads\/2022\/12\/tamper-evidence-healthcare-packaging-1.gif\"\/>\n\t\t\n\t\t<div class=\"anwp-pg-post-teaser__thumbnail-bg anwp-position-cover\"><\/div>\n\n\t\t<a class=\"anwp-position-cover anwp-link-without-effects\" href=\"https:\/\/www.seliggroup.com\/de\/manipulationsnachweis-bei-verpackungen-im-gesundheitswesen\/\" aria-hidden=\"true\" ><\/a>\n\t<\/div>\n\n\t<div class=\"anwp-pg-post-teaser__content flex-grow-1 pt-1 d-flex flex-column\">\n\n\t\t<div class=\"anwp-pg-post-teaser__title anwp-font-heading mt-2\">\n\t\t\t<a class=\"anwp-link-without-effects\" href=\"https:\/\/www.seliggroup.com\/de\/manipulationsnachweis-bei-verpackungen-im-gesundheitswesen\/\" aria-hidden=\"true\" >\n\t\t\t\tManipulationsnachweis bei Verpackungen im Gesundheitswesen\t\t\t<\/a>\n\t\t<\/div>\n\n\t\t<div class=\"anwp-pg-post-teaser__bottom-meta d-flex flex-wrap\">\n\n\t\t\t\n\t\t\t\t\t<\/div>\n\n\t\t\t\t\t<div class=\"anwp-pg-post-teaser__excerpt mb-2\">\n\t\t\t\tEine bew\u00e4hrte Technologie zur Erkennung von Manipulationen bei festen Beh\u00e4ltern ist der Induktionsverschluss. Bei diesem Ansatz wird ein mehrlagiger laminierter Liner im Inneren des Beh\u00e4lterdeckels verwendet.\t\t\t<\/div>\n\t\t\n\t\t\t\t\t<div class=\"w-100 anwp-pg-read-more mt-auto\">\n\t\t\t\t<a href=\"https:\/\/www.seliggroup.com\/de\/manipulationsnachweis-bei-verpackungen-im-gesundheitswesen\/\" \t\t\t\t\tclass=\"anwp-pg-read-more__btn mt-3 mb-0 btn btn-sm btn-outline-info w-100 text-decoration-none\">\n\t\t\t\t\tRead More\t\t\t\t<\/a>\n\t\t\t<\/div>\n\t\t\n\t<\/div>\n\n<\/div>\n<div class=\"anwp-pg-post-teaser anwp-pg-post-teaser--inner-cover-link anwp-pg-post-teaser--layout-d d-flex flex-column swiper-slide anwp-pg-post-teaser--with-read-more \">\n\t<div class=\"anwp-pg-post-teaser__thumbnail position-relative\">\n\n\t\t\n\t\t\n\t\t\t\t\t<img loading=\"lazy\" class=\"anwp-pg-post-teaser__thumbnail-img d-block anwp-pg-height-180 anwp-object-cover m-0 w-100\"\n\t\t\t\talt=\"Lift &#8216;n&#8217; Peel\u2122 Piktogramm neu gestaltet\"\n\t\t\t\tsrc=\"https:\/\/www.seliggroup.com\/wp-content\/uploads\/2022\/12\/lift-n-peel-pictogram-redesign-1.gif\"\/>\n\t\t\n\t\t<div class=\"anwp-pg-post-teaser__thumbnail-bg anwp-position-cover\"><\/div>\n\n\t\t<a class=\"anwp-position-cover anwp-link-without-effects\" href=\"https:\/\/www.seliggroup.com\/de\/lift-n-peel-piktogramm-neu-gestaltet\/\" aria-hidden=\"true\" ><\/a>\n\t<\/div>\n\n\t<div class=\"anwp-pg-post-teaser__content flex-grow-1 pt-1 d-flex flex-column\">\n\n\t\t<div class=\"anwp-pg-post-teaser__title anwp-font-heading mt-2\">\n\t\t\t<a class=\"anwp-link-without-effects\" href=\"https:\/\/www.seliggroup.com\/de\/lift-n-peel-piktogramm-neu-gestaltet\/\" aria-hidden=\"true\" >\n\t\t\t\tLift &#8216;n&#8217; Peel\u2122 Piktogramm neu gestaltet\t\t\t<\/a>\n\t\t<\/div>\n\n\t\t<div class=\"anwp-pg-post-teaser__bottom-meta d-flex flex-wrap\">\n\n\t\t\t\n\t\t\t\t\t<\/div>\n\n\t\t\t\t\t<div class=\"anwp-pg-post-teaser__excerpt mb-2\">\n\t\t\t\tSelig wird die Grafiken seiner leicht zu \u00f6ffnenden Lift &#8216;n&#8217; Peel\u2122-Beh\u00e4lterliner \u00fcberarbeiten, nachdem Umfragen gezeigt haben, dass klarere \u00d6ffnungshinweise hilfreich sind.\t\t\t<\/div>\n\t\t\n\t\t\t\t\t<div class=\"w-100 anwp-pg-read-more mt-auto\">\n\t\t\t\t<a href=\"https:\/\/www.seliggroup.com\/de\/lift-n-peel-piktogramm-neu-gestaltet\/\" \t\t\t\t\tclass=\"anwp-pg-read-more__btn mt-3 mb-0 btn btn-sm btn-outline-info w-100 text-decoration-none\">\n\t\t\t\t\tRead More\t\t\t\t<\/a>\n\t\t\t<\/div>\n\t\t\n\t<\/div>\n\n<\/div>\n<div class=\"anwp-pg-post-teaser anwp-pg-post-teaser--inner-cover-link anwp-pg-post-teaser--layout-d d-flex flex-column swiper-slide anwp-pg-post-teaser--with-read-more \">\n\t<div class=\"anwp-pg-post-teaser__thumbnail position-relative\">\n\n\t\t\n\t\t\n\t\t\t\t\t<img loading=\"lazy\" class=\"anwp-pg-post-teaser__thumbnail-img d-block anwp-pg-height-180 anwp-object-cover m-0 w-100\"\n\t\t\t\talt=\"Manipulationsnachweis: Wie man die perfekte Verpackung erstellt\"\n\t\t\t\tsrc=\"https:\/\/www.seliggroup.com\/wp-content\/uploads\/2022\/11\/TamperSeal-LiftnPeel-1.jpg\"\/>\n\t\t\n\t\t<div class=\"anwp-pg-post-teaser__thumbnail-bg anwp-position-cover\"><\/div>\n\n\t\t<a class=\"anwp-position-cover anwp-link-without-effects\" href=\"https:\/\/www.seliggroup.com\/de\/manipulationsnachweis-wie-man-die-perfekte-verpackung-erstellt\/\" aria-hidden=\"true\" ><\/a>\n\t<\/div>\n\n\t<div class=\"anwp-pg-post-teaser__content flex-grow-1 pt-1 d-flex flex-column\">\n\n\t\t<div class=\"anwp-pg-post-teaser__title anwp-font-heading mt-2\">\n\t\t\t<a class=\"anwp-link-without-effects\" href=\"https:\/\/www.seliggroup.com\/de\/manipulationsnachweis-wie-man-die-perfekte-verpackung-erstellt\/\" aria-hidden=\"true\" >\n\t\t\t\tManipulationsnachweis: Wie man die perfekte Verpackung erstellt\t\t\t<\/a>\n\t\t<\/div>\n\n\t\t<div class=\"anwp-pg-post-teaser__bottom-meta d-flex flex-wrap\">\n\n\t\t\t\n\t\t\t\t\t<\/div>\n\n\t\t\t\t\t<div class=\"anwp-pg-post-teaser__excerpt mb-2\">\n\t\t\t\tDarren Dodd von Selig erkl\u00e4rt, wie die Induktionsversiegelung unter Verwendung des am besten geeigneten Liner-Materials die Frische der Produkte bewahrt, die Haltbarkeit verl\u00e4ngert und einen sichtbaren Manipulationsschutz bietet.\t\t\t<\/div>\n\t\t\n\t\t\t\t\t<div class=\"w-100 anwp-pg-read-more mt-auto\">\n\t\t\t\t<a href=\"https:\/\/www.seliggroup.com\/de\/manipulationsnachweis-wie-man-die-perfekte-verpackung-erstellt\/\" \t\t\t\t\tclass=\"anwp-pg-read-more__btn mt-3 mb-0 btn btn-sm btn-outline-info w-100 text-decoration-none\">\n\t\t\t\t\tRead More\t\t\t\t<\/a>\n\t\t\t<\/div>\n\t\t\n\t<\/div>\n\n<\/div>\n<div class=\"anwp-pg-post-teaser anwp-pg-post-teaser--inner-cover-link anwp-pg-post-teaser--layout-d d-flex flex-column swiper-slide anwp-pg-post-teaser--with-read-more \">\n\t<div class=\"anwp-pg-post-teaser__thumbnail position-relative\">\n\n\t\t\n\t\t\n\t\t\t\t\t<img loading=\"lazy\" class=\"anwp-pg-post-teaser__thumbnail-img d-block anwp-pg-height-180 anwp-object-cover m-0 w-100\"\n\t\t\t\talt=\"Safe-Gard\u2122 Plus manipulationssichere Liner verbessert\"\n\t\t\t\tsrc=\"https:\/\/www.seliggroup.com\/wp-content\/uploads\/2022\/12\/safe-gard-plus-upgrade-1.gif\"\/>\n\t\t\n\t\t<div class=\"anwp-pg-post-teaser__thumbnail-bg anwp-position-cover\"><\/div>\n\n\t\t<a class=\"anwp-position-cover anwp-link-without-effects\" href=\"https:\/\/www.seliggroup.com\/de\/safe-gard-plus-manipulationssichere-liner-verbessert\/\" aria-hidden=\"true\" ><\/a>\n\t<\/div>\n\n\t<div class=\"anwp-pg-post-teaser__content flex-grow-1 pt-1 d-flex flex-column\">\n\n\t\t<div class=\"anwp-pg-post-teaser__title anwp-font-heading mt-2\">\n\t\t\t<a class=\"anwp-link-without-effects\" href=\"https:\/\/www.seliggroup.com\/de\/safe-gard-plus-manipulationssichere-liner-verbessert\/\" aria-hidden=\"true\" >\n\t\t\t\tSafe-Gard\u2122 Plus manipulationssichere Liner verbessert\t\t\t<\/a>\n\t\t<\/div>\n\n\t\t<div class=\"anwp-pg-post-teaser__bottom-meta d-flex flex-wrap\">\n\n\t\t\t\n\t\t\t\t\t<\/div>\n\n\t\t\t\t\t<div class=\"anwp-pg-post-teaser__excerpt mb-2\">\n\t\t\t\tSelig hat ein neu entwickeltes Sortiment von zweiteiligen, wachsbeschichteten Induktionslinern eingef\u00fchrt, die einen unvergleichlichen Verpackungsschutz f\u00fcr nahezu alle Umgebungen bieten.\t\t\t<\/div>\n\t\t\n\t\t\t\t\t<div class=\"w-100 anwp-pg-read-more mt-auto\">\n\t\t\t\t<a href=\"https:\/\/www.seliggroup.com\/de\/safe-gard-plus-manipulationssichere-liner-verbessert\/\" \t\t\t\t\tclass=\"anwp-pg-read-more__btn mt-3 mb-0 btn btn-sm btn-outline-info w-100 text-decoration-none\">\n\t\t\t\t\tRead More\t\t\t\t<\/a>\n\t\t\t<\/div>\n\t\t\n\t<\/div>\n\n<\/div>\n\t\t<\/div>\n\n\t\t\t\t\t\t\t\t\t\t\t\t<div class=\"elementor-swiper-button elementor-swiper-button-prev\">\n\t\t\t\t\t<svg class=\"anwp-pg-icon anwp-pg-icon--feather anwp-pg-icon--s28\">\n\t\t\t\t\t\t<use xlink:href=\"#icon-anwp-pg-chevron-left\"><\/use>\n\t\t\t\t\t<\/svg>\n\t\t\t\t\t<span class=\"elementor-screen-only\">Previous<\/span>\n\t\t\t\t<\/div>\n\t\t\t\t<div class=\"elementor-swiper-button elementor-swiper-button-next\">\n\t\t\t\t\t<svg class=\"anwp-pg-icon anwp-pg-icon--feather anwp-pg-icon--s28\">\n\t\t\t\t\t\t<use xlink:href=\"#icon-anwp-pg-chevron-right\"><\/use>\n\t\t\t\t\t<\/svg>\n\t\t\t\t\t<span class=\"elementor-screen-only\">Next<\/span>\n\t\t\t\t<\/div>\n\t\t\t\t\t\t<\/div>\n<\/div>\n\t\t\t\t<\/div>\n\t\t\t\t<\/div>\n\t\t\t\t<\/div>\n\t\t\t\t<\/div>\n\t\t\t\t<\/div>\n\t\t","protected":false},"excerpt":{"rendered":"<p>\u5305\u88c5\u5728\u5ba2\u6237\u6ee1\u610f\u5ea6\u548c\u8d2d\u4e70\u51b3\u7b56\u4e2d\u8d77\u7740\u5173\u952e\u4f5c\u7528\uff0c\u5236\u9020\u5546\u53ef\u4ee5\u4ece\u6d88\u8d39\u8005\u7684\u8d2d\u4e70\u884c\u4e3a\u4e2d\u5b66\u5230\u4ec0\u4e48\uff0c\u4ee5\u53ca\u5305\u88c5\u5982\u4f55\u6f14\u53d8\u4ee5\u5e94\u5bf9\u5bf9\u5176\u63d0\u51fa\u7684\u4f17\u591a\u8981\u6c42\uff1f<\/p>\n","protected":false},"author":3,"featured_media":58376,"comment_status":"closed","ping_status":"closed","sticky":false,"template":"","format":"standard","meta":{"_acf_changed":false,"inline_featured_image":false,"_monsterinsights_skip_tracking":false,"_monsterinsights_sitenote_active":false,"_monsterinsights_sitenote_note":"","_monsterinsights_sitenote_category":0,"footnotes":"","_links_to":"","_links_to_target":""},"categories":[1923],"tags":[1739],"class_list":["post-58375","post","type-post","status-publish","format-standard","has-post-thumbnail","hentry","category-white-papers-de","tag-lebensmittel"],"acf":[],"yoast_head":"<!-- This site is optimized with the Yoast SEO plugin v27.4 - https:\/\/yoast.com\/product\/yoast-seo-wordpress\/ -->\n<title>\u8c03\u5473\u54c1\uff1a\u5305\u88c5\u7684\u529b\u91cf\u548c\u6f5c\u529b - Selig Liners<\/title>\n<meta name=\"robots\" content=\"index, follow, max-snippet:-1, max-image-preview:large, max-video-preview:-1\" \/>\n<link rel=\"canonical\" href=\"https:\/\/www.seliggroup.com\/de\/%e8%b0%83%e5%91%b3%e5%93%81%ef%bc%9a%e5%8c%85%e8%a3%85%e7%9a%84%e5%8a%9b%e9%87%8f%e5%92%8c%e6%bd%9c%e5%8a%9b\/\" \/>\n<meta property=\"og:locale\" content=\"de_DE\" \/>\n<meta property=\"og:type\" content=\"article\" \/>\n<meta property=\"og:title\" content=\"\u8c03\u5473\u54c1\uff1a\u5305\u88c5\u7684\u529b\u91cf\u548c\u6f5c\u529b - Selig Liners\" \/>\n<meta property=\"og:description\" content=\"\u5305\u88c5\u5728\u5ba2\u6237\u6ee1\u610f\u5ea6\u548c\u8d2d\u4e70\u51b3\u7b56\u4e2d\u8d77\u7740\u5173\u952e\u4f5c\u7528\uff0c\u5236\u9020\u5546\u53ef\u4ee5\u4ece\u6d88\u8d39\u8005\u7684\u8d2d\u4e70\u884c\u4e3a\u4e2d\u5b66\u5230\u4ec0\u4e48\uff0c\u4ee5\u53ca\u5305\u88c5\u5982\u4f55\u6f14\u53d8\u4ee5\u5e94\u5bf9\u5bf9\u5176\u63d0\u51fa\u7684\u4f17\u591a\u8981\u6c42\uff1f\" \/>\n<meta property=\"og:url\" content=\"https:\/\/www.seliggroup.com\/de\/%e8%b0%83%e5%91%b3%e5%93%81%ef%bc%9a%e5%8c%85%e8%a3%85%e7%9a%84%e5%8a%9b%e9%87%8f%e5%92%8c%e6%bd%9c%e5%8a%9b\/\" \/>\n<meta property=\"og:site_name\" content=\"Selig Liners\" \/>\n<meta property=\"article:published_time\" content=\"2021-08-05T02:56:39+00:00\" \/>\n<meta property=\"article:modified_time\" content=\"2023-05-20T11:48:43+00:00\" \/>\n<meta property=\"og:image\" content=\"https:\/\/www.seliggroup.com\/wp-content\/uploads\/2022\/11\/Selig-Condiments-Ketchup-Image-scaled-1.jpeg\" \/>\n\t<meta property=\"og:image:width\" content=\"2560\" \/>\n\t<meta property=\"og:image:height\" content=\"1840\" \/>\n\t<meta property=\"og:image:type\" content=\"image\/jpeg\" \/>\n<meta name=\"author\" content=\"Amabel Ryan\" \/>\n<meta name=\"twitter:card\" content=\"summary_large_image\" \/>\n<meta name=\"twitter:label1\" content=\"Verfasst von\" \/>\n\t<meta name=\"twitter:data1\" content=\"Amabel Ryan\" \/>\n\t<meta name=\"twitter:label2\" content=\"Gesch\u00e4tzte Lesezeit\" \/>\n\t<meta name=\"twitter:data2\" content=\"17\u00a0Minuten\" \/>\n<script type=\"application\/ld+json\" class=\"yoast-schema-graph\">{\"@context\":\"https:\\\/\\\/schema.org\",\"@graph\":[{\"@type\":\"Article\",\"@id\":\"https:\\\/\\\/www.seliggroup.com\\\/de\\\/%e8%b0%83%e5%91%b3%e5%93%81%ef%bc%9a%e5%8c%85%e8%a3%85%e7%9a%84%e5%8a%9b%e9%87%8f%e5%92%8c%e6%bd%9c%e5%8a%9b\\\/#article\",\"isPartOf\":{\"@id\":\"https:\\\/\\\/www.seliggroup.com\\\/de\\\/%e8%b0%83%e5%91%b3%e5%93%81%ef%bc%9a%e5%8c%85%e8%a3%85%e7%9a%84%e5%8a%9b%e9%87%8f%e5%92%8c%e6%bd%9c%e5%8a%9b\\\/\"},\"author\":{\"name\":\"Amabel Ryan\",\"@id\":\"https:\\\/\\\/www.seliggroup.com\\\/de\\\/#\\\/schema\\\/person\\\/e7b30b0f09d9837fcb675cbf121c4fbb\"},\"headline\":\"\u8c03\u5473\u54c1\uff1a\u5305\u88c5\u7684\u529b\u91cf\u548c\u6f5c\u529b\",\"datePublished\":\"2021-08-05T02:56:39+00:00\",\"dateModified\":\"2023-05-20T11:48:43+00:00\",\"mainEntityOfPage\":{\"@id\":\"https:\\\/\\\/www.seliggroup.com\\\/de\\\/%e8%b0%83%e5%91%b3%e5%93%81%ef%bc%9a%e5%8c%85%e8%a3%85%e7%9a%84%e5%8a%9b%e9%87%8f%e5%92%8c%e6%bd%9c%e5%8a%9b\\\/\"},\"wordCount\":3491,\"publisher\":{\"@id\":\"https:\\\/\\\/www.seliggroup.com\\\/de\\\/#organization\"},\"image\":{\"@id\":\"https:\\\/\\\/www.seliggroup.com\\\/de\\\/%e8%b0%83%e5%91%b3%e5%93%81%ef%bc%9a%e5%8c%85%e8%a3%85%e7%9a%84%e5%8a%9b%e9%87%8f%e5%92%8c%e6%bd%9c%e5%8a%9b\\\/#primaryimage\"},\"thumbnailUrl\":\"https:\\\/\\\/www.seliggroup.com\\\/wp-content\\\/uploads\\\/2022\\\/11\\\/Selig-Condiments-Ketchup-Image-scaled-1.jpeg\",\"keywords\":[\"Lebensmittel\"],\"articleSection\":[\"White Papers\"],\"inLanguage\":\"de\"},{\"@type\":\"WebPage\",\"@id\":\"https:\\\/\\\/www.seliggroup.com\\\/de\\\/%e8%b0%83%e5%91%b3%e5%93%81%ef%bc%9a%e5%8c%85%e8%a3%85%e7%9a%84%e5%8a%9b%e9%87%8f%e5%92%8c%e6%bd%9c%e5%8a%9b\\\/\",\"url\":\"https:\\\/\\\/www.seliggroup.com\\\/de\\\/%e8%b0%83%e5%91%b3%e5%93%81%ef%bc%9a%e5%8c%85%e8%a3%85%e7%9a%84%e5%8a%9b%e9%87%8f%e5%92%8c%e6%bd%9c%e5%8a%9b\\\/\",\"name\":\"\u8c03\u5473\u54c1\uff1a\u5305\u88c5\u7684\u529b\u91cf\u548c\u6f5c\u529b - Selig Liners\",\"isPartOf\":{\"@id\":\"https:\\\/\\\/www.seliggroup.com\\\/de\\\/#website\"},\"primaryImageOfPage\":{\"@id\":\"https:\\\/\\\/www.seliggroup.com\\\/de\\\/%e8%b0%83%e5%91%b3%e5%93%81%ef%bc%9a%e5%8c%85%e8%a3%85%e7%9a%84%e5%8a%9b%e9%87%8f%e5%92%8c%e6%bd%9c%e5%8a%9b\\\/#primaryimage\"},\"image\":{\"@id\":\"https:\\\/\\\/www.seliggroup.com\\\/de\\\/%e8%b0%83%e5%91%b3%e5%93%81%ef%bc%9a%e5%8c%85%e8%a3%85%e7%9a%84%e5%8a%9b%e9%87%8f%e5%92%8c%e6%bd%9c%e5%8a%9b\\\/#primaryimage\"},\"thumbnailUrl\":\"https:\\\/\\\/www.seliggroup.com\\\/wp-content\\\/uploads\\\/2022\\\/11\\\/Selig-Condiments-Ketchup-Image-scaled-1.jpeg\",\"datePublished\":\"2021-08-05T02:56:39+00:00\",\"dateModified\":\"2023-05-20T11:48:43+00:00\",\"breadcrumb\":{\"@id\":\"https:\\\/\\\/www.seliggroup.com\\\/de\\\/%e8%b0%83%e5%91%b3%e5%93%81%ef%bc%9a%e5%8c%85%e8%a3%85%e7%9a%84%e5%8a%9b%e9%87%8f%e5%92%8c%e6%bd%9c%e5%8a%9b\\\/#breadcrumb\"},\"inLanguage\":\"de\",\"potentialAction\":[{\"@type\":\"ReadAction\",\"target\":[\"https:\\\/\\\/www.seliggroup.com\\\/de\\\/%e8%b0%83%e5%91%b3%e5%93%81%ef%bc%9a%e5%8c%85%e8%a3%85%e7%9a%84%e5%8a%9b%e9%87%8f%e5%92%8c%e6%bd%9c%e5%8a%9b\\\/\"]}]},{\"@type\":\"ImageObject\",\"inLanguage\":\"de\",\"@id\":\"https:\\\/\\\/www.seliggroup.com\\\/de\\\/%e8%b0%83%e5%91%b3%e5%93%81%ef%bc%9a%e5%8c%85%e8%a3%85%e7%9a%84%e5%8a%9b%e9%87%8f%e5%92%8c%e6%bd%9c%e5%8a%9b\\\/#primaryimage\",\"url\":\"https:\\\/\\\/www.seliggroup.com\\\/wp-content\\\/uploads\\\/2022\\\/11\\\/Selig-Condiments-Ketchup-Image-scaled-1.jpeg\",\"contentUrl\":\"https:\\\/\\\/www.seliggroup.com\\\/wp-content\\\/uploads\\\/2022\\\/11\\\/Selig-Condiments-Ketchup-Image-scaled-1.jpeg\",\"width\":2560,\"height\":1840},{\"@type\":\"BreadcrumbList\",\"@id\":\"https:\\\/\\\/www.seliggroup.com\\\/de\\\/%e8%b0%83%e5%91%b3%e5%93%81%ef%bc%9a%e5%8c%85%e8%a3%85%e7%9a%84%e5%8a%9b%e9%87%8f%e5%92%8c%e6%bd%9c%e5%8a%9b\\\/#breadcrumb\",\"itemListElement\":[{\"@type\":\"ListItem\",\"position\":1,\"name\":\"Home\",\"item\":\"https:\\\/\\\/www.seliggroup.com\\\/de\\\/\"},{\"@type\":\"ListItem\",\"position\":2,\"name\":\"\u8c03\u5473\u54c1\uff1a\u5305\u88c5\u7684\u529b\u91cf\u548c\u6f5c\u529b\"}]},{\"@type\":\"WebSite\",\"@id\":\"https:\\\/\\\/www.seliggroup.com\\\/de\\\/#website\",\"url\":\"https:\\\/\\\/www.seliggroup.com\\\/de\\\/\",\"name\":\"Selig Liners\",\"description\":\"Protect, Seal and Deliver\u2122\",\"publisher\":{\"@id\":\"https:\\\/\\\/www.seliggroup.com\\\/de\\\/#organization\"},\"potentialAction\":[{\"@type\":\"SearchAction\",\"target\":{\"@type\":\"EntryPoint\",\"urlTemplate\":\"https:\\\/\\\/www.seliggroup.com\\\/de\\\/?s={search_term_string}\"},\"query-input\":{\"@type\":\"PropertyValueSpecification\",\"valueRequired\":true,\"valueName\":\"search_term_string\"}}],\"inLanguage\":\"de\"},{\"@type\":\"Organization\",\"@id\":\"https:\\\/\\\/www.seliggroup.com\\\/de\\\/#organization\",\"name\":\"Selig Group\",\"alternateName\":\"Selig\",\"url\":\"https:\\\/\\\/www.seliggroup.com\\\/de\\\/\",\"logo\":{\"@type\":\"ImageObject\",\"inLanguage\":\"de\",\"@id\":\"https:\\\/\\\/www.seliggroup.com\\\/de\\\/#\\\/schema\\\/logo\\\/image\\\/\",\"url\":\"https:\\\/\\\/www.seliggroup.com\\\/wp-content\\\/uploads\\\/2022\\\/12\\\/SeligGroupLogo_CMYK.jpg\",\"contentUrl\":\"https:\\\/\\\/www.seliggroup.com\\\/wp-content\\\/uploads\\\/2022\\\/12\\\/SeligGroupLogo_CMYK.jpg\",\"width\":720,\"height\":336,\"caption\":\"Selig Group\"},\"image\":{\"@id\":\"https:\\\/\\\/www.seliggroup.com\\\/de\\\/#\\\/schema\\\/logo\\\/image\\\/\"}},{\"@type\":\"Person\",\"@id\":\"https:\\\/\\\/www.seliggroup.com\\\/de\\\/#\\\/schema\\\/person\\\/e7b30b0f09d9837fcb675cbf121c4fbb\",\"name\":\"Amabel Ryan\",\"image\":{\"@type\":\"ImageObject\",\"inLanguage\":\"de\",\"@id\":\"https:\\\/\\\/secure.gravatar.com\\\/avatar\\\/7d52e3df607aef380a78d81ab14c17008cd9bd5b734b307bc1911e2175ab4de9?s=96&d=mm&r=g\",\"url\":\"https:\\\/\\\/secure.gravatar.com\\\/avatar\\\/7d52e3df607aef380a78d81ab14c17008cd9bd5b734b307bc1911e2175ab4de9?s=96&d=mm&r=g\",\"contentUrl\":\"https:\\\/\\\/secure.gravatar.com\\\/avatar\\\/7d52e3df607aef380a78d81ab14c17008cd9bd5b734b307bc1911e2175ab4de9?s=96&d=mm&r=g\",\"caption\":\"Amabel Ryan\"}}]}<\/script>\n<!-- \/ Yoast SEO plugin. -->","yoast_head_json":{"title":"\u8c03\u5473\u54c1\uff1a\u5305\u88c5\u7684\u529b\u91cf\u548c\u6f5c\u529b - Selig Liners","robots":{"index":"index","follow":"follow","max-snippet":"max-snippet:-1","max-image-preview":"max-image-preview:large","max-video-preview":"max-video-preview:-1"},"canonical":"https:\/\/www.seliggroup.com\/de\/%e8%b0%83%e5%91%b3%e5%93%81%ef%bc%9a%e5%8c%85%e8%a3%85%e7%9a%84%e5%8a%9b%e9%87%8f%e5%92%8c%e6%bd%9c%e5%8a%9b\/","og_locale":"de_DE","og_type":"article","og_title":"\u8c03\u5473\u54c1\uff1a\u5305\u88c5\u7684\u529b\u91cf\u548c\u6f5c\u529b - Selig Liners","og_description":"\u5305\u88c5\u5728\u5ba2\u6237\u6ee1\u610f\u5ea6\u548c\u8d2d\u4e70\u51b3\u7b56\u4e2d\u8d77\u7740\u5173\u952e\u4f5c\u7528\uff0c\u5236\u9020\u5546\u53ef\u4ee5\u4ece\u6d88\u8d39\u8005\u7684\u8d2d\u4e70\u884c\u4e3a\u4e2d\u5b66\u5230\u4ec0\u4e48\uff0c\u4ee5\u53ca\u5305\u88c5\u5982\u4f55\u6f14\u53d8\u4ee5\u5e94\u5bf9\u5bf9\u5176\u63d0\u51fa\u7684\u4f17\u591a\u8981\u6c42\uff1f","og_url":"https:\/\/www.seliggroup.com\/de\/%e8%b0%83%e5%91%b3%e5%93%81%ef%bc%9a%e5%8c%85%e8%a3%85%e7%9a%84%e5%8a%9b%e9%87%8f%e5%92%8c%e6%bd%9c%e5%8a%9b\/","og_site_name":"Selig Liners","article_published_time":"2021-08-05T02:56:39+00:00","article_modified_time":"2023-05-20T11:48:43+00:00","og_image":[{"width":2560,"height":1840,"url":"https:\/\/www.seliggroup.com\/wp-content\/uploads\/2022\/11\/Selig-Condiments-Ketchup-Image-scaled-1.jpeg","type":"image\/jpeg"}],"author":"Amabel Ryan","twitter_card":"summary_large_image","twitter_misc":{"Verfasst von":"Amabel Ryan","Gesch\u00e4tzte Lesezeit":"17\u00a0Minuten"},"schema":{"@context":"https:\/\/schema.org","@graph":[{"@type":"Article","@id":"https:\/\/www.seliggroup.com\/de\/%e8%b0%83%e5%91%b3%e5%93%81%ef%bc%9a%e5%8c%85%e8%a3%85%e7%9a%84%e5%8a%9b%e9%87%8f%e5%92%8c%e6%bd%9c%e5%8a%9b\/#article","isPartOf":{"@id":"https:\/\/www.seliggroup.com\/de\/%e8%b0%83%e5%91%b3%e5%93%81%ef%bc%9a%e5%8c%85%e8%a3%85%e7%9a%84%e5%8a%9b%e9%87%8f%e5%92%8c%e6%bd%9c%e5%8a%9b\/"},"author":{"name":"Amabel Ryan","@id":"https:\/\/www.seliggroup.com\/de\/#\/schema\/person\/e7b30b0f09d9837fcb675cbf121c4fbb"},"headline":"\u8c03\u5473\u54c1\uff1a\u5305\u88c5\u7684\u529b\u91cf\u548c\u6f5c\u529b","datePublished":"2021-08-05T02:56:39+00:00","dateModified":"2023-05-20T11:48:43+00:00","mainEntityOfPage":{"@id":"https:\/\/www.seliggroup.com\/de\/%e8%b0%83%e5%91%b3%e5%93%81%ef%bc%9a%e5%8c%85%e8%a3%85%e7%9a%84%e5%8a%9b%e9%87%8f%e5%92%8c%e6%bd%9c%e5%8a%9b\/"},"wordCount":3491,"publisher":{"@id":"https:\/\/www.seliggroup.com\/de\/#organization"},"image":{"@id":"https:\/\/www.seliggroup.com\/de\/%e8%b0%83%e5%91%b3%e5%93%81%ef%bc%9a%e5%8c%85%e8%a3%85%e7%9a%84%e5%8a%9b%e9%87%8f%e5%92%8c%e6%bd%9c%e5%8a%9b\/#primaryimage"},"thumbnailUrl":"https:\/\/www.seliggroup.com\/wp-content\/uploads\/2022\/11\/Selig-Condiments-Ketchup-Image-scaled-1.jpeg","keywords":["Lebensmittel"],"articleSection":["White Papers"],"inLanguage":"de"},{"@type":"WebPage","@id":"https:\/\/www.seliggroup.com\/de\/%e8%b0%83%e5%91%b3%e5%93%81%ef%bc%9a%e5%8c%85%e8%a3%85%e7%9a%84%e5%8a%9b%e9%87%8f%e5%92%8c%e6%bd%9c%e5%8a%9b\/","url":"https:\/\/www.seliggroup.com\/de\/%e8%b0%83%e5%91%b3%e5%93%81%ef%bc%9a%e5%8c%85%e8%a3%85%e7%9a%84%e5%8a%9b%e9%87%8f%e5%92%8c%e6%bd%9c%e5%8a%9b\/","name":"\u8c03\u5473\u54c1\uff1a\u5305\u88c5\u7684\u529b\u91cf\u548c\u6f5c\u529b - Selig Liners","isPartOf":{"@id":"https:\/\/www.seliggroup.com\/de\/#website"},"primaryImageOfPage":{"@id":"https:\/\/www.seliggroup.com\/de\/%e8%b0%83%e5%91%b3%e5%93%81%ef%bc%9a%e5%8c%85%e8%a3%85%e7%9a%84%e5%8a%9b%e9%87%8f%e5%92%8c%e6%bd%9c%e5%8a%9b\/#primaryimage"},"image":{"@id":"https:\/\/www.seliggroup.com\/de\/%e8%b0%83%e5%91%b3%e5%93%81%ef%bc%9a%e5%8c%85%e8%a3%85%e7%9a%84%e5%8a%9b%e9%87%8f%e5%92%8c%e6%bd%9c%e5%8a%9b\/#primaryimage"},"thumbnailUrl":"https:\/\/www.seliggroup.com\/wp-content\/uploads\/2022\/11\/Selig-Condiments-Ketchup-Image-scaled-1.jpeg","datePublished":"2021-08-05T02:56:39+00:00","dateModified":"2023-05-20T11:48:43+00:00","breadcrumb":{"@id":"https:\/\/www.seliggroup.com\/de\/%e8%b0%83%e5%91%b3%e5%93%81%ef%bc%9a%e5%8c%85%e8%a3%85%e7%9a%84%e5%8a%9b%e9%87%8f%e5%92%8c%e6%bd%9c%e5%8a%9b\/#breadcrumb"},"inLanguage":"de","potentialAction":[{"@type":"ReadAction","target":["https:\/\/www.seliggroup.com\/de\/%e8%b0%83%e5%91%b3%e5%93%81%ef%bc%9a%e5%8c%85%e8%a3%85%e7%9a%84%e5%8a%9b%e9%87%8f%e5%92%8c%e6%bd%9c%e5%8a%9b\/"]}]},{"@type":"ImageObject","inLanguage":"de","@id":"https:\/\/www.seliggroup.com\/de\/%e8%b0%83%e5%91%b3%e5%93%81%ef%bc%9a%e5%8c%85%e8%a3%85%e7%9a%84%e5%8a%9b%e9%87%8f%e5%92%8c%e6%bd%9c%e5%8a%9b\/#primaryimage","url":"https:\/\/www.seliggroup.com\/wp-content\/uploads\/2022\/11\/Selig-Condiments-Ketchup-Image-scaled-1.jpeg","contentUrl":"https:\/\/www.seliggroup.com\/wp-content\/uploads\/2022\/11\/Selig-Condiments-Ketchup-Image-scaled-1.jpeg","width":2560,"height":1840},{"@type":"BreadcrumbList","@id":"https:\/\/www.seliggroup.com\/de\/%e8%b0%83%e5%91%b3%e5%93%81%ef%bc%9a%e5%8c%85%e8%a3%85%e7%9a%84%e5%8a%9b%e9%87%8f%e5%92%8c%e6%bd%9c%e5%8a%9b\/#breadcrumb","itemListElement":[{"@type":"ListItem","position":1,"name":"Home","item":"https:\/\/www.seliggroup.com\/de\/"},{"@type":"ListItem","position":2,"name":"\u8c03\u5473\u54c1\uff1a\u5305\u88c5\u7684\u529b\u91cf\u548c\u6f5c\u529b"}]},{"@type":"WebSite","@id":"https:\/\/www.seliggroup.com\/de\/#website","url":"https:\/\/www.seliggroup.com\/de\/","name":"Selig Liners","description":"Protect, Seal and Deliver\u2122","publisher":{"@id":"https:\/\/www.seliggroup.com\/de\/#organization"},"potentialAction":[{"@type":"SearchAction","target":{"@type":"EntryPoint","urlTemplate":"https:\/\/www.seliggroup.com\/de\/?s={search_term_string}"},"query-input":{"@type":"PropertyValueSpecification","valueRequired":true,"valueName":"search_term_string"}}],"inLanguage":"de"},{"@type":"Organization","@id":"https:\/\/www.seliggroup.com\/de\/#organization","name":"Selig Group","alternateName":"Selig","url":"https:\/\/www.seliggroup.com\/de\/","logo":{"@type":"ImageObject","inLanguage":"de","@id":"https:\/\/www.seliggroup.com\/de\/#\/schema\/logo\/image\/","url":"https:\/\/www.seliggroup.com\/wp-content\/uploads\/2022\/12\/SeligGroupLogo_CMYK.jpg","contentUrl":"https:\/\/www.seliggroup.com\/wp-content\/uploads\/2022\/12\/SeligGroupLogo_CMYK.jpg","width":720,"height":336,"caption":"Selig Group"},"image":{"@id":"https:\/\/www.seliggroup.com\/de\/#\/schema\/logo\/image\/"}},{"@type":"Person","@id":"https:\/\/www.seliggroup.com\/de\/#\/schema\/person\/e7b30b0f09d9837fcb675cbf121c4fbb","name":"Amabel Ryan","image":{"@type":"ImageObject","inLanguage":"de","@id":"https:\/\/secure.gravatar.com\/avatar\/7d52e3df607aef380a78d81ab14c17008cd9bd5b734b307bc1911e2175ab4de9?s=96&d=mm&r=g","url":"https:\/\/secure.gravatar.com\/avatar\/7d52e3df607aef380a78d81ab14c17008cd9bd5b734b307bc1911e2175ab4de9?s=96&d=mm&r=g","contentUrl":"https:\/\/secure.gravatar.com\/avatar\/7d52e3df607aef380a78d81ab14c17008cd9bd5b734b307bc1911e2175ab4de9?s=96&d=mm&r=g","caption":"Amabel Ryan"}}]}},"_links":{"self":[{"href":"https:\/\/www.seliggroup.com\/de\/wp-json\/wp\/v2\/posts\/58375","targetHints":{"allow":["GET"]}}],"collection":[{"href":"https:\/\/www.seliggroup.com\/de\/wp-json\/wp\/v2\/posts"}],"about":[{"href":"https:\/\/www.seliggroup.com\/de\/wp-json\/wp\/v2\/types\/post"}],"author":[{"embeddable":true,"href":"https:\/\/www.seliggroup.com\/de\/wp-json\/wp\/v2\/users\/3"}],"replies":[{"embeddable":true,"href":"https:\/\/www.seliggroup.com\/de\/wp-json\/wp\/v2\/comments?post=58375"}],"version-history":[{"count":0,"href":"https:\/\/www.seliggroup.com\/de\/wp-json\/wp\/v2\/posts\/58375\/revisions"}],"wp:featuredmedia":[{"embeddable":true,"href":"https:\/\/www.seliggroup.com\/de\/wp-json\/wp\/v2\/media\/58376"}],"wp:attachment":[{"href":"https:\/\/www.seliggroup.com\/de\/wp-json\/wp\/v2\/media?parent=58375"}],"wp:term":[{"taxonomy":"category","embeddable":true,"href":"https:\/\/www.seliggroup.com\/de\/wp-json\/wp\/v2\/categories?post=58375"},{"taxonomy":"post_tag","embeddable":true,"href":"https:\/\/www.seliggroup.com\/de\/wp-json\/wp\/v2\/tags?post=58375"}],"curies":[{"name":"wp","href":"https:\/\/api.w.org\/{rel}","templated":true}]}}