{"id":58565,"date":"2020-09-09T18:17:00","date_gmt":"2020-09-09T18:17:00","guid":{"rendered":"https:\/\/selig-group.com\/neue-verwendung-der-induktionsversiegelung\/"},"modified":"2023-05-21T12:37:50","modified_gmt":"2023-05-21T12:37:50","slug":"neue-verwendung-der-induktionsversiegelung","status":"publish","type":"post","link":"https:\/\/www.seliggroup.com\/de\/neue-verwendung-der-induktionsversiegelung\/","title":{"rendered":"Neue Verwendung der Induktionsversiegelung"},"content":{"rendered":"\n<p>Eine neuartige Siegelshicht er\u00f6ffnet M\u00f6glichkeiten f\u00fcr Glas, die bisher nicht m\u00f6glich waren.<\/p>\n","protected":false},"excerpt":{"rendered":"<p>Eine neuartige Siegelshicht er\u00f6ffnet M\u00f6glichkeiten f\u00fcr Glas, die bisher nicht m\u00f6glich waren.<\/p>\n","protected":false},"author":3,"featured_media":58566,"comment_status":"closed","ping_status":"closed","sticky":false,"template":"","format":"standard","meta":{"_acf_changed":false,"inline_featured_image":false,"_monsterinsights_skip_tracking":false,"_monsterinsights_sitenote_active":false,"_monsterinsights_sitenote_note":"","_monsterinsights_sitenote_category":0,"footnotes":"","_links_to":"","_links_to_target":""},"categories":[1737],"tags":[1742,1740,1739,1738],"class_list":["post-58565","post","type-post","status-publish","format-standard","has-post-thumbnail","hentry","category-news-de","tag-chemie-industrie","tag-getranke","tag-lebensmittel","tag-selig-ist-an-der-bereitstellung-des-neuen-fda-zugelassenen-funfminuten-covid-19-diagnosetests-beteiligt"],"acf":[],"yoast_head":"<!-- This site is optimized with the Yoast SEO plugin v27.4 - https:\/\/yoast.com\/product\/yoast-seo-wordpress\/ -->\n<title>Neue Verwendung der Induktionsversiegelung - Selig Liners<\/title>\n<meta name=\"robots\" content=\"index, follow, max-snippet:-1, max-image-preview:large, max-video-preview:-1\" \/>\n<link rel=\"canonical\" href=\"https:\/\/www.seliggroup.com\/de\/neue-verwendung-der-induktionsversiegelung\/\" \/>\n<meta property=\"og:locale\" content=\"de_DE\" \/>\n<meta property=\"og:type\" content=\"article\" \/>\n<meta property=\"og:title\" content=\"Neue Verwendung der Induktionsversiegelung - Selig Liners\" \/>\n<meta property=\"og:description\" content=\"Eine neuartige Siegelshicht er\u00f6ffnet M\u00f6glichkeiten f\u00fcr Glas, die bisher nicht m\u00f6glich waren.\" \/>\n<meta property=\"og:url\" content=\"https:\/\/www.seliggroup.com\/de\/neue-verwendung-der-induktionsversiegelung\/\" \/>\n<meta property=\"og:site_name\" content=\"Selig Liners\" \/>\n<meta property=\"article:published_time\" content=\"2020-09-09T18:17:00+00:00\" \/>\n<meta property=\"article:modified_time\" content=\"2023-05-21T12:37:50+00:00\" \/>\n<meta property=\"og:image\" content=\"https:\/\/www.seliggroup.com\/wp-content\/uploads\/2022\/12\/new-use-of-induction-sealing-1.png\" \/>\n\t<meta property=\"og:image:width\" content=\"350\" \/>\n\t<meta property=\"og:image:height\" content=\"185\" \/>\n\t<meta property=\"og:image:type\" content=\"image\/png\" \/>\n<meta name=\"author\" content=\"Amabel Ryan\" \/>\n<meta name=\"twitter:card\" content=\"summary_large_image\" \/>\n<meta name=\"twitter:label1\" content=\"Verfasst von\" \/>\n\t<meta name=\"twitter:data1\" content=\"Amabel Ryan\" \/>\n<script type=\"application\/ld+json\" class=\"yoast-schema-graph\">{\"@context\":\"https:\\\/\\\/schema.org\",\"@graph\":[{\"@type\":\"Article\",\"@id\":\"https:\\\/\\\/www.seliggroup.com\\\/de\\\/neue-verwendung-der-induktionsversiegelung\\\/#article\",\"isPartOf\":{\"@id\":\"https:\\\/\\\/www.seliggroup.com\\\/de\\\/neue-verwendung-der-induktionsversiegelung\\\/\"},\"author\":{\"name\":\"Amabel Ryan\",\"@id\":\"https:\\\/\\\/www.seliggroup.com\\\/de\\\/#\\\/schema\\\/person\\\/e7b30b0f09d9837fcb675cbf121c4fbb\"},\"headline\":\"Neue Verwendung der Induktionsversiegelung\",\"datePublished\":\"2020-09-09T18:17:00+00:00\",\"dateModified\":\"2023-05-21T12:37:50+00:00\",\"mainEntityOfPage\":{\"@id\":\"https:\\\/\\\/www.seliggroup.com\\\/de\\\/neue-verwendung-der-induktionsversiegelung\\\/\"},\"wordCount\":20,\"publisher\":{\"@id\":\"https:\\\/\\\/www.seliggroup.com\\\/de\\\/#organization\"},\"image\":{\"@id\":\"https:\\\/\\\/www.seliggroup.com\\\/de\\\/neue-verwendung-der-induktionsversiegelung\\\/#primaryimage\"},\"thumbnailUrl\":\"https:\\\/\\\/www.seliggroup.com\\\/wp-content\\\/uploads\\\/2022\\\/12\\\/new-use-of-induction-sealing-1.png\",\"keywords\":[\"Chemie &amp; Industrie\",\"Getr\u00e4nke\",\"Lebensmittel\",\"Selig ist an der Bereitstellung des neuen FDA-zugelassenen, F\u00fcnfminuten-COVID-19-Diagnosetests beteiligt\"],\"articleSection\":[\"News\"],\"inLanguage\":\"de\"},{\"@type\":\"WebPage\",\"@id\":\"https:\\\/\\\/www.seliggroup.com\\\/de\\\/neue-verwendung-der-induktionsversiegelung\\\/\",\"url\":\"https:\\\/\\\/www.seliggroup.com\\\/de\\\/neue-verwendung-der-induktionsversiegelung\\\/\",\"name\":\"Neue Verwendung der Induktionsversiegelung - Selig Liners\",\"isPartOf\":{\"@id\":\"https:\\\/\\\/www.seliggroup.com\\\/de\\\/#website\"},\"primaryImageOfPage\":{\"@id\":\"https:\\\/\\\/www.seliggroup.com\\\/de\\\/neue-verwendung-der-induktionsversiegelung\\\/#primaryimage\"},\"image\":{\"@id\":\"https:\\\/\\\/www.seliggroup.com\\\/de\\\/neue-verwendung-der-induktionsversiegelung\\\/#primaryimage\"},\"thumbnailUrl\":\"https:\\\/\\\/www.seliggroup.com\\\/wp-content\\\/uploads\\\/2022\\\/12\\\/new-use-of-induction-sealing-1.png\",\"datePublished\":\"2020-09-09T18:17:00+00:00\",\"dateModified\":\"2023-05-21T12:37:50+00:00\",\"breadcrumb\":{\"@id\":\"https:\\\/\\\/www.seliggroup.com\\\/de\\\/neue-verwendung-der-induktionsversiegelung\\\/#breadcrumb\"},\"inLanguage\":\"de\",\"potentialAction\":[{\"@type\":\"ReadAction\",\"target\":[\"https:\\\/\\\/www.seliggroup.com\\\/de\\\/neue-verwendung-der-induktionsversiegelung\\\/\"]}]},{\"@type\":\"ImageObject\",\"inLanguage\":\"de\",\"@id\":\"https:\\\/\\\/www.seliggroup.com\\\/de\\\/neue-verwendung-der-induktionsversiegelung\\\/#primaryimage\",\"url\":\"https:\\\/\\\/www.seliggroup.com\\\/wp-content\\\/uploads\\\/2022\\\/12\\\/new-use-of-induction-sealing-1.png\",\"contentUrl\":\"https:\\\/\\\/www.seliggroup.com\\\/wp-content\\\/uploads\\\/2022\\\/12\\\/new-use-of-induction-sealing-1.png\",\"width\":350,\"height\":185},{\"@type\":\"BreadcrumbList\",\"@id\":\"https:\\\/\\\/www.seliggroup.com\\\/de\\\/neue-verwendung-der-induktionsversiegelung\\\/#breadcrumb\",\"itemListElement\":[{\"@type\":\"ListItem\",\"position\":1,\"name\":\"Home\",\"item\":\"https:\\\/\\\/www.seliggroup.com\\\/de\\\/\"},{\"@type\":\"ListItem\",\"position\":2,\"name\":\"Neue Verwendung der Induktionsversiegelung\"}]},{\"@type\":\"WebSite\",\"@id\":\"https:\\\/\\\/www.seliggroup.com\\\/de\\\/#website\",\"url\":\"https:\\\/\\\/www.seliggroup.com\\\/de\\\/\",\"name\":\"Selig Liners\",\"description\":\"Protect, Seal and Deliver\u2122\",\"publisher\":{\"@id\":\"https:\\\/\\\/www.seliggroup.com\\\/de\\\/#organization\"},\"potentialAction\":[{\"@type\":\"SearchAction\",\"target\":{\"@type\":\"EntryPoint\",\"urlTemplate\":\"https:\\\/\\\/www.seliggroup.com\\\/de\\\/?s={search_term_string}\"},\"query-input\":{\"@type\":\"PropertyValueSpecification\",\"valueRequired\":true,\"valueName\":\"search_term_string\"}}],\"inLanguage\":\"de\"},{\"@type\":\"Organization\",\"@id\":\"https:\\\/\\\/www.seliggroup.com\\\/de\\\/#organization\",\"name\":\"Selig Group\",\"alternateName\":\"Selig\",\"url\":\"https:\\\/\\\/www.seliggroup.com\\\/de\\\/\",\"logo\":{\"@type\":\"ImageObject\",\"inLanguage\":\"de\",\"@id\":\"https:\\\/\\\/www.seliggroup.com\\\/de\\\/#\\\/schema\\\/logo\\\/image\\\/\",\"url\":\"https:\\\/\\\/www.seliggroup.com\\\/wp-content\\\/uploads\\\/2022\\\/12\\\/SeligGroupLogo_CMYK.jpg\",\"contentUrl\":\"https:\\\/\\\/www.seliggroup.com\\\/wp-content\\\/uploads\\\/2022\\\/12\\\/SeligGroupLogo_CMYK.jpg\",\"width\":720,\"height\":336,\"caption\":\"Selig Group\"},\"image\":{\"@id\":\"https:\\\/\\\/www.seliggroup.com\\\/de\\\/#\\\/schema\\\/logo\\\/image\\\/\"}},{\"@type\":\"Person\",\"@id\":\"https:\\\/\\\/www.seliggroup.com\\\/de\\\/#\\\/schema\\\/person\\\/e7b30b0f09d9837fcb675cbf121c4fbb\",\"name\":\"Amabel Ryan\",\"image\":{\"@type\":\"ImageObject\",\"inLanguage\":\"de\",\"@id\":\"https:\\\/\\\/secure.gravatar.com\\\/avatar\\\/7d52e3df607aef380a78d81ab14c17008cd9bd5b734b307bc1911e2175ab4de9?s=96&d=mm&r=g\",\"url\":\"https:\\\/\\\/secure.gravatar.com\\\/avatar\\\/7d52e3df607aef380a78d81ab14c17008cd9bd5b734b307bc1911e2175ab4de9?s=96&d=mm&r=g\",\"contentUrl\":\"https:\\\/\\\/secure.gravatar.com\\\/avatar\\\/7d52e3df607aef380a78d81ab14c17008cd9bd5b734b307bc1911e2175ab4de9?s=96&d=mm&r=g\",\"caption\":\"Amabel Ryan\"}}]}<\/script>\n<!-- \/ Yoast SEO plugin. -->","yoast_head_json":{"title":"Neue Verwendung der Induktionsversiegelung - Selig Liners","robots":{"index":"index","follow":"follow","max-snippet":"max-snippet:-1","max-image-preview":"max-image-preview:large","max-video-preview":"max-video-preview:-1"},"canonical":"https:\/\/www.seliggroup.com\/de\/neue-verwendung-der-induktionsversiegelung\/","og_locale":"de_DE","og_type":"article","og_title":"Neue Verwendung der Induktionsversiegelung - Selig Liners","og_description":"Eine neuartige Siegelshicht er\u00f6ffnet M\u00f6glichkeiten f\u00fcr Glas, die bisher nicht m\u00f6glich waren.","og_url":"https:\/\/www.seliggroup.com\/de\/neue-verwendung-der-induktionsversiegelung\/","og_site_name":"Selig Liners","article_published_time":"2020-09-09T18:17:00+00:00","article_modified_time":"2023-05-21T12:37:50+00:00","og_image":[{"width":350,"height":185,"url":"https:\/\/www.seliggroup.com\/wp-content\/uploads\/2022\/12\/new-use-of-induction-sealing-1.png","type":"image\/png"}],"author":"Amabel Ryan","twitter_card":"summary_large_image","twitter_misc":{"Verfasst von":"Amabel Ryan"},"schema":{"@context":"https:\/\/schema.org","@graph":[{"@type":"Article","@id":"https:\/\/www.seliggroup.com\/de\/neue-verwendung-der-induktionsversiegelung\/#article","isPartOf":{"@id":"https:\/\/www.seliggroup.com\/de\/neue-verwendung-der-induktionsversiegelung\/"},"author":{"name":"Amabel Ryan","@id":"https:\/\/www.seliggroup.com\/de\/#\/schema\/person\/e7b30b0f09d9837fcb675cbf121c4fbb"},"headline":"Neue Verwendung der Induktionsversiegelung","datePublished":"2020-09-09T18:17:00+00:00","dateModified":"2023-05-21T12:37:50+00:00","mainEntityOfPage":{"@id":"https:\/\/www.seliggroup.com\/de\/neue-verwendung-der-induktionsversiegelung\/"},"wordCount":20,"publisher":{"@id":"https:\/\/www.seliggroup.com\/de\/#organization"},"image":{"@id":"https:\/\/www.seliggroup.com\/de\/neue-verwendung-der-induktionsversiegelung\/#primaryimage"},"thumbnailUrl":"https:\/\/www.seliggroup.com\/wp-content\/uploads\/2022\/12\/new-use-of-induction-sealing-1.png","keywords":["Chemie &amp; Industrie","Getr\u00e4nke","Lebensmittel","Selig ist an der Bereitstellung des neuen FDA-zugelassenen, F\u00fcnfminuten-COVID-19-Diagnosetests beteiligt"],"articleSection":["News"],"inLanguage":"de"},{"@type":"WebPage","@id":"https:\/\/www.seliggroup.com\/de\/neue-verwendung-der-induktionsversiegelung\/","url":"https:\/\/www.seliggroup.com\/de\/neue-verwendung-der-induktionsversiegelung\/","name":"Neue Verwendung der Induktionsversiegelung - Selig Liners","isPartOf":{"@id":"https:\/\/www.seliggroup.com\/de\/#website"},"primaryImageOfPage":{"@id":"https:\/\/www.seliggroup.com\/de\/neue-verwendung-der-induktionsversiegelung\/#primaryimage"},"image":{"@id":"https:\/\/www.seliggroup.com\/de\/neue-verwendung-der-induktionsversiegelung\/#primaryimage"},"thumbnailUrl":"https:\/\/www.seliggroup.com\/wp-content\/uploads\/2022\/12\/new-use-of-induction-sealing-1.png","datePublished":"2020-09-09T18:17:00+00:00","dateModified":"2023-05-21T12:37:50+00:00","breadcrumb":{"@id":"https:\/\/www.seliggroup.com\/de\/neue-verwendung-der-induktionsversiegelung\/#breadcrumb"},"inLanguage":"de","potentialAction":[{"@type":"ReadAction","target":["https:\/\/www.seliggroup.com\/de\/neue-verwendung-der-induktionsversiegelung\/"]}]},{"@type":"ImageObject","inLanguage":"de","@id":"https:\/\/www.seliggroup.com\/de\/neue-verwendung-der-induktionsversiegelung\/#primaryimage","url":"https:\/\/www.seliggroup.com\/wp-content\/uploads\/2022\/12\/new-use-of-induction-sealing-1.png","contentUrl":"https:\/\/www.seliggroup.com\/wp-content\/uploads\/2022\/12\/new-use-of-induction-sealing-1.png","width":350,"height":185},{"@type":"BreadcrumbList","@id":"https:\/\/www.seliggroup.com\/de\/neue-verwendung-der-induktionsversiegelung\/#breadcrumb","itemListElement":[{"@type":"ListItem","position":1,"name":"Home","item":"https:\/\/www.seliggroup.com\/de\/"},{"@type":"ListItem","position":2,"name":"Neue Verwendung der Induktionsversiegelung"}]},{"@type":"WebSite","@id":"https:\/\/www.seliggroup.com\/de\/#website","url":"https:\/\/www.seliggroup.com\/de\/","name":"Selig Liners","description":"Protect, Seal and Deliver\u2122","publisher":{"@id":"https:\/\/www.seliggroup.com\/de\/#organization"},"potentialAction":[{"@type":"SearchAction","target":{"@type":"EntryPoint","urlTemplate":"https:\/\/www.seliggroup.com\/de\/?s={search_term_string}"},"query-input":{"@type":"PropertyValueSpecification","valueRequired":true,"valueName":"search_term_string"}}],"inLanguage":"de"},{"@type":"Organization","@id":"https:\/\/www.seliggroup.com\/de\/#organization","name":"Selig Group","alternateName":"Selig","url":"https:\/\/www.seliggroup.com\/de\/","logo":{"@type":"ImageObject","inLanguage":"de","@id":"https:\/\/www.seliggroup.com\/de\/#\/schema\/logo\/image\/","url":"https:\/\/www.seliggroup.com\/wp-content\/uploads\/2022\/12\/SeligGroupLogo_CMYK.jpg","contentUrl":"https:\/\/www.seliggroup.com\/wp-content\/uploads\/2022\/12\/SeligGroupLogo_CMYK.jpg","width":720,"height":336,"caption":"Selig Group"},"image":{"@id":"https:\/\/www.seliggroup.com\/de\/#\/schema\/logo\/image\/"}},{"@type":"Person","@id":"https:\/\/www.seliggroup.com\/de\/#\/schema\/person\/e7b30b0f09d9837fcb675cbf121c4fbb","name":"Amabel Ryan","image":{"@type":"ImageObject","inLanguage":"de","@id":"https:\/\/secure.gravatar.com\/avatar\/7d52e3df607aef380a78d81ab14c17008cd9bd5b734b307bc1911e2175ab4de9?s=96&d=mm&r=g","url":"https:\/\/secure.gravatar.com\/avatar\/7d52e3df607aef380a78d81ab14c17008cd9bd5b734b307bc1911e2175ab4de9?s=96&d=mm&r=g","contentUrl":"https:\/\/secure.gravatar.com\/avatar\/7d52e3df607aef380a78d81ab14c17008cd9bd5b734b307bc1911e2175ab4de9?s=96&d=mm&r=g","caption":"Amabel Ryan"}}]}},"_links":{"self":[{"href":"https:\/\/www.seliggroup.com\/de\/wp-json\/wp\/v2\/posts\/58565","targetHints":{"allow":["GET"]}}],"collection":[{"href":"https:\/\/www.seliggroup.com\/de\/wp-json\/wp\/v2\/posts"}],"about":[{"href":"https:\/\/www.seliggroup.com\/de\/wp-json\/wp\/v2\/types\/post"}],"author":[{"embeddable":true,"href":"https:\/\/www.seliggroup.com\/de\/wp-json\/wp\/v2\/users\/3"}],"replies":[{"embeddable":true,"href":"https:\/\/www.seliggroup.com\/de\/wp-json\/wp\/v2\/comments?post=58565"}],"version-history":[{"count":0,"href":"https:\/\/www.seliggroup.com\/de\/wp-json\/wp\/v2\/posts\/58565\/revisions"}],"wp:featuredmedia":[{"embeddable":true,"href":"https:\/\/www.seliggroup.com\/de\/wp-json\/wp\/v2\/media\/58566"}],"wp:attachment":[{"href":"https:\/\/www.seliggroup.com\/de\/wp-json\/wp\/v2\/media?parent=58565"}],"wp:term":[{"taxonomy":"category","embeddable":true,"href":"https:\/\/www.seliggroup.com\/de\/wp-json\/wp\/v2\/categories?post=58565"},{"taxonomy":"post_tag","embeddable":true,"href":"https:\/\/www.seliggroup.com\/de\/wp-json\/wp\/v2\/tags?post=58565"}],"curies":[{"name":"wp","href":"https:\/\/api.w.org\/{rel}","templated":true}]}}