{"id":58378,"date":"2021-08-05T02:56:39","date_gmt":"2021-08-05T02:56:39","guid":{"rendered":"https:\/\/selig-group.com\/condimentos-el-poder-y-el-potencial-del-empaque\/"},"modified":"2023-05-20T11:50:14","modified_gmt":"2023-05-20T11:50:14","slug":"condimentos-el-poder-y-el-potencial-del-empaque","status":"publish","type":"post","link":"https:\/\/www.seliggroup.com\/es\/condimentos-el-poder-y-el-potencial-del-empaque\/","title":{"rendered":"Condimentos: el poder y el potencial del empaque"},"content":{"rendered":"\t\t<div data-elementor-type=\"wp-post\" data-elementor-id=\"58378\" class=\"elementor elementor-58378 elementor-26739\" data-elementor-post-type=\"post\">\n\t\t\t\t<div class=\"elementor-element elementor-element-152ecee6 e-con-full normal-horizontal-padding e-flex e-con e-parent\" data-id=\"152ecee6\" data-element_type=\"container\" data-e-type=\"container\" data-settings=\"{&quot;background_background&quot;:&quot;classic&quot;}\">\n\t\t\t\t<div class=\"elementor-element elementor-element-36b36315 elementor-absolute elementor-widget elementor-widget-shortcode\" data-id=\"36b36315\" data-element_type=\"widget\" data-e-type=\"widget\" data-settings=\"{&quot;_position&quot;:&quot;absolute&quot;}\" data-widget_type=\"shortcode.default\">\n\t\t\t\t<div class=\"elementor-widget-container\">\n\t\t\t\t\t\t\t<div class=\"elementor-shortcode\"><i class=\"fas fa-bookmark unfavorited\" onclick=\"open_login_popup(58378)\"><\/i><\/div>\n\t\t\t\t\t\t<\/div>\n\t\t\t\t<\/div>\n\t\t<div class=\"elementor-element elementor-element-5546ebbf e-con-full e-flex e-con e-parent\" data-id=\"5546ebbf\" data-element_type=\"container\" data-e-type=\"container\" data-settings=\"{&quot;background_background&quot;:&quot;slideshow&quot;,&quot;background_slideshow_gallery&quot;:[],&quot;background_slideshow_loop&quot;:&quot;yes&quot;,&quot;background_slideshow_slide_duration&quot;:5000,&quot;background_slideshow_slide_transition&quot;:&quot;fade&quot;,&quot;background_slideshow_transition_duration&quot;:500}\">\n\t\t\t\t<div class=\"elementor-element elementor-element-676df517 elementor-widget__width-auto elementor-widget elementor-widget-heading\" data-id=\"676df517\" data-element_type=\"widget\" data-e-type=\"widget\" data-widget_type=\"heading.default\">\n\t\t\t\t<div class=\"elementor-widget-container\">\n\t\t\t\t\t<span class=\"elementor-heading-title elementor-size-default\"><a href=\"https:\/\/www.seliggroup.com\/es\/\">P\u00c1GINA PRINCIPAL<\/a><\/span>\t\t\t\t<\/div>\n\t\t\t\t<\/div>\n\t\t\t\t<div class=\"elementor-element elementor-element-204489db elementor-widget__width-auto elementor-widget elementor-widget-heading\" data-id=\"204489db\" data-element_type=\"widget\" data-e-type=\"widget\" data-widget_type=\"heading.default\">\n\t\t\t\t<div class=\"elementor-widget-container\">\n\t\t\t\t\t<span class=\"elementor-heading-title elementor-size-default\">\/ RECOURSOS \/<\/span>\t\t\t\t<\/div>\n\t\t\t\t<\/div>\n\t\t\t\t<div class=\"elementor-element elementor-element-2f74693b elementor-widget__width-auto elementor-widget elementor-widget-heading\" data-id=\"2f74693b\" data-element_type=\"widget\" data-e-type=\"widget\" data-widget_type=\"heading.default\">\n\t\t\t\t<div class=\"elementor-widget-container\">\n\t\t\t\t\t<span class=\"elementor-heading-title elementor-size-default\">Noticias y documentos t\u00e9cnicos<\/span>\t\t\t\t<\/div>\n\t\t\t\t<\/div>\n\t\t\t\t<\/div>\n\t\t<div class=\"elementor-element elementor-element-4d654e1 e-con-full e-flex e-con e-parent\" data-id=\"4d654e1\" data-element_type=\"container\" data-e-type=\"container\">\n\t\t\t\t<div class=\"elementor-element elementor-element-6aea8a3c elementor-widget__width-initial elementor-widget elementor-widget-heading\" data-id=\"6aea8a3c\" data-element_type=\"widget\" data-e-type=\"widget\" data-widget_type=\"heading.default\">\n\t\t\t\t<div class=\"elementor-widget-container\">\n\t\t\t\t\t<p class=\"elementor-heading-title elementor-size-default\">Condimentos: el poder y el potencial del empaque<\/p>\t\t\t\t<\/div>\n\t\t\t\t<\/div>\n\t\t<div class=\"elementor-element elementor-element-16efb908 e-con-full e-flex e-con e-parent\" data-id=\"16efb908\" data-element_type=\"container\" data-e-type=\"container\">\n\t\t\t\t<div class=\"elementor-element elementor-element-42fe343d elementor-widget elementor-widget-heading\" data-id=\"42fe343d\" data-element_type=\"widget\" data-e-type=\"widget\" data-widget_type=\"heading.default\">\n\t\t\t\t<div class=\"elementor-widget-container\">\n\t\t\t\t\t<h2 class=\"elementor-heading-title elementor-size-default\">agosto 5, 2021<\/h2>\t\t\t\t<\/div>\n\t\t\t\t<\/div>\n\t\t\t\t<div class=\"elementor-element elementor-element-655be702 elementor-widget elementor-widget-heading\" data-id=\"655be702\" data-element_type=\"widget\" data-e-type=\"widget\" data-widget_type=\"heading.default\">\n\t\t\t\t<div class=\"elementor-widget-container\">\n\t\t\t\t\t<h2 class=\"elementor-heading-title elementor-size-default\">|<\/h2>\t\t\t\t<\/div>\n\t\t\t\t<\/div>\n\t\t\t\t<div class=\"elementor-element elementor-element-7fe109c elementor-widget elementor-widget-post-info\" data-id=\"7fe109c\" data-element_type=\"widget\" data-e-type=\"widget\" data-widget_type=\"post-info.default\">\n\t\t\t\t<div class=\"elementor-widget-container\">\n\t\t\t\t\t\t\t<ul class=\"elementor-inline-items elementor-icon-list-items elementor-post-info\">\n\t\t\t\t\t\t\t\t<li class=\"elementor-icon-list-item elementor-repeater-item-6dd02d5 elementor-inline-item\" itemprop=\"about\">\n\t\t\t\t\t\t\t\t\t\t\t\t\t<span class=\"elementor-icon-list-text elementor-post-info__item elementor-post-info__item--type-terms\">\n\t\t\t\t\t\t\t\t\t\t<span class=\"elementor-post-info__terms-list\">\n\t\t\t\t<span class=\"elementor-post-info__terms-list-item\">Alimento<\/span>\t\t\t\t<\/span>\n\t\t\t\t\t<\/span>\n\t\t\t\t\t\t\t\t<\/li>\n\t\t\t\t<\/ul>\n\t\t\t\t\t\t<\/div>\n\t\t\t\t<\/div>\n\t\t\t\t<div class=\"elementor-element elementor-element-ad0d4d6 elementor-widget elementor-widget-heading\" data-id=\"ad0d4d6\" data-element_type=\"widget\" data-e-type=\"widget\" data-widget_type=\"heading.default\">\n\t\t\t\t<div class=\"elementor-widget-container\">\n\t\t\t\t\t<h2 class=\"elementor-heading-title elementor-size-default\">|<\/h2>\t\t\t\t<\/div>\n\t\t\t\t<\/div>\n\t\t\t\t<div class=\"elementor-element elementor-element-38362a89 elementor-widget elementor-widget-heading\" data-id=\"38362a89\" data-element_type=\"widget\" data-e-type=\"widget\" data-widget_type=\"heading.default\">\n\t\t\t\t<div class=\"elementor-widget-container\">\n\t\t\t\t\t<h2 class=\"elementor-heading-title elementor-size-default\">Regi\u00f3n: Norteam\u00e9rica, Europa, Asia-Pac\u00edfico<\/h2>\t\t\t\t<\/div>\n\t\t\t\t<\/div>\n\t\t\t\t<\/div>\n\t\t\t\t<div class=\"elementor-element elementor-element-3767bb14 elementor-widget elementor-widget-button\" data-id=\"3767bb14\" data-element_type=\"widget\" data-e-type=\"widget\" data-widget_type=\"button.default\">\n\t\t\t\t<div class=\"elementor-widget-container\">\n\t\t\t\t\t\t\t\t\t<div class=\"elementor-button-wrapper\">\n\t\t\t\t\t<a class=\"elementor-button elementor-button-link elementor-size-sm\" href=\"https:\/\/www.seliggroup.com\/wp-content\/uploads\/2022\/11\/Selig150-White-Paper-Condiments-May-2021-v1.3_Pages-Web.pdf\" target=\"_blank\">\n\t\t\t\t\t\t<span class=\"elementor-button-content-wrapper\">\n\t\t\t\t\t\t<span class=\"elementor-button-icon\">\n\t\t\t\t<i aria-hidden=\"true\" class=\"fas fa-download\"><\/i>\t\t\t<\/span>\n\t\t\t\t\t\t\t\t\t<span class=\"elementor-button-text\">Descargar PDF<\/span>\n\t\t\t\t\t<\/span>\n\t\t\t\t\t<\/a>\n\t\t\t\t<\/div>\n\t\t\t\t\t\t\t\t<\/div>\n\t\t\t\t<\/div>\n\t\t<div class=\"elementor-element elementor-element-46fac075 e-con-full e-flex e-con e-parent\" data-id=\"46fac075\" data-element_type=\"container\" data-e-type=\"container\">\n\t\t\t\t<div class=\"elementor-element elementor-element-2ea3a023 elementor-widget elementor-widget-heading\" data-id=\"2ea3a023\" data-element_type=\"widget\" data-e-type=\"widget\" data-widget_type=\"heading.default\">\n\t\t\t\t<div class=\"elementor-widget-container\">\n\t\t\t\t\t<h2 class=\"elementor-heading-title elementor-size-default\">Compartir<\/h2>\t\t\t\t<\/div>\n\t\t\t\t<\/div>\n\t\t\t\t<div class=\"elementor-element elementor-element-1f8c7cb3 elementor-share-buttons--view-icon elementor-share-buttons--shape-circle elementor-share-buttons--color-custom elementor-share-buttons--skin-gradient elementor-grid-0 elementor-widget elementor-widget-share-buttons\" data-id=\"1f8c7cb3\" data-element_type=\"widget\" data-e-type=\"widget\" data-widget_type=\"share-buttons.default\">\n\t\t\t\t<div class=\"elementor-widget-container\">\n\t\t\t\t\t\t\t<div class=\"elementor-grid\" role=\"list\">\n\t\t\t\t\t\t\t\t<div class=\"elementor-grid-item\" role=\"listitem\">\n\t\t\t\t\t\t<div class=\"elementor-share-btn elementor-share-btn_facebook\" role=\"button\" tabindex=\"0\" aria-label=\"Compartir en facebook\">\n\t\t\t\t\t\t\t\t\t\t\t\t\t\t\t<span class=\"elementor-share-btn__icon\">\n\t\t\t\t\t\t\t\t<i class=\"fab fa-facebook\" aria-hidden=\"true\"><\/i>\t\t\t\t\t\t\t<\/span>\n\t\t\t\t\t\t\t\t\t\t\t\t\t\t\t\t\t\t\t\t<\/div>\n\t\t\t\t\t<\/div>\n\t\t\t\t\t\t\t\t\t<div class=\"elementor-grid-item\" role=\"listitem\">\n\t\t\t\t\t\t<div class=\"elementor-share-btn elementor-share-btn_twitter\" role=\"button\" tabindex=\"0\" aria-label=\"Compartir en twitter\">\n\t\t\t\t\t\t\t\t\t\t\t\t\t\t\t<span class=\"elementor-share-btn__icon\">\n\t\t\t\t\t\t\t\t<i class=\"fab fa-twitter\" aria-hidden=\"true\"><\/i>\t\t\t\t\t\t\t<\/span>\n\t\t\t\t\t\t\t\t\t\t\t\t\t\t\t\t\t\t\t\t<\/div>\n\t\t\t\t\t<\/div>\n\t\t\t\t\t\t\t\t\t<div class=\"elementor-grid-item\" role=\"listitem\">\n\t\t\t\t\t\t<div class=\"elementor-share-btn elementor-share-btn_email\" role=\"button\" tabindex=\"0\" aria-label=\"Compartir en email\">\n\t\t\t\t\t\t\t\t\t\t\t\t\t\t\t<span class=\"elementor-share-btn__icon\">\n\t\t\t\t\t\t\t\t<i class=\"fas fa-envelope\" aria-hidden=\"true\"><\/i>\t\t\t\t\t\t\t<\/span>\n\t\t\t\t\t\t\t\t\t\t\t\t\t\t\t\t\t\t\t\t<\/div>\n\t\t\t\t\t<\/div>\n\t\t\t\t\t\t\t\t\t<div class=\"elementor-grid-item\" role=\"listitem\">\n\t\t\t\t\t\t<div class=\"elementor-share-btn elementor-share-btn_linkedin\" role=\"button\" tabindex=\"0\" aria-label=\"Compartir en linkedin\">\n\t\t\t\t\t\t\t\t\t\t\t\t\t\t\t<span class=\"elementor-share-btn__icon\">\n\t\t\t\t\t\t\t\t<i class=\"fab fa-linkedin\" aria-hidden=\"true\"><\/i>\t\t\t\t\t\t\t<\/span>\n\t\t\t\t\t\t\t\t\t\t\t\t\t\t\t\t\t\t\t\t<\/div>\n\t\t\t\t\t<\/div>\n\t\t\t\t\t\t<\/div>\n\t\t\t\t\t\t<\/div>\n\t\t\t\t<\/div>\n\t\t\t\t<\/div>\n\t\t\t\t<\/div>\n\t\t\t\t<\/div>\n\t\t<div class=\"elementor-element elementor-element-39245313 e-con-full normal-horizontal-padding e-flex e-con e-parent\" data-id=\"39245313\" data-element_type=\"container\" data-e-type=\"container\">\n\t\t<div class=\"elementor-element elementor-element-51ed59d2 e-con-full e-flex e-con e-parent\" data-id=\"51ed59d2\" data-element_type=\"container\" data-e-type=\"container\">\n\t\t\t\t<div class=\"elementor-element elementor-element-97545f5 elementor-widget elementor-widget-image\" data-id=\"97545f5\" data-element_type=\"widget\" data-e-type=\"widget\" data-widget_type=\"image.default\">\n\t\t\t\t<div class=\"elementor-widget-container\">\n\t\t\t\t\t\t\t\t\t\t\t\t\t\t\t<img fetchpriority=\"high\" decoding=\"async\" width=\"1133\" height=\"264\" src=\"https:\/\/www.seliggroup.com\/wp-content\/uploads\/2022\/11\/Condiments-Whitepaper-Banner-1.png\" class=\"attachment-full size-full wp-image-26741\" alt=\"\" srcset=\"https:\/\/www.seliggroup.com\/wp-content\/uploads\/2022\/11\/Condiments-Whitepaper-Banner-1.png 1133w, https:\/\/www.seliggroup.com\/wp-content\/uploads\/2022\/11\/Condiments-Whitepaper-Banner-1-300x70.png 300w, https:\/\/www.seliggroup.com\/wp-content\/uploads\/2022\/11\/Condiments-Whitepaper-Banner-1-1024x239.png 1024w, https:\/\/www.seliggroup.com\/wp-content\/uploads\/2022\/11\/Condiments-Whitepaper-Banner-1-768x179.png 768w\" sizes=\"(max-width: 1133px) 100vw, 1133px\" \/>\t\t\t\t\t\t\t\t\t\t\t\t\t\t\t<\/div>\n\t\t\t\t<\/div>\n\t\t\t\t<div class=\"elementor-element elementor-element-4ca44ec6 elementor-widget elementor-widget-text-editor\" data-id=\"4ca44ec6\" data-element_type=\"widget\" data-e-type=\"widget\" data-widget_type=\"text-editor.default\">\n\t\t\t\t<div class=\"elementor-widget-container\">\n\t\t\t\t\t\t\t\t\t<h4><strong>More Than Just a Sauce<\/strong><\/h4>\n<p>Condiments and sauces can be seen on dinner tables across the globe. Although often overlooked, they can be key in adding colour, texture, taste and flavour to what is being consumed. However, the actual taste experience is often determined as much by the packaging and branding of the product as by its contents<sup>1<\/sup>. With packaging playing a key role in customer satisfaction and purchasing decisions<sup>2<\/sup>, what can manufacturers learn from consumer purchasing behaviour and how has packaging evolved to cope with the many demands now being placed on it?<\/p><\/p>\n\t\t\t\t\t\t\t\t<\/div>\n\t\t\t\t<\/div>\n\t\t\t\t<div class=\"elementor-element elementor-element-edd6a77 elementor-widget elementor-widget-text-editor\" data-id=\"edd6a77\" data-element_type=\"widget\" data-e-type=\"widget\" data-widget_type=\"text-editor.default\">\n\t\t\t\t<div class=\"elementor-widget-container\">\n\t\t\t\t\t\t\t\t\t<h4><strong>A Growing Market<\/strong><\/h4>\n<p><img decoding=\"async\" class=\"size-medium wp-image-26743 alignleft\" src=\"https:\/\/www.seliggroup.com\/wp-content\/uploads\/2022\/11\/Selig-Condiments-Ketchup-Image-300x216.jpeg\" alt=\"\" width=\"300\" height=\"216\">Since salt and vinegar were first used to enhance the flavour of foods in ancient times, people have been hooked on condiments. From the Roman practice of crushing the innards of various fish and fermenting them in salt to create garum, to today\u2019s brightly coloured ketchups and mustards, a flourishing industry has grown.<\/p>\n<p>A brief walk through any food store shows just how popular condiments have become over the years. Much time and investment is given to attracting the attention of shoppers in the condiments aisle and keeping them coming back for more. Despite its significant size, the global condiments market is projected to continue to expand, reaching USD 98.3 billion by 2024 and growing at a significant CAGR of 5.4% during the forecast period, 2019\u20132024.<sup>3<\/sup> <\/p><\/p>\n\t\t\t\t\t\t\t\t<\/div>\n\t\t\t\t<\/div>\n\t\t\t\t<div class=\"elementor-element elementor-element-d804b32 elementor-widget elementor-widget-text-editor\" data-id=\"d804b32\" data-element_type=\"widget\" data-e-type=\"widget\" data-widget_type=\"text-editor.default\">\n\t\t\t\t<div class=\"elementor-widget-container\">\n\t\t\t\t\t\t\t\t\t<h4><strong>The Psychology of Condiment Packaging <\/strong><\/h4>\n<p>With competition fierce for shelf space, condiments producers have had to get ever-more creative in how they attract shoppers to their products. Here are some of the ways that psychology plays a part in condiments packaging design. <\/p>\n<p>Capturing consumer attention:<\/p>\n<ul>\n<li>Condiment colour \u2013 colour is typically used to guide a shopper\u2019s product search; whether it is the colour of the packaging, or the product itself, if it is in transparent packaging<\/li>\n<li>Iconic packaging shapes \u2013 the original octagonal glass Heinz ketchup or the Kikkoman soya sauce bottles show that having a distinctive shape can make an item stand out on the shelf<\/li>\n<li>A weighty solution \u2013 quality tends to be communicated via the weight of a product when the shopper picks it off the shelf, which is why many condiment producers choose glass to convey premium quality<\/li>\n<li>Punchy labels &#8211; it has been shown that if a packaging label is too \u2018busy\u2019, consumers will skip over it. This means a balance needs to be achieved between education and attractiveness on product labeling.<\/li>\n<\/ul>\n\t\t\t\t\t\t\t\t<\/div>\n\t\t\t\t<\/div>\n\t\t\t\t<div class=\"elementor-element elementor-element-50b82d8 elementor-widget elementor-widget-text-editor\" data-id=\"50b82d8\" data-element_type=\"widget\" data-e-type=\"widget\" data-widget_type=\"text-editor.default\">\n\t\t\t\t<div class=\"elementor-widget-container\">\n\t\t\t\t\t\t\t\t\t<h4><strong>Rising Condiment Stars<\/strong><\/h4>\n<p>The popularity of condiments rises and falls. Here are the top 5 condiments in the UK and top 6 in the US at the moment.<\/p>\n\t\t\t\t\t\t\t\t<\/div>\n\t\t\t\t<\/div>\n\t\t\t\t<div class=\"elementor-element elementor-element-bc990fd gallery-spacing-custom elementor-widget elementor-widget-image-gallery\" data-id=\"bc990fd\" data-element_type=\"widget\" data-e-type=\"widget\" data-widget_type=\"image-gallery.default\">\n\t\t\t\t<div class=\"elementor-widget-container\">\n\t\t\t\t\t\t\t<div class=\"elementor-image-gallery\">\n\t\t\t<div id='gallery-1' class='gallery galleryid-58378 gallery-columns-2 gallery-size-full'><figure class='gallery-item'>\n\t\t\t<div class='gallery-icon portrait'>\n\t\t\t\t<a data-elementor-open-lightbox=\"no\" href='https:\/\/www.seliggroup.com\/wp-content\/uploads\/2022\/11\/Top-5-UK-Condiments-Image-e1669171879165-1.jpeg'><img decoding=\"async\" width=\"952\" height=\"1087\" src=\"https:\/\/www.seliggroup.com\/wp-content\/uploads\/2022\/11\/Top-5-UK-Condiments-Image-e1669171879165-1.jpeg\" class=\"attachment-full size-full\" alt=\"\" srcset=\"https:\/\/www.seliggroup.com\/wp-content\/uploads\/2022\/11\/Top-5-UK-Condiments-Image-e1669171879165-1.jpeg 952w, https:\/\/www.seliggroup.com\/wp-content\/uploads\/2022\/11\/Top-5-UK-Condiments-Image-e1669171879165-1-263x300.jpeg 263w, https:\/\/www.seliggroup.com\/wp-content\/uploads\/2022\/11\/Top-5-UK-Condiments-Image-e1669171879165-1-897x1024.jpeg 897w, https:\/\/www.seliggroup.com\/wp-content\/uploads\/2022\/11\/Top-5-UK-Condiments-Image-e1669171879165-1-768x877.jpeg 768w\" sizes=\"(max-width: 952px) 100vw, 952px\" \/><\/a>\n\t\t\t<\/div><\/figure><figure class='gallery-item'>\n\t\t\t<div class='gallery-icon landscape'>\n\t\t\t\t<a data-elementor-open-lightbox=\"no\" href='https:\/\/www.seliggroup.com\/wp-content\/uploads\/2022\/11\/Top-6-USA-Condiments-Image-v1.2-1.jpg'><img loading=\"lazy\" decoding=\"async\" width=\"1087\" height=\"1087\" src=\"https:\/\/www.seliggroup.com\/wp-content\/uploads\/2022\/11\/Top-6-USA-Condiments-Image-v1.2-1.jpg\" class=\"attachment-full size-full\" alt=\"\" srcset=\"https:\/\/www.seliggroup.com\/wp-content\/uploads\/2022\/11\/Top-6-USA-Condiments-Image-v1.2-1.jpg 1087w, https:\/\/www.seliggroup.com\/wp-content\/uploads\/2022\/11\/Top-6-USA-Condiments-Image-v1.2-1-300x300.jpg 300w, https:\/\/www.seliggroup.com\/wp-content\/uploads\/2022\/11\/Top-6-USA-Condiments-Image-v1.2-1-1024x1024.jpg 1024w, https:\/\/www.seliggroup.com\/wp-content\/uploads\/2022\/11\/Top-6-USA-Condiments-Image-v1.2-1-150x150.jpg 150w, https:\/\/www.seliggroup.com\/wp-content\/uploads\/2022\/11\/Top-6-USA-Condiments-Image-v1.2-1-768x768.jpg 768w\" sizes=\"(max-width: 1087px) 100vw, 1087px\" \/><\/a>\n\t\t\t<\/div><\/figure>\n\t\t<\/div>\n\t\t<\/div>\n\t\t\t\t\t\t<\/div>\n\t\t\t\t<\/div>\n\t\t\t\t<div class=\"elementor-element elementor-element-340664f elementor-widget elementor-widget-text-editor\" data-id=\"340664f\" data-element_type=\"widget\" data-e-type=\"widget\" data-widget_type=\"text-editor.default\">\n\t\t\t\t<div class=\"elementor-widget-container\">\n\t\t\t\t\t\t\t\t\t<h4><strong>The Changing Face of Condiment Packaging<\/strong><\/h4>\n<p>Even since the introduction of the octagonal glass Heinz ketchup bottle in 1889, packaging has played an important role in the marketing of condiment products. Although most condiments were originally packaged in glass, consumer convenience and the cost of transporting and storing heavy items have driven the growth of PET\/HDPE bottles. <\/p>\n<p>Squeezable condiment pouches have also begun to make an appearance. This is because they are light to transport and easy to use. Although in the present climate, the fact that they are single-use might impact their popularity. As well as convenience, consumer demographics are also driving continued change in condiment design, with the rise in single-person households increasing demand for smaller pack sizes. <\/p>\n<\/p>\n<p><img loading=\"lazy\" decoding=\"async\" class=\"size-medium wp-image-26742 alignright\" src=\"https:\/\/www.seliggroup.com\/wp-content\/uploads\/2022\/11\/glass-jars-300x245.png\" alt=\"\" width=\"300\" height=\"245\">The benefits of glass for condiment packaging:<\/p>\n<ul>\n<li>Glass conveys a premium image to consumers<\/li>\n<li>It is seen as easier to recycle or re-use and thus more sustainable by consumers<\/li>\n<\/ul>\n<p>The benefits of HDPE and PET plastic for condiment packaging:<\/p>\n<ul>\n<li>Inverted bottles with plastic dispensing closures are easy to use<\/li>\n<li>Plastic condiment containers are more flexible, durable and lightweight than glass containers<\/li>\n<li>They are unbreakable and seen as more portable than glass<\/li>\n<\/ul>\n\t\t\t\t\t\t\t\t<\/div>\n\t\t\t\t<\/div>\n\t\t\t\t<div class=\"elementor-element elementor-element-ed02280 elementor-widget elementor-widget-text-editor\" data-id=\"ed02280\" data-element_type=\"widget\" data-e-type=\"widget\" data-widget_type=\"text-editor.default\">\n\t\t\t\t<div class=\"elementor-widget-container\">\n\t\t\t\t\t\t\t\t\t<h4><strong>Responding to Changing Demands<\/strong><\/h4>\n<p>Originally most condiments were packaged in glass. The shift over recent years to plastic packaging has occurred due to the fact that it is cheaper than glass to produce and transport and offers customer convenience. <\/p>\n<p>It wasn\u2019t until the early 2000\u2019s that the plastic bottle was turned on its head and a dispensing cap incorporated into its design. In fact, makers of Hunts\u2019 and Heinz ketchup had to educate customers on the benefits of an inverted bottle when the new packaging was launched to US consumers in 2002. The container\u2019s banner featured the strapline: \u2018Easy Squeeze! Stay Clean Cap with Squeeze Control.\u201d<\/p>\n<p>Although highly convenient for consumers, the inversion of condiments did present product integrity issues for producers. This is where a match made in heaven was formed \u2013 the plastic condiment bottle and the induction heat seal. As well as enabling a hermetic seal when the bottle is inverted, induction heat sealing also allows the plastic container to be light-weighted. This is of particular importance as producers seek to show improve their sustainability credentials.<\/p>\n<h4><strong>Convenient Condiments and Induction Heat Seals<\/strong><\/h4>\n<p>Induction sealing is a non-contact heating process. It works by attaching a liner seal material to the bottle neck of a container. As well as enabling the creation of a hermetic seal, induction heat sealing requires little, if any, modification to a producer\u2019s existing packaging line and promotes the product\u2019s shelf-life by protecting against moisture and oxygen ingress.<\/p><\/p>\n\t\t\t\t\t\t\t\t<\/div>\n\t\t\t\t<\/div>\n\t\t\t\t<div class=\"elementor-element elementor-element-b8d3e94 elementor-widget elementor-widget-text-editor\" data-id=\"b8d3e94\" data-element_type=\"widget\" data-e-type=\"widget\" data-widget_type=\"text-editor.default\">\n\t\t\t\t<div class=\"elementor-widget-container\">\n\t\t\t\t\t\t\t\t\t<h4><strong>Benefits For Plastic and Glass Condiment Packaging<\/strong><\/h4>\n<p><img loading=\"lazy\" decoding=\"async\" class=\"alignright wp-image-26740\" src=\"https:\/\/www.seliggroup.com\/wp-content\/uploads\/2022\/11\/Condiments-Journey.jpeg\" alt=\"\" width=\"380\" height=\"686\">While leakage prevention is often the primary driver for the adoption of induction foil seals in condiments packaging, there are other benefits to consider as well:<\/p>\n<ul>\n<li>It helps maintain the freshness of product<\/li>\n<li>It prevents accidental product contamination via moisture ingress during transportation or storage<\/li>\n<li>It provides tamper-evidence \u2013 the consumer can see if the product has been compromised in any way<\/li>\n<li>It promotes an \u2018easy open\u2019 experience &#8211; Selig\u2019s Lift \u2018n\u2019 Peel\u2122 easy to open liner is particularly popular with condiment producers for this reason<\/li>\n<li>It offers the opportunity for brand reinforcement &#8211; through the use of bespoke branding on seals<\/li>\n<li>It enables the light-weighting of plastic packaging \u2013 by using an induction heat seal, the plastic packaging around the neck and cap can be reduced whilst maintaining the product\u2019s integrity<\/li>\n<li>It seals even the most oily condiments \u2013 thanks to Selig\u2019s GlassFuze\u2122 technology, induction seals can even be used on oily condiments in both large and small glass containers. This enables a hermetic seal to be formed every time.<\/li>\n<\/ul>\n<h4> <\/h4>\n<h4><strong>Selig &#8211; Tried and Tested <\/strong><\/h4>\n<p>As a global leader in induction sealing solutions, Selig has helped many producers resolve their condiment packaging seal challenges. Thanks to induction heat sealing, both plastic and glass condiment bottles and jars containing oily and non-oily foods alike can be sealed securely, with no leakage. <\/p>\n<p>Although only a small part of the condiment packaging mix, the induction heat seal brings peace of mind to many manufacturers, so why not see if Selig can help you improve seal integrity, extend shelf-life and keep your customers happy too?<\/p>\n<\/p>\n<h6>1. Source: The psychology of condiments: A review, Charles Spence, International Journal of Gastronomy and Food Science 11 (2018) 41-48.https:\/\/www.fortunebusinessinsights.com\/industry-reports\/food-packaging-market-101941<br \/>2. https:\/\/www.euromonitor.com\/sauces-dressings-and-condiments-packaging<br \/>3. https:\/\/www.marketresearchfuture.com\/reports\/condiments-market-2799<br \/>4. Source: Uber Eats, UK\u2019s favourite condiments, May 2019<br \/>5. Source: https:\/\/qz.com\/172019\/ketchup-isnt-the-king-of-american-condiments-mayonnaise-is\/<\/h6>\n<h6> <\/h6>\n<h6> <\/h6>\n\t\t\t\t\t\t\t\t<\/div>\n\t\t\t\t<\/div>\n\t\t\t\t<\/div>\n\t\t<div class=\"elementor-element elementor-element-6e705fef e-con-full e-flex e-con e-parent\" data-id=\"6e705fef\" data-element_type=\"container\" data-e-type=\"container\">\n\t\t<div class=\"elementor-element elementor-element-e8ba1b2 e-con-full e-flex e-con e-parent\" data-id=\"e8ba1b2\" data-element_type=\"container\" data-e-type=\"container\">\n\t\t\t\t<div class=\"elementor-element elementor-element-19640b3b elementor-widget elementor-widget-heading\" data-id=\"19640b3b\" data-element_type=\"widget\" data-e-type=\"widget\" data-widget_type=\"heading.default\">\n\t\t\t\t<div class=\"elementor-widget-container\">\n\t\t\t\t\t<h2 class=\"elementor-heading-title elementor-size-default\">Soluciones relacionadas<\/h2>\t\t\t\t<\/div>\n\t\t\t\t<\/div>\n\t\t\t\t<div class=\"elementor-element elementor-element-b386b1e elementor-grid-1 elementor-posts--thumbnail-top elementor-grid-tablet-2 elementor-grid-mobile-1 elementor-widget elementor-widget-posts\" data-id=\"b386b1e\" data-element_type=\"widget\" data-e-type=\"widget\" data-settings=\"{&quot;custom_columns&quot;:&quot;1&quot;,&quot;custom_row_gap&quot;:{&quot;unit&quot;:&quot;px&quot;,&quot;size&quot;:0,&quot;sizes&quot;:[]},&quot;custom_columns_tablet&quot;:&quot;2&quot;,&quot;custom_columns_mobile&quot;:&quot;1&quot;,&quot;custom_row_gap_tablet&quot;:{&quot;unit&quot;:&quot;px&quot;,&quot;size&quot;:&quot;&quot;,&quot;sizes&quot;:[]},&quot;custom_row_gap_mobile&quot;:{&quot;unit&quot;:&quot;px&quot;,&quot;size&quot;:&quot;&quot;,&quot;sizes&quot;:[]}}\" data-widget_type=\"posts.custom\">\n\t\t\t\t<div class=\"elementor-widget-container\">\n\t\t\t\t\t      <div class=\"ecs-posts elementor-posts-container elementor-posts   elementor-grid elementor-posts--skin-custom\" data-settings=\"{&quot;current_page&quot;:1,&quot;max_num_pages&quot;:1,&quot;load_method&quot;:&quot;&quot;,&quot;widget_id&quot;:&quot;b386b1e&quot;,&quot;post_id&quot;:58378,&quot;theme_id&quot;:58378,&quot;change_url&quot;:false,&quot;reinit_js&quot;:false}\">\n      \t\t<article id=\"post-53042\" class=\"elementor-post elementor-grid-item ecs-post-loop post-53042 solution_page type-solution_page status-publish has-post-thumbnail hentry\">\n\t\t\t\t<div data-elementor-type=\"loop\" data-elementor-id=\"44786\" class=\"elementor elementor-44786 post-53042 solution_page type-solution_page status-publish has-post-thumbnail hentry\" data-elementor-post-type=\"elementor_library\">\n\t\t\t<div class=\"elementor-element elementor-element-6e8074ec e-con-full e-flex e-con e-parent\" data-id=\"6e8074ec\" data-element_type=\"container\" data-e-type=\"container\">\n\t\t\t\t<div class=\"elementor-element elementor-element-412a08e1 elementor-widget elementor-widget-theme-post-title elementor-page-title elementor-widget-heading\" data-id=\"412a08e1\" data-element_type=\"widget\" data-e-type=\"widget\" data-widget_type=\"theme-post-title.default\">\n\t\t\t\t<div class=\"elementor-widget-container\">\n\t\t\t\t\t<h1 class=\"elementor-heading-title elementor-size-default\"><a href=\"\/solution\/alphaseal\">AlphaSeal\u2122<\/a><\/h1>\t\t\t\t<\/div>\n\t\t\t\t<\/div>\n\t\t\t\t<\/div>\n\t\t\t\t<\/div>\n\t\t\t\t<\/article>\n\t\t\t\t<article id=\"post-48459\" class=\"elementor-post elementor-grid-item ecs-post-loop post-48459 solution_page type-solution_page status-publish has-post-thumbnail hentry\">\n\t\t\t\t<div data-elementor-type=\"loop\" data-elementor-id=\"44786\" class=\"elementor elementor-44786 post-48459 solution_page type-solution_page status-publish has-post-thumbnail hentry\" data-elementor-post-type=\"elementor_library\">\n\t\t\t<div class=\"elementor-element elementor-element-6e8074ec e-con-full e-flex e-con e-parent\" data-id=\"6e8074ec\" data-element_type=\"container\" data-e-type=\"container\">\n\t\t\t\t<div class=\"elementor-element elementor-element-412a08e1 elementor-widget elementor-widget-theme-post-title elementor-page-title elementor-widget-heading\" data-id=\"412a08e1\" data-element_type=\"widget\" data-e-type=\"widget\" data-widget_type=\"theme-post-title.default\">\n\t\t\t\t<div class=\"elementor-widget-container\">\n\t\t\t\t\t<h1 class=\"elementor-heading-title elementor-size-default\"><a href=\"\/solution\/esterfoam\">EsterFoam\u2122<\/a><\/h1>\t\t\t\t<\/div>\n\t\t\t\t<\/div>\n\t\t\t\t<\/div>\n\t\t\t\t<\/div>\n\t\t\t\t<\/article>\n\t\t\t\t<article id=\"post-48462\" class=\"elementor-post elementor-grid-item ecs-post-loop post-48462 solution_page type-solution_page status-publish has-post-thumbnail hentry\">\n\t\t\t\t<div data-elementor-type=\"loop\" data-elementor-id=\"44786\" class=\"elementor elementor-44786 post-48462 solution_page type-solution_page status-publish has-post-thumbnail hentry\" data-elementor-post-type=\"elementor_library\">\n\t\t\t<div class=\"elementor-element elementor-element-6e8074ec e-con-full e-flex e-con e-parent\" data-id=\"6e8074ec\" data-element_type=\"container\" data-e-type=\"container\">\n\t\t\t\t<div class=\"elementor-element elementor-element-412a08e1 elementor-widget elementor-widget-theme-post-title elementor-page-title elementor-widget-heading\" data-id=\"412a08e1\" data-element_type=\"widget\" data-e-type=\"widget\" data-widget_type=\"theme-post-title.default\">\n\t\t\t\t<div class=\"elementor-widget-container\">\n\t\t\t\t\t<h1 class=\"elementor-heading-title elementor-size-default\"><a href=\"\/solution\/foilseal\">FoilSeal\u2122<\/a><\/h1>\t\t\t\t<\/div>\n\t\t\t\t<\/div>\n\t\t\t\t<\/div>\n\t\t\t\t<\/div>\n\t\t\t\t<\/article>\n\t\t\t\t<article id=\"post-48465\" class=\"elementor-post elementor-grid-item ecs-post-loop post-48465 solution_page type-solution_page status-publish has-post-thumbnail hentry\">\n\t\t\t\t<div data-elementor-type=\"loop\" data-elementor-id=\"44786\" class=\"elementor elementor-44786 post-48465 solution_page type-solution_page status-publish has-post-thumbnail hentry\" data-elementor-post-type=\"elementor_library\">\n\t\t\t<div class=\"elementor-element elementor-element-6e8074ec e-con-full e-flex e-con e-parent\" data-id=\"6e8074ec\" data-element_type=\"container\" data-e-type=\"container\">\n\t\t\t\t<div class=\"elementor-element elementor-element-412a08e1 elementor-widget elementor-widget-theme-post-title elementor-page-title elementor-widget-heading\" data-id=\"412a08e1\" data-element_type=\"widget\" data-e-type=\"widget\" data-widget_type=\"theme-post-title.default\">\n\t\t\t\t<div class=\"elementor-widget-container\">\n\t\t\t\t\t<h1 class=\"elementor-heading-title elementor-size-default\"><a href=\"\/solution\/lift-n-peel\">Lift &#8216;n&#8217; Peel\u2122<\/a><\/h1>\t\t\t\t<\/div>\n\t\t\t\t<\/div>\n\t\t\t\t<\/div>\n\t\t\t\t<\/div>\n\t\t\t\t<\/article>\n\t\t\t\t<article id=\"post-48475\" class=\"elementor-post elementor-grid-item ecs-post-loop post-48475 solution_page type-solution_page status-publish has-post-thumbnail hentry\">\n\t\t\t\t<div data-elementor-type=\"loop\" data-elementor-id=\"44786\" class=\"elementor elementor-44786 post-48475 solution_page type-solution_page status-publish has-post-thumbnail hentry\" data-elementor-post-type=\"elementor_library\">\n\t\t\t<div class=\"elementor-element elementor-element-6e8074ec e-con-full e-flex e-con e-parent\" data-id=\"6e8074ec\" data-element_type=\"container\" data-e-type=\"container\">\n\t\t\t\t<div class=\"elementor-element elementor-element-412a08e1 elementor-widget elementor-widget-theme-post-title elementor-page-title elementor-widget-heading\" data-id=\"412a08e1\" data-element_type=\"widget\" data-e-type=\"widget\" data-widget_type=\"theme-post-title.default\">\n\t\t\t\t<div class=\"elementor-widget-container\">\n\t\t\t\t\t<h1 class=\"elementor-heading-title elementor-size-default\"><a href=\"\/solution\/toptab\">Top Tab\u2122<\/a><\/h1>\t\t\t\t<\/div>\n\t\t\t\t<\/div>\n\t\t\t\t<\/div>\n\t\t\t\t<\/div>\n\t\t\t\t<\/article>\n\t\t\t\t<\/div>\n\t\t\t\t\t\t<\/div>\n\t\t\t\t<\/div>\n\t\t\t\t<\/div>\n\t\t<div class=\"elementor-element elementor-element-3aced3f7 e-con-full e-flex e-con e-parent\" data-id=\"3aced3f7\" data-element_type=\"container\" data-e-type=\"container\">\n\t\t\t\t<div class=\"elementor-element elementor-element-2d26bbf3 elementor-widget elementor-widget-heading\" data-id=\"2d26bbf3\" data-element_type=\"widget\" data-e-type=\"widget\" data-widget_type=\"heading.default\">\n\t\t\t\t<div class=\"elementor-widget-container\">\n\t\t\t\t\t<h2 class=\"elementor-heading-title elementor-size-default\">Recursos Relacionados<\/h2>\t\t\t\t<\/div>\n\t\t\t\t<\/div>\n\t\t\t\t<div class=\"elementor-element elementor-element-6e9c121 elementor-grid-1 elementor-posts--thumbnail-top elementor-grid-tablet-2 elementor-grid-mobile-1 elementor-widget elementor-widget-posts\" data-id=\"6e9c121\" data-element_type=\"widget\" data-e-type=\"widget\" data-settings=\"{&quot;custom_columns&quot;:&quot;1&quot;,&quot;custom_row_gap&quot;:{&quot;unit&quot;:&quot;px&quot;,&quot;size&quot;:0,&quot;sizes&quot;:[]},&quot;custom_columns_tablet&quot;:&quot;2&quot;,&quot;custom_columns_mobile&quot;:&quot;1&quot;,&quot;custom_row_gap_tablet&quot;:{&quot;unit&quot;:&quot;px&quot;,&quot;size&quot;:&quot;&quot;,&quot;sizes&quot;:[]},&quot;custom_row_gap_mobile&quot;:{&quot;unit&quot;:&quot;px&quot;,&quot;size&quot;:&quot;&quot;,&quot;sizes&quot;:[]}}\" data-widget_type=\"posts.custom\">\n\t\t\t\t<div class=\"elementor-widget-container\">\n\t\t\t\t\t      <div class=\"ecs-posts elementor-posts-container elementor-posts   elementor-grid elementor-posts--skin-custom\" data-settings=\"{&quot;current_page&quot;:1,&quot;max_num_pages&quot;:1,&quot;load_method&quot;:&quot;&quot;,&quot;widget_id&quot;:&quot;6e9c121&quot;,&quot;post_id&quot;:48475,&quot;theme_id&quot;:58378,&quot;change_url&quot;:false,&quot;reinit_js&quot;:false}\">\n      \t\t<article id=\"post-56401\" class=\"elementor-post elementor-grid-item ecs-post-loop post-56401 page type-page status-publish hentry\">\n\t\t\t\t<div data-elementor-type=\"loop\" data-elementor-id=\"44786\" class=\"elementor elementor-44786 post-56401 page type-page status-publish hentry\" data-elementor-post-type=\"elementor_library\">\n\t\t\t<div class=\"elementor-element elementor-element-6e8074ec e-con-full e-flex e-con e-parent\" data-id=\"6e8074ec\" data-element_type=\"container\" data-e-type=\"container\">\n\t\t\t\t<div class=\"elementor-element elementor-element-412a08e1 elementor-widget elementor-widget-theme-post-title elementor-page-title elementor-widget-heading\" data-id=\"412a08e1\" data-element_type=\"widget\" data-e-type=\"widget\" data-widget_type=\"theme-post-title.default\">\n\t\t\t\t<div class=\"elementor-widget-container\">\n\t\t\t\t\t<h1 class=\"elementor-heading-title elementor-size-default\"><a href=\"https:\/\/www.seliggroup.com\/es\/mercados\/alimentacion\/\">Alimentaci\u00f3n<\/a><\/h1>\t\t\t\t<\/div>\n\t\t\t\t<\/div>\n\t\t\t\t<\/div>\n\t\t\t\t<\/div>\n\t\t\t\t<\/article>\n\t\t\t\t<article id=\"post-54956\" class=\"elementor-post elementor-grid-item ecs-post-loop post-54956 post type-post status-publish format-standard has-post-thumbnail hentry category-webinars tag-alimento tag-bebida tag-cuidado-de-la-salud tag-cuidado-personal tag-vinos-y-licores\">\n\t\t\t\t<div data-elementor-type=\"loop\" data-elementor-id=\"44786\" class=\"elementor elementor-44786 post-54956 post type-post status-publish format-standard has-post-thumbnail hentry category-webinars tag-alimento tag-bebida tag-cuidado-de-la-salud tag-cuidado-personal tag-vinos-y-licores\" data-elementor-post-type=\"elementor_library\">\n\t\t\t<div class=\"elementor-element elementor-element-6e8074ec e-con-full e-flex e-con e-parent\" data-id=\"6e8074ec\" data-element_type=\"container\" data-e-type=\"container\">\n\t\t\t\t<div class=\"elementor-element elementor-element-412a08e1 elementor-widget elementor-widget-theme-post-title elementor-page-title elementor-widget-heading\" data-id=\"412a08e1\" data-element_type=\"widget\" data-e-type=\"widget\" data-widget_type=\"theme-post-title.default\">\n\t\t\t\t<div class=\"elementor-widget-container\">\n\t\t\t\t\t<h1 class=\"elementor-heading-title elementor-size-default\"><a href=\"https:\/\/www.seliggroup.com\/es\/como-conseguir-el-sellado-perfecto\/\">C\u00f3mo conseguir el sellado perfecto<\/a><\/h1>\t\t\t\t<\/div>\n\t\t\t\t<\/div>\n\t\t\t\t<\/div>\n\t\t\t\t<\/div>\n\t\t\t\t<\/article>\n\t\t\t\t<article id=\"post-56307\" class=\"elementor-post elementor-grid-item ecs-post-loop post-56307 page type-page status-publish has-post-thumbnail hentry\">\n\t\t\t\t<div data-elementor-type=\"loop\" data-elementor-id=\"44786\" class=\"elementor elementor-44786 post-56307 page type-page status-publish has-post-thumbnail hentry\" data-elementor-post-type=\"elementor_library\">\n\t\t\t<div class=\"elementor-element elementor-element-6e8074ec e-con-full e-flex e-con e-parent\" data-id=\"6e8074ec\" data-element_type=\"container\" data-e-type=\"container\">\n\t\t\t\t<div class=\"elementor-element elementor-element-412a08e1 elementor-widget elementor-widget-theme-post-title elementor-page-title elementor-widget-heading\" data-id=\"412a08e1\" data-element_type=\"widget\" data-e-type=\"widget\" data-widget_type=\"theme-post-title.default\">\n\t\t\t\t<div class=\"elementor-widget-container\">\n\t\t\t\t\t<h1 class=\"elementor-heading-title elementor-size-default\"><a href=\"https:\/\/www.seliggroup.com\/es\/soluciones-de-envasado\/envases-sellados\/\">Envases sellados<\/a><\/h1>\t\t\t\t<\/div>\n\t\t\t\t<\/div>\n\t\t\t\t<\/div>\n\t\t\t\t<\/div>\n\t\t\t\t<\/article>\n\t\t\t\t<article id=\"post-54964\" class=\"elementor-post elementor-grid-item ecs-post-loop post-54964 page type-page status-publish hentry\">\n\t\t\t\t<div data-elementor-type=\"loop\" data-elementor-id=\"44786\" class=\"elementor elementor-44786 post-54964 page type-page status-publish hentry\" data-elementor-post-type=\"elementor_library\">\n\t\t\t<div class=\"elementor-element elementor-element-6e8074ec e-con-full e-flex e-con e-parent\" data-id=\"6e8074ec\" data-element_type=\"container\" data-e-type=\"container\">\n\t\t\t\t<div class=\"elementor-element elementor-element-412a08e1 elementor-widget elementor-widget-theme-post-title elementor-page-title elementor-widget-heading\" data-id=\"412a08e1\" data-element_type=\"widget\" data-e-type=\"widget\" data-widget_type=\"theme-post-title.default\">\n\t\t\t\t<div class=\"elementor-widget-container\">\n\t\t\t\t\t<h1 class=\"elementor-heading-title elementor-size-default\"><a href=\"https:\/\/www.seliggroup.com\/es\/recursos\/pht-guia-de-sellado-por-induccion\/\">PHT: Gu\u00eda de sellado por inducci\u00f3n<\/a><\/h1>\t\t\t\t<\/div>\n\t\t\t\t<\/div>\n\t\t\t\t<\/div>\n\t\t\t\t<\/div>\n\t\t\t\t<\/article>\n\t\t\t\t<\/div>\n\t\t\t\t\t\t<\/div>\n\t\t\t\t<\/div>\n\t\t\t\t<\/div>\n\t\t\t\t<\/div>\n\t\t\t\t<\/div>\n\t\t<div class=\"elementor-element elementor-element-722fd379 e-con-full e-flex e-con e-parent\" data-id=\"722fd379\" data-element_type=\"container\" data-e-type=\"container\">\n\t\t<div class=\"elementor-element elementor-element-ee55f5a e-con-full normal-padding content-show e-flex e-con e-parent\" data-id=\"ee55f5a\" data-element_type=\"container\" data-e-type=\"container\" data-settings=\"{&quot;background_background&quot;:&quot;classic&quot;}\">\n\t\t<div class=\"elementor-element elementor-element-9589037 e-con-full e-flex e-con e-parent\" data-id=\"9589037\" data-element_type=\"container\" data-e-type=\"container\">\n\t\t\t\t<div class=\"elementor-element elementor-element-508c7083 elementor-widget__width-auto elementor-widget elementor-widget-heading\" data-id=\"508c7083\" data-element_type=\"widget\" data-e-type=\"widget\" data-widget_type=\"heading.default\">\n\t\t\t\t<div class=\"elementor-widget-container\">\n\t\t\t\t\t<h2 class=\"elementor-heading-title elementor-size-default\">Contenido relacionado<\/h2>\t\t\t\t<\/div>\n\t\t\t\t<\/div>\n\t\t\t\t<div class=\"elementor-element elementor-element-d99f064 elementor-widget__width-initial elementor-hidden-mobile elementor-widget-divider--view-line elementor-widget elementor-widget-divider\" data-id=\"d99f064\" data-element_type=\"widget\" data-e-type=\"widget\" data-widget_type=\"divider.default\">\n\t\t\t\t<div class=\"elementor-widget-container\">\n\t\t\t\t\t\t\t<div class=\"elementor-divider\">\n\t\t\t<span class=\"elementor-divider-separator\">\n\t\t\t\t\t\t<\/span>\n\t\t<\/div>\n\t\t\t\t\t\t<\/div>\n\t\t\t\t<\/div>\n\t\t\t\t<\/div>\n\t\t\t\t<div class=\"elementor-element elementor-element-3d799600 anwp-pg-widget-header-style--b anwp-pg-post-teaser__post-icon--size-16 elementor-arrows-position-inside elementor-widget elementor-widget-anwp-pg-classic-slider\" data-id=\"3d799600\" data-element_type=\"widget\" data-e-type=\"widget\" data-widget_type=\"anwp-pg-classic-slider.default\">\n\t\t\t\t<div class=\"elementor-widget-container\">\n\t\t\t\t\t<div class=\"anwp-pg-wrap\">\n\n\t\n\t<!-- Slider main container -->\n\t<div\n\t\tclass=\"anwp-pg-classic-slider anwp-pg-swiper-wrapper position-static swiper swiper-container anwp-pg-no-transform\"\n\t\tdata-pg-slides-per-view=\"3\"\n\t\tdata-pg-slides-per-view-mobile=\"1\"\n\t\tdata-pg-slides-per-view-tablet=\"2\"\n\t\tdata-pg-slides-per-group=\"1\"\n\t\tdata-pg-slides-per-group-mobile=\"1\"\n\t\tdata-pg-slides-per-group-tablet=\"1\"\n\t\tdata-pg-autoplay=\"no\"\n\t\tdata-pg-autoplay-delay=\"\"\n\t\tdata-pg-space-between=\"30\"\n\t\tdata-pg-effect=\"slide\"\n\t\tdata-pg-show-read-more=\"yes\"\n\t\tdata-pg-enable-observer=\"no\"\n\t\tdata-pg-loop=\"no\"\n\t\tdir=\"ltr\"\n\t>\n\t\t<!-- Additional required wrapper -->\n\t\t<div class=\"swiper-wrapper\">\n\t\t\t<!-- Slides -->\n\t\t\t<div class=\"anwp-pg-post-teaser anwp-pg-post-teaser--inner-cover-link anwp-pg-post-teaser--layout-d d-flex flex-column swiper-slide anwp-pg-post-teaser--with-read-more \">\n\t<div class=\"anwp-pg-post-teaser__thumbnail position-relative\">\n\n\t\t\n\t\t\n\t\t\t\t\t<img loading=\"lazy\" class=\"anwp-pg-post-teaser__thumbnail-img d-block anwp-pg-height-180 anwp-object-cover m-0 w-100\"\n\t\t\t\talt=\"AP\/AR Specialist\"\n\t\t\t\tsrc=\"https:\/\/www.seliggroup.com\/wp-content\/uploads\/2022\/12\/Selig-Group.jpeg\"\/>\n\t\t\n\t\t<div class=\"anwp-pg-post-teaser__thumbnail-bg anwp-position-cover\"><\/div>\n\n\t\t<a class=\"anwp-position-cover anwp-link-without-effects\" href=\"https:\/\/www.seliggroup.com\/es\/engineering-manager\/\" aria-hidden=\"true\" ><\/a>\n\t<\/div>\n\n\t<div class=\"anwp-pg-post-teaser__content flex-grow-1 pt-1 d-flex flex-column\">\n\n\t\t<div class=\"anwp-pg-post-teaser__title anwp-font-heading mt-2\">\n\t\t\t<a class=\"anwp-link-without-effects\" href=\"https:\/\/www.seliggroup.com\/es\/engineering-manager\/\" aria-hidden=\"true\" >\n\t\t\t\tAP\/AR Specialist\t\t\t<\/a>\n\t\t<\/div>\n\n\t\t<div class=\"anwp-pg-post-teaser__bottom-meta d-flex flex-wrap\">\n\n\t\t\t\n\t\t\t\t\t<\/div>\n\n\t\t\t\t\t<div class=\"anwp-pg-post-teaser__excerpt mb-2\">\n\t\t\t\tHOME \/ CAREERS \/ | | Share Selig is committed to employing the best qualified candidates for approved company positions while engaging in recruitment and selection practices that are in ...\t\t\t<\/div>\n\t\t\n\t\t\t\t\t<div class=\"w-100 anwp-pg-read-more mt-auto\">\n\t\t\t\t<a href=\"https:\/\/www.seliggroup.com\/es\/engineering-manager\/\" \t\t\t\t\tclass=\"anwp-pg-read-more__btn mt-3 mb-0 btn btn-sm btn-outline-info w-100 text-decoration-none\">\n\t\t\t\t\tRead More\t\t\t\t<\/a>\n\t\t\t<\/div>\n\t\t\n\t<\/div>\n\n<\/div>\n<div class=\"anwp-pg-post-teaser anwp-pg-post-teaser--inner-cover-link anwp-pg-post-teaser--layout-d d-flex flex-column swiper-slide anwp-pg-post-teaser--with-read-more \">\n\t<div class=\"anwp-pg-post-teaser__thumbnail position-relative\">\n\n\t\t\n\t\t\n\t\t\t\t\t<img loading=\"lazy\" class=\"anwp-pg-post-teaser__thumbnail-img d-block anwp-pg-height-180 anwp-object-cover m-0 w-100\"\n\t\t\t\talt=\"Selig Group Announces New GM, Americas and Leadership Reorganization\"\n\t\t\t\tsrc=\"https:\/\/www.seliggroup.com\/wp-content\/uploads\/2025\/09\/Selig-Group-news-article-images-organizational-1.jpg\"\/>\n\t\t\n\t\t<div class=\"anwp-pg-post-teaser__thumbnail-bg anwp-position-cover\"><\/div>\n\n\t\t<a class=\"anwp-position-cover anwp-link-without-effects\" href=\"https:\/\/www.seliggroup.com\/wp-content\/uploads\/2025\/09\/Selig_Press-Release_090825.pdf\" aria-hidden=\"true\" ><\/a>\n\t<\/div>\n\n\t<div class=\"anwp-pg-post-teaser__content flex-grow-1 pt-1 d-flex flex-column\">\n\n\t\t<div class=\"anwp-pg-post-teaser__title anwp-font-heading mt-2\">\n\t\t\t<a class=\"anwp-link-without-effects\" href=\"https:\/\/www.seliggroup.com\/wp-content\/uploads\/2025\/09\/Selig_Press-Release_090825.pdf\" aria-hidden=\"true\" >\n\t\t\t\tSelig Group Announces New GM, Americas and Leadership Reorganization\t\t\t<\/a>\n\t\t<\/div>\n\n\t\t<div class=\"anwp-pg-post-teaser__bottom-meta d-flex flex-wrap\">\n\n\t\t\t\n\t\t\t\t\t<\/div>\n\n\t\t\t\t\t<div class=\"anwp-pg-post-teaser__excerpt mb-2\">\n\t\t\t\t\t\t\t<\/div>\n\t\t\n\t\t\t\t\t<div class=\"w-100 anwp-pg-read-more mt-auto\">\n\t\t\t\t<a href=\"https:\/\/www.seliggroup.com\/wp-content\/uploads\/2025\/09\/Selig_Press-Release_090825.pdf\" \t\t\t\t\tclass=\"anwp-pg-read-more__btn mt-3 mb-0 btn btn-sm btn-outline-info w-100 text-decoration-none\">\n\t\t\t\t\tRead More\t\t\t\t<\/a>\n\t\t\t<\/div>\n\t\t\n\t<\/div>\n\n<\/div>\n<div class=\"anwp-pg-post-teaser anwp-pg-post-teaser--inner-cover-link anwp-pg-post-teaser--layout-d d-flex flex-column swiper-slide anwp-pg-post-teaser--with-read-more \">\n\t<div class=\"anwp-pg-post-teaser__thumbnail position-relative\">\n\n\t\t\n\t\t\n\t\t\t\t\t<img loading=\"lazy\" class=\"anwp-pg-post-teaser__thumbnail-img d-block anwp-pg-height-180 anwp-object-cover m-0 w-100\"\n\t\t\t\talt=\"Department Supervisor\"\n\t\t\t\tsrc=\"https:\/\/www.seliggroup.com\/wp-content\/uploads\/2022\/12\/Selig-Group.jpeg\"\/>\n\t\t\n\t\t<div class=\"anwp-pg-post-teaser__thumbnail-bg anwp-position-cover\"><\/div>\n\n\t\t<a class=\"anwp-position-cover anwp-link-without-effects\" href=\"https:\/\/www.seliggroup.com\/es\/department-supervisor\/\" aria-hidden=\"true\" ><\/a>\n\t<\/div>\n\n\t<div class=\"anwp-pg-post-teaser__content flex-grow-1 pt-1 d-flex flex-column\">\n\n\t\t<div class=\"anwp-pg-post-teaser__title anwp-font-heading mt-2\">\n\t\t\t<a class=\"anwp-link-without-effects\" href=\"https:\/\/www.seliggroup.com\/es\/department-supervisor\/\" aria-hidden=\"true\" >\n\t\t\t\tDepartment Supervisor\t\t\t<\/a>\n\t\t<\/div>\n\n\t\t<div class=\"anwp-pg-post-teaser__bottom-meta d-flex flex-wrap\">\n\n\t\t\t\n\t\t\t\t\t<\/div>\n\n\t\t\t\t\t<div class=\"anwp-pg-post-teaser__excerpt mb-2\">\n\t\t\t\tHOME \/ CAREERS \/ | | Share Selig is committed to employing the best qualified candidates for approved company positions while engaging in recruitment and selection practices that are in ...\t\t\t<\/div>\n\t\t\n\t\t\t\t\t<div class=\"w-100 anwp-pg-read-more mt-auto\">\n\t\t\t\t<a href=\"https:\/\/www.seliggroup.com\/es\/department-supervisor\/\" \t\t\t\t\tclass=\"anwp-pg-read-more__btn mt-3 mb-0 btn btn-sm btn-outline-info w-100 text-decoration-none\">\n\t\t\t\t\tRead More\t\t\t\t<\/a>\n\t\t\t<\/div>\n\t\t\n\t<\/div>\n\n<\/div>\n<div class=\"anwp-pg-post-teaser anwp-pg-post-teaser--inner-cover-link anwp-pg-post-teaser--layout-d d-flex flex-column swiper-slide anwp-pg-post-teaser--with-read-more \">\n\t<div class=\"anwp-pg-post-teaser__thumbnail position-relative\">\n\n\t\t\n\t\t\n\t\t\t\t\t<img loading=\"lazy\" class=\"anwp-pg-post-teaser__thumbnail-img d-block anwp-pg-height-180 anwp-object-cover m-0 w-100\"\n\t\t\t\talt=\"Machine Operator\"\n\t\t\t\tsrc=\"https:\/\/www.seliggroup.com\/wp-content\/plugins\/anwp-post-grid-for-elementor\/public\/img\/empty_image.jpg\"\/>\n\t\t\n\t\t<div class=\"anwp-pg-post-teaser__thumbnail-bg anwp-position-cover\"><\/div>\n\n\t\t<a class=\"anwp-position-cover anwp-link-without-effects\" href=\"https:\/\/www.seliggroup.com\/es\/machine-operator-1st-shift\/\" aria-hidden=\"true\" ><\/a>\n\t<\/div>\n\n\t<div class=\"anwp-pg-post-teaser__content flex-grow-1 pt-1 d-flex flex-column\">\n\n\t\t<div class=\"anwp-pg-post-teaser__title anwp-font-heading mt-2\">\n\t\t\t<a class=\"anwp-link-without-effects\" href=\"https:\/\/www.seliggroup.com\/es\/machine-operator-1st-shift\/\" aria-hidden=\"true\" >\n\t\t\t\tMachine Operator\t\t\t<\/a>\n\t\t<\/div>\n\n\t\t<div class=\"anwp-pg-post-teaser__bottom-meta d-flex flex-wrap\">\n\n\t\t\t\n\t\t\t\t\t<\/div>\n\n\t\t\t\t\t<div class=\"anwp-pg-post-teaser__excerpt mb-2\">\n\t\t\t\tHOME \/ CAREERS \/ | Department: Manufacturing | Location: Grand Rapids, MI USA Apply Now Share Selig is committed to employing the best qualified candidates for approved company positions while ...\t\t\t<\/div>\n\t\t\n\t\t\t\t\t<div class=\"w-100 anwp-pg-read-more mt-auto\">\n\t\t\t\t<a href=\"https:\/\/www.seliggroup.com\/es\/machine-operator-1st-shift\/\" \t\t\t\t\tclass=\"anwp-pg-read-more__btn mt-3 mb-0 btn btn-sm btn-outline-info w-100 text-decoration-none\">\n\t\t\t\t\tRead More\t\t\t\t<\/a>\n\t\t\t<\/div>\n\t\t\n\t<\/div>\n\n<\/div>\n<div class=\"anwp-pg-post-teaser anwp-pg-post-teaser--inner-cover-link anwp-pg-post-teaser--layout-d d-flex flex-column swiper-slide anwp-pg-post-teaser--with-read-more \">\n\t<div class=\"anwp-pg-post-teaser__thumbnail position-relative\">\n\n\t\t\n\t\t\n\t\t\t\t\t<img loading=\"lazy\" class=\"anwp-pg-post-teaser__thumbnail-img d-block anwp-pg-height-180 anwp-object-cover m-0 w-100\"\n\t\t\t\talt=\"Selig Group Announces New CEO\"\n\t\t\t\tsrc=\"https:\/\/www.seliggroup.com\/wp-content\/uploads\/2025\/02\/Selig-Group-news-article-images-Adam-CEO.jpg\"\/>\n\t\t\n\t\t<div class=\"anwp-pg-post-teaser__thumbnail-bg anwp-position-cover\"><\/div>\n\n\t\t<a class=\"anwp-position-cover anwp-link-without-effects\" href=\"https:\/\/www.seliggroup.com\/wp-content\/uploads\/2025\/02\/Press-Release-Selig-CEO-February-2025.pdf\" aria-hidden=\"true\" ><\/a>\n\t<\/div>\n\n\t<div class=\"anwp-pg-post-teaser__content flex-grow-1 pt-1 d-flex flex-column\">\n\n\t\t<div class=\"anwp-pg-post-teaser__title anwp-font-heading mt-2\">\n\t\t\t<a class=\"anwp-link-without-effects\" href=\"https:\/\/www.seliggroup.com\/wp-content\/uploads\/2025\/02\/Press-Release-Selig-CEO-February-2025.pdf\" aria-hidden=\"true\" >\n\t\t\t\tSelig Group Announces New CEO\t\t\t<\/a>\n\t\t<\/div>\n\n\t\t<div class=\"anwp-pg-post-teaser__bottom-meta d-flex flex-wrap\">\n\n\t\t\t\n\t\t\t\t\t<\/div>\n\n\t\t\t\t\t<div class=\"anwp-pg-post-teaser__excerpt mb-2\">\n\t\t\t\t\t\t\t<\/div>\n\t\t\n\t\t\t\t\t<div class=\"w-100 anwp-pg-read-more mt-auto\">\n\t\t\t\t<a href=\"https:\/\/www.seliggroup.com\/wp-content\/uploads\/2025\/02\/Press-Release-Selig-CEO-February-2025.pdf\" \t\t\t\t\tclass=\"anwp-pg-read-more__btn mt-3 mb-0 btn btn-sm btn-outline-info w-100 text-decoration-none\">\n\t\t\t\t\tRead More\t\t\t\t<\/a>\n\t\t\t<\/div>\n\t\t\n\t<\/div>\n\n<\/div>\n<div class=\"anwp-pg-post-teaser anwp-pg-post-teaser--inner-cover-link anwp-pg-post-teaser--layout-d d-flex flex-column swiper-slide anwp-pg-post-teaser--with-read-more \">\n\t<div class=\"anwp-pg-post-teaser__thumbnail position-relative\">\n\n\t\t\n\t\t\n\t\t\t\t\t<img loading=\"lazy\" class=\"anwp-pg-post-teaser__thumbnail-img d-block anwp-pg-height-180 anwp-object-cover m-0 w-100\"\n\t\t\t\talt=\"Account Coordinator &#8211; Customer Care\"\n\t\t\t\tsrc=\"https:\/\/www.seliggroup.com\/wp-content\/uploads\/2022\/12\/Selig-Group.jpeg\"\/>\n\t\t\n\t\t<div class=\"anwp-pg-post-teaser__thumbnail-bg anwp-position-cover\"><\/div>\n\n\t\t<a class=\"anwp-position-cover anwp-link-without-effects\" href=\"https:\/\/www.seliggroup.com\/es\/account-coordinator-customer-care\/\" aria-hidden=\"true\" ><\/a>\n\t<\/div>\n\n\t<div class=\"anwp-pg-post-teaser__content flex-grow-1 pt-1 d-flex flex-column\">\n\n\t\t<div class=\"anwp-pg-post-teaser__title anwp-font-heading mt-2\">\n\t\t\t<a class=\"anwp-link-without-effects\" href=\"https:\/\/www.seliggroup.com\/es\/account-coordinator-customer-care\/\" aria-hidden=\"true\" >\n\t\t\t\tAccount Coordinator &#8211; Customer Care\t\t\t<\/a>\n\t\t<\/div>\n\n\t\t<div class=\"anwp-pg-post-teaser__bottom-meta d-flex flex-wrap\">\n\n\t\t\t\n\t\t\t\t\t<\/div>\n\n\t\t\t\t\t<div class=\"anwp-pg-post-teaser__excerpt mb-2\">\n\t\t\t\tHOME \/ CAREERS \/ | Department: Customer Care | Location: Grand Rapids, MI USA Apply Now Share Selig is committed to employing the best qualified candidates for approved company positions ...\t\t\t<\/div>\n\t\t\n\t\t\t\t\t<div class=\"w-100 anwp-pg-read-more mt-auto\">\n\t\t\t\t<a href=\"https:\/\/www.seliggroup.com\/es\/account-coordinator-customer-care\/\" \t\t\t\t\tclass=\"anwp-pg-read-more__btn mt-3 mb-0 btn btn-sm btn-outline-info w-100 text-decoration-none\">\n\t\t\t\t\tRead More\t\t\t\t<\/a>\n\t\t\t<\/div>\n\t\t\n\t<\/div>\n\n<\/div>\n<div class=\"anwp-pg-post-teaser anwp-pg-post-teaser--inner-cover-link anwp-pg-post-teaser--layout-d d-flex flex-column swiper-slide anwp-pg-post-teaser--with-read-more \">\n\t<div class=\"anwp-pg-post-teaser__thumbnail position-relative\">\n\n\t\t\n\t\t\n\t\t\t\t\t<img loading=\"lazy\" class=\"anwp-pg-post-teaser__thumbnail-img d-block anwp-pg-height-180 anwp-object-cover m-0 w-100\"\n\t\t\t\talt=\"Overcoming Induction Heat Sealing Pain Points\"\n\t\t\t\tsrc=\"https:\/\/www.seliggroup.com\/wp-content\/uploads\/2024\/05\/DELTASEAL-GlassFuze-feature-image.jpg\"\/>\n\t\t\n\t\t<div class=\"anwp-pg-post-teaser__thumbnail-bg anwp-position-cover\"><\/div>\n\n\t\t<a class=\"anwp-position-cover anwp-link-without-effects\" href=\"https:\/\/www.seliggroup.com\/es\/overcoming-induction-heat-sealing-pain-points\/\" aria-hidden=\"true\" ><\/a>\n\t<\/div>\n\n\t<div class=\"anwp-pg-post-teaser__content flex-grow-1 pt-1 d-flex flex-column\">\n\n\t\t<div class=\"anwp-pg-post-teaser__title anwp-font-heading mt-2\">\n\t\t\t<a class=\"anwp-link-without-effects\" href=\"https:\/\/www.seliggroup.com\/es\/overcoming-induction-heat-sealing-pain-points\/\" aria-hidden=\"true\" >\n\t\t\t\tOvercoming Induction Heat Sealing Pain Points\t\t\t<\/a>\n\t\t<\/div>\n\n\t\t<div class=\"anwp-pg-post-teaser__bottom-meta d-flex flex-wrap\">\n\n\t\t\t\n\t\t\t\t\t<\/div>\n\n\t\t\t\t\t<div class=\"anwp-pg-post-teaser__excerpt mb-2\">\n\t\t\t\tHOME \/ RESOURCES \/ News &#038; Whiter papers | | Region: Europe Download PDF Share Overcoming Induction Heat Sealing Pain Points Globally the induction sealing machine market was worth USD ...\t\t\t<\/div>\n\t\t\n\t\t\t\t\t<div class=\"w-100 anwp-pg-read-more mt-auto\">\n\t\t\t\t<a href=\"https:\/\/www.seliggroup.com\/es\/overcoming-induction-heat-sealing-pain-points\/\" \t\t\t\t\tclass=\"anwp-pg-read-more__btn mt-3 mb-0 btn btn-sm btn-outline-info w-100 text-decoration-none\">\n\t\t\t\t\tRead More\t\t\t\t<\/a>\n\t\t\t<\/div>\n\t\t\n\t<\/div>\n\n<\/div>\n<div class=\"anwp-pg-post-teaser anwp-pg-post-teaser--inner-cover-link anwp-pg-post-teaser--layout-d d-flex flex-column swiper-slide anwp-pg-post-teaser--with-read-more \">\n\t<div class=\"anwp-pg-post-teaser__thumbnail position-relative\">\n\n\t\t\n\t\t\n\t\t\t\t\t<img loading=\"lazy\" class=\"anwp-pg-post-teaser__thumbnail-img d-block anwp-pg-height-180 anwp-object-cover m-0 w-100\"\n\t\t\t\talt=\"Sealing the Deal With Hot Fill Containers\"\n\t\t\t\tsrc=\"https:\/\/www.seliggroup.com\/wp-content\/uploads\/2024\/01\/Selig-Group-news-article-images-Sealing-the-Deal-with-Hot-Fill.jpg\"\/>\n\t\t\n\t\t<div class=\"anwp-pg-post-teaser__thumbnail-bg anwp-position-cover\"><\/div>\n\n\t\t<a class=\"anwp-position-cover anwp-link-without-effects\" href=\"https:\/\/www.foodmanufacture.co.uk\/Article\/2024\/01\/15\/selig-group-on-sealing-the-deal-with-hot-fill-containers\" aria-hidden=\"true\" ><\/a>\n\t<\/div>\n\n\t<div class=\"anwp-pg-post-teaser__content flex-grow-1 pt-1 d-flex flex-column\">\n\n\t\t<div class=\"anwp-pg-post-teaser__title anwp-font-heading mt-2\">\n\t\t\t<a class=\"anwp-link-without-effects\" href=\"https:\/\/www.foodmanufacture.co.uk\/Article\/2024\/01\/15\/selig-group-on-sealing-the-deal-with-hot-fill-containers\" aria-hidden=\"true\" >\n\t\t\t\tSealing the Deal With Hot Fill Containers\t\t\t<\/a>\n\t\t<\/div>\n\n\t\t<div class=\"anwp-pg-post-teaser__bottom-meta d-flex flex-wrap\">\n\n\t\t\t\n\t\t\t\t\t<\/div>\n\n\t\t\t\t\t<div class=\"anwp-pg-post-teaser__excerpt mb-2\">\n\t\t\t\tHot fill technology has been standard practice across many forms of liquid and semi-liquid food products since the 1980&#8217;s. This is largely due to the improved product quality, shelf-life extension ...\t\t\t<\/div>\n\t\t\n\t\t\t\t\t<div class=\"w-100 anwp-pg-read-more mt-auto\">\n\t\t\t\t<a href=\"https:\/\/www.foodmanufacture.co.uk\/Article\/2024\/01\/15\/selig-group-on-sealing-the-deal-with-hot-fill-containers\" \t\t\t\t\tclass=\"anwp-pg-read-more__btn mt-3 mb-0 btn btn-sm btn-outline-info w-100 text-decoration-none\">\n\t\t\t\t\tRead More\t\t\t\t<\/a>\n\t\t\t<\/div>\n\t\t\n\t<\/div>\n\n<\/div>\n<div class=\"anwp-pg-post-teaser anwp-pg-post-teaser--inner-cover-link anwp-pg-post-teaser--layout-d d-flex flex-column swiper-slide anwp-pg-post-teaser--with-read-more \">\n\t<div class=\"anwp-pg-post-teaser__thumbnail position-relative\">\n\n\t\t\n\t\t\n\t\t\t\t\t<img loading=\"lazy\" class=\"anwp-pg-post-teaser__thumbnail-img d-block anwp-pg-height-180 anwp-object-cover m-0 w-100\"\n\t\t\t\talt=\"Slashing Waste With Induction Heat Seals\"\n\t\t\t\tsrc=\"https:\/\/www.seliggroup.com\/wp-content\/uploads\/2023\/08\/Selig-Group-news-article-Slashing-Waste-With-Induction-1.jpg\"\/>\n\t\t\n\t\t<div class=\"anwp-pg-post-teaser__thumbnail-bg anwp-position-cover\"><\/div>\n\n\t\t<a class=\"anwp-position-cover anwp-link-without-effects\" href=\"https:\/\/packagingscotland.com\/2023\/04\/slashing-waste-with-induction-heat-seals\/\" aria-hidden=\"true\" ><\/a>\n\t<\/div>\n\n\t<div class=\"anwp-pg-post-teaser__content flex-grow-1 pt-1 d-flex flex-column\">\n\n\t\t<div class=\"anwp-pg-post-teaser__title anwp-font-heading mt-2\">\n\t\t\t<a class=\"anwp-link-without-effects\" href=\"https:\/\/packagingscotland.com\/2023\/04\/slashing-waste-with-induction-heat-seals\/\" aria-hidden=\"true\" >\n\t\t\t\tSlashing Waste With Induction Heat Seals\t\t\t<\/a>\n\t\t<\/div>\n\n\t\t<div class=\"anwp-pg-post-teaser__bottom-meta d-flex flex-wrap\">\n\n\t\t\t\n\t\t\t\t\t<\/div>\n\n\t\t\t\t\t<div class=\"anwp-pg-post-teaser__excerpt mb-2\">\n\t\t\t\t\t\t\t<\/div>\n\t\t\n\t\t\t\t\t<div class=\"w-100 anwp-pg-read-more mt-auto\">\n\t\t\t\t<a href=\"https:\/\/packagingscotland.com\/2023\/04\/slashing-waste-with-induction-heat-seals\/\" \t\t\t\t\tclass=\"anwp-pg-read-more__btn mt-3 mb-0 btn btn-sm btn-outline-info w-100 text-decoration-none\">\n\t\t\t\t\tRead More\t\t\t\t<\/a>\n\t\t\t<\/div>\n\t\t\n\t<\/div>\n\n<\/div>\n<div class=\"anwp-pg-post-teaser anwp-pg-post-teaser--inner-cover-link anwp-pg-post-teaser--layout-d d-flex flex-column swiper-slide anwp-pg-post-teaser--with-read-more \">\n\t<div class=\"anwp-pg-post-teaser__thumbnail position-relative\">\n\n\t\t\n\t\t\n\t\t\t\t\t<img loading=\"lazy\" class=\"anwp-pg-post-teaser__thumbnail-img d-block anwp-pg-height-180 anwp-object-cover m-0 w-100\"\n\t\t\t\talt=\"Selig Group Launches New Website\"\n\t\t\t\tsrc=\"https:\/\/www.seliggroup.com\/wp-content\/uploads\/2023\/08\/Selig-Group-news-article-Selig-Group-Launches-New-Website.jpg\"\/>\n\t\t\n\t\t<div class=\"anwp-pg-post-teaser__thumbnail-bg anwp-position-cover\"><\/div>\n\n\t\t<a class=\"anwp-position-cover anwp-link-without-effects\" href=\"https:\/\/www.packworld.com\/supplier-news\/news\/22863862\/selig-group-selig-group-launches-new-website\" aria-hidden=\"true\" ><\/a>\n\t<\/div>\n\n\t<div class=\"anwp-pg-post-teaser__content flex-grow-1 pt-1 d-flex flex-column\">\n\n\t\t<div class=\"anwp-pg-post-teaser__title anwp-font-heading mt-2\">\n\t\t\t<a class=\"anwp-link-without-effects\" href=\"https:\/\/www.packworld.com\/supplier-news\/news\/22863862\/selig-group-selig-group-launches-new-website\" aria-hidden=\"true\" >\n\t\t\t\tSelig Group Launches New Website\t\t\t<\/a>\n\t\t<\/div>\n\n\t\t<div class=\"anwp-pg-post-teaser__bottom-meta d-flex flex-wrap\">\n\n\t\t\t\n\t\t\t\t\t<\/div>\n\n\t\t\t\t\t<div class=\"anwp-pg-post-teaser__excerpt mb-2\">\n\t\t\t\t\t\t\t<\/div>\n\t\t\n\t\t\t\t\t<div class=\"w-100 anwp-pg-read-more mt-auto\">\n\t\t\t\t<a href=\"https:\/\/www.packworld.com\/supplier-news\/news\/22863862\/selig-group-selig-group-launches-new-website\" \t\t\t\t\tclass=\"anwp-pg-read-more__btn mt-3 mb-0 btn btn-sm btn-outline-info w-100 text-decoration-none\">\n\t\t\t\t\tRead More\t\t\t\t<\/a>\n\t\t\t<\/div>\n\t\t\n\t<\/div>\n\n<\/div>\n<div class=\"anwp-pg-post-teaser anwp-pg-post-teaser--inner-cover-link anwp-pg-post-teaser--layout-d d-flex flex-column swiper-slide anwp-pg-post-teaser--with-read-more \">\n\t<div class=\"anwp-pg-post-teaser__thumbnail position-relative\">\n\n\t\t\n\t\t\n\t\t\t\t\t<img loading=\"lazy\" class=\"anwp-pg-post-teaser__thumbnail-img d-block anwp-pg-height-180 anwp-object-cover m-0 w-100\"\n\t\t\t\talt=\"Material Handler &#8211; 1st Shift\"\n\t\t\t\tsrc=\"https:\/\/www.seliggroup.com\/wp-content\/uploads\/2022\/12\/Selig-Group.jpeg\"\/>\n\t\t\n\t\t<div class=\"anwp-pg-post-teaser__thumbnail-bg anwp-position-cover\"><\/div>\n\n\t\t<a class=\"anwp-position-cover anwp-link-without-effects\" href=\"https:\/\/www.seliggroup.com\/es\/material-handler-1st-shift\/\" aria-hidden=\"true\" ><\/a>\n\t<\/div>\n\n\t<div class=\"anwp-pg-post-teaser__content flex-grow-1 pt-1 d-flex flex-column\">\n\n\t\t<div class=\"anwp-pg-post-teaser__title anwp-font-heading mt-2\">\n\t\t\t<a class=\"anwp-link-without-effects\" href=\"https:\/\/www.seliggroup.com\/es\/material-handler-1st-shift\/\" aria-hidden=\"true\" >\n\t\t\t\tMaterial Handler &#8211; 1st Shift\t\t\t<\/a>\n\t\t<\/div>\n\n\t\t<div class=\"anwp-pg-post-teaser__bottom-meta d-flex flex-wrap\">\n\n\t\t\t\n\t\t\t\t\t<\/div>\n\n\t\t\t\t\t<div class=\"anwp-pg-post-teaser__excerpt mb-2\">\n\t\t\t\tP\u00e1gina principal \/ Carreras profesionales \/ | | Compartir Selig is committed to employing the best qualified candidates for approved company positions while engaging in recruitment and selection practices that ...\t\t\t<\/div>\n\t\t\n\t\t\t\t\t<div class=\"w-100 anwp-pg-read-more mt-auto\">\n\t\t\t\t<a href=\"https:\/\/www.seliggroup.com\/es\/material-handler-1st-shift\/\" \t\t\t\t\tclass=\"anwp-pg-read-more__btn mt-3 mb-0 btn btn-sm btn-outline-info w-100 text-decoration-none\">\n\t\t\t\t\tRead More\t\t\t\t<\/a>\n\t\t\t<\/div>\n\t\t\n\t<\/div>\n\n<\/div>\n<div class=\"anwp-pg-post-teaser anwp-pg-post-teaser--inner-cover-link anwp-pg-post-teaser--layout-d d-flex flex-column swiper-slide anwp-pg-post-teaser--with-read-more \">\n\t<div class=\"anwp-pg-post-teaser__thumbnail position-relative\">\n\n\t\t\n\t\t\n\t\t\t\t\t<img loading=\"lazy\" class=\"anwp-pg-post-teaser__thumbnail-img d-block anwp-pg-height-180 anwp-object-cover m-0 w-100\"\n\t\t\t\talt=\"Packaging Sealing at its Best with Selig at Interpack\"\n\t\t\t\tsrc=\"https:\/\/www.seliggroup.com\/wp-content\/uploads\/2023\/08\/Selig-Group-news-article-Packaging-Sealing-at-its-Best-1.jpg\"\/>\n\t\t\n\t\t<div class=\"anwp-pg-post-teaser__thumbnail-bg anwp-position-cover\"><\/div>\n\n\t\t<a class=\"anwp-position-cover anwp-link-without-effects\" href=\"https:\/\/spnews.com\/selig-at-interpack\/\" aria-hidden=\"true\" ><\/a>\n\t<\/div>\n\n\t<div class=\"anwp-pg-post-teaser__content flex-grow-1 pt-1 d-flex flex-column\">\n\n\t\t<div class=\"anwp-pg-post-teaser__title anwp-font-heading mt-2\">\n\t\t\t<a class=\"anwp-link-without-effects\" href=\"https:\/\/spnews.com\/selig-at-interpack\/\" aria-hidden=\"true\" >\n\t\t\t\tPackaging Sealing at its Best with Selig at Interpack\t\t\t<\/a>\n\t\t<\/div>\n\n\t\t<div class=\"anwp-pg-post-teaser__bottom-meta d-flex flex-wrap\">\n\n\t\t\t\n\t\t\t\t\t<\/div>\n\n\t\t\t\t\t<div class=\"anwp-pg-post-teaser__excerpt mb-2\">\n\t\t\t\t\t\t\t<\/div>\n\t\t\n\t\t\t\t\t<div class=\"w-100 anwp-pg-read-more mt-auto\">\n\t\t\t\t<a href=\"https:\/\/spnews.com\/selig-at-interpack\/\" \t\t\t\t\tclass=\"anwp-pg-read-more__btn mt-3 mb-0 btn btn-sm btn-outline-info w-100 text-decoration-none\">\n\t\t\t\t\tRead More\t\t\t\t<\/a>\n\t\t\t<\/div>\n\t\t\n\t<\/div>\n\n<\/div>\n<div class=\"anwp-pg-post-teaser anwp-pg-post-teaser--inner-cover-link anwp-pg-post-teaser--layout-d d-flex flex-column swiper-slide anwp-pg-post-teaser--with-read-more \">\n\t<div class=\"anwp-pg-post-teaser__thumbnail position-relative\">\n\n\t\t\n\t\t\n\t\t\t\t\t<img loading=\"lazy\" class=\"anwp-pg-post-teaser__thumbnail-img d-block anwp-pg-height-180 anwp-object-cover m-0 w-100\"\n\t\t\t\talt=\"Packager-Machine Operator\"\n\t\t\t\tsrc=\"https:\/\/www.seliggroup.com\/wp-content\/uploads\/2022\/12\/Selig-Group.jpeg\"\/>\n\t\t\n\t\t<div class=\"anwp-pg-post-teaser__thumbnail-bg anwp-position-cover\"><\/div>\n\n\t\t<a class=\"anwp-position-cover anwp-link-without-effects\" href=\"https:\/\/www.seliggroup.com\/es\/packager-machine-operator\/\" aria-hidden=\"true\" ><\/a>\n\t<\/div>\n\n\t<div class=\"anwp-pg-post-teaser__content flex-grow-1 pt-1 d-flex flex-column\">\n\n\t\t<div class=\"anwp-pg-post-teaser__title anwp-font-heading mt-2\">\n\t\t\t<a class=\"anwp-link-without-effects\" href=\"https:\/\/www.seliggroup.com\/es\/packager-machine-operator\/\" aria-hidden=\"true\" >\n\t\t\t\tPackager-Machine Operator\t\t\t<\/a>\n\t\t<\/div>\n\n\t\t<div class=\"anwp-pg-post-teaser__bottom-meta d-flex flex-wrap\">\n\n\t\t\t\n\t\t\t\t\t<\/div>\n\n\t\t\t\t\t<div class=\"anwp-pg-post-teaser__excerpt mb-2\">\n\t\t\t\tHOME \/ CAREERS \/ | | Share Selig is committed to employing the best qualified candidates for approved company positions while engaging in recruitment and selection practices that are in ...\t\t\t<\/div>\n\t\t\n\t\t\t\t\t<div class=\"w-100 anwp-pg-read-more mt-auto\">\n\t\t\t\t<a href=\"https:\/\/www.seliggroup.com\/es\/packager-machine-operator\/\" \t\t\t\t\tclass=\"anwp-pg-read-more__btn mt-3 mb-0 btn btn-sm btn-outline-info w-100 text-decoration-none\">\n\t\t\t\t\tRead More\t\t\t\t<\/a>\n\t\t\t<\/div>\n\t\t\n\t<\/div>\n\n<\/div>\n<div class=\"anwp-pg-post-teaser anwp-pg-post-teaser--inner-cover-link anwp-pg-post-teaser--layout-d d-flex flex-column swiper-slide anwp-pg-post-teaser--with-read-more \">\n\t<div class=\"anwp-pg-post-teaser__thumbnail position-relative\">\n\n\t\t\n\t\t\n\t\t\t\t\t<img loading=\"lazy\" class=\"anwp-pg-post-teaser__thumbnail-img d-block anwp-pg-height-180 anwp-object-cover m-0 w-100\"\n\t\t\t\talt=\"Envasado flexible &#8211; El panorama cambiante\"\n\t\t\t\tsrc=\"https:\/\/www.seliggroup.com\/wp-content\/uploads\/2022\/11\/flexible-packaging-kagi-1.png\"\/>\n\t\t\n\t\t<div class=\"anwp-pg-post-teaser__thumbnail-bg anwp-position-cover\"><\/div>\n\n\t\t<a class=\"anwp-position-cover anwp-link-without-effects\" href=\"https:\/\/www.seliggroup.com\/es\/envasado-flexible-el-panorama-cambiante\/\" aria-hidden=\"true\" ><\/a>\n\t<\/div>\n\n\t<div class=\"anwp-pg-post-teaser__content flex-grow-1 pt-1 d-flex flex-column\">\n\n\t\t<div class=\"anwp-pg-post-teaser__title anwp-font-heading mt-2\">\n\t\t\t<a class=\"anwp-link-without-effects\" href=\"https:\/\/www.seliggroup.com\/es\/envasado-flexible-el-panorama-cambiante\/\" aria-hidden=\"true\" >\n\t\t\t\tEnvasado flexible &#8211; El panorama cambiante\t\t\t<\/a>\n\t\t<\/div>\n\n\t\t<div class=\"anwp-pg-post-teaser__bottom-meta d-flex flex-wrap\">\n\n\t\t\t\n\t\t\t\t\t<\/div>\n\n\t\t\t\t\t<div class=\"anwp-pg-post-teaser__excerpt mb-2\">\n\t\t\t\tLa sostenibilidad, la comodidad y los avances tecnol\u00f3gicos est\u00e1n cambiando el panorama de los envases flexibles.\t\t\t<\/div>\n\t\t\n\t\t\t\t\t<div class=\"w-100 anwp-pg-read-more mt-auto\">\n\t\t\t\t<a href=\"https:\/\/www.seliggroup.com\/es\/envasado-flexible-el-panorama-cambiante\/\" \t\t\t\t\tclass=\"anwp-pg-read-more__btn mt-3 mb-0 btn btn-sm btn-outline-info w-100 text-decoration-none\">\n\t\t\t\t\tRead More\t\t\t\t<\/a>\n\t\t\t<\/div>\n\t\t\n\t<\/div>\n\n<\/div>\n<div class=\"anwp-pg-post-teaser anwp-pg-post-teaser--inner-cover-link anwp-pg-post-teaser--layout-d d-flex flex-column swiper-slide anwp-pg-post-teaser--with-read-more \">\n\t<div class=\"anwp-pg-post-teaser__thumbnail position-relative\">\n\n\t\t\n\t\t\n\t\t\t\t\t<img loading=\"lazy\" class=\"anwp-pg-post-teaser__thumbnail-img d-block anwp-pg-height-180 anwp-object-cover m-0 w-100\"\n\t\t\t\talt=\"Conservaci\u00f3n del vino en el siglo XXI\"\n\t\t\t\tsrc=\"https:\/\/www.seliggroup.com\/wp-content\/uploads\/2022\/11\/Oenoseal-wine-bottle-1.png\"\/>\n\t\t\n\t\t<div class=\"anwp-pg-post-teaser__thumbnail-bg anwp-position-cover\"><\/div>\n\n\t\t<a class=\"anwp-position-cover anwp-link-without-effects\" href=\"https:\/\/www.seliggroup.com\/es\/conservacion-del-vino-en-el-siglo-xxi\/\" aria-hidden=\"true\" ><\/a>\n\t<\/div>\n\n\t<div class=\"anwp-pg-post-teaser__content flex-grow-1 pt-1 d-flex flex-column\">\n\n\t\t<div class=\"anwp-pg-post-teaser__title anwp-font-heading mt-2\">\n\t\t\t<a class=\"anwp-link-without-effects\" href=\"https:\/\/www.seliggroup.com\/es\/conservacion-del-vino-en-el-siglo-xxi\/\" aria-hidden=\"true\" >\n\t\t\t\tConservaci\u00f3n del vino en el siglo XXI\t\t\t<\/a>\n\t\t<\/div>\n\n\t\t<div class=\"anwp-pg-post-teaser__bottom-meta d-flex flex-wrap\">\n\n\t\t\t\n\t\t\t\t\t<\/div>\n\n\t\t\t\t\t<div class=\"anwp-pg-post-teaser__excerpt mb-2\">\n\t\t\t\tDurante la pandemia mundial, la industria del vino demostr\u00f3 su versatilidad para encontrar soluciones flexibles. Sin embargo, ahora que el cambio es la \u00fanica constante en la industria del vino, ...\t\t\t<\/div>\n\t\t\n\t\t\t\t\t<div class=\"w-100 anwp-pg-read-more mt-auto\">\n\t\t\t\t<a href=\"https:\/\/www.seliggroup.com\/es\/conservacion-del-vino-en-el-siglo-xxi\/\" \t\t\t\t\tclass=\"anwp-pg-read-more__btn mt-3 mb-0 btn btn-sm btn-outline-info w-100 text-decoration-none\">\n\t\t\t\t\tRead More\t\t\t\t<\/a>\n\t\t\t<\/div>\n\t\t\n\t<\/div>\n\n<\/div>\n<div class=\"anwp-pg-post-teaser anwp-pg-post-teaser--inner-cover-link anwp-pg-post-teaser--layout-d d-flex flex-column swiper-slide anwp-pg-post-teaser--with-read-more \">\n\t<div class=\"anwp-pg-post-teaser__thumbnail position-relative\">\n\n\t\t\n\t\t\n\t\t\t\t\t<img loading=\"lazy\" class=\"anwp-pg-post-teaser__thumbnail-img d-block anwp-pg-height-180 anwp-object-cover m-0 w-100\"\n\t\t\t\talt=\"Selig nombra a su nuevo Presidente\"\n\t\t\t\tsrc=\"https:\/\/www.seliggroup.com\/wp-content\/uploads\/2022\/11\/Adam-Selig-President-e1669746852171-1.png\"\/>\n\t\t\n\t\t<div class=\"anwp-pg-post-teaser__thumbnail-bg anwp-position-cover\"><\/div>\n\n\t\t<a class=\"anwp-position-cover anwp-link-without-effects\" href=\"https:\/\/www.seliggroup.com\/es\/selig-nombra-a-su-nuevo-presidente\/\" aria-hidden=\"true\" ><\/a>\n\t<\/div>\n\n\t<div class=\"anwp-pg-post-teaser__content flex-grow-1 pt-1 d-flex flex-column\">\n\n\t\t<div class=\"anwp-pg-post-teaser__title anwp-font-heading mt-2\">\n\t\t\t<a class=\"anwp-link-without-effects\" href=\"https:\/\/www.seliggroup.com\/es\/selig-nombra-a-su-nuevo-presidente\/\" aria-hidden=\"true\" >\n\t\t\t\tSelig nombra a su nuevo Presidente\t\t\t<\/a>\n\t\t<\/div>\n\n\t\t<div class=\"anwp-pg-post-teaser__bottom-meta d-flex flex-wrap\">\n\n\t\t\t\n\t\t\t\t\t<\/div>\n\n\t\t\t\t\t<div class=\"anwp-pg-post-teaser__excerpt mb-2\">\n\t\t\t\tEl grupo Selig est\u00e1 contento de anunciar que Adam Sheridan asumir\u00e1 el cargo de Presidente de Selig Group a partir del 1 de junio. \u00abEstoy muy ilusionado por dirigir el ...\t\t\t<\/div>\n\t\t\n\t\t\t\t\t<div class=\"w-100 anwp-pg-read-more mt-auto\">\n\t\t\t\t<a href=\"https:\/\/www.seliggroup.com\/es\/selig-nombra-a-su-nuevo-presidente\/\" \t\t\t\t\tclass=\"anwp-pg-read-more__btn mt-3 mb-0 btn btn-sm btn-outline-info w-100 text-decoration-none\">\n\t\t\t\t\tRead More\t\t\t\t<\/a>\n\t\t\t<\/div>\n\t\t\n\t<\/div>\n\n<\/div>\n<div class=\"anwp-pg-post-teaser anwp-pg-post-teaser--inner-cover-link anwp-pg-post-teaser--layout-d d-flex flex-column swiper-slide anwp-pg-post-teaser--with-read-more \">\n\t<div class=\"anwp-pg-post-teaser__thumbnail position-relative\">\n\n\t\t\n\t\t\n\t\t\t\t\t<img loading=\"lazy\" class=\"anwp-pg-post-teaser__thumbnail-img d-block anwp-pg-height-180 anwp-object-cover m-0 w-100\"\n\t\t\t\talt=\"Soluciones de ventilaci\u00f3n de Selig para el hogar y el cuidado personal\"\n\t\t\t\tsrc=\"https:\/\/www.seliggroup.com\/wp-content\/uploads\/2022\/11\/news-venting-happi-1.png\"\/>\n\t\t\n\t\t<div class=\"anwp-pg-post-teaser__thumbnail-bg anwp-position-cover\"><\/div>\n\n\t\t<a class=\"anwp-position-cover anwp-link-without-effects\" href=\"https:\/\/www.seliggroup.com\/es\/soluciones-de-ventilacion-de-selig-para-el-hogar-y-el-cuidado-personal\/\" aria-hidden=\"true\" ><\/a>\n\t<\/div>\n\n\t<div class=\"anwp-pg-post-teaser__content flex-grow-1 pt-1 d-flex flex-column\">\n\n\t\t<div class=\"anwp-pg-post-teaser__title anwp-font-heading mt-2\">\n\t\t\t<a class=\"anwp-link-without-effects\" href=\"https:\/\/www.seliggroup.com\/es\/soluciones-de-ventilacion-de-selig-para-el-hogar-y-el-cuidado-personal\/\" aria-hidden=\"true\" >\n\t\t\t\tSoluciones de ventilaci\u00f3n de Selig para el hogar y el cuidado personal\t\t\t<\/a>\n\t\t<\/div>\n\n\t\t<div class=\"anwp-pg-post-teaser__bottom-meta d-flex flex-wrap\">\n\n\t\t\t\n\t\t\t\t\t<\/div>\n\n\t\t\t\t\t<div class=\"anwp-pg-post-teaser__excerpt mb-2\">\n\t\t\t\tLea el art\u00edculo sobre los sistemas de revestimiento ventilado Circumvent\u2122 y Airfoil\u2122 de Selig Group de la edici\u00f3n de febrero de 2022 de la revista Happi Packaging.\t\t\t<\/div>\n\t\t\n\t\t\t\t\t<div class=\"w-100 anwp-pg-read-more mt-auto\">\n\t\t\t\t<a href=\"https:\/\/www.seliggroup.com\/es\/soluciones-de-ventilacion-de-selig-para-el-hogar-y-el-cuidado-personal\/\" \t\t\t\t\tclass=\"anwp-pg-read-more__btn mt-3 mb-0 btn btn-sm btn-outline-info w-100 text-decoration-none\">\n\t\t\t\t\tRead More\t\t\t\t<\/a>\n\t\t\t<\/div>\n\t\t\n\t<\/div>\n\n<\/div>\n<div class=\"anwp-pg-post-teaser anwp-pg-post-teaser--inner-cover-link anwp-pg-post-teaser--layout-d d-flex flex-column swiper-slide anwp-pg-post-teaser--with-read-more \">\n\t<div class=\"anwp-pg-post-teaser__thumbnail position-relative\">\n\n\t\t\n\t\t\n\t\t\t\t\t<img loading=\"lazy\" class=\"anwp-pg-post-teaser__thumbnail-img d-block anwp-pg-height-180 anwp-object-cover m-0 w-100\"\n\t\t\t\talt=\"Buenos resultados obtenidos en las pruebas con envases reciclables flexibles de Selig Flexibles\"\n\t\t\t\tsrc=\"https:\/\/www.seliggroup.com\/wp-content\/uploads\/2022\/11\/flexibles-bars-1-1.png\"\/>\n\t\t\n\t\t<div class=\"anwp-pg-post-teaser__thumbnail-bg anwp-position-cover\"><\/div>\n\n\t\t<a class=\"anwp-position-cover anwp-link-without-effects\" href=\"https:\/\/www.seliggroup.com\/es\/buenos-resultados-obtenidos-en-las-pruebas-con-envases-reciclables-flexibles-de-selig-flexibles\/\" aria-hidden=\"true\" ><\/a>\n\t<\/div>\n\n\t<div class=\"anwp-pg-post-teaser__content flex-grow-1 pt-1 d-flex flex-column\">\n\n\t\t<div class=\"anwp-pg-post-teaser__title anwp-font-heading mt-2\">\n\t\t\t<a class=\"anwp-link-without-effects\" href=\"https:\/\/www.seliggroup.com\/es\/buenos-resultados-obtenidos-en-las-pruebas-con-envases-reciclables-flexibles-de-selig-flexibles\/\" aria-hidden=\"true\" >\n\t\t\t\tBuenos resultados obtenidos en las pruebas con envases reciclables flexibles de Selig Flexibles\t\t\t<\/a>\n\t\t<\/div>\n\n\t\t<div class=\"anwp-pg-post-teaser__bottom-meta d-flex flex-wrap\">\n\n\t\t\t\n\t\t\t\t\t<\/div>\n\n\t\t\t\t\t<div class=\"anwp-pg-post-teaser__excerpt mb-2\">\n\t\t\t\tSelig colabora con sus clientes para ofrecerles soluciones de envasado flexibles fabricados con pl\u00e1stico reciclable al 84 % que ofrece nuestra empresa. En la actualidad, empresas de toda Europa est\u00e1n ...\t\t\t<\/div>\n\t\t\n\t\t\t\t\t<div class=\"w-100 anwp-pg-read-more mt-auto\">\n\t\t\t\t<a href=\"https:\/\/www.seliggroup.com\/es\/buenos-resultados-obtenidos-en-las-pruebas-con-envases-reciclables-flexibles-de-selig-flexibles\/\" \t\t\t\t\tclass=\"anwp-pg-read-more__btn mt-3 mb-0 btn btn-sm btn-outline-info w-100 text-decoration-none\">\n\t\t\t\t\tRead More\t\t\t\t<\/a>\n\t\t\t<\/div>\n\t\t\n\t<\/div>\n\n<\/div>\n<div class=\"anwp-pg-post-teaser anwp-pg-post-teaser--inner-cover-link anwp-pg-post-teaser--layout-d d-flex flex-column swiper-slide anwp-pg-post-teaser--with-read-more \">\n\t<div class=\"anwp-pg-post-teaser__thumbnail position-relative\">\n\n\t\t\n\t\t\n\t\t\t\t\t<img loading=\"lazy\" class=\"anwp-pg-post-teaser__thumbnail-img d-block anwp-pg-height-180 anwp-object-cover m-0 w-100\"\n\t\t\t\talt=\"Selig Group anuncia la adquisici\u00f3n de MGJ\"\n\t\t\t\tsrc=\"https:\/\/www.seliggroup.com\/wp-content\/uploads\/2022\/11\/selig-mgj-1.png\"\/>\n\t\t\n\t\t<div class=\"anwp-pg-post-teaser__thumbnail-bg anwp-position-cover\"><\/div>\n\n\t\t<a class=\"anwp-position-cover anwp-link-without-effects\" href=\"https:\/\/www.seliggroup.com\/es\/selig-group-anuncia-la-adquisicion-de-mgj\/\" aria-hidden=\"true\" ><\/a>\n\t<\/div>\n\n\t<div class=\"anwp-pg-post-teaser__content flex-grow-1 pt-1 d-flex flex-column\">\n\n\t\t<div class=\"anwp-pg-post-teaser__title anwp-font-heading mt-2\">\n\t\t\t<a class=\"anwp-link-without-effects\" href=\"https:\/\/www.seliggroup.com\/es\/selig-group-anuncia-la-adquisicion-de-mgj\/\" aria-hidden=\"true\" >\n\t\t\t\tSelig Group anuncia la adquisici\u00f3n de MGJ\t\t\t<\/a>\n\t\t<\/div>\n\n\t\t<div class=\"anwp-pg-post-teaser__bottom-meta d-flex flex-wrap\">\n\n\t\t\t\n\t\t\t\t\t<\/div>\n\n\t\t\t\t\t<div class=\"anwp-pg-post-teaser__excerpt mb-2\">\n\t\t\t\tSelig Group, propiedad de CC Industries (\u00abCCI\u00bb), ha anunciado hoy la adquisici\u00f3n de Manufacture G\u00e9n\u00e9rale de Joints (\u00abMGJ\u00bb). Fundada en 1947 y con sede cerca de Lyon (Francia), MGJ es ...\t\t\t<\/div>\n\t\t\n\t\t\t\t\t<div class=\"w-100 anwp-pg-read-more mt-auto\">\n\t\t\t\t<a href=\"https:\/\/www.seliggroup.com\/es\/selig-group-anuncia-la-adquisicion-de-mgj\/\" \t\t\t\t\tclass=\"anwp-pg-read-more__btn mt-3 mb-0 btn btn-sm btn-outline-info w-100 text-decoration-none\">\n\t\t\t\t\tRead More\t\t\t\t<\/a>\n\t\t\t<\/div>\n\t\t\n\t<\/div>\n\n<\/div>\n<div class=\"anwp-pg-post-teaser anwp-pg-post-teaser--inner-cover-link anwp-pg-post-teaser--layout-d d-flex flex-column swiper-slide anwp-pg-post-teaser--with-read-more \">\n\t<div class=\"anwp-pg-post-teaser__thumbnail position-relative\">\n\n\t\t\n\t\t\n\t\t\t\t\t<img loading=\"lazy\" class=\"anwp-pg-post-teaser__thumbnail-img d-block anwp-pg-height-180 anwp-object-cover m-0 w-100\"\n\t\t\t\talt=\"Los impuestos en los envases de pl\u00e1stico: \u00bfEstamos preparados para ello?\"\n\t\t\t\tsrc=\"https:\/\/www.seliggroup.com\/wp-content\/uploads\/2022\/11\/plastic-packaging-tax-1.png\"\/>\n\t\t\n\t\t<div class=\"anwp-pg-post-teaser__thumbnail-bg anwp-position-cover\"><\/div>\n\n\t\t<a class=\"anwp-position-cover anwp-link-without-effects\" href=\"https:\/\/www.seliggroup.com\/es\/los-impuestos-en-los-envases-de-plastico-estamos-preparados-para-ello\/\" aria-hidden=\"true\" ><\/a>\n\t<\/div>\n\n\t<div class=\"anwp-pg-post-teaser__content flex-grow-1 pt-1 d-flex flex-column\">\n\n\t\t<div class=\"anwp-pg-post-teaser__title anwp-font-heading mt-2\">\n\t\t\t<a class=\"anwp-link-without-effects\" href=\"https:\/\/www.seliggroup.com\/es\/los-impuestos-en-los-envases-de-plastico-estamos-preparados-para-ello\/\" aria-hidden=\"true\" >\n\t\t\t\tLos impuestos en los envases de pl\u00e1stico: \u00bfEstamos preparados para ello?\t\t\t<\/a>\n\t\t<\/div>\n\n\t\t<div class=\"anwp-pg-post-teaser__bottom-meta d-flex flex-wrap\">\n\n\t\t\t\n\t\t\t\t\t<\/div>\n\n\t\t\t\t\t<div class=\"anwp-pg-post-teaser__excerpt mb-2\">\n\t\t\t\tEn noviembre, el gobierno brit\u00e1nico public\u00f3 un nuevo documento de trabajo sobre la introducci\u00f3n de un impuesto que ser\u00e1 aplicado a los envases de pl\u00e1stico. Este impuesto pretende incentivar econ\u00f3micamente ...\t\t\t<\/div>\n\t\t\n\t\t\t\t\t<div class=\"w-100 anwp-pg-read-more mt-auto\">\n\t\t\t\t<a href=\"https:\/\/www.seliggroup.com\/es\/los-impuestos-en-los-envases-de-plastico-estamos-preparados-para-ello\/\" \t\t\t\t\tclass=\"anwp-pg-read-more__btn mt-3 mb-0 btn btn-sm btn-outline-info w-100 text-decoration-none\">\n\t\t\t\t\tRead More\t\t\t\t<\/a>\n\t\t\t<\/div>\n\t\t\n\t<\/div>\n\n<\/div>\n<div class=\"anwp-pg-post-teaser anwp-pg-post-teaser--inner-cover-link anwp-pg-post-teaser--layout-d d-flex flex-column swiper-slide anwp-pg-post-teaser--with-read-more \">\n\t<div class=\"anwp-pg-post-teaser__thumbnail position-relative\">\n\n\t\t\n\t\t\n\t\t\t\t\t<img loading=\"lazy\" class=\"anwp-pg-post-teaser__thumbnail-img d-block anwp-pg-height-180 anwp-object-cover m-0 w-100\"\n\t\t\t\talt=\"Condimentos: el poder y el potencial del empaque\"\n\t\t\t\tsrc=\"https:\/\/www.seliggroup.com\/wp-content\/uploads\/2022\/11\/Selig-Condiments-Ketchup-Image-scaled-1.jpeg\"\/>\n\t\t\n\t\t<div class=\"anwp-pg-post-teaser__thumbnail-bg anwp-position-cover\"><\/div>\n\n\t\t<a class=\"anwp-position-cover anwp-link-without-effects\" href=\"https:\/\/www.seliggroup.com\/es\/condimentos-el-poder-y-el-potencial-del-empaque\/\" aria-hidden=\"true\" ><\/a>\n\t<\/div>\n\n\t<div class=\"anwp-pg-post-teaser__content flex-grow-1 pt-1 d-flex flex-column\">\n\n\t\t<div class=\"anwp-pg-post-teaser__title anwp-font-heading mt-2\">\n\t\t\t<a class=\"anwp-link-without-effects\" href=\"https:\/\/www.seliggroup.com\/es\/condimentos-el-poder-y-el-potencial-del-empaque\/\" aria-hidden=\"true\" >\n\t\t\t\tCondimentos: el poder y el potencial del empaque\t\t\t<\/a>\n\t\t<\/div>\n\n\t\t<div class=\"anwp-pg-post-teaser__bottom-meta d-flex flex-wrap\">\n\n\t\t\t\n\t\t\t\t\t<\/div>\n\n\t\t\t\t\t<div class=\"anwp-pg-post-teaser__excerpt mb-2\">\n\t\t\t\tDado que el empaque juega un papel clave en la satisfacci\u00f3n del cliente y las decisiones de compra, \u00bfqu\u00e9 pueden aprender los fabricantes del comportamiento de compra del consumidor y ...\t\t\t<\/div>\n\t\t\n\t\t\t\t\t<div class=\"w-100 anwp-pg-read-more mt-auto\">\n\t\t\t\t<a href=\"https:\/\/www.seliggroup.com\/es\/condimentos-el-poder-y-el-potencial-del-empaque\/\" \t\t\t\t\tclass=\"anwp-pg-read-more__btn mt-3 mb-0 btn btn-sm btn-outline-info w-100 text-decoration-none\">\n\t\t\t\t\tRead More\t\t\t\t<\/a>\n\t\t\t<\/div>\n\t\t\n\t<\/div>\n\n<\/div>\n<div class=\"anwp-pg-post-teaser anwp-pg-post-teaser--inner-cover-link anwp-pg-post-teaser--layout-d d-flex flex-column swiper-slide anwp-pg-post-teaser--with-read-more \">\n\t<div class=\"anwp-pg-post-teaser__thumbnail position-relative\">\n\n\t\t\n\t\t\n\t\t\t\t\t<img loading=\"lazy\" class=\"anwp-pg-post-teaser__thumbnail-img d-block anwp-pg-height-180 anwp-object-cover m-0 w-100\"\n\t\t\t\talt=\"Perspectivas sobre envasado sostenible\"\n\t\t\t\tsrc=\"https:\/\/www.seliggroup.com\/wp-content\/uploads\/2022\/10\/Sustainability-1.jpg\"\/>\n\t\t\n\t\t<div class=\"anwp-pg-post-teaser__thumbnail-bg anwp-position-cover\"><\/div>\n\n\t\t<a class=\"anwp-position-cover anwp-link-without-effects\" href=\"https:\/\/www.seliggroup.com\/es\/perspectivas-sobre-envasado-sostenible\/\" aria-hidden=\"true\" ><\/a>\n\t<\/div>\n\n\t<div class=\"anwp-pg-post-teaser__content flex-grow-1 pt-1 d-flex flex-column\">\n\n\t\t<div class=\"anwp-pg-post-teaser__title anwp-font-heading mt-2\">\n\t\t\t<a class=\"anwp-link-without-effects\" href=\"https:\/\/www.seliggroup.com\/es\/perspectivas-sobre-envasado-sostenible\/\" aria-hidden=\"true\" >\n\t\t\t\tPerspectivas sobre envasado sostenible\t\t\t<\/a>\n\t\t<\/div>\n\n\t\t<div class=\"anwp-pg-post-teaser__bottom-meta d-flex flex-wrap\">\n\n\t\t\t\n\t\t\t\t\t<\/div>\n\n\t\t\t\t\t<div class=\"anwp-pg-post-teaser__excerpt mb-2\">\n\t\t\t\tMatthew O&#039;Donnell y John Brown del Grupo Selig analizan el estado actual de la industria del reciclaje y el futuro de los envases sostenibles\t\t\t<\/div>\n\t\t\n\t\t\t\t\t<div class=\"w-100 anwp-pg-read-more mt-auto\">\n\t\t\t\t<a href=\"https:\/\/www.seliggroup.com\/es\/perspectivas-sobre-envasado-sostenible\/\" \t\t\t\t\tclass=\"anwp-pg-read-more__btn mt-3 mb-0 btn btn-sm btn-outline-info w-100 text-decoration-none\">\n\t\t\t\t\tRead More\t\t\t\t<\/a>\n\t\t\t<\/div>\n\t\t\n\t<\/div>\n\n<\/div>\n<div class=\"anwp-pg-post-teaser anwp-pg-post-teaser--inner-cover-link anwp-pg-post-teaser--layout-d d-flex flex-column swiper-slide anwp-pg-post-teaser--with-read-more \">\n\t<div class=\"anwp-pg-post-teaser__thumbnail position-relative\">\n\n\t\t\n\t\t\n\t\t\t\t\t<img loading=\"lazy\" class=\"anwp-pg-post-teaser__thumbnail-img d-block anwp-pg-height-180 anwp-object-cover m-0 w-100\"\n\t\t\t\talt=\"Superaci\u00f3n de los retos de envasado en la cadena de suministro del comercio electr\u00f3nico\"\n\t\t\t\tsrc=\"https:\/\/www.seliggroup.com\/wp-content\/uploads\/2022\/11\/overcoming-pack-challenges-for-supply-chain-1.png\"\/>\n\t\t\n\t\t<div class=\"anwp-pg-post-teaser__thumbnail-bg anwp-position-cover\"><\/div>\n\n\t\t<a class=\"anwp-position-cover anwp-link-without-effects\" href=\"https:\/\/www.seliggroup.com\/es\/superacion-de-los-retos-de-envasado-en-la-cadena-de-suministro-del-comercio-electronico\/\" aria-hidden=\"true\" ><\/a>\n\t<\/div>\n\n\t<div class=\"anwp-pg-post-teaser__content flex-grow-1 pt-1 d-flex flex-column\">\n\n\t\t<div class=\"anwp-pg-post-teaser__title anwp-font-heading mt-2\">\n\t\t\t<a class=\"anwp-link-without-effects\" href=\"https:\/\/www.seliggroup.com\/es\/superacion-de-los-retos-de-envasado-en-la-cadena-de-suministro-del-comercio-electronico\/\" aria-hidden=\"true\" >\n\t\t\t\tSuperaci\u00f3n de los retos de envasado en la cadena de suministro del comercio electr\u00f3nico\t\t\t<\/a>\n\t\t<\/div>\n\n\t\t<div class=\"anwp-pg-post-teaser__bottom-meta d-flex flex-wrap\">\n\n\t\t\t\n\t\t\t\t\t<\/div>\n\n\t\t\t\t\t<div class=\"anwp-pg-post-teaser__excerpt mb-2\">\n\t\t\t\tCon una demanda creciente de productos que sean c\u00f3modos, la fragmentaci\u00f3n de la cadena de suministros y las crecientes exigencias en cuanto a sostenibilidad, los materiales de envasado para el ...\t\t\t<\/div>\n\t\t\n\t\t\t\t\t<div class=\"w-100 anwp-pg-read-more mt-auto\">\n\t\t\t\t<a href=\"https:\/\/www.seliggroup.com\/es\/superacion-de-los-retos-de-envasado-en-la-cadena-de-suministro-del-comercio-electronico\/\" \t\t\t\t\tclass=\"anwp-pg-read-more__btn mt-3 mb-0 btn btn-sm btn-outline-info w-100 text-decoration-none\">\n\t\t\t\t\tRead More\t\t\t\t<\/a>\n\t\t\t<\/div>\n\t\t\n\t<\/div>\n\n<\/div>\n<div class=\"anwp-pg-post-teaser anwp-pg-post-teaser--inner-cover-link anwp-pg-post-teaser--layout-d d-flex flex-column swiper-slide anwp-pg-post-teaser--with-read-more \">\n\t<div class=\"anwp-pg-post-teaser__thumbnail position-relative\">\n\n\t\t\n\t\t\n\t\t\t\t\t<img loading=\"lazy\" class=\"anwp-pg-post-teaser__thumbnail-img d-block anwp-pg-height-180 anwp-object-cover m-0 w-100\"\n\t\t\t\talt=\"Investigaci\u00f3n del sellado de envases de cristal sit\u00faa a Selig en lo m\u00e1s alto\"\n\t\t\t\tsrc=\"https:\/\/www.seliggroup.com\/wp-content\/uploads\/2022\/11\/glass-jar-sealing-research-puts-selig-on-top-1.png\"\/>\n\t\t\n\t\t<div class=\"anwp-pg-post-teaser__thumbnail-bg anwp-position-cover\"><\/div>\n\n\t\t<a class=\"anwp-position-cover anwp-link-without-effects\" href=\"https:\/\/www.seliggroup.com\/es\/investigacion-del-sellado-de-envases-de-cristal-situa-a-selig-en-lo-mas-alto\/\" aria-hidden=\"true\" ><\/a>\n\t<\/div>\n\n\t<div class=\"anwp-pg-post-teaser__content flex-grow-1 pt-1 d-flex flex-column\">\n\n\t\t<div class=\"anwp-pg-post-teaser__title anwp-font-heading mt-2\">\n\t\t\t<a class=\"anwp-link-without-effects\" href=\"https:\/\/www.seliggroup.com\/es\/investigacion-del-sellado-de-envases-de-cristal-situa-a-selig-en-lo-mas-alto\/\" aria-hidden=\"true\" >\n\t\t\t\tInvestigaci\u00f3n del sellado de envases de cristal sit\u00faa a Selig en lo m\u00e1s alto\t\t\t<\/a>\n\t\t<\/div>\n\n\t\t<div class=\"anwp-pg-post-teaser__bottom-meta d-flex flex-wrap\">\n\n\t\t\t\n\t\t\t\t\t<\/div>\n\n\t\t\t\t\t<div class=\"anwp-pg-post-teaser__excerpt mb-2\">\n\t\t\t\tUna nueva serie de pruebas independientes que se han realizado para confirmar cu\u00e1l es el mejor material para sellar tarros de cristal ha colocado a la soluci\u00f3n GlassFuze\u2122 de Selig ...\t\t\t<\/div>\n\t\t\n\t\t\t\t\t<div class=\"w-100 anwp-pg-read-more mt-auto\">\n\t\t\t\t<a href=\"https:\/\/www.seliggroup.com\/es\/investigacion-del-sellado-de-envases-de-cristal-situa-a-selig-en-lo-mas-alto\/\" \t\t\t\t\tclass=\"anwp-pg-read-more__btn mt-3 mb-0 btn btn-sm btn-outline-info w-100 text-decoration-none\">\n\t\t\t\t\tRead More\t\t\t\t<\/a>\n\t\t\t<\/div>\n\t\t\n\t<\/div>\n\n<\/div>\n<div class=\"anwp-pg-post-teaser anwp-pg-post-teaser--inner-cover-link anwp-pg-post-teaser--layout-d d-flex flex-column swiper-slide anwp-pg-post-teaser--with-read-more \">\n\t<div class=\"anwp-pg-post-teaser__thumbnail position-relative\">\n\n\t\t\n\t\t\n\t\t\t\t\t<img loading=\"lazy\" class=\"anwp-pg-post-teaser__thumbnail-img d-block anwp-pg-height-180 anwp-object-cover m-0 w-100\"\n\t\t\t\talt=\"Selig Group anuncia la adquisici\u00f3n de Performance Systematix\"\n\t\t\t\tsrc=\"https:\/\/www.seliggroup.com\/wp-content\/uploads\/2022\/11\/selig-acquires-psi-1.png\"\/>\n\t\t\n\t\t<div class=\"anwp-pg-post-teaser__thumbnail-bg anwp-position-cover\"><\/div>\n\n\t\t<a class=\"anwp-position-cover anwp-link-without-effects\" href=\"https:\/\/www.seliggroup.com\/es\/selig-group-anuncia-la-adquisicion-de-performance-systematix\/\" aria-hidden=\"true\" ><\/a>\n\t<\/div>\n\n\t<div class=\"anwp-pg-post-teaser__content flex-grow-1 pt-1 d-flex flex-column\">\n\n\t\t<div class=\"anwp-pg-post-teaser__title anwp-font-heading mt-2\">\n\t\t\t<a class=\"anwp-link-without-effects\" href=\"https:\/\/www.seliggroup.com\/es\/selig-group-anuncia-la-adquisicion-de-performance-systematix\/\" aria-hidden=\"true\" >\n\t\t\t\tSelig Group anuncia la adquisici\u00f3n de Performance Systematix\t\t\t<\/a>\n\t\t<\/div>\n\n\t\t<div class=\"anwp-pg-post-teaser__bottom-meta d-flex flex-wrap\">\n\n\t\t\t\n\t\t\t\t\t<\/div>\n\n\t\t\t\t\t<div class=\"anwp-pg-post-teaser__excerpt mb-2\">\n\t\t\t\tSelig Group se complace en anunciar la adquisici\u00f3n de Performance Systematix (PSI). PSI es el l\u00edder en el mundial, proveedor de soluciones con ventilaci\u00f3n para envases.\t\t\t<\/div>\n\t\t\n\t\t\t\t\t<div class=\"w-100 anwp-pg-read-more mt-auto\">\n\t\t\t\t<a href=\"https:\/\/www.seliggroup.com\/es\/selig-group-anuncia-la-adquisicion-de-performance-systematix\/\" \t\t\t\t\tclass=\"anwp-pg-read-more__btn mt-3 mb-0 btn btn-sm btn-outline-info w-100 text-decoration-none\">\n\t\t\t\t\tRead More\t\t\t\t<\/a>\n\t\t\t<\/div>\n\t\t\n\t<\/div>\n\n<\/div>\n<div class=\"anwp-pg-post-teaser anwp-pg-post-teaser--inner-cover-link anwp-pg-post-teaser--layout-d d-flex flex-column swiper-slide anwp-pg-post-teaser--with-read-more \">\n\t<div class=\"anwp-pg-post-teaser__thumbnail position-relative\">\n\n\t\t\n\t\t\n\t\t\t\t\t<img loading=\"lazy\" class=\"anwp-pg-post-teaser__thumbnail-img d-block anwp-pg-height-180 anwp-object-cover m-0 w-100\"\n\t\t\t\talt=\"Cumplimiento del eCTD de la FDA para los Archivos Maestros de Medicamentos\"\n\t\t\t\tsrc=\"https:\/\/www.seliggroup.com\/wp-content\/uploads\/2022\/11\/Tylenol-Cold-1.jpg\"\/>\n\t\t\n\t\t<div class=\"anwp-pg-post-teaser__thumbnail-bg anwp-position-cover\"><\/div>\n\n\t\t<a class=\"anwp-position-cover anwp-link-without-effects\" href=\"https:\/\/www.seliggroup.com\/es\/cumplimiento-del-ectd-de-la-fda-para-los-archivos-maestros-de-medicamentos\/\" aria-hidden=\"true\" ><\/a>\n\t<\/div>\n\n\t<div class=\"anwp-pg-post-teaser__content flex-grow-1 pt-1 d-flex flex-column\">\n\n\t\t<div class=\"anwp-pg-post-teaser__title anwp-font-heading mt-2\">\n\t\t\t<a class=\"anwp-link-without-effects\" href=\"https:\/\/www.seliggroup.com\/es\/cumplimiento-del-ectd-de-la-fda-para-los-archivos-maestros-de-medicamentos\/\" aria-hidden=\"true\" >\n\t\t\t\tCumplimiento del eCTD de la FDA para los Archivos Maestros de Medicamentos\t\t\t<\/a>\n\t\t<\/div>\n\n\t\t<div class=\"anwp-pg-post-teaser__bottom-meta d-flex flex-wrap\">\n\n\t\t\t\n\t\t\t\t\t<\/div>\n\n\t\t\t\t\t<div class=\"anwp-pg-post-teaser__excerpt mb-2\">\n\t\t\t\tOwen Smith, Director de Asuntos Reglamentarios del Grupo Selig, analiza el cambio del eCTD, qu\u00e9 beneficios aportar\u00e1 y c\u00f3mo de preparado est\u00e1 Selig ante la fecha l\u00edmite del 5 de ...\t\t\t<\/div>\n\t\t\n\t\t\t\t\t<div class=\"w-100 anwp-pg-read-more mt-auto\">\n\t\t\t\t<a href=\"https:\/\/www.seliggroup.com\/es\/cumplimiento-del-ectd-de-la-fda-para-los-archivos-maestros-de-medicamentos\/\" \t\t\t\t\tclass=\"anwp-pg-read-more__btn mt-3 mb-0 btn btn-sm btn-outline-info w-100 text-decoration-none\">\n\t\t\t\t\tRead More\t\t\t\t<\/a>\n\t\t\t<\/div>\n\t\t\n\t<\/div>\n\n<\/div>\n<div class=\"anwp-pg-post-teaser anwp-pg-post-teaser--inner-cover-link anwp-pg-post-teaser--layout-d d-flex flex-column swiper-slide anwp-pg-post-teaser--with-read-more \">\n\t<div class=\"anwp-pg-post-teaser__thumbnail position-relative\">\n\n\t\t\n\t\t\n\t\t\t\t\t<img loading=\"lazy\" class=\"anwp-pg-post-teaser__thumbnail-img d-block anwp-pg-height-180 anwp-object-cover m-0 w-100\"\n\t\t\t\talt=\"Optimice sus procesos de sellado por inducci\u00f3n en sus envases con tapas y sellos.\"\n\t\t\t\tsrc=\"https:\/\/www.seliggroup.com\/wp-content\/uploads\/2022\/11\/wp_pht_steps-1.jpeg\"\/>\n\t\t\n\t\t<div class=\"anwp-pg-post-teaser__thumbnail-bg anwp-position-cover\"><\/div>\n\n\t\t<a class=\"anwp-position-cover anwp-link-without-effects\" href=\"https:\/\/www.seliggroup.com\/es\/optimice-sus-procesos-de-sellado-por-induccion-en-sus-envases-con-tapas-y-sellos\/\" aria-hidden=\"true\" ><\/a>\n\t<\/div>\n\n\t<div class=\"anwp-pg-post-teaser__content flex-grow-1 pt-1 d-flex flex-column\">\n\n\t\t<div class=\"anwp-pg-post-teaser__title anwp-font-heading mt-2\">\n\t\t\t<a class=\"anwp-link-without-effects\" href=\"https:\/\/www.seliggroup.com\/es\/optimice-sus-procesos-de-sellado-por-induccion-en-sus-envases-con-tapas-y-sellos\/\" aria-hidden=\"true\" >\n\t\t\t\tOptimice sus procesos de sellado por inducci\u00f3n en sus envases con tapas y sellos.\t\t\t<\/a>\n\t\t<\/div>\n\n\t\t<div class=\"anwp-pg-post-teaser__bottom-meta d-flex flex-wrap\">\n\n\t\t\t\n\t\t\t\t\t<\/div>\n\n\t\t\t\t\t<div class=\"anwp-pg-post-teaser__excerpt mb-2\">\n\t\t\t\tJohn Brown de Selig Group y ponentes expertos de Enercon Industries, Phoenix Closures y BellatRx Inc explican cu\u00e1les son las mejores pr\u00e1cticas utilizadas para lograr un sellado eficaz.\t\t\t<\/div>\n\t\t\n\t\t\t\t\t<div class=\"w-100 anwp-pg-read-more mt-auto\">\n\t\t\t\t<a href=\"https:\/\/www.seliggroup.com\/es\/optimice-sus-procesos-de-sellado-por-induccion-en-sus-envases-con-tapas-y-sellos\/\" \t\t\t\t\tclass=\"anwp-pg-read-more__btn mt-3 mb-0 btn btn-sm btn-outline-info w-100 text-decoration-none\">\n\t\t\t\t\tRead More\t\t\t\t<\/a>\n\t\t\t<\/div>\n\t\t\n\t<\/div>\n\n<\/div>\n<div class=\"anwp-pg-post-teaser anwp-pg-post-teaser--inner-cover-link anwp-pg-post-teaser--layout-d d-flex flex-column swiper-slide anwp-pg-post-teaser--with-read-more \">\n\t<div class=\"anwp-pg-post-teaser__thumbnail position-relative\">\n\n\t\t\n\t\t\n\t\t\t\t\t<img loading=\"lazy\" class=\"anwp-pg-post-teaser__thumbnail-img d-block anwp-pg-height-180 anwp-object-cover m-0 w-100\"\n\t\t\t\talt=\"C\u00f3mo conseguir el sellado perfecto\"\n\t\t\t\tsrc=\"https:\/\/www.seliggroup.com\/wp-content\/uploads\/2022\/11\/Advantage-of-Induction-Seals-for-Milk-Packaging-1.jpeg\"\/>\n\t\t\n\t\t<div class=\"anwp-pg-post-teaser__thumbnail-bg anwp-position-cover\"><\/div>\n\n\t\t<a class=\"anwp-position-cover anwp-link-without-effects\" href=\"https:\/\/www.seliggroup.com\/es\/como-conseguir-el-sellado-perfecto\/\" aria-hidden=\"true\" ><\/a>\n\t<\/div>\n\n\t<div class=\"anwp-pg-post-teaser__content flex-grow-1 pt-1 d-flex flex-column\">\n\n\t\t<div class=\"anwp-pg-post-teaser__title anwp-font-heading mt-2\">\n\t\t\t<a class=\"anwp-link-without-effects\" href=\"https:\/\/www.seliggroup.com\/es\/como-conseguir-el-sellado-perfecto\/\" aria-hidden=\"true\" >\n\t\t\t\tC\u00f3mo conseguir el sellado perfecto\t\t\t<\/a>\n\t\t<\/div>\n\n\t\t<div class=\"anwp-pg-post-teaser__bottom-meta d-flex flex-wrap\">\n\n\t\t\t\n\t\t\t\t\t<\/div>\n\n\t\t\t\t\t<div class=\"anwp-pg-post-teaser__excerpt mb-2\">\n\t\t\t\tJay Kelley de Selig Group y otros ponentes de Enercon Industries hablan sobre cu\u00e1les son las mejores pr\u00e1cticas que se utilizan para lograr un sellado eficaz. Aprenda a seleccionar el ...\t\t\t<\/div>\n\t\t\n\t\t\t\t\t<div class=\"w-100 anwp-pg-read-more mt-auto\">\n\t\t\t\t<a href=\"https:\/\/www.seliggroup.com\/es\/como-conseguir-el-sellado-perfecto\/\" \t\t\t\t\tclass=\"anwp-pg-read-more__btn mt-3 mb-0 btn btn-sm btn-outline-info w-100 text-decoration-none\">\n\t\t\t\t\tRead More\t\t\t\t<\/a>\n\t\t\t<\/div>\n\t\t\n\t<\/div>\n\n<\/div>\n<div class=\"anwp-pg-post-teaser anwp-pg-post-teaser--inner-cover-link anwp-pg-post-teaser--layout-d d-flex flex-column swiper-slide anwp-pg-post-teaser--with-read-more \">\n\t<div class=\"anwp-pg-post-teaser__thumbnail position-relative\">\n\n\t\t\n\t\t\n\t\t\t\t\t<img loading=\"lazy\" class=\"anwp-pg-post-teaser__thumbnail-img d-block anwp-pg-height-180 anwp-object-cover m-0 w-100\"\n\t\t\t\talt=\"Consejos para el sellado de l\u00edquidos: Amazon, FedEx y UPS\"\n\t\t\t\tsrc=\"https:\/\/www.seliggroup.com\/wp-content\/uploads\/2022\/11\/RainX-Self-Dry-Car-Wash-1.jpg\"\/>\n\t\t\n\t\t<div class=\"anwp-pg-post-teaser__thumbnail-bg anwp-position-cover\"><\/div>\n\n\t\t<a class=\"anwp-position-cover anwp-link-without-effects\" href=\"https:\/\/www.seliggroup.com\/es\/consejos-para-el-sellado-de-liquidos-amazon-fedex-y-ups\/\" aria-hidden=\"true\" ><\/a>\n\t<\/div>\n\n\t<div class=\"anwp-pg-post-teaser__content flex-grow-1 pt-1 d-flex flex-column\">\n\n\t\t<div class=\"anwp-pg-post-teaser__title anwp-font-heading mt-2\">\n\t\t\t<a class=\"anwp-link-without-effects\" href=\"https:\/\/www.seliggroup.com\/es\/consejos-para-el-sellado-de-liquidos-amazon-fedex-y-ups\/\" aria-hidden=\"true\" >\n\t\t\t\tConsejos para el sellado de l\u00edquidos: Amazon, FedEx y UPS\t\t\t<\/a>\n\t\t<\/div>\n\n\t\t<div class=\"anwp-pg-post-teaser__bottom-meta d-flex flex-wrap\">\n\n\t\t\t\n\t\t\t\t\t<\/div>\n\n\t\t\t\t\t<div class=\"anwp-pg-post-teaser__excerpt mb-2\">\n\t\t\t\tBJ Radek del grupo Selig y otros ponentes expertos de Enercon Industries hablan sobre las normas de transporte y env\u00edo de l\u00edquidos a trav\u00e9s de los canales de distribuci\u00f3n m\u00e1s ...\t\t\t<\/div>\n\t\t\n\t\t\t\t\t<div class=\"w-100 anwp-pg-read-more mt-auto\">\n\t\t\t\t<a href=\"https:\/\/www.seliggroup.com\/es\/consejos-para-el-sellado-de-liquidos-amazon-fedex-y-ups\/\" \t\t\t\t\tclass=\"anwp-pg-read-more__btn mt-3 mb-0 btn btn-sm btn-outline-info w-100 text-decoration-none\">\n\t\t\t\t\tRead More\t\t\t\t<\/a>\n\t\t\t<\/div>\n\t\t\n\t<\/div>\n\n<\/div>\n<div class=\"anwp-pg-post-teaser anwp-pg-post-teaser--inner-cover-link anwp-pg-post-teaser--layout-d d-flex flex-column swiper-slide anwp-pg-post-teaser--with-read-more \">\n\t<div class=\"anwp-pg-post-teaser__thumbnail position-relative\">\n\n\t\t\n\t\t\n\t\t\t\t\t<img loading=\"lazy\" class=\"anwp-pg-post-teaser__thumbnail-img d-block anwp-pg-height-180 anwp-object-cover m-0 w-100\"\n\t\t\t\talt=\"Un programa de p\u00e9rdida de peso para envases de pl\u00e1stico\"\n\t\t\t\tsrc=\"https:\/\/www.seliggroup.com\/wp-content\/uploads\/2022\/12\/weight-loss-for-plastic-packaging-1.png\"\/>\n\t\t\n\t\t<div class=\"anwp-pg-post-teaser__thumbnail-bg anwp-position-cover\"><\/div>\n\n\t\t<a class=\"anwp-position-cover anwp-link-without-effects\" href=\"https:\/\/www.seliggroup.com\/es\/un-programa-de-perdida-de-peso-para-envases-de-plastico\/\" aria-hidden=\"true\" ><\/a>\n\t<\/div>\n\n\t<div class=\"anwp-pg-post-teaser__content flex-grow-1 pt-1 d-flex flex-column\">\n\n\t\t<div class=\"anwp-pg-post-teaser__title anwp-font-heading mt-2\">\n\t\t\t<a class=\"anwp-link-without-effects\" href=\"https:\/\/www.seliggroup.com\/es\/un-programa-de-perdida-de-peso-para-envases-de-plastico\/\" aria-hidden=\"true\" >\n\t\t\t\tUn programa de p\u00e9rdida de peso para envases de pl\u00e1stico\t\t\t<\/a>\n\t\t<\/div>\n\n\t\t<div class=\"anwp-pg-post-teaser__bottom-meta d-flex flex-wrap\">\n\n\t\t\t\n\t\t\t\t\t<\/div>\n\n\t\t\t\t\t<div class=\"anwp-pg-post-teaser__excerpt mb-2\">\n\t\t\t\tCada vez m\u00e1s, las empresas se ven sometidas a m\u00e1s presi\u00f3n para reducir la cantidad de pl\u00e1sticos que utilizan, lo que ha obligado a muchas de ellas a pensar en ...\t\t\t<\/div>\n\t\t\n\t\t\t\t\t<div class=\"w-100 anwp-pg-read-more mt-auto\">\n\t\t\t\t<a href=\"https:\/\/www.seliggroup.com\/es\/un-programa-de-perdida-de-peso-para-envases-de-plastico\/\" \t\t\t\t\tclass=\"anwp-pg-read-more__btn mt-3 mb-0 btn btn-sm btn-outline-info w-100 text-decoration-none\">\n\t\t\t\t\tRead More\t\t\t\t<\/a>\n\t\t\t<\/div>\n\t\t\n\t<\/div>\n\n<\/div>\n<div class=\"anwp-pg-post-teaser anwp-pg-post-teaser--inner-cover-link anwp-pg-post-teaser--layout-d d-flex flex-column swiper-slide anwp-pg-post-teaser--with-read-more \">\n\t<div class=\"anwp-pg-post-teaser__thumbnail position-relative\">\n\n\t\t\n\t\t\n\t\t\t\t\t<img loading=\"lazy\" class=\"anwp-pg-post-teaser__thumbnail-img d-block anwp-pg-height-180 anwp-object-cover m-0 w-100\"\n\t\t\t\talt=\"El sellado del vidrio a\u00f1ade una nueva perspectiva a los envases\"\n\t\t\t\tsrc=\"https:\/\/www.seliggroup.com\/wp-content\/uploads\/2022\/12\/glass-sealing-adds-spice-1.png\"\/>\n\t\t\n\t\t<div class=\"anwp-pg-post-teaser__thumbnail-bg anwp-position-cover\"><\/div>\n\n\t\t<a class=\"anwp-position-cover anwp-link-without-effects\" href=\"https:\/\/www.seliggroup.com\/es\/el-sellado-del-vidrio-anade-una-nueva-perspectiva-a-los-envases\/\" aria-hidden=\"true\" ><\/a>\n\t<\/div>\n\n\t<div class=\"anwp-pg-post-teaser__content flex-grow-1 pt-1 d-flex flex-column\">\n\n\t\t<div class=\"anwp-pg-post-teaser__title anwp-font-heading mt-2\">\n\t\t\t<a class=\"anwp-link-without-effects\" href=\"https:\/\/www.seliggroup.com\/es\/el-sellado-del-vidrio-anade-una-nueva-perspectiva-a-los-envases\/\" aria-hidden=\"true\" >\n\t\t\t\tEl sellado del vidrio a\u00f1ade una nueva perspectiva a los envases\t\t\t<\/a>\n\t\t<\/div>\n\n\t\t<div class=\"anwp-pg-post-teaser__bottom-meta d-flex flex-wrap\">\n\n\t\t\t\n\t\t\t\t\t<\/div>\n\n\t\t\t\t\t<div class=\"anwp-pg-post-teaser__excerpt mb-2\">\n\t\t\t\tLa demanda de hierbas arom\u00e1ticas y especias en envases de vidrio puede ser buena para el planeta, pero supone ciertos retos, sobre todo en lo que se refiere al sellado. ...\t\t\t<\/div>\n\t\t\n\t\t\t\t\t<div class=\"w-100 anwp-pg-read-more mt-auto\">\n\t\t\t\t<a href=\"https:\/\/www.seliggroup.com\/es\/el-sellado-del-vidrio-anade-una-nueva-perspectiva-a-los-envases\/\" \t\t\t\t\tclass=\"anwp-pg-read-more__btn mt-3 mb-0 btn btn-sm btn-outline-info w-100 text-decoration-none\">\n\t\t\t\t\tRead More\t\t\t\t<\/a>\n\t\t\t<\/div>\n\t\t\n\t<\/div>\n\n<\/div>\n<div class=\"anwp-pg-post-teaser anwp-pg-post-teaser--inner-cover-link anwp-pg-post-teaser--layout-d d-flex flex-column swiper-slide anwp-pg-post-teaser--with-read-more \">\n\t<div class=\"anwp-pg-post-teaser__thumbnail position-relative\">\n\n\t\t\n\t\t\n\t\t\t\t\t<img loading=\"lazy\" class=\"anwp-pg-post-teaser__thumbnail-img d-block anwp-pg-height-180 anwp-object-cover m-0 w-100\"\n\t\t\t\talt=\"Avances en el comercio electr\u00f3nico\"\n\t\t\t\tsrc=\"https:\/\/www.seliggroup.com\/wp-content\/uploads\/2022\/10\/Warehouse-Worker-Loading-Shipment-1.jpg\"\/>\n\t\t\n\t\t<div class=\"anwp-pg-post-teaser__thumbnail-bg anwp-position-cover\"><\/div>\n\n\t\t<a class=\"anwp-position-cover anwp-link-without-effects\" href=\"https:\/\/www.seliggroup.com\/es\/avances-en-el-comercio-electronico\/\" aria-hidden=\"true\" ><\/a>\n\t<\/div>\n\n\t<div class=\"anwp-pg-post-teaser__content flex-grow-1 pt-1 d-flex flex-column\">\n\n\t\t<div class=\"anwp-pg-post-teaser__title anwp-font-heading mt-2\">\n\t\t\t<a class=\"anwp-link-without-effects\" href=\"https:\/\/www.seliggroup.com\/es\/avances-en-el-comercio-electronico\/\" aria-hidden=\"true\" >\n\t\t\t\tAvances en el comercio electr\u00f3nico\t\t\t<\/a>\n\t\t<\/div>\n\n\t\t<div class=\"anwp-pg-post-teaser__bottom-meta d-flex flex-wrap\">\n\n\t\t\t\n\t\t\t\t\t<\/div>\n\n\t\t\t\t\t<div class=\"anwp-pg-post-teaser__excerpt mb-2\">\n\t\t\t\tBJ Radek, del grupo Selig, analiza el crecimiento del comercio electr\u00f3nico, el env\u00edo de l\u00edquidos y c\u00f3mo satisfacer las necesidades de un canal de distribuci\u00f3n exigente.\t\t\t<\/div>\n\t\t\n\t\t\t\t\t<div class=\"w-100 anwp-pg-read-more mt-auto\">\n\t\t\t\t<a href=\"https:\/\/www.seliggroup.com\/es\/avances-en-el-comercio-electronico\/\" \t\t\t\t\tclass=\"anwp-pg-read-more__btn mt-3 mb-0 btn btn-sm btn-outline-info w-100 text-decoration-none\">\n\t\t\t\t\tRead More\t\t\t\t<\/a>\n\t\t\t<\/div>\n\t\t\n\t<\/div>\n\n<\/div>\n<div class=\"anwp-pg-post-teaser anwp-pg-post-teaser--inner-cover-link anwp-pg-post-teaser--layout-d d-flex flex-column swiper-slide anwp-pg-post-teaser--with-read-more \">\n\t<div class=\"anwp-pg-post-teaser__thumbnail position-relative\">\n\n\t\t\n\t\t\n\t\t\t\t\t<img loading=\"lazy\" class=\"anwp-pg-post-teaser__thumbnail-img d-block anwp-pg-height-180 anwp-object-cover m-0 w-100\"\n\t\t\t\talt=\"Nuevos usos del sellado por inducci\u00f3n\"\n\t\t\t\tsrc=\"https:\/\/www.seliggroup.com\/wp-content\/uploads\/2022\/12\/new-use-of-induction-sealing-1.png\"\/>\n\t\t\n\t\t<div class=\"anwp-pg-post-teaser__thumbnail-bg anwp-position-cover\"><\/div>\n\n\t\t<a class=\"anwp-position-cover anwp-link-without-effects\" href=\"https:\/\/www.seliggroup.com\/es\/nuevos-usos-del-sellado-por-induccion\/\" aria-hidden=\"true\" ><\/a>\n\t<\/div>\n\n\t<div class=\"anwp-pg-post-teaser__content flex-grow-1 pt-1 d-flex flex-column\">\n\n\t\t<div class=\"anwp-pg-post-teaser__title anwp-font-heading mt-2\">\n\t\t\t<a class=\"anwp-link-without-effects\" href=\"https:\/\/www.seliggroup.com\/es\/nuevos-usos-del-sellado-por-induccion\/\" aria-hidden=\"true\" >\n\t\t\t\tNuevos usos del sellado por inducci\u00f3n\t\t\t<\/a>\n\t\t<\/div>\n\n\t\t<div class=\"anwp-pg-post-teaser__bottom-meta d-flex flex-wrap\">\n\n\t\t\t\n\t\t\t\t\t<\/div>\n\n\t\t\t\t\t<div class=\"anwp-pg-post-teaser__excerpt mb-2\">\n\t\t\t\tUn nuevo adhesivo abre m\u00e1s oportunidades de utilizaci\u00f3n con vidrio que antes no eran pr\u00e1cticas.\t\t\t<\/div>\n\t\t\n\t\t\t\t\t<div class=\"w-100 anwp-pg-read-more mt-auto\">\n\t\t\t\t<a href=\"https:\/\/www.seliggroup.com\/es\/nuevos-usos-del-sellado-por-induccion\/\" \t\t\t\t\tclass=\"anwp-pg-read-more__btn mt-3 mb-0 btn btn-sm btn-outline-info w-100 text-decoration-none\">\n\t\t\t\t\tRead More\t\t\t\t<\/a>\n\t\t\t<\/div>\n\t\t\n\t<\/div>\n\n<\/div>\n<div class=\"anwp-pg-post-teaser anwp-pg-post-teaser--inner-cover-link anwp-pg-post-teaser--layout-d d-flex flex-column swiper-slide anwp-pg-post-teaser--with-read-more \">\n\t<div class=\"anwp-pg-post-teaser__thumbnail position-relative\">\n\n\t\t\n\t\t\n\t\t\t\t\t<img loading=\"lazy\" class=\"anwp-pg-post-teaser__thumbnail-img d-block anwp-pg-height-180 anwp-object-cover m-0 w-100\"\n\t\t\t\talt=\"Sellar el trato, envases que se pueden abrir de manera higi\u00e9nica\"\n\t\t\t\tsrc=\"https:\/\/www.seliggroup.com\/wp-content\/uploads\/2022\/12\/sealing-the-deal-with-hygienic-to-open-packaging-1.png\"\/>\n\t\t\n\t\t<div class=\"anwp-pg-post-teaser__thumbnail-bg anwp-position-cover\"><\/div>\n\n\t\t<a class=\"anwp-position-cover anwp-link-without-effects\" href=\"https:\/\/www.seliggroup.com\/es\/sellar-el-trato-envases-que-se-pueden-abrir-de-manera-higienica\/\" aria-hidden=\"true\" ><\/a>\n\t<\/div>\n\n\t<div class=\"anwp-pg-post-teaser__content flex-grow-1 pt-1 d-flex flex-column\">\n\n\t\t<div class=\"anwp-pg-post-teaser__title anwp-font-heading mt-2\">\n\t\t\t<a class=\"anwp-link-without-effects\" href=\"https:\/\/www.seliggroup.com\/es\/sellar-el-trato-envases-que-se-pueden-abrir-de-manera-higienica\/\" aria-hidden=\"true\" >\n\t\t\t\tSellar el trato, envases que se pueden abrir de manera higi\u00e9nica\t\t\t<\/a>\n\t\t<\/div>\n\n\t\t<div class=\"anwp-pg-post-teaser__bottom-meta d-flex flex-wrap\">\n\n\t\t\t\n\t\t\t\t\t<\/div>\n\n\t\t\t\t\t<div class=\"anwp-pg-post-teaser__excerpt mb-2\">\n\t\t\t\tEl aumento de la popularidad de las vitaminas, los medicamentos de venta libre, los productos farmac\u00e9uticos y los nutrac\u00e9uticos, provocada por la creciente preocupaci\u00f3n por la salud y el bienestar, ...\t\t\t<\/div>\n\t\t\n\t\t\t\t\t<div class=\"w-100 anwp-pg-read-more mt-auto\">\n\t\t\t\t<a href=\"https:\/\/www.seliggroup.com\/es\/sellar-el-trato-envases-que-se-pueden-abrir-de-manera-higienica\/\" \t\t\t\t\tclass=\"anwp-pg-read-more__btn mt-3 mb-0 btn btn-sm btn-outline-info w-100 text-decoration-none\">\n\t\t\t\t\tRead More\t\t\t\t<\/a>\n\t\t\t<\/div>\n\t\t\n\t<\/div>\n\n<\/div>\n<div class=\"anwp-pg-post-teaser anwp-pg-post-teaser--inner-cover-link anwp-pg-post-teaser--layout-d d-flex flex-column swiper-slide anwp-pg-post-teaser--with-read-more \">\n\t<div class=\"anwp-pg-post-teaser__thumbnail position-relative\">\n\n\t\t\n\t\t\n\t\t\t\t\t<img loading=\"lazy\" class=\"anwp-pg-post-teaser__thumbnail-img d-block anwp-pg-height-180 anwp-object-cover m-0 w-100\"\n\t\t\t\talt=\"Un peque\u00f1o cambio en los l\u00e1cteos, \u00bfun gran beneficio para el medio ambiente?\"\n\t\t\t\tsrc=\"https:\/\/www.seliggroup.com\/wp-content\/uploads\/2022\/11\/one-small-change-for-dairy-one-big-benefit-for-the-environment-1.png\"\/>\n\t\t\n\t\t<div class=\"anwp-pg-post-teaser__thumbnail-bg anwp-position-cover\"><\/div>\n\n\t\t<a class=\"anwp-position-cover anwp-link-without-effects\" href=\"https:\/\/www.seliggroup.com\/es\/un-pequeno-cambio-en-los-lacteos-un-gran-beneficio-para-el-medio-ambiente\/\" aria-hidden=\"true\" ><\/a>\n\t<\/div>\n\n\t<div class=\"anwp-pg-post-teaser__content flex-grow-1 pt-1 d-flex flex-column\">\n\n\t\t<div class=\"anwp-pg-post-teaser__title anwp-font-heading mt-2\">\n\t\t\t<a class=\"anwp-link-without-effects\" href=\"https:\/\/www.seliggroup.com\/es\/un-pequeno-cambio-en-los-lacteos-un-gran-beneficio-para-el-medio-ambiente\/\" aria-hidden=\"true\" >\n\t\t\t\tUn peque\u00f1o cambio en los l\u00e1cteos, \u00bfun gran beneficio para el medio ambiente?\t\t\t<\/a>\n\t\t<\/div>\n\n\t\t<div class=\"anwp-pg-post-teaser__bottom-meta d-flex flex-wrap\">\n\n\t\t\t\n\t\t\t\t\t<\/div>\n\n\t\t\t\t\t<div class=\"anwp-pg-post-teaser__excerpt mb-2\">\n\t\t\t\tEn el Reino Unido, el 95 % de los envases de leche se sellan utilizando un sellado por inducci\u00f3n. Este cambio ha permitido reducir el pl\u00e1stico en un 25 %. ...\t\t\t<\/div>\n\t\t\n\t\t\t\t\t<div class=\"w-100 anwp-pg-read-more mt-auto\">\n\t\t\t\t<a href=\"https:\/\/www.seliggroup.com\/es\/un-pequeno-cambio-en-los-lacteos-un-gran-beneficio-para-el-medio-ambiente\/\" \t\t\t\t\tclass=\"anwp-pg-read-more__btn mt-3 mb-0 btn btn-sm btn-outline-info w-100 text-decoration-none\">\n\t\t\t\t\tRead More\t\t\t\t<\/a>\n\t\t\t<\/div>\n\t\t\n\t<\/div>\n\n<\/div>\n<div class=\"anwp-pg-post-teaser anwp-pg-post-teaser--inner-cover-link anwp-pg-post-teaser--layout-d d-flex flex-column swiper-slide anwp-pg-post-teaser--with-read-more \">\n\t<div class=\"anwp-pg-post-teaser__thumbnail position-relative\">\n\n\t\t\n\t\t\n\t\t\t\t\t<img loading=\"lazy\" class=\"anwp-pg-post-teaser__thumbnail-img d-block anwp-pg-height-180 anwp-object-cover m-0 w-100\"\n\t\t\t\talt=\"Reducir el desperdicio de alimentos usando el sellado t\u00e9rmico por inducci\u00f3n\"\n\t\t\t\tsrc=\"https:\/\/www.seliggroup.com\/wp-content\/uploads\/2022\/12\/slashing-food-waste-with-induction-heat-seals-1.png\"\/>\n\t\t\n\t\t<div class=\"anwp-pg-post-teaser__thumbnail-bg anwp-position-cover\"><\/div>\n\n\t\t<a class=\"anwp-position-cover anwp-link-without-effects\" href=\"https:\/\/www.seliggroup.com\/es\/reducir-el-desperdicio-de-alimentos-usando-el-sellado-termico-por-induccion\/\" aria-hidden=\"true\" ><\/a>\n\t<\/div>\n\n\t<div class=\"anwp-pg-post-teaser__content flex-grow-1 pt-1 d-flex flex-column\">\n\n\t\t<div class=\"anwp-pg-post-teaser__title anwp-font-heading mt-2\">\n\t\t\t<a class=\"anwp-link-without-effects\" href=\"https:\/\/www.seliggroup.com\/es\/reducir-el-desperdicio-de-alimentos-usando-el-sellado-termico-por-induccion\/\" aria-hidden=\"true\" >\n\t\t\t\tReducir el desperdicio de alimentos usando el sellado t\u00e9rmico por inducci\u00f3n\t\t\t<\/a>\n\t\t<\/div>\n\n\t\t<div class=\"anwp-pg-post-teaser__bottom-meta d-flex flex-wrap\">\n\n\t\t\t\n\t\t\t\t\t<\/div>\n\n\t\t\t\t\t<div class=\"anwp-pg-post-teaser__excerpt mb-2\">\n\t\t\t\tHace mucho tiempo que el desperdicio de alimentos es noticia y dadas las dificultades actuales en la cadena de suministro, aprovechar al m\u00e1ximo los recursos est\u00e1 a\u00fan m\u00e1s en el ...\t\t\t<\/div>\n\t\t\n\t\t\t\t\t<div class=\"w-100 anwp-pg-read-more mt-auto\">\n\t\t\t\t<a href=\"https:\/\/www.seliggroup.com\/es\/reducir-el-desperdicio-de-alimentos-usando-el-sellado-termico-por-induccion\/\" \t\t\t\t\tclass=\"anwp-pg-read-more__btn mt-3 mb-0 btn btn-sm btn-outline-info w-100 text-decoration-none\">\n\t\t\t\t\tRead More\t\t\t\t<\/a>\n\t\t\t<\/div>\n\t\t\n\t<\/div>\n\n<\/div>\n<div class=\"anwp-pg-post-teaser anwp-pg-post-teaser--inner-cover-link anwp-pg-post-teaser--layout-d d-flex flex-column swiper-slide anwp-pg-post-teaser--with-read-more \">\n\t<div class=\"anwp-pg-post-teaser__thumbnail position-relative\">\n\n\t\t\n\t\t\n\t\t\t\t\t<img loading=\"lazy\" class=\"anwp-pg-post-teaser__thumbnail-img d-block anwp-pg-height-180 anwp-object-cover m-0 w-100\"\n\t\t\t\talt=\"Envasado de Leche: Desprendiendo el Sello\"\n\t\t\t\tsrc=\"https:\/\/www.seliggroup.com\/wp-content\/uploads\/2022\/11\/wp-milk-jug-with-liftnpeel-1.jpeg\"\/>\n\t\t\n\t\t<div class=\"anwp-pg-post-teaser__thumbnail-bg anwp-position-cover\"><\/div>\n\n\t\t<a class=\"anwp-position-cover anwp-link-without-effects\" href=\"https:\/\/www.seliggroup.com\/es\/envasado-de-leche-desprendiendo-el-sello\/\" aria-hidden=\"true\" ><\/a>\n\t<\/div>\n\n\t<div class=\"anwp-pg-post-teaser__content flex-grow-1 pt-1 d-flex flex-column\">\n\n\t\t<div class=\"anwp-pg-post-teaser__title anwp-font-heading mt-2\">\n\t\t\t<a class=\"anwp-link-without-effects\" href=\"https:\/\/www.seliggroup.com\/es\/envasado-de-leche-desprendiendo-el-sello\/\" aria-hidden=\"true\" >\n\t\t\t\tEnvasado de Leche: Desprendiendo el Sello\t\t\t<\/a>\n\t\t<\/div>\n\n\t\t<div class=\"anwp-pg-post-teaser__bottom-meta d-flex flex-wrap\">\n\n\t\t\t\n\t\t\t\t\t<\/div>\n\n\t\t\t\t\t<div class=\"anwp-pg-post-teaser__excerpt mb-2\">\n\t\t\t\tEn la actualidad, el mercado minorista de Reino Unido se abastece pr\u00e1cticamente de leche en envases con tapa rosca de polietileno de alta densidad (HDPE), en combinaci\u00f3n con sellos por ...\t\t\t<\/div>\n\t\t\n\t\t\t\t\t<div class=\"w-100 anwp-pg-read-more mt-auto\">\n\t\t\t\t<a href=\"https:\/\/www.seliggroup.com\/es\/envasado-de-leche-desprendiendo-el-sello\/\" \t\t\t\t\tclass=\"anwp-pg-read-more__btn mt-3 mb-0 btn btn-sm btn-outline-info w-100 text-decoration-none\">\n\t\t\t\t\tRead More\t\t\t\t<\/a>\n\t\t\t<\/div>\n\t\t\n\t<\/div>\n\n<\/div>\n<div class=\"anwp-pg-post-teaser anwp-pg-post-teaser--inner-cover-link anwp-pg-post-teaser--layout-d d-flex flex-column swiper-slide anwp-pg-post-teaser--with-read-more \">\n\t<div class=\"anwp-pg-post-teaser__thumbnail position-relative\">\n\n\t\t\n\t\t\n\t\t\t\t\t<img loading=\"lazy\" class=\"anwp-pg-post-teaser__thumbnail-img d-block anwp-pg-height-180 anwp-object-cover m-0 w-100\"\n\t\t\t\talt=\"Envases Para Productos Farmac\u00c9uticos Con Evidencia de Adulteraci\u00f3n\"\n\t\t\t\tsrc=\"https:\/\/www.seliggroup.com\/wp-content\/uploads\/2022\/11\/white-paper-tamper-evident-pharmaceutical-packaging-1.png\"\/>\n\t\t\n\t\t<div class=\"anwp-pg-post-teaser__thumbnail-bg anwp-position-cover\"><\/div>\n\n\t\t<a class=\"anwp-position-cover anwp-link-without-effects\" href=\"https:\/\/www.seliggroup.com\/es\/envases-para-productos-farmaceuticos-con-evidencia-de-adulteracion\/\" aria-hidden=\"true\" ><\/a>\n\t<\/div>\n\n\t<div class=\"anwp-pg-post-teaser__content flex-grow-1 pt-1 d-flex flex-column\">\n\n\t\t<div class=\"anwp-pg-post-teaser__title anwp-font-heading mt-2\">\n\t\t\t<a class=\"anwp-link-without-effects\" href=\"https:\/\/www.seliggroup.com\/es\/envases-para-productos-farmaceuticos-con-evidencia-de-adulteracion\/\" aria-hidden=\"true\" >\n\t\t\t\tEnvases Para Productos Farmac\u00c9uticos Con Evidencia de Adulteraci\u00f3n\t\t\t<\/a>\n\t\t<\/div>\n\n\t\t<div class=\"anwp-pg-post-teaser__bottom-meta d-flex flex-wrap\">\n\n\t\t\t\n\t\t\t\t\t<\/div>\n\n\t\t\t\t\t<div class=\"anwp-pg-post-teaser__excerpt mb-2\">\n\t\t\t\tPara satisfacer las demandas de los consumidores y entes reguladores, las compa\u00f1\u00edas farmac\u00e9uticas necesitan ofrecer envases que tengan evidencia de adulteraci\u00f3n y sean accesibles para el usuario final.\t\t\t<\/div>\n\t\t\n\t\t\t\t\t<div class=\"w-100 anwp-pg-read-more mt-auto\">\n\t\t\t\t<a href=\"https:\/\/www.seliggroup.com\/es\/envases-para-productos-farmaceuticos-con-evidencia-de-adulteracion\/\" \t\t\t\t\tclass=\"anwp-pg-read-more__btn mt-3 mb-0 btn btn-sm btn-outline-info w-100 text-decoration-none\">\n\t\t\t\t\tRead More\t\t\t\t<\/a>\n\t\t\t<\/div>\n\t\t\n\t<\/div>\n\n<\/div>\n<div class=\"anwp-pg-post-teaser anwp-pg-post-teaser--inner-cover-link anwp-pg-post-teaser--layout-d d-flex flex-column swiper-slide anwp-pg-post-teaser--with-read-more \">\n\t<div class=\"anwp-pg-post-teaser__thumbnail position-relative\">\n\n\t\t\n\t\t\n\t\t\t\t\t<img loading=\"lazy\" class=\"anwp-pg-post-teaser__thumbnail-img d-block anwp-pg-height-180 anwp-object-cover m-0 w-100\"\n\t\t\t\talt=\"Sellado Por Inducci\u00f3n en el Mercado de Fluidos del Sector Automotriz\"\n\t\t\t\tsrc=\"https:\/\/www.seliggroup.com\/wp-content\/uploads\/2022\/11\/automotive-bottle-1.jpeg\"\/>\n\t\t\n\t\t<div class=\"anwp-pg-post-teaser__thumbnail-bg anwp-position-cover\"><\/div>\n\n\t\t<a class=\"anwp-position-cover anwp-link-without-effects\" href=\"https:\/\/www.seliggroup.com\/es\/sellado-por-induccion-en-el-mercado-de-fluidos-del-sector-automotriz\/\" aria-hidden=\"true\" ><\/a>\n\t<\/div>\n\n\t<div class=\"anwp-pg-post-teaser__content flex-grow-1 pt-1 d-flex flex-column\">\n\n\t\t<div class=\"anwp-pg-post-teaser__title anwp-font-heading mt-2\">\n\t\t\t<a class=\"anwp-link-without-effects\" href=\"https:\/\/www.seliggroup.com\/es\/sellado-por-induccion-en-el-mercado-de-fluidos-del-sector-automotriz\/\" aria-hidden=\"true\" >\n\t\t\t\tSellado Por Inducci\u00f3n en el Mercado de Fluidos del Sector Automotriz\t\t\t<\/a>\n\t\t<\/div>\n\n\t\t<div class=\"anwp-pg-post-teaser__bottom-meta d-flex flex-wrap\">\n\n\t\t\t\n\t\t\t\t\t<\/div>\n\n\t\t\t\t\t<div class=\"anwp-pg-post-teaser__excerpt mb-2\">\n\t\t\t\tLos avances en la tecnolog\u00eda de sellado ofrecen oportunidades para mejorar la seguridad, la protecci\u00f3n y el rendimiento ambiental de los productos automotrices.\t\t\t<\/div>\n\t\t\n\t\t\t\t\t<div class=\"w-100 anwp-pg-read-more mt-auto\">\n\t\t\t\t<a href=\"https:\/\/www.seliggroup.com\/es\/sellado-por-induccion-en-el-mercado-de-fluidos-del-sector-automotriz\/\" \t\t\t\t\tclass=\"anwp-pg-read-more__btn mt-3 mb-0 btn btn-sm btn-outline-info w-100 text-decoration-none\">\n\t\t\t\t\tRead More\t\t\t\t<\/a>\n\t\t\t<\/div>\n\t\t\n\t<\/div>\n\n<\/div>\n<div class=\"anwp-pg-post-teaser anwp-pg-post-teaser--inner-cover-link anwp-pg-post-teaser--layout-d d-flex flex-column swiper-slide anwp-pg-post-teaser--with-read-more \">\n\t<div class=\"anwp-pg-post-teaser__thumbnail position-relative\">\n\n\t\t\n\t\t\n\t\t\t\t\t<img loading=\"lazy\" class=\"anwp-pg-post-teaser__thumbnail-img d-block anwp-pg-height-180 anwp-object-cover m-0 w-100\"\n\t\t\t\talt=\"Selig participa en el suministros de la nueva prueba de diagn\u00f3stico de la COVID-19 en 5 minutos aprobada por la FDA\"\n\t\t\t\tsrc=\"https:\/\/www.seliggroup.com\/wp-content\/uploads\/2022\/12\/selig-plays-part-in-suppling-new-fda-approved-five-minute-covid-19-diagnosotic-test-1.png\"\/>\n\t\t\n\t\t<div class=\"anwp-pg-post-teaser__thumbnail-bg anwp-position-cover\"><\/div>\n\n\t\t<a class=\"anwp-position-cover anwp-link-without-effects\" href=\"https:\/\/www.seliggroup.com\/es\/selig-participa-en-el-suministros-de-la-nueva-prueba-de-diagnostico-de-la-covid-19-en-5-minutos-aprobada-por-la-fda\/\" aria-hidden=\"true\" ><\/a>\n\t<\/div>\n\n\t<div class=\"anwp-pg-post-teaser__content flex-grow-1 pt-1 d-flex flex-column\">\n\n\t\t<div class=\"anwp-pg-post-teaser__title anwp-font-heading mt-2\">\n\t\t\t<a class=\"anwp-link-without-effects\" href=\"https:\/\/www.seliggroup.com\/es\/selig-participa-en-el-suministros-de-la-nueva-prueba-de-diagnostico-de-la-covid-19-en-5-minutos-aprobada-por-la-fda\/\" aria-hidden=\"true\" >\n\t\t\t\tSelig participa en el suministros de la nueva prueba de diagn\u00f3stico de la COVID-19 en 5 minutos aprobada por la FDA\t\t\t<\/a>\n\t\t<\/div>\n\n\t\t<div class=\"anwp-pg-post-teaser__bottom-meta d-flex flex-wrap\">\n\n\t\t\t\n\t\t\t\t\t<\/div>\n\n\t\t\t\t\t<div class=\"anwp-pg-post-teaser__excerpt mb-2\">\n\t\t\t\tLas industrias m\u00e9dica, tecnol\u00f3gica y de envasado trabajan de forma conjunta para ofrecer pruebas de diagn\u00f3stico que ayuden a detener la propagaci\u00f3n del coronavirus. Selig se complace en anunciar su ...\t\t\t<\/div>\n\t\t\n\t\t\t\t\t<div class=\"w-100 anwp-pg-read-more mt-auto\">\n\t\t\t\t<a href=\"https:\/\/www.seliggroup.com\/es\/selig-participa-en-el-suministros-de-la-nueva-prueba-de-diagnostico-de-la-covid-19-en-5-minutos-aprobada-por-la-fda\/\" \t\t\t\t\tclass=\"anwp-pg-read-more__btn mt-3 mb-0 btn btn-sm btn-outline-info w-100 text-decoration-none\">\n\t\t\t\t\tRead More\t\t\t\t<\/a>\n\t\t\t<\/div>\n\t\t\n\t<\/div>\n\n<\/div>\n<div class=\"anwp-pg-post-teaser anwp-pg-post-teaser--inner-cover-link anwp-pg-post-teaser--layout-d d-flex flex-column swiper-slide anwp-pg-post-teaser--with-read-more \">\n\t<div class=\"anwp-pg-post-teaser__thumbnail position-relative\">\n\n\t\t\n\t\t\n\t\t\t\t\t<img loading=\"lazy\" class=\"anwp-pg-post-teaser__thumbnail-img d-block anwp-pg-height-180 anwp-object-cover m-0 w-100\"\n\t\t\t\talt=\"Costo y Beneficios Ambientales del Sellado Por Inducci\u00f3n\"\n\t\t\t\tsrc=\"https:\/\/www.seliggroup.com\/wp-content\/uploads\/2022\/11\/lightweighting-1.png\"\/>\n\t\t\n\t\t<div class=\"anwp-pg-post-teaser__thumbnail-bg anwp-position-cover\"><\/div>\n\n\t\t<a class=\"anwp-position-cover anwp-link-without-effects\" href=\"https:\/\/www.seliggroup.com\/es\/costo-y-beneficios-ambientales-del-sellado-por-induccion\/\" aria-hidden=\"true\" ><\/a>\n\t<\/div>\n\n\t<div class=\"anwp-pg-post-teaser__content flex-grow-1 pt-1 d-flex flex-column\">\n\n\t\t<div class=\"anwp-pg-post-teaser__title anwp-font-heading mt-2\">\n\t\t\t<a class=\"anwp-link-without-effects\" href=\"https:\/\/www.seliggroup.com\/es\/costo-y-beneficios-ambientales-del-sellado-por-induccion\/\" aria-hidden=\"true\" >\n\t\t\t\tCosto y Beneficios Ambientales del Sellado Por Inducci\u00f3n\t\t\t<\/a>\n\t\t<\/div>\n\n\t\t<div class=\"anwp-pg-post-teaser__bottom-meta d-flex flex-wrap\">\n\n\t\t\t\n\t\t\t\t\t<\/div>\n\n\t\t\t\t\t<div class=\"anwp-pg-post-teaser__excerpt mb-2\">\n\t\t\t\tLa presi\u00f3n por reducir los envases de pl\u00e1stico est\u00e1 presente a medida que los fabricantes hacen cambios para evitar el potencial desastre que implicar\u00eda la existencia de m\u00e1s pl\u00e1sticos que ...\t\t\t<\/div>\n\t\t\n\t\t\t\t\t<div class=\"w-100 anwp-pg-read-more mt-auto\">\n\t\t\t\t<a href=\"https:\/\/www.seliggroup.com\/es\/costo-y-beneficios-ambientales-del-sellado-por-induccion\/\" \t\t\t\t\tclass=\"anwp-pg-read-more__btn mt-3 mb-0 btn btn-sm btn-outline-info w-100 text-decoration-none\">\n\t\t\t\t\tRead More\t\t\t\t<\/a>\n\t\t\t<\/div>\n\t\t\n\t<\/div>\n\n<\/div>\n<div class=\"anwp-pg-post-teaser anwp-pg-post-teaser--inner-cover-link anwp-pg-post-teaser--layout-d d-flex flex-column swiper-slide anwp-pg-post-teaser--with-read-more \">\n\t<div class=\"anwp-pg-post-teaser__thumbnail position-relative\">\n\n\t\t\n\t\t\n\t\t\t\t\t<img loading=\"lazy\" class=\"anwp-pg-post-teaser__thumbnail-img d-block anwp-pg-height-180 anwp-object-cover m-0 w-100\"\n\t\t\t\talt=\"F\u00e1cil acceso: La necesidad de dise\u00f1ar envases inclusivos\"\n\t\t\t\tsrc=\"https:\/\/www.seliggroup.com\/wp-content\/uploads\/2022\/12\/easy-access-the-need-to-design-inclusive-packaging-1.png\"\/>\n\t\t\n\t\t<div class=\"anwp-pg-post-teaser__thumbnail-bg anwp-position-cover\"><\/div>\n\n\t\t<a class=\"anwp-position-cover anwp-link-without-effects\" href=\"https:\/\/www.seliggroup.com\/es\/facil-acceso-la-necesidad-de-disenar-envases-inclusivos\/\" aria-hidden=\"true\" ><\/a>\n\t<\/div>\n\n\t<div class=\"anwp-pg-post-teaser__content flex-grow-1 pt-1 d-flex flex-column\">\n\n\t\t<div class=\"anwp-pg-post-teaser__title anwp-font-heading mt-2\">\n\t\t\t<a class=\"anwp-link-without-effects\" href=\"https:\/\/www.seliggroup.com\/es\/facil-acceso-la-necesidad-de-disenar-envases-inclusivos\/\" aria-hidden=\"true\" >\n\t\t\t\tF\u00e1cil acceso: La necesidad de dise\u00f1ar envases inclusivos\t\t\t<\/a>\n\t\t<\/div>\n\n\t\t<div class=\"anwp-pg-post-teaser__bottom-meta d-flex flex-wrap\">\n\n\t\t\t\n\t\t\t\t\t<\/div>\n\n\t\t\t\t\t<div class=\"anwp-pg-post-teaser__excerpt mb-2\">\n\t\t\t\tLos envases deben ser s\u00f3lidos, con precinto de garant\u00eda y no deben tener ninguna fuga, pero debido a que la poblaci\u00f3n mundial es m\u00e1s longeva, tambi\u00e9n deben ser f\u00e1ciles de ...\t\t\t<\/div>\n\t\t\n\t\t\t\t\t<div class=\"w-100 anwp-pg-read-more mt-auto\">\n\t\t\t\t<a href=\"https:\/\/www.seliggroup.com\/es\/facil-acceso-la-necesidad-de-disenar-envases-inclusivos\/\" \t\t\t\t\tclass=\"anwp-pg-read-more__btn mt-3 mb-0 btn btn-sm btn-outline-info w-100 text-decoration-none\">\n\t\t\t\t\tRead More\t\t\t\t<\/a>\n\t\t\t<\/div>\n\t\t\n\t<\/div>\n\n<\/div>\n<div class=\"anwp-pg-post-teaser anwp-pg-post-teaser--inner-cover-link anwp-pg-post-teaser--layout-d d-flex flex-column swiper-slide anwp-pg-post-teaser--with-read-more \">\n\t<div class=\"anwp-pg-post-teaser__thumbnail position-relative\">\n\n\t\t\n\t\t\n\t\t\t\t\t<img loading=\"lazy\" class=\"anwp-pg-post-teaser__thumbnail-img d-block anwp-pg-height-180 anwp-object-cover m-0 w-100\"\n\t\t\t\talt=\"El Envasado y las Necesidades de Una Poblaci\u00f3n Mundial Que Envejece\"\n\t\t\t\tsrc=\"https:\/\/www.seliggroup.com\/wp-content\/uploads\/2022\/11\/white-paper-packaging-and-the-needs-of-an-ageing-global-population-1.png\"\/>\n\t\t\n\t\t<div class=\"anwp-pg-post-teaser__thumbnail-bg anwp-position-cover\"><\/div>\n\n\t\t<a class=\"anwp-position-cover anwp-link-without-effects\" href=\"https:\/\/www.seliggroup.com\/es\/el-envasado-y-las-necesidades-de-una-poblacion-mundial-que-envejece\/\" aria-hidden=\"true\" ><\/a>\n\t<\/div>\n\n\t<div class=\"anwp-pg-post-teaser__content flex-grow-1 pt-1 d-flex flex-column\">\n\n\t\t<div class=\"anwp-pg-post-teaser__title anwp-font-heading mt-2\">\n\t\t\t<a class=\"anwp-link-without-effects\" href=\"https:\/\/www.seliggroup.com\/es\/el-envasado-y-las-necesidades-de-una-poblacion-mundial-que-envejece\/\" aria-hidden=\"true\" >\n\t\t\t\tEl Envasado y las Necesidades de Una Poblaci\u00f3n Mundial Que Envejece\t\t\t<\/a>\n\t\t<\/div>\n\n\t\t<div class=\"anwp-pg-post-teaser__bottom-meta d-flex flex-wrap\">\n\n\t\t\t\n\t\t\t\t\t<\/div>\n\n\t\t\t\t\t<div class=\"anwp-pg-post-teaser__excerpt mb-2\">\n\t\t\t\tUna poblaci\u00f3n mundial que envejece cada vez m\u00e1s lleg\u00f3 para quedarse y el sector del envasado debe garantizar que sus productos evolucionen constantemente para adaptarse a las necesidades de los ...\t\t\t<\/div>\n\t\t\n\t\t\t\t\t<div class=\"w-100 anwp-pg-read-more mt-auto\">\n\t\t\t\t<a href=\"https:\/\/www.seliggroup.com\/es\/el-envasado-y-las-necesidades-de-una-poblacion-mundial-que-envejece\/\" \t\t\t\t\tclass=\"anwp-pg-read-more__btn mt-3 mb-0 btn btn-sm btn-outline-info w-100 text-decoration-none\">\n\t\t\t\t\tRead More\t\t\t\t<\/a>\n\t\t\t<\/div>\n\t\t\n\t<\/div>\n\n<\/div>\n<div class=\"anwp-pg-post-teaser anwp-pg-post-teaser--inner-cover-link anwp-pg-post-teaser--layout-d d-flex flex-column swiper-slide anwp-pg-post-teaser--with-read-more \">\n\t<div class=\"anwp-pg-post-teaser__thumbnail position-relative\">\n\n\t\t\n\t\t\n\t\t\t\t\t<img loading=\"lazy\" class=\"anwp-pg-post-teaser__thumbnail-img d-block anwp-pg-height-180 anwp-object-cover m-0 w-100\"\n\t\t\t\talt=\"Sellado en Vidrio en la Industria Cosm\u00e9tica\"\n\t\t\t\tsrc=\"https:\/\/www.seliggroup.com\/wp-content\/uploads\/2022\/11\/Cosmetic-White-Paper-cream-1.jpeg\"\/>\n\t\t\n\t\t<div class=\"anwp-pg-post-teaser__thumbnail-bg anwp-position-cover\"><\/div>\n\n\t\t<a class=\"anwp-position-cover anwp-link-without-effects\" href=\"https:\/\/www.seliggroup.com\/es\/sellado-en-vidrio-en-la-industria-cosmetica\/\" aria-hidden=\"true\" ><\/a>\n\t<\/div>\n\n\t<div class=\"anwp-pg-post-teaser__content flex-grow-1 pt-1 d-flex flex-column\">\n\n\t\t<div class=\"anwp-pg-post-teaser__title anwp-font-heading mt-2\">\n\t\t\t<a class=\"anwp-link-without-effects\" href=\"https:\/\/www.seliggroup.com\/es\/sellado-en-vidrio-en-la-industria-cosmetica\/\" aria-hidden=\"true\" >\n\t\t\t\tSellado en Vidrio en la Industria Cosm\u00e9tica\t\t\t<\/a>\n\t\t<\/div>\n\n\t\t<div class=\"anwp-pg-post-teaser__bottom-meta d-flex flex-wrap\">\n\n\t\t\t\n\t\t\t\t\t<\/div>\n\n\t\t\t\t\t<div class=\"anwp-pg-post-teaser__excerpt mb-2\">\n\t\t\t\tLa industria de la belleza y cosm\u00e9tica est\u00e1 en constante crecimiento. No es una sorpresa que los fabricantes de cosm\u00e9ticos est\u00e9n invirtiendo en el desarrollo de nuevos productos para satisfacer ...\t\t\t<\/div>\n\t\t\n\t\t\t\t\t<div class=\"w-100 anwp-pg-read-more mt-auto\">\n\t\t\t\t<a href=\"https:\/\/www.seliggroup.com\/es\/sellado-en-vidrio-en-la-industria-cosmetica\/\" \t\t\t\t\tclass=\"anwp-pg-read-more__btn mt-3 mb-0 btn btn-sm btn-outline-info w-100 text-decoration-none\">\n\t\t\t\t\tRead More\t\t\t\t<\/a>\n\t\t\t<\/div>\n\t\t\n\t<\/div>\n\n<\/div>\n<div class=\"anwp-pg-post-teaser anwp-pg-post-teaser--inner-cover-link anwp-pg-post-teaser--layout-d d-flex flex-column swiper-slide anwp-pg-post-teaser--with-read-more \">\n\t<div class=\"anwp-pg-post-teaser__thumbnail position-relative\">\n\n\t\t\n\t\t\n\t\t\t\t\t<img loading=\"lazy\" class=\"anwp-pg-post-teaser__thumbnail-img d-block anwp-pg-height-180 anwp-object-cover m-0 w-100\"\n\t\t\t\talt=\"C\u00f3mo responden los fabricantes a la demanda de envases ecol\u00f3gicos innovadores\"\n\t\t\t\tsrc=\"https:\/\/www.seliggroup.com\/wp-content\/uploads\/2022\/12\/manufacturers-respond-demand-ecopackaging-1.jpeg\"\/>\n\t\t\n\t\t<div class=\"anwp-pg-post-teaser__thumbnail-bg anwp-position-cover\"><\/div>\n\n\t\t<a class=\"anwp-position-cover anwp-link-without-effects\" href=\"https:\/\/www.seliggroup.com\/es\/como-responden-los-fabricantes-a-la-demanda-de-envases-ecologicos-innovadores\/\" aria-hidden=\"true\" ><\/a>\n\t<\/div>\n\n\t<div class=\"anwp-pg-post-teaser__content flex-grow-1 pt-1 d-flex flex-column\">\n\n\t\t<div class=\"anwp-pg-post-teaser__title anwp-font-heading mt-2\">\n\t\t\t<a class=\"anwp-link-without-effects\" href=\"https:\/\/www.seliggroup.com\/es\/como-responden-los-fabricantes-a-la-demanda-de-envases-ecologicos-innovadores\/\" aria-hidden=\"true\" >\n\t\t\t\tC\u00f3mo responden los fabricantes a la demanda de envases ecol\u00f3gicos innovadores\t\t\t<\/a>\n\t\t<\/div>\n\n\t\t<div class=\"anwp-pg-post-teaser__bottom-meta d-flex flex-wrap\">\n\n\t\t\t\n\t\t\t\t\t<\/div>\n\n\t\t\t\t\t<div class=\"anwp-pg-post-teaser__excerpt mb-2\">\n\t\t\t\tCuando se trata de evitar fugas y mantener la frescura, los discos, las l\u00e1minas y los precintos son soluciones populares y personalizables. Pero, \u00bfc\u00f3mo responden los fabricantes a la actual ...\t\t\t<\/div>\n\t\t\n\t\t\t\t\t<div class=\"w-100 anwp-pg-read-more mt-auto\">\n\t\t\t\t<a href=\"https:\/\/www.seliggroup.com\/es\/como-responden-los-fabricantes-a-la-demanda-de-envases-ecologicos-innovadores\/\" \t\t\t\t\tclass=\"anwp-pg-read-more__btn mt-3 mb-0 btn btn-sm btn-outline-info w-100 text-decoration-none\">\n\t\t\t\t\tRead More\t\t\t\t<\/a>\n\t\t\t<\/div>\n\t\t\n\t<\/div>\n\n<\/div>\n<div class=\"anwp-pg-post-teaser anwp-pg-post-teaser--inner-cover-link anwp-pg-post-teaser--layout-d d-flex flex-column swiper-slide anwp-pg-post-teaser--with-read-more \">\n\t<div class=\"anwp-pg-post-teaser__thumbnail position-relative\">\n\n\t\t\n\t\t\n\t\t\t\t\t<img loading=\"lazy\" class=\"anwp-pg-post-teaser__thumbnail-img d-block anwp-pg-height-180 anwp-object-cover m-0 w-100\"\n\t\t\t\talt=\"Un sellado seguro para todos\"\n\t\t\t\tsrc=\"https:\/\/www.seliggroup.com\/wp-content\/uploads\/2022\/12\/secure-sealing-for-all-1-1.png\"\/>\n\t\t\n\t\t<div class=\"anwp-pg-post-teaser__thumbnail-bg anwp-position-cover\"><\/div>\n\n\t\t<a class=\"anwp-position-cover anwp-link-without-effects\" href=\"https:\/\/www.seliggroup.com\/es\/un-sellado-seguro-para-todos\/\" aria-hidden=\"true\" ><\/a>\n\t<\/div>\n\n\t<div class=\"anwp-pg-post-teaser__content flex-grow-1 pt-1 d-flex flex-column\">\n\n\t\t<div class=\"anwp-pg-post-teaser__title anwp-font-heading mt-2\">\n\t\t\t<a class=\"anwp-link-without-effects\" href=\"https:\/\/www.seliggroup.com\/es\/un-sellado-seguro-para-todos\/\" aria-hidden=\"true\" >\n\t\t\t\tUn sellado seguro para todos\t\t\t<\/a>\n\t\t<\/div>\n\n\t\t<div class=\"anwp-pg-post-teaser__bottom-meta d-flex flex-wrap\">\n\n\t\t\t\n\t\t\t\t\t<\/div>\n\n\t\t\t\t\t<div class=\"anwp-pg-post-teaser__excerpt mb-2\">\n\t\t\t\tLas ventajas de los envases herm\u00e9ticos y con precinto de garant\u00eda no deben estar fuera del alcance de los consumidores que tengan una fuerza de agarre limitada. El Director de ...\t\t\t<\/div>\n\t\t\n\t\t\t\t\t<div class=\"w-100 anwp-pg-read-more mt-auto\">\n\t\t\t\t<a href=\"https:\/\/www.seliggroup.com\/es\/un-sellado-seguro-para-todos\/\" \t\t\t\t\tclass=\"anwp-pg-read-more__btn mt-3 mb-0 btn btn-sm btn-outline-info w-100 text-decoration-none\">\n\t\t\t\t\tRead More\t\t\t\t<\/a>\n\t\t\t<\/div>\n\t\t\n\t<\/div>\n\n<\/div>\n<div class=\"anwp-pg-post-teaser anwp-pg-post-teaser--inner-cover-link anwp-pg-post-teaser--layout-d d-flex flex-column swiper-slide anwp-pg-post-teaser--with-read-more \">\n\t<div class=\"anwp-pg-post-teaser__thumbnail position-relative\">\n\n\t\t\n\t\t\n\t\t\t\t\t<img loading=\"lazy\" class=\"anwp-pg-post-teaser__thumbnail-img d-block anwp-pg-height-180 anwp-object-cover m-0 w-100\"\n\t\t\t\talt=\"Sellando el trato: Permitir el acceso manteniendo la seguridad\"\n\t\t\t\tsrc=\"https:\/\/www.seliggroup.com\/wp-content\/uploads\/2022\/12\/granting-access-1.jpeg\"\/>\n\t\t\n\t\t<div class=\"anwp-pg-post-teaser__thumbnail-bg anwp-position-cover\"><\/div>\n\n\t\t<a class=\"anwp-position-cover anwp-link-without-effects\" href=\"https:\/\/www.seliggroup.com\/es\/sellando-el-trato-permitir-el-acceso-manteniendo-la-seguridad\/\" aria-hidden=\"true\" ><\/a>\n\t<\/div>\n\n\t<div class=\"anwp-pg-post-teaser__content flex-grow-1 pt-1 d-flex flex-column\">\n\n\t\t<div class=\"anwp-pg-post-teaser__title anwp-font-heading mt-2\">\n\t\t\t<a class=\"anwp-link-without-effects\" href=\"https:\/\/www.seliggroup.com\/es\/sellando-el-trato-permitir-el-acceso-manteniendo-la-seguridad\/\" aria-hidden=\"true\" >\n\t\t\t\tSellando el trato: Permitir el acceso manteniendo la seguridad\t\t\t<\/a>\n\t\t<\/div>\n\n\t\t<div class=\"anwp-pg-post-teaser__bottom-meta d-flex flex-wrap\">\n\n\t\t\t\n\t\t\t\t\t<\/div>\n\n\t\t\t\t\t<div class=\"anwp-pg-post-teaser__excerpt mb-2\">\n\t\t\t\tCada vez hay m\u00e1s personas mayores que sufren artritis, por este motivo los dise\u00f1adores deben desarrollar nuevas formas de garantizar que los envases sean f\u00e1cilmente accesibles para los usuarios, pero ...\t\t\t<\/div>\n\t\t\n\t\t\t\t\t<div class=\"w-100 anwp-pg-read-more mt-auto\">\n\t\t\t\t<a href=\"https:\/\/www.seliggroup.com\/es\/sellando-el-trato-permitir-el-acceso-manteniendo-la-seguridad\/\" \t\t\t\t\tclass=\"anwp-pg-read-more__btn mt-3 mb-0 btn btn-sm btn-outline-info w-100 text-decoration-none\">\n\t\t\t\t\tRead More\t\t\t\t<\/a>\n\t\t\t<\/div>\n\t\t\n\t<\/div>\n\n<\/div>\n<div class=\"anwp-pg-post-teaser anwp-pg-post-teaser--inner-cover-link anwp-pg-post-teaser--layout-d d-flex flex-column swiper-slide anwp-pg-post-teaser--with-read-more \">\n\t<div class=\"anwp-pg-post-teaser__thumbnail position-relative\">\n\n\t\t\n\t\t\n\t\t\t\t\t<img loading=\"lazy\" class=\"anwp-pg-post-teaser__thumbnail-img d-block anwp-pg-height-180 anwp-object-cover m-0 w-100\"\n\t\t\t\talt=\"Envases de leche: retirando del sello\"\n\t\t\t\tsrc=\"https:\/\/www.seliggroup.com\/wp-content\/uploads\/2022\/12\/milk-packaging-lifting-the-seal-1.png\"\/>\n\t\t\n\t\t<div class=\"anwp-pg-post-teaser__thumbnail-bg anwp-position-cover\"><\/div>\n\n\t\t<a class=\"anwp-position-cover anwp-link-without-effects\" href=\"https:\/\/www.seliggroup.com\/es\/envases-de-leche-retirando-del-sello\/\" aria-hidden=\"true\" ><\/a>\n\t<\/div>\n\n\t<div class=\"anwp-pg-post-teaser__content flex-grow-1 pt-1 d-flex flex-column\">\n\n\t\t<div class=\"anwp-pg-post-teaser__title anwp-font-heading mt-2\">\n\t\t\t<a class=\"anwp-link-without-effects\" href=\"https:\/\/www.seliggroup.com\/es\/envases-de-leche-retirando-del-sello\/\" aria-hidden=\"true\" >\n\t\t\t\tEnvases de leche: retirando del sello\t\t\t<\/a>\n\t\t<\/div>\n\n\t\t<div class=\"anwp-pg-post-teaser__bottom-meta d-flex flex-wrap\">\n\n\t\t\t\n\t\t\t\t\t<\/div>\n\n\t\t\t\t\t<div class=\"anwp-pg-post-teaser__excerpt mb-2\">\n\t\t\t\tEn la actualidad, casi toda la leche que se suministra al mercado minorista del Reino Unido se hace en envases de HDPE que tienen un tap\u00f3n de rosca que se ...\t\t\t<\/div>\n\t\t\n\t\t\t\t\t<div class=\"w-100 anwp-pg-read-more mt-auto\">\n\t\t\t\t<a href=\"https:\/\/www.seliggroup.com\/es\/envases-de-leche-retirando-del-sello\/\" \t\t\t\t\tclass=\"anwp-pg-read-more__btn mt-3 mb-0 btn btn-sm btn-outline-info w-100 text-decoration-none\">\n\t\t\t\t\tRead More\t\t\t\t<\/a>\n\t\t\t<\/div>\n\t\t\n\t<\/div>\n\n<\/div>\n<div class=\"anwp-pg-post-teaser anwp-pg-post-teaser--inner-cover-link anwp-pg-post-teaser--layout-d d-flex flex-column swiper-slide anwp-pg-post-teaser--with-read-more \">\n\t<div class=\"anwp-pg-post-teaser__thumbnail position-relative\">\n\n\t\t\n\t\t\n\t\t\t\t\t<img loading=\"lazy\" class=\"anwp-pg-post-teaser__thumbnail-img d-block anwp-pg-height-180 anwp-object-cover m-0 w-100\"\n\t\t\t\talt=\"Asegurando el futuro con envases farmac\u00e9uticos de f\u00e1cil apertura\"\n\t\t\t\tsrc=\"https:\/\/www.seliggroup.com\/wp-content\/uploads\/2022\/12\/sealing-the-future-with-easy-open-pharmaceutical-packaging-1.png\"\/>\n\t\t\n\t\t<div class=\"anwp-pg-post-teaser__thumbnail-bg anwp-position-cover\"><\/div>\n\n\t\t<a class=\"anwp-position-cover anwp-link-without-effects\" href=\"https:\/\/www.seliggroup.com\/es\/asegurando-el-futuro-con-envases-farmaceuticos-de-facil-apertura\/\" aria-hidden=\"true\" ><\/a>\n\t<\/div>\n\n\t<div class=\"anwp-pg-post-teaser__content flex-grow-1 pt-1 d-flex flex-column\">\n\n\t\t<div class=\"anwp-pg-post-teaser__title anwp-font-heading mt-2\">\n\t\t\t<a class=\"anwp-link-without-effects\" href=\"https:\/\/www.seliggroup.com\/es\/asegurando-el-futuro-con-envases-farmaceuticos-de-facil-apertura\/\" aria-hidden=\"true\" >\n\t\t\t\tAsegurando el futuro con envases farmac\u00e9uticos de f\u00e1cil apertura\t\t\t<\/a>\n\t\t<\/div>\n\n\t\t<div class=\"anwp-pg-post-teaser__bottom-meta d-flex flex-wrap\">\n\n\t\t\t\n\t\t\t\t\t<\/div>\n\n\t\t\t\t\t<div class=\"anwp-pg-post-teaser__excerpt mb-2\">\n\t\t\t\tEl sellado por inducci\u00f3n es una soluci\u00f3n de bajo coste que ofrece sellados seguros, herm\u00e9ticos y de f\u00e1cil apertura, ideales para productos de un mercado que est\u00e1 en crecimiento: el ...\t\t\t<\/div>\n\t\t\n\t\t\t\t\t<div class=\"w-100 anwp-pg-read-more mt-auto\">\n\t\t\t\t<a href=\"https:\/\/www.seliggroup.com\/es\/asegurando-el-futuro-con-envases-farmaceuticos-de-facil-apertura\/\" \t\t\t\t\tclass=\"anwp-pg-read-more__btn mt-3 mb-0 btn btn-sm btn-outline-info w-100 text-decoration-none\">\n\t\t\t\t\tRead More\t\t\t\t<\/a>\n\t\t\t<\/div>\n\t\t\n\t<\/div>\n\n<\/div>\n<div class=\"anwp-pg-post-teaser anwp-pg-post-teaser--inner-cover-link anwp-pg-post-teaser--layout-d d-flex flex-column swiper-slide anwp-pg-post-teaser--with-read-more \">\n\t<div class=\"anwp-pg-post-teaser__thumbnail position-relative\">\n\n\t\t\n\t\t\n\t\t\t\t\t<img loading=\"lazy\" class=\"anwp-pg-post-teaser__thumbnail-img d-block anwp-pg-height-180 anwp-object-cover m-0 w-100\"\n\t\t\t\talt=\"Una tecnolog\u00eda mejorada resuelve los problemas de sellado en los tarros de cristal\"\n\t\t\t\tsrc=\"https:\/\/www.seliggroup.com\/wp-content\/plugins\/anwp-post-grid-for-elementor\/public\/img\/empty_image.jpg\"\/>\n\t\t\n\t\t<div class=\"anwp-pg-post-teaser__thumbnail-bg anwp-position-cover\"><\/div>\n\n\t\t<a class=\"anwp-position-cover anwp-link-without-effects\" href=\"https:\/\/www.seliggroup.com\/es\/una-tecnologia-mejorada-resuelve-los-problemas-de-sellado-en-los-tarros-de-cristal\/\" aria-hidden=\"true\" ><\/a>\n\t<\/div>\n\n\t<div class=\"anwp-pg-post-teaser__content flex-grow-1 pt-1 d-flex flex-column\">\n\n\t\t<div class=\"anwp-pg-post-teaser__title anwp-font-heading mt-2\">\n\t\t\t<a class=\"anwp-link-without-effects\" href=\"https:\/\/www.seliggroup.com\/es\/una-tecnologia-mejorada-resuelve-los-problemas-de-sellado-en-los-tarros-de-cristal\/\" aria-hidden=\"true\" >\n\t\t\t\tUna tecnolog\u00eda mejorada resuelve los problemas de sellado en los tarros de cristal\t\t\t<\/a>\n\t\t<\/div>\n\n\t\t<div class=\"anwp-pg-post-teaser__bottom-meta d-flex flex-wrap\">\n\n\t\t\t\n\t\t\t\t\t<\/div>\n\n\t\t\t\t\t<div class=\"anwp-pg-post-teaser__excerpt mb-2\">\n\t\t\t\tEl continuo crecimiento del mercado europeo de especias y hierbas arom\u00e1ticas ha ido acompa\u00f1ado de un aumento paralelo de la demanda de envases de vidrio. Selig analiza los retos especiales ...\t\t\t<\/div>\n\t\t\n\t\t\t\t\t<div class=\"w-100 anwp-pg-read-more mt-auto\">\n\t\t\t\t<a href=\"https:\/\/www.seliggroup.com\/es\/una-tecnologia-mejorada-resuelve-los-problemas-de-sellado-en-los-tarros-de-cristal\/\" \t\t\t\t\tclass=\"anwp-pg-read-more__btn mt-3 mb-0 btn btn-sm btn-outline-info w-100 text-decoration-none\">\n\t\t\t\t\tRead More\t\t\t\t<\/a>\n\t\t\t<\/div>\n\t\t\n\t<\/div>\n\n<\/div>\n<div class=\"anwp-pg-post-teaser anwp-pg-post-teaser--inner-cover-link anwp-pg-post-teaser--layout-d d-flex flex-column swiper-slide anwp-pg-post-teaser--with-read-more \">\n\t<div class=\"anwp-pg-post-teaser__thumbnail position-relative\">\n\n\t\t\n\t\t\n\t\t\t\t\t<img loading=\"lazy\" class=\"anwp-pg-post-teaser__thumbnail-img d-block anwp-pg-height-180 anwp-object-cover m-0 w-100\"\n\t\t\t\talt=\"La tecnolog\u00eda de Selig gana el premio a la innovaci\u00f3n t\u00e9cnica\"\n\t\t\t\tsrc=\"https:\/\/www.seliggroup.com\/wp-content\/uploads\/2022\/12\/selig-tech-wins-innovative-prize-1.jpeg\"\/>\n\t\t\n\t\t<div class=\"anwp-pg-post-teaser__thumbnail-bg anwp-position-cover\"><\/div>\n\n\t\t<a class=\"anwp-position-cover anwp-link-without-effects\" href=\"https:\/\/www.seliggroup.com\/es\/la-tecnologia-de-selig-gana-el-premio-a-la-innovacion-tecnica\/\" aria-hidden=\"true\" ><\/a>\n\t<\/div>\n\n\t<div class=\"anwp-pg-post-teaser__content flex-grow-1 pt-1 d-flex flex-column\">\n\n\t\t<div class=\"anwp-pg-post-teaser__title anwp-font-heading mt-2\">\n\t\t\t<a class=\"anwp-link-without-effects\" href=\"https:\/\/www.seliggroup.com\/es\/la-tecnologia-de-selig-gana-el-premio-a-la-innovacion-tecnica\/\" aria-hidden=\"true\" >\n\t\t\t\tLa tecnolog\u00eda de Selig gana el premio a la innovaci\u00f3n t\u00e9cnica\t\t\t<\/a>\n\t\t<\/div>\n\n\t\t<div class=\"anwp-pg-post-teaser__bottom-meta d-flex flex-wrap\">\n\n\t\t\t\n\t\t\t\t\t<\/div>\n\n\t\t\t\t\t<div class=\"anwp-pg-post-teaser__excerpt mb-2\">\n\t\t\t\tSelig ha sido galardonada con un premio Alufoil en reconocimiento a su tecnolog\u00eda GlassFuze. Seg\u00fan la empresa, esta tecnolog\u00eda proporciona el primer sellado t\u00e9rmico por inducci\u00f3n que supone un sellado ...\t\t\t<\/div>\n\t\t\n\t\t\t\t\t<div class=\"w-100 anwp-pg-read-more mt-auto\">\n\t\t\t\t<a href=\"https:\/\/www.seliggroup.com\/es\/la-tecnologia-de-selig-gana-el-premio-a-la-innovacion-tecnica\/\" \t\t\t\t\tclass=\"anwp-pg-read-more__btn mt-3 mb-0 btn btn-sm btn-outline-info w-100 text-decoration-none\">\n\t\t\t\t\tRead More\t\t\t\t<\/a>\n\t\t\t<\/div>\n\t\t\n\t<\/div>\n\n<\/div>\n<div class=\"anwp-pg-post-teaser anwp-pg-post-teaser--inner-cover-link anwp-pg-post-teaser--layout-d d-flex flex-column swiper-slide anwp-pg-post-teaser--with-read-more \">\n\t<div class=\"anwp-pg-post-teaser__thumbnail position-relative\">\n\n\t\t\n\t\t\n\t\t\t\t\t<img loading=\"lazy\" class=\"anwp-pg-post-teaser__thumbnail-img d-block anwp-pg-height-180 anwp-object-cover m-0 w-100\"\n\t\t\t\talt=\"El l\u00edquido blanco\"\n\t\t\t\tsrc=\"https:\/\/www.seliggroup.com\/wp-content\/uploads\/2022\/12\/the-white-stuff-1.jpeg\"\/>\n\t\t\n\t\t<div class=\"anwp-pg-post-teaser__thumbnail-bg anwp-position-cover\"><\/div>\n\n\t\t<a class=\"anwp-position-cover anwp-link-without-effects\" href=\"https:\/\/www.seliggroup.com\/es\/el-liquido-blanco\/\" aria-hidden=\"true\" ><\/a>\n\t<\/div>\n\n\t<div class=\"anwp-pg-post-teaser__content flex-grow-1 pt-1 d-flex flex-column\">\n\n\t\t<div class=\"anwp-pg-post-teaser__title anwp-font-heading mt-2\">\n\t\t\t<a class=\"anwp-link-without-effects\" href=\"https:\/\/www.seliggroup.com\/es\/el-liquido-blanco\/\" aria-hidden=\"true\" >\n\t\t\t\tEl l\u00edquido blanco\t\t\t<\/a>\n\t\t<\/div>\n\n\t\t<div class=\"anwp-pg-post-teaser__bottom-meta d-flex flex-wrap\">\n\n\t\t\t\n\t\t\t\t\t<\/div>\n\n\t\t\t\t\t<div class=\"anwp-pg-post-teaser__excerpt mb-2\">\n\t\t\t\tEl apetito de los consumidores por la leche parece que se mantendr\u00e1 estable en Europa en los pr\u00f3ximos a\u00f1os, pero para que el sector l\u00e1cteo siga teniendo \u00e9xito es fundamental ...\t\t\t<\/div>\n\t\t\n\t\t\t\t\t<div class=\"w-100 anwp-pg-read-more mt-auto\">\n\t\t\t\t<a href=\"https:\/\/www.seliggroup.com\/es\/el-liquido-blanco\/\" \t\t\t\t\tclass=\"anwp-pg-read-more__btn mt-3 mb-0 btn btn-sm btn-outline-info w-100 text-decoration-none\">\n\t\t\t\t\tRead More\t\t\t\t<\/a>\n\t\t\t<\/div>\n\t\t\n\t<\/div>\n\n<\/div>\n<div class=\"anwp-pg-post-teaser anwp-pg-post-teaser--inner-cover-link anwp-pg-post-teaser--layout-d d-flex flex-column swiper-slide anwp-pg-post-teaser--with-read-more \">\n\t<div class=\"anwp-pg-post-teaser__thumbnail position-relative\">\n\n\t\t\n\t\t\n\t\t\t\t\t<img loading=\"lazy\" class=\"anwp-pg-post-teaser__thumbnail-img d-block anwp-pg-height-180 anwp-object-cover m-0 w-100\"\n\t\t\t\talt=\"Sello de aprobaci\u00f3n: C\u00f3mo sellar envases de vidrio\"\n\t\t\t\tsrc=\"https:\/\/www.seliggroup.com\/wp-content\/uploads\/2022\/12\/Seal-of-Approval-1.jpeg\"\/>\n\t\t\n\t\t<div class=\"anwp-pg-post-teaser__thumbnail-bg anwp-position-cover\"><\/div>\n\n\t\t<a class=\"anwp-position-cover anwp-link-without-effects\" href=\"https:\/\/www.seliggroup.com\/es\/sello-de-aprobacion-como-sellar-envases-de-vidrio\/\" aria-hidden=\"true\" ><\/a>\n\t<\/div>\n\n\t<div class=\"anwp-pg-post-teaser__content flex-grow-1 pt-1 d-flex flex-column\">\n\n\t\t<div class=\"anwp-pg-post-teaser__title anwp-font-heading mt-2\">\n\t\t\t<a class=\"anwp-link-without-effects\" href=\"https:\/\/www.seliggroup.com\/es\/sello-de-aprobacion-como-sellar-envases-de-vidrio\/\" aria-hidden=\"true\" >\n\t\t\t\tSello de aprobaci\u00f3n: C\u00f3mo sellar envases de vidrio\t\t\t<\/a>\n\t\t<\/div>\n\n\t\t<div class=\"anwp-pg-post-teaser__bottom-meta d-flex flex-wrap\">\n\n\t\t\t\n\t\t\t\t\t<\/div>\n\n\t\t\t\t\t<div class=\"anwp-pg-post-teaser__excerpt mb-2\">\n\t\t\t\tLos envases de vidrio dan la impresi\u00f3n de ofrecer una mayor calidad de los productos, pero sellarlos puede ser todo un reto. Darren Dodd presenta una respuesta de eficacia demostrada ...\t\t\t<\/div>\n\t\t\n\t\t\t\t\t<div class=\"w-100 anwp-pg-read-more mt-auto\">\n\t\t\t\t<a href=\"https:\/\/www.seliggroup.com\/es\/sello-de-aprobacion-como-sellar-envases-de-vidrio\/\" \t\t\t\t\tclass=\"anwp-pg-read-more__btn mt-3 mb-0 btn btn-sm btn-outline-info w-100 text-decoration-none\">\n\t\t\t\t\tRead More\t\t\t\t<\/a>\n\t\t\t<\/div>\n\t\t\n\t<\/div>\n\n<\/div>\n<div class=\"anwp-pg-post-teaser anwp-pg-post-teaser--inner-cover-link anwp-pg-post-teaser--layout-d d-flex flex-column swiper-slide anwp-pg-post-teaser--with-read-more \">\n\t<div class=\"anwp-pg-post-teaser__thumbnail position-relative\">\n\n\t\t\n\t\t\n\t\t\t\t\t<img loading=\"lazy\" class=\"anwp-pg-post-teaser__thumbnail-img d-block anwp-pg-height-180 anwp-object-cover m-0 w-100\"\n\t\t\t\talt=\"Los desaf\u00edos del empaque que plantea una poblaci\u00f3n m\u00e1s longeva\"\n\t\t\t\tsrc=\"https:\/\/www.seliggroup.com\/wp-content\/uploads\/2022\/12\/packaging-challenges-ageing-population-1.jpeg\"\/>\n\t\t\n\t\t<div class=\"anwp-pg-post-teaser__thumbnail-bg anwp-position-cover\"><\/div>\n\n\t\t<a class=\"anwp-position-cover anwp-link-without-effects\" href=\"https:\/\/www.seliggroup.com\/es\/los-desafios-del-empaque-que-plantea-una-poblacion-mas-longeva\/\" aria-hidden=\"true\" ><\/a>\n\t<\/div>\n\n\t<div class=\"anwp-pg-post-teaser__content flex-grow-1 pt-1 d-flex flex-column\">\n\n\t\t<div class=\"anwp-pg-post-teaser__title anwp-font-heading mt-2\">\n\t\t\t<a class=\"anwp-link-without-effects\" href=\"https:\/\/www.seliggroup.com\/es\/los-desafios-del-empaque-que-plantea-una-poblacion-mas-longeva\/\" aria-hidden=\"true\" >\n\t\t\t\tLos desaf\u00edos del empaque que plantea una poblaci\u00f3n m\u00e1s longeva\t\t\t<\/a>\n\t\t<\/div>\n\n\t\t<div class=\"anwp-pg-post-teaser__bottom-meta d-flex flex-wrap\">\n\n\t\t\t\n\t\t\t\t\t<\/div>\n\n\t\t\t\t\t<div class=\"anwp-pg-post-teaser__excerpt mb-2\">\n\t\t\t\tLa industria se enfrenta al desaf\u00edo de crear envases seguros y con precinto de garant\u00eda que al mismo tiempo sean f\u00e1ciles de abrir y aptos para los consumidores de edad ...\t\t\t<\/div>\n\t\t\n\t\t\t\t\t<div class=\"w-100 anwp-pg-read-more mt-auto\">\n\t\t\t\t<a href=\"https:\/\/www.seliggroup.com\/es\/los-desafios-del-empaque-que-plantea-una-poblacion-mas-longeva\/\" \t\t\t\t\tclass=\"anwp-pg-read-more__btn mt-3 mb-0 btn btn-sm btn-outline-info w-100 text-decoration-none\">\n\t\t\t\t\tRead More\t\t\t\t<\/a>\n\t\t\t<\/div>\n\t\t\n\t<\/div>\n\n<\/div>\n<div class=\"anwp-pg-post-teaser anwp-pg-post-teaser--inner-cover-link anwp-pg-post-teaser--layout-d d-flex flex-column swiper-slide anwp-pg-post-teaser--with-read-more \">\n\t<div class=\"anwp-pg-post-teaser__thumbnail position-relative\">\n\n\t\t\n\t\t\n\t\t\t\t\t<img loading=\"lazy\" class=\"anwp-pg-post-teaser__thumbnail-img d-block anwp-pg-height-180 anwp-object-cover m-0 w-100\"\n\t\t\t\talt=\"El envejecimiento de la poblaci\u00f3n y los retos de envasado\"\n\t\t\t\tsrc=\"https:\/\/www.seliggroup.com\/wp-content\/uploads\/2022\/12\/aging-population-and-packaging-challenges-1.jpeg\"\/>\n\t\t\n\t\t<div class=\"anwp-pg-post-teaser__thumbnail-bg anwp-position-cover\"><\/div>\n\n\t\t<a class=\"anwp-position-cover anwp-link-without-effects\" href=\"https:\/\/www.seliggroup.com\/es\/el-envejecimiento-de-la-poblacion-y-los-retos-de-envasado\/\" aria-hidden=\"true\" ><\/a>\n\t<\/div>\n\n\t<div class=\"anwp-pg-post-teaser__content flex-grow-1 pt-1 d-flex flex-column\">\n\n\t\t<div class=\"anwp-pg-post-teaser__title anwp-font-heading mt-2\">\n\t\t\t<a class=\"anwp-link-without-effects\" href=\"https:\/\/www.seliggroup.com\/es\/el-envejecimiento-de-la-poblacion-y-los-retos-de-envasado\/\" aria-hidden=\"true\" >\n\t\t\t\tEl envejecimiento de la poblaci\u00f3n y los retos de envasado\t\t\t<\/a>\n\t\t<\/div>\n\n\t\t<div class=\"anwp-pg-post-teaser__bottom-meta d-flex flex-wrap\">\n\n\t\t\t\n\t\t\t\t\t<\/div>\n\n\t\t\t\t\t<div class=\"anwp-pg-post-teaser__excerpt mb-2\">\n\t\t\t\tLa longevidad de la poblaci\u00f3n mundial ha llegado para quedarse y el sector del envasado debe asegurarse de que los productos evolucionan para adaptarse a las necesidades de las personas ...\t\t\t<\/div>\n\t\t\n\t\t\t\t\t<div class=\"w-100 anwp-pg-read-more mt-auto\">\n\t\t\t\t<a href=\"https:\/\/www.seliggroup.com\/es\/el-envejecimiento-de-la-poblacion-y-los-retos-de-envasado\/\" \t\t\t\t\tclass=\"anwp-pg-read-more__btn mt-3 mb-0 btn btn-sm btn-outline-info w-100 text-decoration-none\">\n\t\t\t\t\tRead More\t\t\t\t<\/a>\n\t\t\t<\/div>\n\t\t\n\t<\/div>\n\n<\/div>\n<div class=\"anwp-pg-post-teaser anwp-pg-post-teaser--inner-cover-link anwp-pg-post-teaser--layout-d d-flex flex-column swiper-slide anwp-pg-post-teaser--with-read-more \">\n\t<div class=\"anwp-pg-post-teaser__thumbnail position-relative\">\n\n\t\t\n\t\t\n\t\t\t\t\t<img loading=\"lazy\" class=\"anwp-pg-post-teaser__thumbnail-img d-block anwp-pg-height-180 anwp-object-cover m-0 w-100\"\n\t\t\t\talt=\"Sellado de tarros de vidrio para alimentos con alto contenido en grasa\"\n\t\t\t\tsrc=\"https:\/\/www.seliggroup.com\/wp-content\/uploads\/2022\/12\/sealing-glass-jars-highfat-foods-1.jpeg\"\/>\n\t\t\n\t\t<div class=\"anwp-pg-post-teaser__thumbnail-bg anwp-position-cover\"><\/div>\n\n\t\t<a class=\"anwp-position-cover anwp-link-without-effects\" href=\"https:\/\/www.seliggroup.com\/es\/sellado-de-tarros-de-vidrio-para-alimentos-con-alto-contenido-en-grasa\/\" aria-hidden=\"true\" ><\/a>\n\t<\/div>\n\n\t<div class=\"anwp-pg-post-teaser__content flex-grow-1 pt-1 d-flex flex-column\">\n\n\t\t<div class=\"anwp-pg-post-teaser__title anwp-font-heading mt-2\">\n\t\t\t<a class=\"anwp-link-without-effects\" href=\"https:\/\/www.seliggroup.com\/es\/sellado-de-tarros-de-vidrio-para-alimentos-con-alto-contenido-en-grasa\/\" aria-hidden=\"true\" >\n\t\t\t\tSellado de tarros de vidrio para alimentos con alto contenido en grasa\t\t\t<\/a>\n\t\t<\/div>\n\n\t\t<div class=\"anwp-pg-post-teaser__bottom-meta d-flex flex-wrap\">\n\n\t\t\t\n\t\t\t\t\t<\/div>\n\n\t\t\t\t\t<div class=\"anwp-pg-post-teaser__excerpt mb-2\">\n\t\t\t\tEl sello Deltaseal 9000 de Selig abre nuevas posibilidades para el sellado de envases de vidrio, en una soluci\u00f3n que mantiene de una manera f\u00e1cil la integridad del producto en ...\t\t\t<\/div>\n\t\t\n\t\t\t\t\t<div class=\"w-100 anwp-pg-read-more mt-auto\">\n\t\t\t\t<a href=\"https:\/\/www.seliggroup.com\/es\/sellado-de-tarros-de-vidrio-para-alimentos-con-alto-contenido-en-grasa\/\" \t\t\t\t\tclass=\"anwp-pg-read-more__btn mt-3 mb-0 btn btn-sm btn-outline-info w-100 text-decoration-none\">\n\t\t\t\t\tRead More\t\t\t\t<\/a>\n\t\t\t<\/div>\n\t\t\n\t<\/div>\n\n<\/div>\n<div class=\"anwp-pg-post-teaser anwp-pg-post-teaser--inner-cover-link anwp-pg-post-teaser--layout-d d-flex flex-column swiper-slide anwp-pg-post-teaser--with-read-more \">\n\t<div class=\"anwp-pg-post-teaser__thumbnail position-relative\">\n\n\t\t\n\t\t\n\t\t\t\t\t<img loading=\"lazy\" class=\"anwp-pg-post-teaser__thumbnail-img d-block anwp-pg-height-180 anwp-object-cover m-0 w-100\"\n\t\t\t\talt=\"Selig: Liners de espuma\"\n\t\t\t\tsrc=\"https:\/\/www.seliggroup.com\/wp-content\/uploads\/2022\/12\/selig-foam-liner-1.jpeg\"\/>\n\t\t\n\t\t<div class=\"anwp-pg-post-teaser__thumbnail-bg anwp-position-cover\"><\/div>\n\n\t\t<a class=\"anwp-position-cover anwp-link-without-effects\" href=\"https:\/\/www.seliggroup.com\/es\/selig-liners-de-espuma\/\" aria-hidden=\"true\" ><\/a>\n\t<\/div>\n\n\t<div class=\"anwp-pg-post-teaser__content flex-grow-1 pt-1 d-flex flex-column\">\n\n\t\t<div class=\"anwp-pg-post-teaser__title anwp-font-heading mt-2\">\n\t\t\t<a class=\"anwp-link-without-effects\" href=\"https:\/\/www.seliggroup.com\/es\/selig-liners-de-espuma\/\" aria-hidden=\"true\" >\n\t\t\t\tSelig: Liners de espuma\t\t\t<\/a>\n\t\t<\/div>\n\n\t\t<div class=\"anwp-pg-post-teaser__bottom-meta d-flex flex-wrap\">\n\n\t\t\t\n\t\t\t\t\t<\/div>\n\n\t\t\t\t\t<div class=\"anwp-pg-post-teaser__excerpt mb-2\">\n\t\t\t\tSelig anuncia un avanzado material de liner de espuma LDPE de tres capas para las empresas que envasan sus productos en envases r\u00edgidos en las industrias de alimentos y bebidas, ...\t\t\t<\/div>\n\t\t\n\t\t\t\t\t<div class=\"w-100 anwp-pg-read-more mt-auto\">\n\t\t\t\t<a href=\"https:\/\/www.seliggroup.com\/es\/selig-liners-de-espuma\/\" \t\t\t\t\tclass=\"anwp-pg-read-more__btn mt-3 mb-0 btn btn-sm btn-outline-info w-100 text-decoration-none\">\n\t\t\t\t\tRead More\t\t\t\t<\/a>\n\t\t\t<\/div>\n\t\t\n\t<\/div>\n\n<\/div>\n<div class=\"anwp-pg-post-teaser anwp-pg-post-teaser--inner-cover-link anwp-pg-post-teaser--layout-d d-flex flex-column swiper-slide anwp-pg-post-teaser--with-read-more \">\n\t<div class=\"anwp-pg-post-teaser__thumbnail position-relative\">\n\n\t\t\n\t\t\n\t\t\t\t\t<img loading=\"lazy\" class=\"anwp-pg-post-teaser__thumbnail-img d-block anwp-pg-height-180 anwp-object-cover m-0 w-100\"\n\t\t\t\talt=\"Los consumidores prefieren los sellados por inducci\u00f3n\"\n\t\t\t\tsrc=\"https:\/\/www.seliggroup.com\/wp-content\/uploads\/2022\/12\/consumers-prefer-induction-seals-1.png\"\/>\n\t\t\n\t\t<div class=\"anwp-pg-post-teaser__thumbnail-bg anwp-position-cover\"><\/div>\n\n\t\t<a class=\"anwp-position-cover anwp-link-without-effects\" href=\"https:\/\/www.seliggroup.com\/es\/los-consumidores-prefieren-los-sellados-por-induccion\/\" aria-hidden=\"true\" ><\/a>\n\t<\/div>\n\n\t<div class=\"anwp-pg-post-teaser__content flex-grow-1 pt-1 d-flex flex-column\">\n\n\t\t<div class=\"anwp-pg-post-teaser__title anwp-font-heading mt-2\">\n\t\t\t<a class=\"anwp-link-without-effects\" href=\"https:\/\/www.seliggroup.com\/es\/los-consumidores-prefieren-los-sellados-por-induccion\/\" aria-hidden=\"true\" >\n\t\t\t\tLos consumidores prefieren los sellados por inducci\u00f3n\t\t\t<\/a>\n\t\t<\/div>\n\n\t\t<div class=\"anwp-pg-post-teaser__bottom-meta d-flex flex-wrap\">\n\n\t\t\t\n\t\t\t\t\t<\/div>\n\n\t\t\t\t\t<div class=\"anwp-pg-post-teaser__excerpt mb-2\">\n\t\t\t\tLos consumidores prestan mucha atenci\u00f3n a la seguridad y quieren comprar productos seguros, que no goteen, que mantengan la frescura en la mayor medida posible y que sean f\u00e1ciles de ...\t\t\t<\/div>\n\t\t\n\t\t\t\t\t<div class=\"w-100 anwp-pg-read-more mt-auto\">\n\t\t\t\t<a href=\"https:\/\/www.seliggroup.com\/es\/los-consumidores-prefieren-los-sellados-por-induccion\/\" \t\t\t\t\tclass=\"anwp-pg-read-more__btn mt-3 mb-0 btn btn-sm btn-outline-info w-100 text-decoration-none\">\n\t\t\t\t\tRead More\t\t\t\t<\/a>\n\t\t\t<\/div>\n\t\t\n\t<\/div>\n\n<\/div>\n<div class=\"anwp-pg-post-teaser anwp-pg-post-teaser--inner-cover-link anwp-pg-post-teaser--layout-d d-flex flex-column swiper-slide anwp-pg-post-teaser--with-read-more \">\n\t<div class=\"anwp-pg-post-teaser__thumbnail position-relative\">\n\n\t\t\n\t\t\n\t\t\t\t\t<img loading=\"lazy\" class=\"anwp-pg-post-teaser__thumbnail-img d-block anwp-pg-height-180 anwp-object-cover m-0 w-100\"\n\t\t\t\talt=\"Nuevo liners de espuma para los retos de empaques m\u00e1s dif\u00edciles\"\n\t\t\t\tsrc=\"https:\/\/www.seliggroup.com\/wp-content\/uploads\/2022\/12\/new-foam-liner-tough-packaging-challenges-1.jpeg\"\/>\n\t\t\n\t\t<div class=\"anwp-pg-post-teaser__thumbnail-bg anwp-position-cover\"><\/div>\n\n\t\t<a class=\"anwp-position-cover anwp-link-without-effects\" href=\"https:\/\/www.seliggroup.com\/es\/nuevo-liners-de-espuma-para-los-retos-de-empaques-mas-dificiles\/\" aria-hidden=\"true\" ><\/a>\n\t<\/div>\n\n\t<div class=\"anwp-pg-post-teaser__content flex-grow-1 pt-1 d-flex flex-column\">\n\n\t\t<div class=\"anwp-pg-post-teaser__title anwp-font-heading mt-2\">\n\t\t\t<a class=\"anwp-link-without-effects\" href=\"https:\/\/www.seliggroup.com\/es\/nuevo-liners-de-espuma-para-los-retos-de-empaques-mas-dificiles\/\" aria-hidden=\"true\" >\n\t\t\t\tNuevo liners de espuma para los retos de empaques m\u00e1s dif\u00edciles\t\t\t<\/a>\n\t\t<\/div>\n\n\t\t<div class=\"anwp-pg-post-teaser__bottom-meta d-flex flex-wrap\">\n\n\t\t\t\n\t\t\t\t\t<\/div>\n\n\t\t\t\t\t<div class=\"anwp-pg-post-teaser__excerpt mb-2\">\n\t\t\t\tSelig ha presentado un avanzado material de liner de espuma de polietileno de baja densidad de tres capas que ofrece una serie de ventajas para las muchas industrias que venden ...\t\t\t<\/div>\n\t\t\n\t\t\t\t\t<div class=\"w-100 anwp-pg-read-more mt-auto\">\n\t\t\t\t<a href=\"https:\/\/www.seliggroup.com\/es\/nuevo-liners-de-espuma-para-los-retos-de-empaques-mas-dificiles\/\" \t\t\t\t\tclass=\"anwp-pg-read-more__btn mt-3 mb-0 btn btn-sm btn-outline-info w-100 text-decoration-none\">\n\t\t\t\t\tRead More\t\t\t\t<\/a>\n\t\t\t<\/div>\n\t\t\n\t<\/div>\n\n<\/div>\n<div class=\"anwp-pg-post-teaser anwp-pg-post-teaser--inner-cover-link anwp-pg-post-teaser--layout-d d-flex flex-column swiper-slide anwp-pg-post-teaser--with-read-more \">\n\t<div class=\"anwp-pg-post-teaser__thumbnail position-relative\">\n\n\t\t\n\t\t\n\t\t\t\t\t<img loading=\"lazy\" class=\"anwp-pg-post-teaser__thumbnail-img d-block anwp-pg-height-180 anwp-object-cover m-0 w-100\"\n\t\t\t\talt=\"Sellos de inducci\u00f3n para el mercado de fluidos automotrices\"\n\t\t\t\tsrc=\"https:\/\/www.seliggroup.com\/wp-content\/uploads\/2022\/12\/induction-foil-seals-for-the-automotive-market-1.png\"\/>\n\t\t\n\t\t<div class=\"anwp-pg-post-teaser__thumbnail-bg anwp-position-cover\"><\/div>\n\n\t\t<a class=\"anwp-position-cover anwp-link-without-effects\" href=\"https:\/\/www.seliggroup.com\/es\/sellos-de-induccion-para-el-mercado-de-fluidos-automotrices\/\" aria-hidden=\"true\" ><\/a>\n\t<\/div>\n\n\t<div class=\"anwp-pg-post-teaser__content flex-grow-1 pt-1 d-flex flex-column\">\n\n\t\t<div class=\"anwp-pg-post-teaser__title anwp-font-heading mt-2\">\n\t\t\t<a class=\"anwp-link-without-effects\" href=\"https:\/\/www.seliggroup.com\/es\/sellos-de-induccion-para-el-mercado-de-fluidos-automotrices\/\" aria-hidden=\"true\" >\n\t\t\t\tSellos de inducci\u00f3n para el mercado de fluidos automotrices\t\t\t<\/a>\n\t\t<\/div>\n\n\t\t<div class=\"anwp-pg-post-teaser__bottom-meta d-flex flex-wrap\">\n\n\t\t\t\n\t\t\t\t\t<\/div>\n\n\t\t\t\t\t<div class=\"anwp-pg-post-teaser__excerpt mb-2\">\n\t\t\t\tAunque la prevenci\u00f3n de fugas suele ser el principal factor para el sellado por inducci\u00f3n en los productos de automoci\u00f3n, esta tecnolog\u00eda ofrece otras ventajas significativas para proveedores y minoristas.\t\t\t<\/div>\n\t\t\n\t\t\t\t\t<div class=\"w-100 anwp-pg-read-more mt-auto\">\n\t\t\t\t<a href=\"https:\/\/www.seliggroup.com\/es\/sellos-de-induccion-para-el-mercado-de-fluidos-automotrices\/\" \t\t\t\t\tclass=\"anwp-pg-read-more__btn mt-3 mb-0 btn btn-sm btn-outline-info w-100 text-decoration-none\">\n\t\t\t\t\tRead More\t\t\t\t<\/a>\n\t\t\t<\/div>\n\t\t\n\t<\/div>\n\n<\/div>\n<div class=\"anwp-pg-post-teaser anwp-pg-post-teaser--inner-cover-link anwp-pg-post-teaser--layout-d d-flex flex-column swiper-slide anwp-pg-post-teaser--with-read-more \">\n\t<div class=\"anwp-pg-post-teaser__thumbnail position-relative\">\n\n\t\t\n\t\t\n\t\t\t\t\t<img loading=\"lazy\" class=\"anwp-pg-post-teaser__thumbnail-img d-block anwp-pg-height-180 anwp-object-cover m-0 w-100\"\n\t\t\t\talt=\"Selig lanza un liner de inducci\u00f3n para tarros de vidrio que cumple con la normativa para alimentos grasosos\"\n\t\t\t\tsrc=\"https:\/\/www.seliggroup.com\/wp-content\/uploads\/2022\/12\/fatty-food-compliant-induction-seal-glass-jar-1.jpeg\"\/>\n\t\t\n\t\t<div class=\"anwp-pg-post-teaser__thumbnail-bg anwp-position-cover\"><\/div>\n\n\t\t<a class=\"anwp-position-cover anwp-link-without-effects\" href=\"https:\/\/www.seliggroup.com\/es\/selig-lanza-un-liner-de-induccion-para-tarros-de-vidrio-que-cumple-con-la-normativa-para-alimentos-grasosos\/\" aria-hidden=\"true\" ><\/a>\n\t<\/div>\n\n\t<div class=\"anwp-pg-post-teaser__content flex-grow-1 pt-1 d-flex flex-column\">\n\n\t\t<div class=\"anwp-pg-post-teaser__title anwp-font-heading mt-2\">\n\t\t\t<a class=\"anwp-link-without-effects\" href=\"https:\/\/www.seliggroup.com\/es\/selig-lanza-un-liner-de-induccion-para-tarros-de-vidrio-que-cumple-con-la-normativa-para-alimentos-grasosos\/\" aria-hidden=\"true\" >\n\t\t\t\tSelig lanza un liner de inducci\u00f3n para tarros de vidrio que cumple con la normativa para alimentos grasosos\t\t\t<\/a>\n\t\t<\/div>\n\n\t\t<div class=\"anwp-pg-post-teaser__bottom-meta d-flex flex-wrap\">\n\n\t\t\t\n\t\t\t\t\t<\/div>\n\n\t\t\t\t\t<div class=\"anwp-pg-post-teaser__excerpt mb-2\">\n\t\t\t\tSelig ha lanzado un nuevo y novedoso liner de inducci\u00f3n que cumple con la normativa de la UE relativa a los materiales en contacto con alimentos grasos.\t\t\t<\/div>\n\t\t\n\t\t\t\t\t<div class=\"w-100 anwp-pg-read-more mt-auto\">\n\t\t\t\t<a href=\"https:\/\/www.seliggroup.com\/es\/selig-lanza-un-liner-de-induccion-para-tarros-de-vidrio-que-cumple-con-la-normativa-para-alimentos-grasosos\/\" \t\t\t\t\tclass=\"anwp-pg-read-more__btn mt-3 mb-0 btn btn-sm btn-outline-info w-100 text-decoration-none\">\n\t\t\t\t\tRead More\t\t\t\t<\/a>\n\t\t\t<\/div>\n\t\t\n\t<\/div>\n\n<\/div>\n<div class=\"anwp-pg-post-teaser anwp-pg-post-teaser--inner-cover-link anwp-pg-post-teaser--layout-d d-flex flex-column swiper-slide anwp-pg-post-teaser--with-read-more \">\n\t<div class=\"anwp-pg-post-teaser__thumbnail position-relative\">\n\n\t\t\n\t\t\n\t\t\t\t\t<img loading=\"lazy\" class=\"anwp-pg-post-teaser__thumbnail-img d-block anwp-pg-height-180 anwp-object-cover m-0 w-100\"\n\t\t\t\talt=\"Envasado de productos l\u00e1cteos con precinto de garant\u00eda\"\n\t\t\t\tsrc=\"https:\/\/www.seliggroup.com\/wp-content\/uploads\/2022\/12\/tamper-evident-dairy-packaging-1.jpeg\"\/>\n\t\t\n\t\t<div class=\"anwp-pg-post-teaser__thumbnail-bg anwp-position-cover\"><\/div>\n\n\t\t<a class=\"anwp-position-cover anwp-link-without-effects\" href=\"https:\/\/www.seliggroup.com\/es\/envasado-de-productos-lacteos-con-precinto-de-garantia\/\" aria-hidden=\"true\" ><\/a>\n\t<\/div>\n\n\t<div class=\"anwp-pg-post-teaser__content flex-grow-1 pt-1 d-flex flex-column\">\n\n\t\t<div class=\"anwp-pg-post-teaser__title anwp-font-heading mt-2\">\n\t\t\t<a class=\"anwp-link-without-effects\" href=\"https:\/\/www.seliggroup.com\/es\/envasado-de-productos-lacteos-con-precinto-de-garantia\/\" aria-hidden=\"true\" >\n\t\t\t\tEnvasado de productos l\u00e1cteos con precinto de garant\u00eda\t\t\t<\/a>\n\t\t<\/div>\n\n\t\t<div class=\"anwp-pg-post-teaser__bottom-meta d-flex flex-wrap\">\n\n\t\t\t\n\t\t\t\t\t<\/div>\n\n\t\t\t\t\t<div class=\"anwp-pg-post-teaser__excerpt mb-2\">\n\t\t\t\tAhora m\u00e1s que nunca, los consumidores y los minoristas exigen poder confiar tanto en la frescura como en la integridad de los alimentos y bebidas. El sellado t\u00e9rmico por inducci\u00f3n ...\t\t\t<\/div>\n\t\t\n\t\t\t\t\t<div class=\"w-100 anwp-pg-read-more mt-auto\">\n\t\t\t\t<a href=\"https:\/\/www.seliggroup.com\/es\/envasado-de-productos-lacteos-con-precinto-de-garantia\/\" \t\t\t\t\tclass=\"anwp-pg-read-more__btn mt-3 mb-0 btn btn-sm btn-outline-info w-100 text-decoration-none\">\n\t\t\t\t\tRead More\t\t\t\t<\/a>\n\t\t\t<\/div>\n\t\t\n\t<\/div>\n\n<\/div>\n<div class=\"anwp-pg-post-teaser anwp-pg-post-teaser--inner-cover-link anwp-pg-post-teaser--layout-d d-flex flex-column swiper-slide anwp-pg-post-teaser--with-read-more \">\n\t<div class=\"anwp-pg-post-teaser__thumbnail position-relative\">\n\n\t\t\n\t\t\n\t\t\t\t\t<img loading=\"lazy\" class=\"anwp-pg-post-teaser__thumbnail-img d-block anwp-pg-height-180 anwp-object-cover m-0 w-100\"\n\t\t\t\talt=\"Precinto de garant\u00eda en envases para la industria m\u00e9dica\"\n\t\t\t\tsrc=\"https:\/\/www.seliggroup.com\/wp-content\/uploads\/2022\/12\/tamper-evidence-perfect-package-1.jpeg\"\/>\n\t\t\n\t\t<div class=\"anwp-pg-post-teaser__thumbnail-bg anwp-position-cover\"><\/div>\n\n\t\t<a class=\"anwp-position-cover anwp-link-without-effects\" href=\"https:\/\/www.seliggroup.com\/es\/precinto-de-garantia-en-envases-para-la-industria-medica\/\" aria-hidden=\"true\" ><\/a>\n\t<\/div>\n\n\t<div class=\"anwp-pg-post-teaser__content flex-grow-1 pt-1 d-flex flex-column\">\n\n\t\t<div class=\"anwp-pg-post-teaser__title anwp-font-heading mt-2\">\n\t\t\t<a class=\"anwp-link-without-effects\" href=\"https:\/\/www.seliggroup.com\/es\/precinto-de-garantia-en-envases-para-la-industria-medica\/\" aria-hidden=\"true\" >\n\t\t\t\tPrecinto de garant\u00eda en envases para la industria m\u00e9dica\t\t\t<\/a>\n\t\t<\/div>\n\n\t\t<div class=\"anwp-pg-post-teaser__bottom-meta d-flex flex-wrap\">\n\n\t\t\t\n\t\t\t\t\t<\/div>\n\n\t\t\t\t\t<div class=\"anwp-pg-post-teaser__excerpt mb-2\">\n\t\t\t\tUna tecnolog\u00eda de eficaz probada para evitar la manipulaci\u00f3n de envases r\u00edgidos es el sellado de tapas por inducci\u00f3n. Este m\u00e9todo utiliza un liner laminado de varias capas en el ...\t\t\t<\/div>\n\t\t\n\t\t\t\t\t<div class=\"w-100 anwp-pg-read-more mt-auto\">\n\t\t\t\t<a href=\"https:\/\/www.seliggroup.com\/es\/precinto-de-garantia-en-envases-para-la-industria-medica\/\" \t\t\t\t\tclass=\"anwp-pg-read-more__btn mt-3 mb-0 btn btn-sm btn-outline-info w-100 text-decoration-none\">\n\t\t\t\t\tRead More\t\t\t\t<\/a>\n\t\t\t<\/div>\n\t\t\n\t<\/div>\n\n<\/div>\n<div class=\"anwp-pg-post-teaser anwp-pg-post-teaser--inner-cover-link anwp-pg-post-teaser--layout-d d-flex flex-column swiper-slide anwp-pg-post-teaser--with-read-more \">\n\t<div class=\"anwp-pg-post-teaser__thumbnail position-relative\">\n\n\t\t\n\t\t\n\t\t\t\t\t<img loading=\"lazy\" class=\"anwp-pg-post-teaser__thumbnail-img d-block anwp-pg-height-180 anwp-object-cover m-0 w-100\"\n\t\t\t\talt=\"Pruebas futuristicas de Envases farmac\u00e9uticos para una poblaci\u00f3n m\u00e1s longeva.\"\n\t\t\t\tsrc=\"https:\/\/www.seliggroup.com\/wp-content\/uploads\/2022\/12\/future-proofing-pharmaceutical-packaging-1.png\"\/>\n\t\t\n\t\t<div class=\"anwp-pg-post-teaser__thumbnail-bg anwp-position-cover\"><\/div>\n\n\t\t<a class=\"anwp-position-cover anwp-link-without-effects\" href=\"https:\/\/www.seliggroup.com\/es\/pruebas-futuristicas-de-envases-farmaceuticos-para-una-poblacion-mas-longeva\/\" aria-hidden=\"true\" ><\/a>\n\t<\/div>\n\n\t<div class=\"anwp-pg-post-teaser__content flex-grow-1 pt-1 d-flex flex-column\">\n\n\t\t<div class=\"anwp-pg-post-teaser__title anwp-font-heading mt-2\">\n\t\t\t<a class=\"anwp-link-without-effects\" href=\"https:\/\/www.seliggroup.com\/es\/pruebas-futuristicas-de-envases-farmaceuticos-para-una-poblacion-mas-longeva\/\" aria-hidden=\"true\" >\n\t\t\t\tPruebas futuristicas de Envases farmac\u00e9uticos para una poblaci\u00f3n m\u00e1s longeva.\t\t\t<\/a>\n\t\t<\/div>\n\n\t\t<div class=\"anwp-pg-post-teaser__bottom-meta d-flex flex-wrap\">\n\n\t\t\t\n\t\t\t\t\t<\/div>\n\n\t\t\t\t\t<div class=\"anwp-pg-post-teaser__excerpt mb-2\">\n\t\t\t\tSelig ha desarrollado los liners Lift &#8216;n&#8217; Peel TamperSeal para envases de medicamentos que tienen caracter\u00edsticas similares a las del exitoso revestimiento por inducci\u00f3n Lift &#8216;n&#8217; Peel, el cual es ...\t\t\t<\/div>\n\t\t\n\t\t\t\t\t<div class=\"w-100 anwp-pg-read-more mt-auto\">\n\t\t\t\t<a href=\"https:\/\/www.seliggroup.com\/es\/pruebas-futuristicas-de-envases-farmaceuticos-para-una-poblacion-mas-longeva\/\" \t\t\t\t\tclass=\"anwp-pg-read-more__btn mt-3 mb-0 btn btn-sm btn-outline-info w-100 text-decoration-none\">\n\t\t\t\t\tRead More\t\t\t\t<\/a>\n\t\t\t<\/div>\n\t\t\n\t<\/div>\n\n<\/div>\n<div class=\"anwp-pg-post-teaser anwp-pg-post-teaser--inner-cover-link anwp-pg-post-teaser--layout-d d-flex flex-column swiper-slide anwp-pg-post-teaser--with-read-more \">\n\t<div class=\"anwp-pg-post-teaser__thumbnail position-relative\">\n\n\t\t\n\t\t\n\t\t\t\t\t<img loading=\"lazy\" class=\"anwp-pg-post-teaser__thumbnail-img d-block anwp-pg-height-180 anwp-object-cover m-0 w-100\"\n\t\t\t\talt=\"El sello Lift &#8216;n&#8217; Peel\u2122 ocupa el primer puesto en ustudio de consumidores\"\n\t\t\t\tsrc=\"https:\/\/www.seliggroup.com\/wp-content\/uploads\/2022\/12\/lift-n-peel-first-in-consumer-study-1.jpeg\"\/>\n\t\t\n\t\t<div class=\"anwp-pg-post-teaser__thumbnail-bg anwp-position-cover\"><\/div>\n\n\t\t<a class=\"anwp-position-cover anwp-link-without-effects\" href=\"https:\/\/www.seliggroup.com\/es\/el-sello-lift-n-peel-ocupa-el-primer-puesto-en-ustudio-de-consumidores\/\" aria-hidden=\"true\" ><\/a>\n\t<\/div>\n\n\t<div class=\"anwp-pg-post-teaser__content flex-grow-1 pt-1 d-flex flex-column\">\n\n\t\t<div class=\"anwp-pg-post-teaser__title anwp-font-heading mt-2\">\n\t\t\t<a class=\"anwp-link-without-effects\" href=\"https:\/\/www.seliggroup.com\/es\/el-sello-lift-n-peel-ocupa-el-primer-puesto-en-ustudio-de-consumidores\/\" aria-hidden=\"true\" >\n\t\t\t\tEl sello Lift &#8216;n&#8217; Peel\u2122 ocupa el primer puesto en ustudio de consumidores\t\t\t<\/a>\n\t\t<\/div>\n\n\t\t<div class=\"anwp-pg-post-teaser__bottom-meta d-flex flex-wrap\">\n\n\t\t\t\n\t\t\t\t\t<\/div>\n\n\t\t\t\t\t<div class=\"anwp-pg-post-teaser__excerpt mb-2\">\n\t\t\t\tEn un estudio de consumidores realizado recientemente, la seguridad, la prevenci\u00f3n de fugas y el mantenimiento de la frescura fueron valoradas como las caracter\u00edsticas de envasado m\u00e1s importantes. Lift &#8216;n ...\t\t\t<\/div>\n\t\t\n\t\t\t\t\t<div class=\"w-100 anwp-pg-read-more mt-auto\">\n\t\t\t\t<a href=\"https:\/\/www.seliggroup.com\/es\/el-sello-lift-n-peel-ocupa-el-primer-puesto-en-ustudio-de-consumidores\/\" \t\t\t\t\tclass=\"anwp-pg-read-more__btn mt-3 mb-0 btn btn-sm btn-outline-info w-100 text-decoration-none\">\n\t\t\t\t\tRead More\t\t\t\t<\/a>\n\t\t\t<\/div>\n\t\t\n\t<\/div>\n\n<\/div>\n<div class=\"anwp-pg-post-teaser anwp-pg-post-teaser--inner-cover-link anwp-pg-post-teaser--layout-d d-flex flex-column swiper-slide anwp-pg-post-teaser--with-read-more \">\n\t<div class=\"anwp-pg-post-teaser__thumbnail position-relative\">\n\n\t\t\n\t\t\n\t\t\t\t\t<img loading=\"lazy\" class=\"anwp-pg-post-teaser__thumbnail-img d-block anwp-pg-height-180 anwp-object-cover m-0 w-100\"\n\t\t\t\talt=\"El impacto del envasado en una Am\u00e9rica m\u00e1s longeva\"\n\t\t\t\tsrc=\"https:\/\/www.seliggroup.com\/wp-content\/uploads\/2022\/12\/the-impact-of-packaging-on-a-graying-america-1.png\"\/>\n\t\t\n\t\t<div class=\"anwp-pg-post-teaser__thumbnail-bg anwp-position-cover\"><\/div>\n\n\t\t<a class=\"anwp-position-cover anwp-link-without-effects\" href=\"https:\/\/www.seliggroup.com\/es\/el-impacto-del-envasado-en-una-america-mas-longeva\/\" aria-hidden=\"true\" ><\/a>\n\t<\/div>\n\n\t<div class=\"anwp-pg-post-teaser__content flex-grow-1 pt-1 d-flex flex-column\">\n\n\t\t<div class=\"anwp-pg-post-teaser__title anwp-font-heading mt-2\">\n\t\t\t<a class=\"anwp-link-without-effects\" href=\"https:\/\/www.seliggroup.com\/es\/el-impacto-del-envasado-en-una-america-mas-longeva\/\" aria-hidden=\"true\" >\n\t\t\t\tEl impacto del envasado en una Am\u00e9rica m\u00e1s longeva\t\t\t<\/a>\n\t\t<\/div>\n\n\t\t<div class=\"anwp-pg-post-teaser__bottom-meta d-flex flex-wrap\">\n\n\t\t\t\n\t\t\t\t\t<\/div>\n\n\t\t\t\t\t<div class=\"anwp-pg-post-teaser__excerpt mb-2\">\n\t\t\t\tDarren Dodd, Director de Marketing y Servicios de Selig Europa, explica qu\u00e9 puede hacer la industria del envasado para adaptarse a la longevidad de la poblaci\u00f3n en Europa.\t\t\t<\/div>\n\t\t\n\t\t\t\t\t<div class=\"w-100 anwp-pg-read-more mt-auto\">\n\t\t\t\t<a href=\"https:\/\/www.seliggroup.com\/es\/el-impacto-del-envasado-en-una-america-mas-longeva\/\" \t\t\t\t\tclass=\"anwp-pg-read-more__btn mt-3 mb-0 btn btn-sm btn-outline-info w-100 text-decoration-none\">\n\t\t\t\t\tRead More\t\t\t\t<\/a>\n\t\t\t<\/div>\n\t\t\n\t<\/div>\n\n<\/div>\n<div class=\"anwp-pg-post-teaser anwp-pg-post-teaser--inner-cover-link anwp-pg-post-teaser--layout-d d-flex flex-column swiper-slide anwp-pg-post-teaser--with-read-more \">\n\t<div class=\"anwp-pg-post-teaser__thumbnail position-relative\">\n\n\t\t\n\t\t\n\t\t\t\t\t<img loading=\"lazy\" class=\"anwp-pg-post-teaser__thumbnail-img d-block anwp-pg-height-180 anwp-object-cover m-0 w-100\"\n\t\t\t\talt=\"Precinto de garant\u00eda en envases para la industria m\u00e9dica\"\n\t\t\t\tsrc=\"https:\/\/www.seliggroup.com\/wp-content\/uploads\/2022\/12\/tamper-evidence-healthcare-packaging-1.gif\"\/>\n\t\t\n\t\t<div class=\"anwp-pg-post-teaser__thumbnail-bg anwp-position-cover\"><\/div>\n\n\t\t<a class=\"anwp-position-cover anwp-link-without-effects\" href=\"https:\/\/www.seliggroup.com\/es\/precinto-de-garantia-en-envases-para-la-industria-medica-2\/\" aria-hidden=\"true\" ><\/a>\n\t<\/div>\n\n\t<div class=\"anwp-pg-post-teaser__content flex-grow-1 pt-1 d-flex flex-column\">\n\n\t\t<div class=\"anwp-pg-post-teaser__title anwp-font-heading mt-2\">\n\t\t\t<a class=\"anwp-link-without-effects\" href=\"https:\/\/www.seliggroup.com\/es\/precinto-de-garantia-en-envases-para-la-industria-medica-2\/\" aria-hidden=\"true\" >\n\t\t\t\tPrecinto de garant\u00eda en envases para la industria m\u00e9dica\t\t\t<\/a>\n\t\t<\/div>\n\n\t\t<div class=\"anwp-pg-post-teaser__bottom-meta d-flex flex-wrap\">\n\n\t\t\t\n\t\t\t\t\t<\/div>\n\n\t\t\t\t\t<div class=\"anwp-pg-post-teaser__excerpt mb-2\">\n\t\t\t\tUna tecnolog\u00eda de eficaz probada para evitar la manipulaci\u00f3n de envases r\u00edgidos es el sellado de tapas por inducci\u00f3n. Este m\u00e9todo utiliza un liner laminado de varias capas en el ...\t\t\t<\/div>\n\t\t\n\t\t\t\t\t<div class=\"w-100 anwp-pg-read-more mt-auto\">\n\t\t\t\t<a href=\"https:\/\/www.seliggroup.com\/es\/precinto-de-garantia-en-envases-para-la-industria-medica-2\/\" \t\t\t\t\tclass=\"anwp-pg-read-more__btn mt-3 mb-0 btn btn-sm btn-outline-info w-100 text-decoration-none\">\n\t\t\t\t\tRead More\t\t\t\t<\/a>\n\t\t\t<\/div>\n\t\t\n\t<\/div>\n\n<\/div>\n<div class=\"anwp-pg-post-teaser anwp-pg-post-teaser--inner-cover-link anwp-pg-post-teaser--layout-d d-flex flex-column swiper-slide anwp-pg-post-teaser--with-read-more \">\n\t<div class=\"anwp-pg-post-teaser__thumbnail position-relative\">\n\n\t\t\n\t\t\n\t\t\t\t\t<img loading=\"lazy\" class=\"anwp-pg-post-teaser__thumbnail-img d-block anwp-pg-height-180 anwp-object-cover m-0 w-100\"\n\t\t\t\talt=\"Nuevo dise\u00f1o del pictograma de Lift &#8216;n&#8217; Peel\u2122\"\n\t\t\t\tsrc=\"https:\/\/www.seliggroup.com\/wp-content\/uploads\/2022\/12\/lift-n-peel-pictogram-redesign-1.gif\"\/>\n\t\t\n\t\t<div class=\"anwp-pg-post-teaser__thumbnail-bg anwp-position-cover\"><\/div>\n\n\t\t<a class=\"anwp-position-cover anwp-link-without-effects\" href=\"https:\/\/www.seliggroup.com\/es\/nuevo-diseno-del-pictograma-de-lift-n-peel\/\" aria-hidden=\"true\" ><\/a>\n\t<\/div>\n\n\t<div class=\"anwp-pg-post-teaser__content flex-grow-1 pt-1 d-flex flex-column\">\n\n\t\t<div class=\"anwp-pg-post-teaser__title anwp-font-heading mt-2\">\n\t\t\t<a class=\"anwp-link-without-effects\" href=\"https:\/\/www.seliggroup.com\/es\/nuevo-diseno-del-pictograma-de-lift-n-peel\/\" aria-hidden=\"true\" >\n\t\t\t\tNuevo dise\u00f1o del pictograma de Lift &#8216;n&#8217; Peel\u2122\t\t\t<\/a>\n\t\t<\/div>\n\n\t\t<div class=\"anwp-pg-post-teaser__bottom-meta d-flex flex-wrap\">\n\n\t\t\t\n\t\t\t\t\t<\/div>\n\n\t\t\t\t\t<div class=\"anwp-pg-post-teaser__excerpt mb-2\">\n\t\t\t\tSelig va a redise\u00f1ar los gr\u00e1ficos de sus liners para los envases de f\u00e1cil apertura Lift &#8216;n&#8217; Peel\u2122, despu\u00e9s de que varias encuestas en grupos de discusi\u00f3n dieran a conocer ...\t\t\t<\/div>\n\t\t\n\t\t\t\t\t<div class=\"w-100 anwp-pg-read-more mt-auto\">\n\t\t\t\t<a href=\"https:\/\/www.seliggroup.com\/es\/nuevo-diseno-del-pictograma-de-lift-n-peel\/\" \t\t\t\t\tclass=\"anwp-pg-read-more__btn mt-3 mb-0 btn btn-sm btn-outline-info w-100 text-decoration-none\">\n\t\t\t\t\tRead More\t\t\t\t<\/a>\n\t\t\t<\/div>\n\t\t\n\t<\/div>\n\n<\/div>\n<div class=\"anwp-pg-post-teaser anwp-pg-post-teaser--inner-cover-link anwp-pg-post-teaser--layout-d d-flex flex-column swiper-slide anwp-pg-post-teaser--with-read-more \">\n\t<div class=\"anwp-pg-post-teaser__thumbnail position-relative\">\n\n\t\t\n\t\t\n\t\t\t\t\t<img loading=\"lazy\" class=\"anwp-pg-post-teaser__thumbnail-img d-block anwp-pg-height-180 anwp-object-cover m-0 w-100\"\n\t\t\t\talt=\"Precinto de garant\u00eda: C\u00f3mo crear el envase perfecto\"\n\t\t\t\tsrc=\"https:\/\/www.seliggroup.com\/wp-content\/uploads\/2022\/11\/TamperSeal-LiftnPeel-1.jpg\"\/>\n\t\t\n\t\t<div class=\"anwp-pg-post-teaser__thumbnail-bg anwp-position-cover\"><\/div>\n\n\t\t<a class=\"anwp-position-cover anwp-link-without-effects\" href=\"https:\/\/www.seliggroup.com\/es\/precinto-de-garantia-como-crear-el-envase-perfecto\/\" aria-hidden=\"true\" ><\/a>\n\t<\/div>\n\n\t<div class=\"anwp-pg-post-teaser__content flex-grow-1 pt-1 d-flex flex-column\">\n\n\t\t<div class=\"anwp-pg-post-teaser__title anwp-font-heading mt-2\">\n\t\t\t<a class=\"anwp-link-without-effects\" href=\"https:\/\/www.seliggroup.com\/es\/precinto-de-garantia-como-crear-el-envase-perfecto\/\" aria-hidden=\"true\" >\n\t\t\t\tPrecinto de garant\u00eda: C\u00f3mo crear el envase perfecto\t\t\t<\/a>\n\t\t<\/div>\n\n\t\t<div class=\"anwp-pg-post-teaser__bottom-meta d-flex flex-wrap\">\n\n\t\t\t\n\t\t\t\t\t<\/div>\n\n\t\t\t\t\t<div class=\"anwp-pg-post-teaser__excerpt mb-2\">\n\t\t\t\tDarren Dodd, de Selig, explica c\u00f3mo un sellado t\u00e9rmico por inducci\u00f3n que utilice el liner con los materiales adecuados, puede mantener la frescura del producto, prolongar su vida \u00fatil y ...\t\t\t<\/div>\n\t\t\n\t\t\t\t\t<div class=\"w-100 anwp-pg-read-more mt-auto\">\n\t\t\t\t<a href=\"https:\/\/www.seliggroup.com\/es\/precinto-de-garantia-como-crear-el-envase-perfecto\/\" \t\t\t\t\tclass=\"anwp-pg-read-more__btn mt-3 mb-0 btn btn-sm btn-outline-info w-100 text-decoration-none\">\n\t\t\t\t\tRead More\t\t\t\t<\/a>\n\t\t\t<\/div>\n\t\t\n\t<\/div>\n\n<\/div>\n<div class=\"anwp-pg-post-teaser anwp-pg-post-teaser--inner-cover-link anwp-pg-post-teaser--layout-d d-flex flex-column swiper-slide anwp-pg-post-teaser--with-read-more \">\n\t<div class=\"anwp-pg-post-teaser__thumbnail position-relative\">\n\n\t\t\n\t\t\n\t\t\t\t\t<img loading=\"lazy\" class=\"anwp-pg-post-teaser__thumbnail-img d-block anwp-pg-height-180 anwp-object-cover m-0 w-100\"\n\t\t\t\talt=\"Avances de los sellos Safe-Gard\u2122 Plus Tamper-Evident\"\n\t\t\t\tsrc=\"https:\/\/www.seliggroup.com\/wp-content\/uploads\/2022\/12\/safe-gard-plus-upgrade-1.gif\"\/>\n\t\t\n\t\t<div class=\"anwp-pg-post-teaser__thumbnail-bg anwp-position-cover\"><\/div>\n\n\t\t<a class=\"anwp-position-cover anwp-link-without-effects\" href=\"https:\/\/www.seliggroup.com\/es\/avances-de-los-sellos-safe-gard-plus-tamper-evident\/\" aria-hidden=\"true\" ><\/a>\n\t<\/div>\n\n\t<div class=\"anwp-pg-post-teaser__content flex-grow-1 pt-1 d-flex flex-column\">\n\n\t\t<div class=\"anwp-pg-post-teaser__title anwp-font-heading mt-2\">\n\t\t\t<a class=\"anwp-link-without-effects\" href=\"https:\/\/www.seliggroup.com\/es\/avances-de-los-sellos-safe-gard-plus-tamper-evident\/\" aria-hidden=\"true\" >\n\t\t\t\tAvances de los sellos Safe-Gard\u2122 Plus Tamper-Evident\t\t\t<\/a>\n\t\t<\/div>\n\n\t\t<div class=\"anwp-pg-post-teaser__bottom-meta d-flex flex-wrap\">\n\n\t\t\t\n\t\t\t\t\t<\/div>\n\n\t\t\t\t\t<div class=\"anwp-pg-post-teaser__excerpt mb-2\">\n\t\t\t\tSelig ha lanzado una nueva gama de revestimientos de inducci\u00f3n laminados de cera de dos piezas que ofrece una protecci\u00f3n del envase sin igual en casi todos los entornos.\t\t\t<\/div>\n\t\t\n\t\t\t\t\t<div class=\"w-100 anwp-pg-read-more mt-auto\">\n\t\t\t\t<a href=\"https:\/\/www.seliggroup.com\/es\/avances-de-los-sellos-safe-gard-plus-tamper-evident\/\" \t\t\t\t\tclass=\"anwp-pg-read-more__btn mt-3 mb-0 btn btn-sm btn-outline-info w-100 text-decoration-none\">\n\t\t\t\t\tRead More\t\t\t\t<\/a>\n\t\t\t<\/div>\n\t\t\n\t<\/div>\n\n<\/div>\n\t\t<\/div>\n\n\t\t\t\t\t\t\t\t\t\t\t\t<div class=\"elementor-swiper-button elementor-swiper-button-prev\">\n\t\t\t\t\t<svg class=\"anwp-pg-icon anwp-pg-icon--feather anwp-pg-icon--s28\">\n\t\t\t\t\t\t<use xlink:href=\"#icon-anwp-pg-chevron-left\"><\/use>\n\t\t\t\t\t<\/svg>\n\t\t\t\t\t<span class=\"elementor-screen-only\">Previous<\/span>\n\t\t\t\t<\/div>\n\t\t\t\t<div class=\"elementor-swiper-button elementor-swiper-button-next\">\n\t\t\t\t\t<svg class=\"anwp-pg-icon anwp-pg-icon--feather anwp-pg-icon--s28\">\n\t\t\t\t\t\t<use xlink:href=\"#icon-anwp-pg-chevron-right\"><\/use>\n\t\t\t\t\t<\/svg>\n\t\t\t\t\t<span class=\"elementor-screen-only\">Next<\/span>\n\t\t\t\t<\/div>\n\t\t\t\t\t\t<\/div>\n<\/div>\n\t\t\t\t<\/div>\n\t\t\t\t<\/div>\n\t\t\t\t<\/div>\n\t\t\t\t<\/div>\n\t\t\t\t<\/div>\n\t\t","protected":false},"excerpt":{"rendered":"<p>Dado que el empaque juega un papel clave en la satisfacci\u00f3n del cliente y las decisiones de compra, \u00bfqu\u00e9 pueden aprender los fabricantes del comportamiento de compra del consumidor y c\u00f3mo ha evolucionado el empaque para hacer frente a las muchas demandas que se le imponen?<\/p>\n","protected":false},"author":3,"featured_media":58379,"comment_status":"closed","ping_status":"closed","sticky":false,"template":"","format":"standard","meta":{"_acf_changed":false,"inline_featured_image":false,"_monsterinsights_skip_tracking":false,"_monsterinsights_sitenote_active":false,"_monsterinsights_sitenote_note":"","_monsterinsights_sitenote_category":0,"footnotes":"","_links_to":"","_links_to_target":""},"categories":[1924],"tags":[1729],"class_list":["post-58378","post","type-post","status-publish","format-standard","has-post-thumbnail","hentry","category-documentos-tecnicos","tag-alimento"],"acf":[],"yoast_head":"<!-- This site is optimized with the Yoast SEO plugin v27.4 - https:\/\/yoast.com\/product\/yoast-seo-wordpress\/ -->\n<title>Condimentos: el poder y el potencial del empaque - Selig Group<\/title>\n<meta name=\"robots\" content=\"index, follow, max-snippet:-1, max-image-preview:large, max-video-preview:-1\" \/>\n<link rel=\"canonical\" href=\"https:\/\/www.seliggroup.com\/es\/condimentos-el-poder-y-el-potencial-del-empaque\/\" \/>\n<meta property=\"og:locale\" content=\"es_ES\" \/>\n<meta property=\"og:type\" content=\"article\" \/>\n<meta property=\"og:title\" content=\"Condimentos: el poder y el potencial del empaque - Selig Group\" \/>\n<meta property=\"og:description\" content=\"Dado que el empaque juega un papel clave en la satisfacci\u00f3n del cliente y las decisiones de compra, \u00bfqu\u00e9 pueden aprender los fabricantes del comportamiento de compra del consumidor y c\u00f3mo ha evolucionado el empaque para hacer frente a las muchas demandas que se le imponen?\" \/>\n<meta property=\"og:url\" content=\"https:\/\/www.seliggroup.com\/es\/condimentos-el-poder-y-el-potencial-del-empaque\/\" \/>\n<meta property=\"og:site_name\" content=\"Selig Group\" \/>\n<meta property=\"article:published_time\" content=\"2021-08-05T02:56:39+00:00\" \/>\n<meta property=\"article:modified_time\" content=\"2023-05-20T11:50:14+00:00\" \/>\n<meta property=\"og:image\" content=\"https:\/\/www.seliggroup.com\/wp-content\/uploads\/2022\/11\/Selig-Condiments-Ketchup-Image-scaled-1.jpeg\" \/>\n\t<meta property=\"og:image:width\" content=\"2560\" \/>\n\t<meta property=\"og:image:height\" content=\"1840\" \/>\n\t<meta property=\"og:image:type\" content=\"image\/jpeg\" \/>\n<meta name=\"author\" content=\"Amabel Ryan\" \/>\n<meta name=\"twitter:card\" content=\"summary_large_image\" \/>\n<meta name=\"twitter:label1\" content=\"Escrito por\" \/>\n\t<meta name=\"twitter:data1\" content=\"Amabel Ryan\" \/>\n\t<meta name=\"twitter:label2\" content=\"Tiempo de lectura\" \/>\n\t<meta name=\"twitter:data2\" content=\"17 minutos\" \/>\n<script type=\"application\/ld+json\" class=\"yoast-schema-graph\">{\"@context\":\"https:\\\/\\\/schema.org\",\"@graph\":[{\"@type\":\"Article\",\"@id\":\"https:\\\/\\\/www.seliggroup.com\\\/es\\\/condimentos-el-poder-y-el-potencial-del-empaque\\\/#article\",\"isPartOf\":{\"@id\":\"https:\\\/\\\/www.seliggroup.com\\\/es\\\/condimentos-el-poder-y-el-potencial-del-empaque\\\/\"},\"author\":{\"name\":\"Amabel Ryan\",\"@id\":\"https:\\\/\\\/www.seliggroup.com\\\/es\\\/#\\\/schema\\\/person\\\/e7b30b0f09d9837fcb675cbf121c4fbb\"},\"headline\":\"Condimentos: el poder y el potencial del empaque\",\"datePublished\":\"2021-08-05T02:56:39+00:00\",\"dateModified\":\"2023-05-20T11:50:14+00:00\",\"mainEntityOfPage\":{\"@id\":\"https:\\\/\\\/www.seliggroup.com\\\/es\\\/condimentos-el-poder-y-el-potencial-del-empaque\\\/\"},\"wordCount\":3505,\"publisher\":{\"@id\":\"https:\\\/\\\/www.seliggroup.com\\\/es\\\/#organization\"},\"image\":{\"@id\":\"https:\\\/\\\/www.seliggroup.com\\\/es\\\/condimentos-el-poder-y-el-potencial-del-empaque\\\/#primaryimage\"},\"thumbnailUrl\":\"https:\\\/\\\/www.seliggroup.com\\\/wp-content\\\/uploads\\\/2022\\\/11\\\/Selig-Condiments-Ketchup-Image-scaled-1.jpeg\",\"keywords\":[\"Alimento\"],\"articleSection\":[\"Documentos T\u00e9cnicos\"],\"inLanguage\":\"es\"},{\"@type\":\"WebPage\",\"@id\":\"https:\\\/\\\/www.seliggroup.com\\\/es\\\/condimentos-el-poder-y-el-potencial-del-empaque\\\/\",\"url\":\"https:\\\/\\\/www.seliggroup.com\\\/es\\\/condimentos-el-poder-y-el-potencial-del-empaque\\\/\",\"name\":\"Condimentos: el poder y el potencial del empaque - Selig Group\",\"isPartOf\":{\"@id\":\"https:\\\/\\\/www.seliggroup.com\\\/es\\\/#website\"},\"primaryImageOfPage\":{\"@id\":\"https:\\\/\\\/www.seliggroup.com\\\/es\\\/condimentos-el-poder-y-el-potencial-del-empaque\\\/#primaryimage\"},\"image\":{\"@id\":\"https:\\\/\\\/www.seliggroup.com\\\/es\\\/condimentos-el-poder-y-el-potencial-del-empaque\\\/#primaryimage\"},\"thumbnailUrl\":\"https:\\\/\\\/www.seliggroup.com\\\/wp-content\\\/uploads\\\/2022\\\/11\\\/Selig-Condiments-Ketchup-Image-scaled-1.jpeg\",\"datePublished\":\"2021-08-05T02:56:39+00:00\",\"dateModified\":\"2023-05-20T11:50:14+00:00\",\"breadcrumb\":{\"@id\":\"https:\\\/\\\/www.seliggroup.com\\\/es\\\/condimentos-el-poder-y-el-potencial-del-empaque\\\/#breadcrumb\"},\"inLanguage\":\"es\",\"potentialAction\":[{\"@type\":\"ReadAction\",\"target\":[\"https:\\\/\\\/www.seliggroup.com\\\/es\\\/condimentos-el-poder-y-el-potencial-del-empaque\\\/\"]}]},{\"@type\":\"ImageObject\",\"inLanguage\":\"es\",\"@id\":\"https:\\\/\\\/www.seliggroup.com\\\/es\\\/condimentos-el-poder-y-el-potencial-del-empaque\\\/#primaryimage\",\"url\":\"https:\\\/\\\/www.seliggroup.com\\\/wp-content\\\/uploads\\\/2022\\\/11\\\/Selig-Condiments-Ketchup-Image-scaled-1.jpeg\",\"contentUrl\":\"https:\\\/\\\/www.seliggroup.com\\\/wp-content\\\/uploads\\\/2022\\\/11\\\/Selig-Condiments-Ketchup-Image-scaled-1.jpeg\",\"width\":2560,\"height\":1840},{\"@type\":\"BreadcrumbList\",\"@id\":\"https:\\\/\\\/www.seliggroup.com\\\/es\\\/condimentos-el-poder-y-el-potencial-del-empaque\\\/#breadcrumb\",\"itemListElement\":[{\"@type\":\"ListItem\",\"position\":1,\"name\":\"Home\",\"item\":\"https:\\\/\\\/www.seliggroup.com\\\/es\\\/\"},{\"@type\":\"ListItem\",\"position\":2,\"name\":\"Condimentos: el poder y el potencial del empaque\"}]},{\"@type\":\"WebSite\",\"@id\":\"https:\\\/\\\/www.seliggroup.com\\\/es\\\/#website\",\"url\":\"https:\\\/\\\/www.seliggroup.com\\\/es\\\/\",\"name\":\"Selig Group\",\"description\":\"Selig Group is a reliable and experienced partner in the global packaging industry, offering quality sealing, venting, flexible packaging, and protection.\",\"publisher\":{\"@id\":\"https:\\\/\\\/www.seliggroup.com\\\/es\\\/#organization\"},\"potentialAction\":[{\"@type\":\"SearchAction\",\"target\":{\"@type\":\"EntryPoint\",\"urlTemplate\":\"https:\\\/\\\/www.seliggroup.com\\\/es\\\/?s={search_term_string}\"},\"query-input\":{\"@type\":\"PropertyValueSpecification\",\"valueRequired\":true,\"valueName\":\"search_term_string\"}}],\"inLanguage\":\"es\"},{\"@type\":\"Organization\",\"@id\":\"https:\\\/\\\/www.seliggroup.com\\\/es\\\/#organization\",\"name\":\"Selig Group\",\"alternateName\":\"Selig\",\"url\":\"https:\\\/\\\/www.seliggroup.com\\\/es\\\/\",\"logo\":{\"@type\":\"ImageObject\",\"inLanguage\":\"es\",\"@id\":\"https:\\\/\\\/www.seliggroup.com\\\/es\\\/#\\\/schema\\\/logo\\\/image\\\/\",\"url\":\"https:\\\/\\\/www.seliggroup.com\\\/wp-content\\\/uploads\\\/2022\\\/12\\\/SeligGroupLogo_CMYK.jpg\",\"contentUrl\":\"https:\\\/\\\/www.seliggroup.com\\\/wp-content\\\/uploads\\\/2022\\\/12\\\/SeligGroupLogo_CMYK.jpg\",\"width\":720,\"height\":336,\"caption\":\"Selig Group\"},\"image\":{\"@id\":\"https:\\\/\\\/www.seliggroup.com\\\/es\\\/#\\\/schema\\\/logo\\\/image\\\/\"}},{\"@type\":\"Person\",\"@id\":\"https:\\\/\\\/www.seliggroup.com\\\/es\\\/#\\\/schema\\\/person\\\/e7b30b0f09d9837fcb675cbf121c4fbb\",\"name\":\"Amabel Ryan\",\"image\":{\"@type\":\"ImageObject\",\"inLanguage\":\"es\",\"@id\":\"https:\\\/\\\/secure.gravatar.com\\\/avatar\\\/7d52e3df607aef380a78d81ab14c17008cd9bd5b734b307bc1911e2175ab4de9?s=96&d=mm&r=g\",\"url\":\"https:\\\/\\\/secure.gravatar.com\\\/avatar\\\/7d52e3df607aef380a78d81ab14c17008cd9bd5b734b307bc1911e2175ab4de9?s=96&d=mm&r=g\",\"contentUrl\":\"https:\\\/\\\/secure.gravatar.com\\\/avatar\\\/7d52e3df607aef380a78d81ab14c17008cd9bd5b734b307bc1911e2175ab4de9?s=96&d=mm&r=g\",\"caption\":\"Amabel Ryan\"}}]}<\/script>\n<!-- \/ Yoast SEO plugin. -->","yoast_head_json":{"title":"Condimentos: el poder y el potencial del empaque - Selig Group","robots":{"index":"index","follow":"follow","max-snippet":"max-snippet:-1","max-image-preview":"max-image-preview:large","max-video-preview":"max-video-preview:-1"},"canonical":"https:\/\/www.seliggroup.com\/es\/condimentos-el-poder-y-el-potencial-del-empaque\/","og_locale":"es_ES","og_type":"article","og_title":"Condimentos: el poder y el potencial del empaque - Selig Group","og_description":"Dado que el empaque juega un papel clave en la satisfacci\u00f3n del cliente y las decisiones de compra, \u00bfqu\u00e9 pueden aprender los fabricantes del comportamiento de compra del consumidor y c\u00f3mo ha evolucionado el empaque para hacer frente a las muchas demandas que se le imponen?","og_url":"https:\/\/www.seliggroup.com\/es\/condimentos-el-poder-y-el-potencial-del-empaque\/","og_site_name":"Selig Group","article_published_time":"2021-08-05T02:56:39+00:00","article_modified_time":"2023-05-20T11:50:14+00:00","og_image":[{"width":2560,"height":1840,"url":"https:\/\/www.seliggroup.com\/wp-content\/uploads\/2022\/11\/Selig-Condiments-Ketchup-Image-scaled-1.jpeg","type":"image\/jpeg"}],"author":"Amabel Ryan","twitter_card":"summary_large_image","twitter_misc":{"Escrito por":"Amabel Ryan","Tiempo de lectura":"17 minutos"},"schema":{"@context":"https:\/\/schema.org","@graph":[{"@type":"Article","@id":"https:\/\/www.seliggroup.com\/es\/condimentos-el-poder-y-el-potencial-del-empaque\/#article","isPartOf":{"@id":"https:\/\/www.seliggroup.com\/es\/condimentos-el-poder-y-el-potencial-del-empaque\/"},"author":{"name":"Amabel Ryan","@id":"https:\/\/www.seliggroup.com\/es\/#\/schema\/person\/e7b30b0f09d9837fcb675cbf121c4fbb"},"headline":"Condimentos: el poder y el potencial del empaque","datePublished":"2021-08-05T02:56:39+00:00","dateModified":"2023-05-20T11:50:14+00:00","mainEntityOfPage":{"@id":"https:\/\/www.seliggroup.com\/es\/condimentos-el-poder-y-el-potencial-del-empaque\/"},"wordCount":3505,"publisher":{"@id":"https:\/\/www.seliggroup.com\/es\/#organization"},"image":{"@id":"https:\/\/www.seliggroup.com\/es\/condimentos-el-poder-y-el-potencial-del-empaque\/#primaryimage"},"thumbnailUrl":"https:\/\/www.seliggroup.com\/wp-content\/uploads\/2022\/11\/Selig-Condiments-Ketchup-Image-scaled-1.jpeg","keywords":["Alimento"],"articleSection":["Documentos T\u00e9cnicos"],"inLanguage":"es"},{"@type":"WebPage","@id":"https:\/\/www.seliggroup.com\/es\/condimentos-el-poder-y-el-potencial-del-empaque\/","url":"https:\/\/www.seliggroup.com\/es\/condimentos-el-poder-y-el-potencial-del-empaque\/","name":"Condimentos: el poder y el potencial del empaque - Selig Group","isPartOf":{"@id":"https:\/\/www.seliggroup.com\/es\/#website"},"primaryImageOfPage":{"@id":"https:\/\/www.seliggroup.com\/es\/condimentos-el-poder-y-el-potencial-del-empaque\/#primaryimage"},"image":{"@id":"https:\/\/www.seliggroup.com\/es\/condimentos-el-poder-y-el-potencial-del-empaque\/#primaryimage"},"thumbnailUrl":"https:\/\/www.seliggroup.com\/wp-content\/uploads\/2022\/11\/Selig-Condiments-Ketchup-Image-scaled-1.jpeg","datePublished":"2021-08-05T02:56:39+00:00","dateModified":"2023-05-20T11:50:14+00:00","breadcrumb":{"@id":"https:\/\/www.seliggroup.com\/es\/condimentos-el-poder-y-el-potencial-del-empaque\/#breadcrumb"},"inLanguage":"es","potentialAction":[{"@type":"ReadAction","target":["https:\/\/www.seliggroup.com\/es\/condimentos-el-poder-y-el-potencial-del-empaque\/"]}]},{"@type":"ImageObject","inLanguage":"es","@id":"https:\/\/www.seliggroup.com\/es\/condimentos-el-poder-y-el-potencial-del-empaque\/#primaryimage","url":"https:\/\/www.seliggroup.com\/wp-content\/uploads\/2022\/11\/Selig-Condiments-Ketchup-Image-scaled-1.jpeg","contentUrl":"https:\/\/www.seliggroup.com\/wp-content\/uploads\/2022\/11\/Selig-Condiments-Ketchup-Image-scaled-1.jpeg","width":2560,"height":1840},{"@type":"BreadcrumbList","@id":"https:\/\/www.seliggroup.com\/es\/condimentos-el-poder-y-el-potencial-del-empaque\/#breadcrumb","itemListElement":[{"@type":"ListItem","position":1,"name":"Home","item":"https:\/\/www.seliggroup.com\/es\/"},{"@type":"ListItem","position":2,"name":"Condimentos: el poder y el potencial del empaque"}]},{"@type":"WebSite","@id":"https:\/\/www.seliggroup.com\/es\/#website","url":"https:\/\/www.seliggroup.com\/es\/","name":"Selig Group","description":"Selig Group is a reliable and experienced partner in the global packaging industry, offering quality sealing, venting, flexible packaging, and protection.","publisher":{"@id":"https:\/\/www.seliggroup.com\/es\/#organization"},"potentialAction":[{"@type":"SearchAction","target":{"@type":"EntryPoint","urlTemplate":"https:\/\/www.seliggroup.com\/es\/?s={search_term_string}"},"query-input":{"@type":"PropertyValueSpecification","valueRequired":true,"valueName":"search_term_string"}}],"inLanguage":"es"},{"@type":"Organization","@id":"https:\/\/www.seliggroup.com\/es\/#organization","name":"Selig Group","alternateName":"Selig","url":"https:\/\/www.seliggroup.com\/es\/","logo":{"@type":"ImageObject","inLanguage":"es","@id":"https:\/\/www.seliggroup.com\/es\/#\/schema\/logo\/image\/","url":"https:\/\/www.seliggroup.com\/wp-content\/uploads\/2022\/12\/SeligGroupLogo_CMYK.jpg","contentUrl":"https:\/\/www.seliggroup.com\/wp-content\/uploads\/2022\/12\/SeligGroupLogo_CMYK.jpg","width":720,"height":336,"caption":"Selig Group"},"image":{"@id":"https:\/\/www.seliggroup.com\/es\/#\/schema\/logo\/image\/"}},{"@type":"Person","@id":"https:\/\/www.seliggroup.com\/es\/#\/schema\/person\/e7b30b0f09d9837fcb675cbf121c4fbb","name":"Amabel Ryan","image":{"@type":"ImageObject","inLanguage":"es","@id":"https:\/\/secure.gravatar.com\/avatar\/7d52e3df607aef380a78d81ab14c17008cd9bd5b734b307bc1911e2175ab4de9?s=96&d=mm&r=g","url":"https:\/\/secure.gravatar.com\/avatar\/7d52e3df607aef380a78d81ab14c17008cd9bd5b734b307bc1911e2175ab4de9?s=96&d=mm&r=g","contentUrl":"https:\/\/secure.gravatar.com\/avatar\/7d52e3df607aef380a78d81ab14c17008cd9bd5b734b307bc1911e2175ab4de9?s=96&d=mm&r=g","caption":"Amabel Ryan"}}]}},"_links":{"self":[{"href":"https:\/\/www.seliggroup.com\/es\/wp-json\/wp\/v2\/posts\/58378","targetHints":{"allow":["GET"]}}],"collection":[{"href":"https:\/\/www.seliggroup.com\/es\/wp-json\/wp\/v2\/posts"}],"about":[{"href":"https:\/\/www.seliggroup.com\/es\/wp-json\/wp\/v2\/types\/post"}],"author":[{"embeddable":true,"href":"https:\/\/www.seliggroup.com\/es\/wp-json\/wp\/v2\/users\/3"}],"replies":[{"embeddable":true,"href":"https:\/\/www.seliggroup.com\/es\/wp-json\/wp\/v2\/comments?post=58378"}],"version-history":[{"count":0,"href":"https:\/\/www.seliggroup.com\/es\/wp-json\/wp\/v2\/posts\/58378\/revisions"}],"wp:featuredmedia":[{"embeddable":true,"href":"https:\/\/www.seliggroup.com\/es\/wp-json\/wp\/v2\/media\/58379"}],"wp:attachment":[{"href":"https:\/\/www.seliggroup.com\/es\/wp-json\/wp\/v2\/media?parent=58378"}],"wp:term":[{"taxonomy":"category","embeddable":true,"href":"https:\/\/www.seliggroup.com\/es\/wp-json\/wp\/v2\/categories?post=58378"},{"taxonomy":"post_tag","embeddable":true,"href":"https:\/\/www.seliggroup.com\/es\/wp-json\/wp\/v2\/tags?post=58378"}],"curies":[{"name":"wp","href":"https:\/\/api.w.org\/{rel}","templated":true}]}}