{"id":58434,"date":"2020-03-09T16:51:20","date_gmt":"2020-03-09T16:51:20","guid":{"rendered":"https:\/\/selig-group.com\/el-envasado-y-las-necesidades-de-una-poblacion-mundial-que-envejece\/"},"modified":"2023-05-20T12:27:20","modified_gmt":"2023-05-20T12:27:20","slug":"el-envasado-y-las-necesidades-de-una-poblacion-mundial-que-envejece","status":"publish","type":"post","link":"https:\/\/www.seliggroup.com\/es\/el-envasado-y-las-necesidades-de-una-poblacion-mundial-que-envejece\/","title":{"rendered":"El Envasado y las Necesidades de Una Poblaci\u00f3n Mundial Que Envejece"},"content":{"rendered":"\t\t<div data-elementor-type=\"wp-post\" data-elementor-id=\"58434\" class=\"elementor elementor-58434 elementor-26853\" data-elementor-post-type=\"post\">\n\t\t\t\t<div class=\"elementor-element elementor-element-152ecee6 e-con-full normal-horizontal-padding e-flex e-con e-parent\" data-id=\"152ecee6\" data-element_type=\"container\" data-e-type=\"container\" data-settings=\"{&quot;background_background&quot;:&quot;classic&quot;}\">\n\t\t\t\t<div class=\"elementor-element elementor-element-36b36315 elementor-absolute elementor-widget elementor-widget-shortcode\" data-id=\"36b36315\" data-element_type=\"widget\" data-e-type=\"widget\" data-settings=\"{&quot;_position&quot;:&quot;absolute&quot;}\" data-widget_type=\"shortcode.default\">\n\t\t\t\t<div class=\"elementor-widget-container\">\n\t\t\t\t\t\t\t<div class=\"elementor-shortcode\"><i class=\"fas fa-bookmark unfavorited\" onclick=\"open_login_popup(58434)\"><\/i><\/div>\n\t\t\t\t\t\t<\/div>\n\t\t\t\t<\/div>\n\t\t<div class=\"elementor-element elementor-element-5546ebbf e-con-full e-flex e-con e-parent\" data-id=\"5546ebbf\" data-element_type=\"container\" data-e-type=\"container\" data-settings=\"{&quot;background_background&quot;:&quot;slideshow&quot;,&quot;background_slideshow_gallery&quot;:[],&quot;background_slideshow_loop&quot;:&quot;yes&quot;,&quot;background_slideshow_slide_duration&quot;:5000,&quot;background_slideshow_slide_transition&quot;:&quot;fade&quot;,&quot;background_slideshow_transition_duration&quot;:500}\">\n\t\t\t\t<div class=\"elementor-element elementor-element-676df517 elementor-widget__width-auto elementor-widget elementor-widget-heading\" data-id=\"676df517\" data-element_type=\"widget\" data-e-type=\"widget\" data-widget_type=\"heading.default\">\n\t\t\t\t<div class=\"elementor-widget-container\">\n\t\t\t\t\t<span class=\"elementor-heading-title elementor-size-default\"><a href=\"https:\/\/www.seliggroup.com\/es\/\">P\u00c1GINA PRINCIPAL<\/a><\/span>\t\t\t\t<\/div>\n\t\t\t\t<\/div>\n\t\t\t\t<div class=\"elementor-element elementor-element-204489db elementor-widget__width-auto elementor-widget elementor-widget-heading\" data-id=\"204489db\" data-element_type=\"widget\" data-e-type=\"widget\" data-widget_type=\"heading.default\">\n\t\t\t\t<div class=\"elementor-widget-container\">\n\t\t\t\t\t<span class=\"elementor-heading-title elementor-size-default\">\/ RECOURSOS \/<\/span>\t\t\t\t<\/div>\n\t\t\t\t<\/div>\n\t\t\t\t<div class=\"elementor-element elementor-element-2f74693b elementor-widget__width-auto elementor-widget elementor-widget-heading\" data-id=\"2f74693b\" data-element_type=\"widget\" data-e-type=\"widget\" data-widget_type=\"heading.default\">\n\t\t\t\t<div class=\"elementor-widget-container\">\n\t\t\t\t\t<span class=\"elementor-heading-title elementor-size-default\">Noticias y documentos t\u00e9cnicos<\/span>\t\t\t\t<\/div>\n\t\t\t\t<\/div>\n\t\t\t\t<\/div>\n\t\t<div class=\"elementor-element elementor-element-4d654e1 e-con-full e-flex e-con e-parent\" data-id=\"4d654e1\" data-element_type=\"container\" data-e-type=\"container\">\n\t\t\t\t<div class=\"elementor-element elementor-element-6aea8a3c elementor-widget__width-initial elementor-widget elementor-widget-heading\" data-id=\"6aea8a3c\" data-element_type=\"widget\" data-e-type=\"widget\" data-widget_type=\"heading.default\">\n\t\t\t\t<div class=\"elementor-widget-container\">\n\t\t\t\t\t<p class=\"elementor-heading-title elementor-size-default\">El Envasado y las Necesidades de Una Poblaci\u00f3n Mundial Que Envejece<\/p>\t\t\t\t<\/div>\n\t\t\t\t<\/div>\n\t\t<div class=\"elementor-element elementor-element-16efb908 e-con-full e-flex e-con e-parent\" data-id=\"16efb908\" data-element_type=\"container\" data-e-type=\"container\">\n\t\t\t\t<div class=\"elementor-element elementor-element-42fe343d elementor-widget elementor-widget-heading\" data-id=\"42fe343d\" data-element_type=\"widget\" data-e-type=\"widget\" data-widget_type=\"heading.default\">\n\t\t\t\t<div class=\"elementor-widget-container\">\n\t\t\t\t\t<h2 class=\"elementor-heading-title elementor-size-default\">marzo 9, 2020<\/h2>\t\t\t\t<\/div>\n\t\t\t\t<\/div>\n\t\t\t\t<div class=\"elementor-element elementor-element-655be702 elementor-widget elementor-widget-heading\" data-id=\"655be702\" data-element_type=\"widget\" data-e-type=\"widget\" data-widget_type=\"heading.default\">\n\t\t\t\t<div class=\"elementor-widget-container\">\n\t\t\t\t\t<h2 class=\"elementor-heading-title elementor-size-default\">|<\/h2>\t\t\t\t<\/div>\n\t\t\t\t<\/div>\n\t\t\t\t<div class=\"elementor-element elementor-element-7fe109c elementor-widget elementor-widget-post-info\" data-id=\"7fe109c\" data-element_type=\"widget\" data-e-type=\"widget\" data-widget_type=\"post-info.default\">\n\t\t\t\t<div class=\"elementor-widget-container\">\n\t\t\t\t\t\t\t<ul class=\"elementor-inline-items elementor-icon-list-items elementor-post-info\">\n\t\t\t\t\t\t\t\t<li class=\"elementor-icon-list-item elementor-repeater-item-6dd02d5 elementor-inline-item\" itemprop=\"about\">\n\t\t\t\t\t\t\t\t\t\t\t\t\t<span class=\"elementor-icon-list-text elementor-post-info__item elementor-post-info__item--type-terms\">\n\t\t\t\t\t\t\t\t\t\t<span class=\"elementor-post-info__terms-list\">\n\t\t\t\t<span class=\"elementor-post-info__terms-list-item\">Alimento<\/span>, <span class=\"elementor-post-info__terms-list-item\">Bebida<\/span>, <span class=\"elementor-post-info__terms-list-item\">Cuidado de la salud<\/span>, <span class=\"elementor-post-info__terms-list-item\">Cuidado personal<\/span>, <span class=\"elementor-post-info__terms-list-item\">Qu\u00edmico e Industrial<\/span>, <span class=\"elementor-post-info__terms-list-item\">Vinos y licores<\/span>\t\t\t\t<\/span>\n\t\t\t\t\t<\/span>\n\t\t\t\t\t\t\t\t<\/li>\n\t\t\t\t<\/ul>\n\t\t\t\t\t\t<\/div>\n\t\t\t\t<\/div>\n\t\t\t\t<div class=\"elementor-element elementor-element-ad0d4d6 elementor-widget elementor-widget-heading\" data-id=\"ad0d4d6\" data-element_type=\"widget\" data-e-type=\"widget\" data-widget_type=\"heading.default\">\n\t\t\t\t<div class=\"elementor-widget-container\">\n\t\t\t\t\t<h2 class=\"elementor-heading-title elementor-size-default\">|<\/h2>\t\t\t\t<\/div>\n\t\t\t\t<\/div>\n\t\t\t\t<div class=\"elementor-element elementor-element-38362a89 elementor-widget elementor-widget-heading\" data-id=\"38362a89\" data-element_type=\"widget\" data-e-type=\"widget\" data-widget_type=\"heading.default\">\n\t\t\t\t<div class=\"elementor-widget-container\">\n\t\t\t\t\t<h2 class=\"elementor-heading-title elementor-size-default\">Regi\u00f3n: Norteam\u00e9rica, Europa, Asia-Pac\u00edfico<\/h2>\t\t\t\t<\/div>\n\t\t\t\t<\/div>\n\t\t\t\t<\/div>\n\t\t\t\t<div class=\"elementor-element elementor-element-3767bb14 elementor-widget elementor-widget-button\" data-id=\"3767bb14\" data-element_type=\"widget\" data-e-type=\"widget\" data-widget_type=\"button.default\">\n\t\t\t\t<div class=\"elementor-widget-container\">\n\t\t\t\t\t\t\t\t\t<div class=\"elementor-button-wrapper\">\n\t\t\t\t\t<a class=\"elementor-button elementor-button-link elementor-size-sm\" href=\"https:\/\/www.seliggroup.com\/wp-content\/uploads\/2022\/11\/White-PaperSEL028-Ageing-Population-Web.pdf\" target=\"_blank\">\n\t\t\t\t\t\t<span class=\"elementor-button-content-wrapper\">\n\t\t\t\t\t\t<span class=\"elementor-button-icon\">\n\t\t\t\t<i aria-hidden=\"true\" class=\"fas fa-download\"><\/i>\t\t\t<\/span>\n\t\t\t\t\t\t\t\t\t<span class=\"elementor-button-text\">Descargar PDF<\/span>\n\t\t\t\t\t<\/span>\n\t\t\t\t\t<\/a>\n\t\t\t\t<\/div>\n\t\t\t\t\t\t\t\t<\/div>\n\t\t\t\t<\/div>\n\t\t<div class=\"elementor-element elementor-element-46fac075 e-con-full e-flex e-con e-parent\" data-id=\"46fac075\" data-element_type=\"container\" data-e-type=\"container\">\n\t\t\t\t<div class=\"elementor-element elementor-element-2ea3a023 elementor-widget elementor-widget-heading\" data-id=\"2ea3a023\" data-element_type=\"widget\" data-e-type=\"widget\" data-widget_type=\"heading.default\">\n\t\t\t\t<div class=\"elementor-widget-container\">\n\t\t\t\t\t<h2 class=\"elementor-heading-title elementor-size-default\">Compartir<\/h2>\t\t\t\t<\/div>\n\t\t\t\t<\/div>\n\t\t\t\t<div class=\"elementor-element elementor-element-1f8c7cb3 elementor-share-buttons--view-icon elementor-share-buttons--shape-circle elementor-share-buttons--color-custom elementor-share-buttons--skin-gradient elementor-grid-0 elementor-widget elementor-widget-share-buttons\" data-id=\"1f8c7cb3\" data-element_type=\"widget\" data-e-type=\"widget\" data-widget_type=\"share-buttons.default\">\n\t\t\t\t<div class=\"elementor-widget-container\">\n\t\t\t\t\t\t\t<div class=\"elementor-grid\" role=\"list\">\n\t\t\t\t\t\t\t\t<div class=\"elementor-grid-item\" role=\"listitem\">\n\t\t\t\t\t\t<div class=\"elementor-share-btn elementor-share-btn_facebook\" role=\"button\" tabindex=\"0\" aria-label=\"Compartir en facebook\">\n\t\t\t\t\t\t\t\t\t\t\t\t\t\t\t<span class=\"elementor-share-btn__icon\">\n\t\t\t\t\t\t\t\t<i class=\"fab fa-facebook\" aria-hidden=\"true\"><\/i>\t\t\t\t\t\t\t<\/span>\n\t\t\t\t\t\t\t\t\t\t\t\t\t\t\t\t\t\t\t\t<\/div>\n\t\t\t\t\t<\/div>\n\t\t\t\t\t\t\t\t\t<div class=\"elementor-grid-item\" role=\"listitem\">\n\t\t\t\t\t\t<div class=\"elementor-share-btn elementor-share-btn_twitter\" role=\"button\" tabindex=\"0\" aria-label=\"Compartir en twitter\">\n\t\t\t\t\t\t\t\t\t\t\t\t\t\t\t<span class=\"elementor-share-btn__icon\">\n\t\t\t\t\t\t\t\t<i class=\"fab fa-twitter\" aria-hidden=\"true\"><\/i>\t\t\t\t\t\t\t<\/span>\n\t\t\t\t\t\t\t\t\t\t\t\t\t\t\t\t\t\t\t\t<\/div>\n\t\t\t\t\t<\/div>\n\t\t\t\t\t\t\t\t\t<div class=\"elementor-grid-item\" role=\"listitem\">\n\t\t\t\t\t\t<div class=\"elementor-share-btn elementor-share-btn_email\" role=\"button\" tabindex=\"0\" aria-label=\"Compartir en email\">\n\t\t\t\t\t\t\t\t\t\t\t\t\t\t\t<span class=\"elementor-share-btn__icon\">\n\t\t\t\t\t\t\t\t<i class=\"fas fa-envelope\" aria-hidden=\"true\"><\/i>\t\t\t\t\t\t\t<\/span>\n\t\t\t\t\t\t\t\t\t\t\t\t\t\t\t\t\t\t\t\t<\/div>\n\t\t\t\t\t<\/div>\n\t\t\t\t\t\t\t\t\t<div class=\"elementor-grid-item\" role=\"listitem\">\n\t\t\t\t\t\t<div class=\"elementor-share-btn elementor-share-btn_linkedin\" role=\"button\" tabindex=\"0\" aria-label=\"Compartir en linkedin\">\n\t\t\t\t\t\t\t\t\t\t\t\t\t\t\t<span class=\"elementor-share-btn__icon\">\n\t\t\t\t\t\t\t\t<i class=\"fab fa-linkedin\" aria-hidden=\"true\"><\/i>\t\t\t\t\t\t\t<\/span>\n\t\t\t\t\t\t\t\t\t\t\t\t\t\t\t\t\t\t\t\t<\/div>\n\t\t\t\t\t<\/div>\n\t\t\t\t\t\t<\/div>\n\t\t\t\t\t\t<\/div>\n\t\t\t\t<\/div>\n\t\t\t\t<\/div>\n\t\t\t\t<\/div>\n\t\t\t\t<\/div>\n\t\t<div class=\"elementor-element elementor-element-39245313 e-con-full normal-horizontal-padding e-flex e-con e-parent\" data-id=\"39245313\" data-element_type=\"container\" data-e-type=\"container\">\n\t\t<div class=\"elementor-element elementor-element-51ed59d2 e-con-full e-flex e-con e-parent\" data-id=\"51ed59d2\" data-element_type=\"container\" data-e-type=\"container\">\n\t\t\t\t<div class=\"elementor-element elementor-element-97545f5 elementor-widget elementor-widget-image\" data-id=\"97545f5\" data-element_type=\"widget\" data-e-type=\"widget\" data-widget_type=\"image.default\">\n\t\t\t\t<div class=\"elementor-widget-container\">\n\t\t\t\t\t\t\t\t\t\t\t\t\t\t\t<img fetchpriority=\"high\" decoding=\"async\" width=\"992\" height=\"231\" src=\"https:\/\/www.seliggroup.com\/wp-content\/uploads\/2022\/11\/Advantage-of-Induction-Seals-for-Milk-Packaging-1.jpeg\" class=\"attachment-full size-full wp-image-26795\" alt=\"\" srcset=\"https:\/\/www.seliggroup.com\/wp-content\/uploads\/2022\/11\/Advantage-of-Induction-Seals-for-Milk-Packaging-1.jpeg 992w, https:\/\/www.seliggroup.com\/wp-content\/uploads\/2022\/11\/Advantage-of-Induction-Seals-for-Milk-Packaging-1-300x70.jpeg 300w, https:\/\/www.seliggroup.com\/wp-content\/uploads\/2022\/11\/Advantage-of-Induction-Seals-for-Milk-Packaging-1-768x179.jpeg 768w\" sizes=\"(max-width: 992px) 100vw, 992px\" \/>\t\t\t\t\t\t\t\t\t\t\t\t\t\t\t<\/div>\n\t\t\t\t<\/div>\n\t\t\t\t<div class=\"elementor-element elementor-element-28ba457 elementor-widget elementor-widget-text-editor\" data-id=\"28ba457\" data-element_type=\"widget\" data-e-type=\"widget\" data-widget_type=\"text-editor.default\">\n\t\t\t\t<div class=\"elementor-widget-container\">\n\t\t\t\t\t\t\t\t\t<p><em>A United Nations report published back in 2002 remarked that global population ageing is \u201cunprecedented and without parallel in human history\u201d, and that the twenty-first century will witness even more rapid ageing than the previous century. Population ageing is pervasive, and it is a global phenomenon affecting every man, woman and child.<\/em><\/p><\/p>\n\t\t\t\t\t\t\t\t<\/div>\n\t\t\t\t<\/div>\n\t\t\t\t<div class=\"elementor-element elementor-element-edd6a77 elementor-widget elementor-widget-text-editor\" data-id=\"edd6a77\" data-element_type=\"widget\" data-e-type=\"widget\" data-widget_type=\"text-editor.default\">\n\t\t\t\t<div class=\"elementor-widget-container\">\n\t\t\t\t\t\t\t\t\t<p><img decoding=\"async\" class=\"size-full wp-image-26852 alignright\" src=\"https:\/\/www.seliggroup.com\/wp-content\/uploads\/2022\/11\/elderly-man.jpeg\" alt=\"\" width=\"489\" height=\"417\">Europe, for example, is home to a growing proportion of people who are living considerably longer than ever before. The median age has risen by more than eight years in the last half a century, jumping from 31.5 in 1960 to 39.8 in 2010, and predictions suggest this figure will climb by a further 7.4 years, to 47.2, by 2060. Moreover, the percentage of Europeans aged 65 and over is projected to rise to 29.3 per cent by 2060 from 16.0 per cent in 2010, while the number of residents over the age of 80 is expected to increase sharply to 11.5 per cent by 2060 from just 4.1 per cent in 2010.<\/p>\n<\/p>\n<p>While the pace of change of population age distribution differs greatly across continents, population ageing is inexorable and will eventually affect every part of the globe. Moreover, the phenomenon is irreversible, according to the UN report. Population ageing is enduring; we will not return to the young populations that our ancestors knew and this will have profound implications for many facets of human life.<\/p>\n<p>The European Commission has admitted this demographic transition is likely to be one of the biggest challenges that the continent of Europe will face in the coming years. The impact is expected to be felt by governments, societies, national economies and businesses as Europe struggles to adapt to its transforming structure. Every industry is likely to experience profound consequences, and the packaging sector is no exception.<\/p>\n<\/p>\n<p>Product type, properties and characteristics often determine the nature of the packaging, and where container closures are concerned, this may involve the use of certain features that will prevent even a determined child from opening the package. But such features can cause problems and frustration for older users. Achieving user-friendly packaging also goes beyond the methods used to open and close it; ergonomic styling for easy handling plays a role too, and clearly labelled instructions for opening in as large a font as possible are vital, though visually impaired users will experience problems here and it may be expedient to include instructions in Braille if practicable.<\/p>\n<\/p>\n<p>In a survey, UK based research company Which? found that two thirds of people get frustrated \u2013 or suffer \u201cwrap rage\u201d \u2013 when trying to get into everyday packaging, whilst a staggering four in ten people said they have hurt themselves while trying to open something. A quarter of those surveyed also said they regularly need help to open packaging, which is perhaps especially worrying as a substantial number of older people live alone with little help immediately available to them.<\/p>\n<\/p>\n<p><img decoding=\"async\" class=\"size-full wp-image-26851 alignleft\" src=\"https:\/\/www.seliggroup.com\/wp-content\/uploads\/2022\/11\/Ageing-Population-open-seal-pills.jpeg\" alt=\"\" width=\"493\" height=\"416\">As well as having a huge negative impact on elderly consumers, producers and retailers alike should be aware that difficult-to-open packaging can affect purchasing decisions for many products and could, ultimately, cost businesses dearly in lost customer goodwill and revenue.<\/p>\n<\/p>\n<p>The biggest challenge facing the packaging industry lies in creating packaging that strikes a balance between adequate consumer protection in the form of tamper evidence and ease of opening. A container needs to be secure and hermetically sealed to safeguard the integrity of its contents, yet this objective cannot compromise the practicality of the packaging and make it difficult to open for elderly consumers who lack strength or suffer from dexterity or mobility impairments.<\/p>\n<\/p>\n<p>The US FDA was among the first to issue a regulatory requirement for tamper-evident packaging following an incident of malicious tampering involving a pharmaceutical product which resulted in a number of deaths. Those regulations require one or more barriers that provide a visual indication of packaging integrity, together with appropriate labelling to allow the consumer to confirm, prior to use, that the packaging has not been compromised. And to reduce the chance of tamper-indicators being fraudulently reinstated after breach, they should carry an identifying characteristic like a distinctive pattern, logo or product name. Tamper evidence, almost by definition, seeks to make packaging difficult to breach, which raises a number of issues for the elderly and those with limited strength or dexterity who, in the absence of a more able assistant, may risk harming themselves when resorting to the use of a kitchen utensil to open a tamper evident package. Clearly, a balance needs to be struck between providing visible tamper evidence and making the package closure easy to remove \u2013 albeit with the fingers and not a paring knife!<\/p>\n<\/p>\n<p>Manufacturers have the choice of several different strategies to include tamper-evident features on primary and secondary packaging. They include shrink wrap films, bands or wrappers; boxes with tamper-evident security seals and breakable caps. Again, these may require some dexterity and more than a modicum of strength to break them open. One of the most commonly used is the tamper-proof peelable seal, yet even these have issues for the elderly.<\/p>\n<\/p>\n<p><img loading=\"lazy\" decoding=\"async\" class=\"size-full wp-image-26850 alignright\" src=\"https:\/\/www.seliggroup.com\/wp-content\/uploads\/2022\/11\/Ageing-Population-bottle-and-seal.jpeg\" alt=\"\" width=\"492\" height=\"387\">Seals that are tough to peel off or that fail clearly to mark the point from where the seal should be lifted, are highlighted as particular problems among consumers with dexterity issues and visual impairments. With so many vital products featuring this type of seal, it is essential that packaging companies continually develop products to ensure they provide enough protection for the goods while keeping the container accessible for the consumer.<\/p>\n<\/p>\n<p>One tamper-evident peelable seal technology that overcomes these limitations is induction cap sealing, an approach that uses a multi-layer laminated liner with an aluminium foil that is bonded to the container rim by means of electromagnetic induction heating. Induction liners are highly engineered laminated structures comprising a heat seal layer, chosen to match the material of the underlying container, and a layer of aluminium foil that is heated by electromagnetic induction prior to bonding.<\/p>\n<\/p>\n<p>Optimum results for these seals are achieved by making an appropriate choice of lining material and using the correct measure of pressure, heat and time during the induction sealing process. Pressure is needed for the liner to have an even seal to the container rim and this is achieved by the torque heads of the capper when placing the closure onto the filled container. Heat is applied via a magnetic induction process, which raises the temperature of the seal\u2019s metallic foil liner by means of eddy currents. Timing is crucial for a successful seal. Timing intervals include the period the closure passes beneath the induction coil and the following cooling period, during which the container must not be subject to any rough handling as it is moved by the conveyor.<\/p>\n<\/p>\n<p>Too much pressure \u2013 or cap-on torque \u2013 between the liner and bottle neck finish, excessive heat to activate the liner seal surface, or extended dwell time under the induction coil will leave users with a seal that cannot be removed with ease, while too low a level of heat, pressure or time will result in leaks or the ingress of contaminants.<\/p>\n<\/p>\n<p>Optimal operating window settings for these parameters can be determined by running a trial on the production line under typical conditions. Start by setting the induction unit to approximately 25 per cent power output and run a series of containers, gradually increasing the power output by 5 per cent each time until the desired result is produced.<\/p>\n<\/p>\n<p>Closure application torque will also need to be adjusted during trials to determine which level will provide a balance between achieving an adequate seal and easiest opening for the consumer. Ensure the power output and torque settings are marked on each container so the operating window can easily be identified during inspection following cooling, and repeated for future processes.<\/p>\n<\/p>\n<p>The choice of liner is also critical to ensuring easy-open packaging and reputable liner manufacturers are constantly developing products to match consumer needs. While there are literally hundreds of different specialist liners available to meet all manner of applications, those liners with an easy-to-grip tab, such as Selig\u2019s widely used Lift \u2018n\u2019 PeelTM induction seals, are an ideal choice across a wide range of packaging applications.<\/p>\n<\/p>\n<p>This type of easy-open 1\/2 moon tab is designed to be ergonomic, flexible and extremely strong, and is engineered specifically to maintain product quality whilst being easy for the consumer to peel. In addition, they can be printed with a customer specific design or branding logo, as well as clear opening instructions on the liner itself, indicating the position of lift and direction of peel.<\/p>\n<p>An ageing global population is here to stay and the packaging sector must ensure its products constantly evolve to accommodate the needs of the elderly and remain relevant by removing restrictive design. Peelable seals are very much a part of this process, and by selecting the most appropriate lining material and optimising the induction heat sealing process, it is possible to remove the barriers that sub-par packaging can create to ensure it is easy to open while also being totally secure for a positive user experience.<\/p>\n<\/p>\n<p><img loading=\"lazy\" decoding=\"async\" class=\"size-full wp-image-26800 aligncenter\" src=\"https:\/\/www.seliggroup.com\/wp-content\/uploads\/2022\/11\/wp_pht_steps.jpeg\" alt=\"\" width=\"900\" height=\"334\"><\/p>\n\t\t\t\t\t\t\t\t<\/div>\n\t\t\t\t<\/div>\n\t\t\t\t<\/div>\n\t\t<div class=\"elementor-element elementor-element-6e705fef e-con-full e-flex e-con e-parent\" data-id=\"6e705fef\" data-element_type=\"container\" data-e-type=\"container\">\n\t\t<div class=\"elementor-element elementor-element-e8ba1b2 e-con-full e-flex e-con e-parent\" data-id=\"e8ba1b2\" data-element_type=\"container\" data-e-type=\"container\">\n\t\t\t\t<div class=\"elementor-element elementor-element-19640b3b elementor-widget elementor-widget-heading\" data-id=\"19640b3b\" data-element_type=\"widget\" data-e-type=\"widget\" data-widget_type=\"heading.default\">\n\t\t\t\t<div class=\"elementor-widget-container\">\n\t\t\t\t\t<h2 class=\"elementor-heading-title elementor-size-default\">Soluciones relacionadas<\/h2>\t\t\t\t<\/div>\n\t\t\t\t<\/div>\n\t\t\t\t<div class=\"elementor-element elementor-element-28f60aa elementor-grid-1 elementor-posts--thumbnail-top elementor-grid-tablet-2 elementor-grid-mobile-1 elementor-widget elementor-widget-posts\" data-id=\"28f60aa\" data-element_type=\"widget\" data-e-type=\"widget\" data-settings=\"{&quot;custom_columns&quot;:&quot;1&quot;,&quot;custom_row_gap&quot;:{&quot;unit&quot;:&quot;px&quot;,&quot;size&quot;:0,&quot;sizes&quot;:[]},&quot;custom_columns_tablet&quot;:&quot;2&quot;,&quot;custom_columns_mobile&quot;:&quot;1&quot;,&quot;custom_row_gap_tablet&quot;:{&quot;unit&quot;:&quot;px&quot;,&quot;size&quot;:&quot;&quot;,&quot;sizes&quot;:[]},&quot;custom_row_gap_mobile&quot;:{&quot;unit&quot;:&quot;px&quot;,&quot;size&quot;:&quot;&quot;,&quot;sizes&quot;:[]}}\" data-widget_type=\"posts.custom\">\n\t\t\t\t<div class=\"elementor-widget-container\">\n\t\t\t\t\t      <div class=\"ecs-posts elementor-posts-container elementor-posts   elementor-grid elementor-posts--skin-custom\" data-settings=\"{&quot;current_page&quot;:1,&quot;max_num_pages&quot;:1,&quot;load_method&quot;:&quot;&quot;,&quot;widget_id&quot;:&quot;28f60aa&quot;,&quot;post_id&quot;:58434,&quot;theme_id&quot;:58434,&quot;change_url&quot;:false,&quot;reinit_js&quot;:false}\">\n      \t\t<article id=\"post-48465\" class=\"elementor-post elementor-grid-item ecs-post-loop post-48465 solution_page type-solution_page status-publish has-post-thumbnail hentry\">\n\t\t\t\t<div data-elementor-type=\"loop\" data-elementor-id=\"44786\" class=\"elementor elementor-44786 post-48465 solution_page type-solution_page status-publish has-post-thumbnail hentry\" data-elementor-post-type=\"elementor_library\">\n\t\t\t<div class=\"elementor-element elementor-element-6e8074ec e-con-full e-flex e-con e-parent\" data-id=\"6e8074ec\" data-element_type=\"container\" data-e-type=\"container\">\n\t\t\t\t<div class=\"elementor-element elementor-element-412a08e1 elementor-widget elementor-widget-theme-post-title elementor-page-title elementor-widget-heading\" data-id=\"412a08e1\" data-element_type=\"widget\" data-e-type=\"widget\" data-widget_type=\"theme-post-title.default\">\n\t\t\t\t<div class=\"elementor-widget-container\">\n\t\t\t\t\t<h1 class=\"elementor-heading-title elementor-size-default\"><a href=\"\/solution\/lift-n-peel\">Lift &#8216;n&#8217; Peel\u2122<\/a><\/h1>\t\t\t\t<\/div>\n\t\t\t\t<\/div>\n\t\t\t\t<\/div>\n\t\t\t\t<\/div>\n\t\t\t\t<\/article>\n\t\t\t\t<article id=\"post-48468\" class=\"elementor-post elementor-grid-item ecs-post-loop post-48468 solution_page type-solution_page status-publish has-post-thumbnail hentry\">\n\t\t\t\t<div data-elementor-type=\"loop\" data-elementor-id=\"44786\" class=\"elementor elementor-44786 post-48468 solution_page type-solution_page status-publish has-post-thumbnail hentry\" data-elementor-post-type=\"elementor_library\">\n\t\t\t<div class=\"elementor-element elementor-element-6e8074ec e-con-full e-flex e-con e-parent\" data-id=\"6e8074ec\" data-element_type=\"container\" data-e-type=\"container\">\n\t\t\t\t<div class=\"elementor-element elementor-element-412a08e1 elementor-widget elementor-widget-theme-post-title elementor-page-title elementor-widget-heading\" data-id=\"412a08e1\" data-element_type=\"widget\" data-e-type=\"widget\" data-widget_type=\"theme-post-title.default\">\n\t\t\t\t<div class=\"elementor-widget-container\">\n\t\t\t\t\t<h1 class=\"elementor-heading-title elementor-size-default\"><a href=\"\/solution\/portionpeel\">PortionPeel\u2122<\/a><\/h1>\t\t\t\t<\/div>\n\t\t\t\t<\/div>\n\t\t\t\t<\/div>\n\t\t\t\t<\/div>\n\t\t\t\t<\/article>\n\t\t\t\t<\/div>\n\t\t\t\t\t\t<\/div>\n\t\t\t\t<\/div>\n\t\t\t\t<\/div>\n\t\t<div class=\"elementor-element elementor-element-3aced3f7 e-con-full e-flex e-con e-parent\" data-id=\"3aced3f7\" data-element_type=\"container\" data-e-type=\"container\">\n\t\t\t\t<div class=\"elementor-element elementor-element-2d26bbf3 elementor-widget elementor-widget-heading\" data-id=\"2d26bbf3\" data-element_type=\"widget\" data-e-type=\"widget\" data-widget_type=\"heading.default\">\n\t\t\t\t<div class=\"elementor-widget-container\">\n\t\t\t\t\t<h2 class=\"elementor-heading-title elementor-size-default\">Recursos Relacionados<\/h2>\t\t\t\t<\/div>\n\t\t\t\t<\/div>\n\t\t\t\t<div class=\"elementor-element elementor-element-87480de elementor-grid-1 elementor-posts--thumbnail-top elementor-grid-tablet-2 elementor-grid-mobile-1 elementor-widget elementor-widget-global elementor-global-45723 elementor-widget-posts\" data-id=\"87480de\" data-element_type=\"widget\" data-e-type=\"widget\" data-settings=\"{&quot;custom_columns&quot;:&quot;1&quot;,&quot;custom_row_gap&quot;:{&quot;unit&quot;:&quot;px&quot;,&quot;size&quot;:0,&quot;sizes&quot;:[]},&quot;custom_columns_tablet&quot;:&quot;2&quot;,&quot;custom_columns_mobile&quot;:&quot;1&quot;,&quot;custom_row_gap_tablet&quot;:{&quot;unit&quot;:&quot;px&quot;,&quot;size&quot;:&quot;&quot;,&quot;sizes&quot;:[]},&quot;custom_row_gap_mobile&quot;:{&quot;unit&quot;:&quot;px&quot;,&quot;size&quot;:&quot;&quot;,&quot;sizes&quot;:[]}}\" data-widget_type=\"posts.custom\">\n\t\t\t\t<div class=\"elementor-widget-container\">\n\t\t\t\t\t      <div class=\"ecs-posts elementor-posts-container elementor-posts   elementor-grid elementor-posts--skin-custom\" data-settings=\"{&quot;current_page&quot;:1,&quot;max_num_pages&quot;:1,&quot;load_method&quot;:&quot;&quot;,&quot;widget_id&quot;:&quot;87480de&quot;,&quot;post_id&quot;:48468,&quot;theme_id&quot;:58434,&quot;change_url&quot;:false,&quot;reinit_js&quot;:false}\">\n      \t\t<article id=\"post-54968\" class=\"elementor-post elementor-grid-item ecs-post-loop post-54968 page type-page status-publish hentry\">\n\t\t\t\t<div data-elementor-type=\"loop\" data-elementor-id=\"44786\" class=\"elementor elementor-44786 post-54968 page type-page status-publish hentry\" data-elementor-post-type=\"elementor_library\">\n\t\t\t<div class=\"elementor-element elementor-element-6e8074ec e-con-full e-flex e-con e-parent\" data-id=\"6e8074ec\" data-element_type=\"container\" data-e-type=\"container\">\n\t\t\t\t<div class=\"elementor-element elementor-element-412a08e1 elementor-widget elementor-widget-theme-post-title elementor-page-title elementor-widget-heading\" data-id=\"412a08e1\" data-element_type=\"widget\" data-e-type=\"widget\" data-widget_type=\"theme-post-title.default\">\n\t\t\t\t<div class=\"elementor-widget-container\">\n\t\t\t\t\t<h1 class=\"elementor-heading-title elementor-size-default\"><a href=\"https:\/\/www.seliggroup.com\/es\/recursos\/certificaciones\/\">Certificaciones<\/a><\/h1>\t\t\t\t<\/div>\n\t\t\t\t<\/div>\n\t\t\t\t<\/div>\n\t\t\t\t<\/div>\n\t\t\t\t<\/article>\n\t\t\t\t<article id=\"post-56307\" class=\"elementor-post elementor-grid-item ecs-post-loop post-56307 page type-page status-publish has-post-thumbnail hentry\">\n\t\t\t\t<div data-elementor-type=\"loop\" data-elementor-id=\"44786\" class=\"elementor elementor-44786 post-56307 page type-page status-publish has-post-thumbnail hentry\" data-elementor-post-type=\"elementor_library\">\n\t\t\t<div class=\"elementor-element elementor-element-6e8074ec e-con-full e-flex e-con e-parent\" data-id=\"6e8074ec\" data-element_type=\"container\" data-e-type=\"container\">\n\t\t\t\t<div class=\"elementor-element elementor-element-412a08e1 elementor-widget elementor-widget-theme-post-title elementor-page-title elementor-widget-heading\" data-id=\"412a08e1\" data-element_type=\"widget\" data-e-type=\"widget\" data-widget_type=\"theme-post-title.default\">\n\t\t\t\t<div class=\"elementor-widget-container\">\n\t\t\t\t\t<h1 class=\"elementor-heading-title elementor-size-default\"><a href=\"https:\/\/www.seliggroup.com\/es\/soluciones-de-envasado\/envases-sellados\/\">Envases sellados<\/a><\/h1>\t\t\t\t<\/div>\n\t\t\t\t<\/div>\n\t\t\t\t<\/div>\n\t\t\t\t<\/div>\n\t\t\t\t<\/article>\n\t\t\t\t<article id=\"post-56437\" class=\"elementor-post elementor-grid-item ecs-post-loop post-56437 page type-page status-publish hentry\">\n\t\t\t\t<div data-elementor-type=\"loop\" data-elementor-id=\"44786\" class=\"elementor elementor-44786 post-56437 page type-page status-publish hentry\" data-elementor-post-type=\"elementor_library\">\n\t\t\t<div class=\"elementor-element elementor-element-6e8074ec e-con-full e-flex e-con e-parent\" data-id=\"6e8074ec\" data-element_type=\"container\" data-e-type=\"container\">\n\t\t\t\t<div class=\"elementor-element elementor-element-412a08e1 elementor-widget elementor-widget-theme-post-title elementor-page-title elementor-widget-heading\" data-id=\"412a08e1\" data-element_type=\"widget\" data-e-type=\"widget\" data-widget_type=\"theme-post-title.default\">\n\t\t\t\t<div class=\"elementor-widget-container\">\n\t\t\t\t\t<h1 class=\"elementor-heading-title elementor-size-default\"><a href=\"https:\/\/www.seliggroup.com\/es\/recursos\/hojas-tecnicas\/\">Hojas T\u00e9cnicas<\/a><\/h1>\t\t\t\t<\/div>\n\t\t\t\t<\/div>\n\t\t\t\t<\/div>\n\t\t\t\t<\/div>\n\t\t\t\t<\/article>\n\t\t\t\t<article id=\"post-54964\" class=\"elementor-post elementor-grid-item ecs-post-loop post-54964 page type-page status-publish hentry\">\n\t\t\t\t<div data-elementor-type=\"loop\" data-elementor-id=\"44786\" class=\"elementor elementor-44786 post-54964 page type-page status-publish hentry\" data-elementor-post-type=\"elementor_library\">\n\t\t\t<div class=\"elementor-element elementor-element-6e8074ec e-con-full e-flex e-con e-parent\" data-id=\"6e8074ec\" data-element_type=\"container\" data-e-type=\"container\">\n\t\t\t\t<div class=\"elementor-element elementor-element-412a08e1 elementor-widget elementor-widget-theme-post-title elementor-page-title elementor-widget-heading\" data-id=\"412a08e1\" data-element_type=\"widget\" data-e-type=\"widget\" data-widget_type=\"theme-post-title.default\">\n\t\t\t\t<div class=\"elementor-widget-container\">\n\t\t\t\t\t<h1 class=\"elementor-heading-title elementor-size-default\"><a href=\"https:\/\/www.seliggroup.com\/es\/recursos\/pht-guia-de-sellado-por-induccion\/\">PHT: Gu\u00eda de sellado por inducci\u00f3n<\/a><\/h1>\t\t\t\t<\/div>\n\t\t\t\t<\/div>\n\t\t\t\t<\/div>\n\t\t\t\t<\/div>\n\t\t\t\t<\/article>\n\t\t\t\t<article id=\"post-54982\" class=\"elementor-post elementor-grid-item ecs-post-loop post-54982 page type-page status-publish hentry\">\n\t\t\t\t<div data-elementor-type=\"loop\" data-elementor-id=\"44786\" class=\"elementor elementor-44786 post-54982 page type-page status-publish hentry\" data-elementor-post-type=\"elementor_library\">\n\t\t\t<div class=\"elementor-element elementor-element-6e8074ec e-con-full e-flex e-con e-parent\" data-id=\"6e8074ec\" data-element_type=\"container\" data-e-type=\"container\">\n\t\t\t\t<div class=\"elementor-element elementor-element-412a08e1 elementor-widget elementor-widget-theme-post-title elementor-page-title elementor-widget-heading\" data-id=\"412a08e1\" data-element_type=\"widget\" data-e-type=\"widget\" data-widget_type=\"theme-post-title.default\">\n\t\t\t\t<div class=\"elementor-widget-container\">\n\t\t\t\t\t<h1 class=\"elementor-heading-title elementor-size-default\"><a href=\"https:\/\/www.seliggroup.com\/es\/preguntas-frecuentes-y-solucion-de-problemas\/\">Preguntas frecuentes y soluci\u00f3n de problemas<\/a><\/h1>\t\t\t\t<\/div>\n\t\t\t\t<\/div>\n\t\t\t\t<\/div>\n\t\t\t\t<\/div>\n\t\t\t\t<\/article>\n\t\t\t\t<\/div>\n\t\t\t\t\t\t<\/div>\n\t\t\t\t<\/div>\n\t\t\t\t<\/div>\n\t\t\t\t<\/div>\n\t\t\t\t<\/div>\n\t\t<div class=\"elementor-element elementor-element-722fd379 e-con-full e-flex e-con e-parent\" data-id=\"722fd379\" data-element_type=\"container\" data-e-type=\"container\">\n\t\t<div class=\"elementor-element elementor-element-ee55f5a e-con-full normal-padding content-show e-flex e-con e-parent\" data-id=\"ee55f5a\" data-element_type=\"container\" data-e-type=\"container\" data-settings=\"{&quot;background_background&quot;:&quot;classic&quot;}\">\n\t\t<div class=\"elementor-element elementor-element-9589037 e-con-full e-flex e-con e-parent\" data-id=\"9589037\" data-element_type=\"container\" data-e-type=\"container\">\n\t\t\t\t<div class=\"elementor-element elementor-element-508c7083 elementor-widget__width-auto elementor-widget elementor-widget-heading\" data-id=\"508c7083\" data-element_type=\"widget\" data-e-type=\"widget\" data-widget_type=\"heading.default\">\n\t\t\t\t<div class=\"elementor-widget-container\">\n\t\t\t\t\t<h2 class=\"elementor-heading-title elementor-size-default\">Contenido relacionado<\/h2>\t\t\t\t<\/div>\n\t\t\t\t<\/div>\n\t\t\t\t<div class=\"elementor-element elementor-element-d99f064 elementor-widget__width-initial elementor-hidden-mobile elementor-widget-divider--view-line elementor-widget elementor-widget-divider\" data-id=\"d99f064\" data-element_type=\"widget\" data-e-type=\"widget\" data-widget_type=\"divider.default\">\n\t\t\t\t<div class=\"elementor-widget-container\">\n\t\t\t\t\t\t\t<div class=\"elementor-divider\">\n\t\t\t<span class=\"elementor-divider-separator\">\n\t\t\t\t\t\t<\/span>\n\t\t<\/div>\n\t\t\t\t\t\t<\/div>\n\t\t\t\t<\/div>\n\t\t\t\t<\/div>\n\t\t\t\t<div class=\"elementor-element elementor-element-3d799600 anwp-pg-widget-header-style--b anwp-pg-post-teaser__post-icon--size-16 elementor-arrows-position-inside elementor-widget elementor-widget-anwp-pg-classic-slider\" data-id=\"3d799600\" data-element_type=\"widget\" data-e-type=\"widget\" data-widget_type=\"anwp-pg-classic-slider.default\">\n\t\t\t\t<div class=\"elementor-widget-container\">\n\t\t\t\t\t<div class=\"anwp-pg-wrap\">\n\n\t\n\t<!-- Slider main container -->\n\t<div\n\t\tclass=\"anwp-pg-classic-slider anwp-pg-swiper-wrapper position-static swiper swiper-container anwp-pg-no-transform\"\n\t\tdata-pg-slides-per-view=\"3\"\n\t\tdata-pg-slides-per-view-mobile=\"1\"\n\t\tdata-pg-slides-per-view-tablet=\"2\"\n\t\tdata-pg-slides-per-group=\"1\"\n\t\tdata-pg-slides-per-group-mobile=\"1\"\n\t\tdata-pg-slides-per-group-tablet=\"1\"\n\t\tdata-pg-autoplay=\"no\"\n\t\tdata-pg-autoplay-delay=\"\"\n\t\tdata-pg-space-between=\"30\"\n\t\tdata-pg-effect=\"slide\"\n\t\tdata-pg-show-read-more=\"yes\"\n\t\tdata-pg-enable-observer=\"no\"\n\t\tdata-pg-loop=\"no\"\n\t\tdir=\"ltr\"\n\t>\n\t\t<!-- Additional required wrapper -->\n\t\t<div class=\"swiper-wrapper\">\n\t\t\t<!-- Slides -->\n\t\t\t<div class=\"anwp-pg-post-teaser anwp-pg-post-teaser--inner-cover-link anwp-pg-post-teaser--layout-d d-flex flex-column swiper-slide anwp-pg-post-teaser--with-read-more \">\n\t<div class=\"anwp-pg-post-teaser__thumbnail position-relative\">\n\n\t\t\n\t\t\n\t\t\t\t\t<img loading=\"lazy\" class=\"anwp-pg-post-teaser__thumbnail-img d-block anwp-pg-height-180 anwp-object-cover m-0 w-100\"\n\t\t\t\talt=\"Selig Group Announces New GM, Americas and Leadership Reorganization\"\n\t\t\t\tsrc=\"https:\/\/www.seliggroup.com\/wp-content\/uploads\/2025\/09\/Selig-Group-news-article-images-organizational-1.jpg\"\/>\n\t\t\n\t\t<div class=\"anwp-pg-post-teaser__thumbnail-bg anwp-position-cover\"><\/div>\n\n\t\t<a class=\"anwp-position-cover anwp-link-without-effects\" href=\"https:\/\/www.seliggroup.com\/wp-content\/uploads\/2025\/09\/Selig_Press-Release_090825.pdf\" aria-hidden=\"true\" ><\/a>\n\t<\/div>\n\n\t<div class=\"anwp-pg-post-teaser__content flex-grow-1 pt-1 d-flex flex-column\">\n\n\t\t<div class=\"anwp-pg-post-teaser__title anwp-font-heading mt-2\">\n\t\t\t<a class=\"anwp-link-without-effects\" href=\"https:\/\/www.seliggroup.com\/wp-content\/uploads\/2025\/09\/Selig_Press-Release_090825.pdf\" aria-hidden=\"true\" >\n\t\t\t\tSelig Group Announces New GM, Americas and Leadership Reorganization\t\t\t<\/a>\n\t\t<\/div>\n\n\t\t<div class=\"anwp-pg-post-teaser__bottom-meta d-flex flex-wrap\">\n\n\t\t\t\n\t\t\t\t\t<\/div>\n\n\t\t\t\t\t<div class=\"anwp-pg-post-teaser__excerpt mb-2\">\n\t\t\t\t\t\t\t<\/div>\n\t\t\n\t\t\t\t\t<div class=\"w-100 anwp-pg-read-more mt-auto\">\n\t\t\t\t<a href=\"https:\/\/www.seliggroup.com\/wp-content\/uploads\/2025\/09\/Selig_Press-Release_090825.pdf\" \t\t\t\t\tclass=\"anwp-pg-read-more__btn mt-3 mb-0 btn btn-sm btn-outline-info w-100 text-decoration-none\">\n\t\t\t\t\tRead More\t\t\t\t<\/a>\n\t\t\t<\/div>\n\t\t\n\t<\/div>\n\n<\/div>\n<div class=\"anwp-pg-post-teaser anwp-pg-post-teaser--inner-cover-link anwp-pg-post-teaser--layout-d d-flex flex-column swiper-slide anwp-pg-post-teaser--with-read-more \">\n\t<div class=\"anwp-pg-post-teaser__thumbnail position-relative\">\n\n\t\t\n\t\t\n\t\t\t\t\t<img loading=\"lazy\" class=\"anwp-pg-post-teaser__thumbnail-img d-block anwp-pg-height-180 anwp-object-cover m-0 w-100\"\n\t\t\t\talt=\"Selig Group Announces New CEO\"\n\t\t\t\tsrc=\"https:\/\/www.seliggroup.com\/wp-content\/uploads\/2025\/02\/Selig-Group-news-article-images-Adam-CEO.jpg\"\/>\n\t\t\n\t\t<div class=\"anwp-pg-post-teaser__thumbnail-bg anwp-position-cover\"><\/div>\n\n\t\t<a class=\"anwp-position-cover anwp-link-without-effects\" href=\"https:\/\/www.seliggroup.com\/wp-content\/uploads\/2025\/02\/Press-Release-Selig-CEO-February-2025.pdf\" aria-hidden=\"true\" ><\/a>\n\t<\/div>\n\n\t<div class=\"anwp-pg-post-teaser__content flex-grow-1 pt-1 d-flex flex-column\">\n\n\t\t<div class=\"anwp-pg-post-teaser__title anwp-font-heading mt-2\">\n\t\t\t<a class=\"anwp-link-without-effects\" href=\"https:\/\/www.seliggroup.com\/wp-content\/uploads\/2025\/02\/Press-Release-Selig-CEO-February-2025.pdf\" aria-hidden=\"true\" >\n\t\t\t\tSelig Group Announces New CEO\t\t\t<\/a>\n\t\t<\/div>\n\n\t\t<div class=\"anwp-pg-post-teaser__bottom-meta d-flex flex-wrap\">\n\n\t\t\t\n\t\t\t\t\t<\/div>\n\n\t\t\t\t\t<div class=\"anwp-pg-post-teaser__excerpt mb-2\">\n\t\t\t\t\t\t\t<\/div>\n\t\t\n\t\t\t\t\t<div class=\"w-100 anwp-pg-read-more mt-auto\">\n\t\t\t\t<a href=\"https:\/\/www.seliggroup.com\/wp-content\/uploads\/2025\/02\/Press-Release-Selig-CEO-February-2025.pdf\" \t\t\t\t\tclass=\"anwp-pg-read-more__btn mt-3 mb-0 btn btn-sm btn-outline-info w-100 text-decoration-none\">\n\t\t\t\t\tRead More\t\t\t\t<\/a>\n\t\t\t<\/div>\n\t\t\n\t<\/div>\n\n<\/div>\n<div class=\"anwp-pg-post-teaser anwp-pg-post-teaser--inner-cover-link anwp-pg-post-teaser--layout-d d-flex flex-column swiper-slide anwp-pg-post-teaser--with-read-more \">\n\t<div class=\"anwp-pg-post-teaser__thumbnail position-relative\">\n\n\t\t\n\t\t\n\t\t\t\t\t<img loading=\"lazy\" class=\"anwp-pg-post-teaser__thumbnail-img d-block anwp-pg-height-180 anwp-object-cover m-0 w-100\"\n\t\t\t\talt=\"Overcoming Induction Heat Sealing Pain Points\"\n\t\t\t\tsrc=\"https:\/\/www.seliggroup.com\/wp-content\/uploads\/2024\/05\/DELTASEAL-GlassFuze-feature-image.jpg\"\/>\n\t\t\n\t\t<div class=\"anwp-pg-post-teaser__thumbnail-bg anwp-position-cover\"><\/div>\n\n\t\t<a class=\"anwp-position-cover anwp-link-without-effects\" href=\"https:\/\/www.seliggroup.com\/es\/overcoming-induction-heat-sealing-pain-points\/\" aria-hidden=\"true\" ><\/a>\n\t<\/div>\n\n\t<div class=\"anwp-pg-post-teaser__content flex-grow-1 pt-1 d-flex flex-column\">\n\n\t\t<div class=\"anwp-pg-post-teaser__title anwp-font-heading mt-2\">\n\t\t\t<a class=\"anwp-link-without-effects\" href=\"https:\/\/www.seliggroup.com\/es\/overcoming-induction-heat-sealing-pain-points\/\" aria-hidden=\"true\" >\n\t\t\t\tOvercoming Induction Heat Sealing Pain Points\t\t\t<\/a>\n\t\t<\/div>\n\n\t\t<div class=\"anwp-pg-post-teaser__bottom-meta d-flex flex-wrap\">\n\n\t\t\t\n\t\t\t\t\t<\/div>\n\n\t\t\t\t\t<div class=\"anwp-pg-post-teaser__excerpt mb-2\">\n\t\t\t\tHOME \/ RESOURCES \/ News &#038; Whiter papers | | Region: Europe Download PDF Share Overcoming Induction Heat Sealing Pain Points Globally the induction sealing machine market was worth USD ...\t\t\t<\/div>\n\t\t\n\t\t\t\t\t<div class=\"w-100 anwp-pg-read-more mt-auto\">\n\t\t\t\t<a href=\"https:\/\/www.seliggroup.com\/es\/overcoming-induction-heat-sealing-pain-points\/\" \t\t\t\t\tclass=\"anwp-pg-read-more__btn mt-3 mb-0 btn btn-sm btn-outline-info w-100 text-decoration-none\">\n\t\t\t\t\tRead More\t\t\t\t<\/a>\n\t\t\t<\/div>\n\t\t\n\t<\/div>\n\n<\/div>\n<div class=\"anwp-pg-post-teaser anwp-pg-post-teaser--inner-cover-link anwp-pg-post-teaser--layout-d d-flex flex-column swiper-slide anwp-pg-post-teaser--with-read-more \">\n\t<div class=\"anwp-pg-post-teaser__thumbnail position-relative\">\n\n\t\t\n\t\t\n\t\t\t\t\t<img loading=\"lazy\" class=\"anwp-pg-post-teaser__thumbnail-img d-block anwp-pg-height-180 anwp-object-cover m-0 w-100\"\n\t\t\t\talt=\"Sealing the Deal With Hot Fill Containers\"\n\t\t\t\tsrc=\"https:\/\/www.seliggroup.com\/wp-content\/uploads\/2024\/01\/Selig-Group-news-article-images-Sealing-the-Deal-with-Hot-Fill.jpg\"\/>\n\t\t\n\t\t<div class=\"anwp-pg-post-teaser__thumbnail-bg anwp-position-cover\"><\/div>\n\n\t\t<a class=\"anwp-position-cover anwp-link-without-effects\" href=\"https:\/\/www.foodmanufacture.co.uk\/Article\/2024\/01\/15\/selig-group-on-sealing-the-deal-with-hot-fill-containers\" aria-hidden=\"true\" ><\/a>\n\t<\/div>\n\n\t<div class=\"anwp-pg-post-teaser__content flex-grow-1 pt-1 d-flex flex-column\">\n\n\t\t<div class=\"anwp-pg-post-teaser__title anwp-font-heading mt-2\">\n\t\t\t<a class=\"anwp-link-without-effects\" href=\"https:\/\/www.foodmanufacture.co.uk\/Article\/2024\/01\/15\/selig-group-on-sealing-the-deal-with-hot-fill-containers\" aria-hidden=\"true\" >\n\t\t\t\tSealing the Deal With Hot Fill Containers\t\t\t<\/a>\n\t\t<\/div>\n\n\t\t<div class=\"anwp-pg-post-teaser__bottom-meta d-flex flex-wrap\">\n\n\t\t\t\n\t\t\t\t\t<\/div>\n\n\t\t\t\t\t<div class=\"anwp-pg-post-teaser__excerpt mb-2\">\n\t\t\t\tHot fill technology has been standard practice across many forms of liquid and semi-liquid food products since the 1980&#8217;s. This is largely due to the improved product quality, shelf-life extension ...\t\t\t<\/div>\n\t\t\n\t\t\t\t\t<div class=\"w-100 anwp-pg-read-more mt-auto\">\n\t\t\t\t<a href=\"https:\/\/www.foodmanufacture.co.uk\/Article\/2024\/01\/15\/selig-group-on-sealing-the-deal-with-hot-fill-containers\" \t\t\t\t\tclass=\"anwp-pg-read-more__btn mt-3 mb-0 btn btn-sm btn-outline-info w-100 text-decoration-none\">\n\t\t\t\t\tRead More\t\t\t\t<\/a>\n\t\t\t<\/div>\n\t\t\n\t<\/div>\n\n<\/div>\n<div class=\"anwp-pg-post-teaser anwp-pg-post-teaser--inner-cover-link anwp-pg-post-teaser--layout-d d-flex flex-column swiper-slide anwp-pg-post-teaser--with-read-more \">\n\t<div class=\"anwp-pg-post-teaser__thumbnail position-relative\">\n\n\t\t\n\t\t\n\t\t\t\t\t<img loading=\"lazy\" class=\"anwp-pg-post-teaser__thumbnail-img d-block anwp-pg-height-180 anwp-object-cover m-0 w-100\"\n\t\t\t\talt=\"Slashing Waste With Induction Heat Seals\"\n\t\t\t\tsrc=\"https:\/\/www.seliggroup.com\/wp-content\/uploads\/2023\/08\/Selig-Group-news-article-Slashing-Waste-With-Induction-1.jpg\"\/>\n\t\t\n\t\t<div class=\"anwp-pg-post-teaser__thumbnail-bg anwp-position-cover\"><\/div>\n\n\t\t<a class=\"anwp-position-cover anwp-link-without-effects\" href=\"https:\/\/packagingscotland.com\/2023\/04\/slashing-waste-with-induction-heat-seals\/\" aria-hidden=\"true\" ><\/a>\n\t<\/div>\n\n\t<div class=\"anwp-pg-post-teaser__content flex-grow-1 pt-1 d-flex flex-column\">\n\n\t\t<div class=\"anwp-pg-post-teaser__title anwp-font-heading mt-2\">\n\t\t\t<a class=\"anwp-link-without-effects\" href=\"https:\/\/packagingscotland.com\/2023\/04\/slashing-waste-with-induction-heat-seals\/\" aria-hidden=\"true\" >\n\t\t\t\tSlashing Waste With Induction Heat Seals\t\t\t<\/a>\n\t\t<\/div>\n\n\t\t<div class=\"anwp-pg-post-teaser__bottom-meta d-flex flex-wrap\">\n\n\t\t\t\n\t\t\t\t\t<\/div>\n\n\t\t\t\t\t<div class=\"anwp-pg-post-teaser__excerpt mb-2\">\n\t\t\t\t\t\t\t<\/div>\n\t\t\n\t\t\t\t\t<div class=\"w-100 anwp-pg-read-more mt-auto\">\n\t\t\t\t<a href=\"https:\/\/packagingscotland.com\/2023\/04\/slashing-waste-with-induction-heat-seals\/\" \t\t\t\t\tclass=\"anwp-pg-read-more__btn mt-3 mb-0 btn btn-sm btn-outline-info w-100 text-decoration-none\">\n\t\t\t\t\tRead More\t\t\t\t<\/a>\n\t\t\t<\/div>\n\t\t\n\t<\/div>\n\n<\/div>\n<div class=\"anwp-pg-post-teaser anwp-pg-post-teaser--inner-cover-link anwp-pg-post-teaser--layout-d d-flex flex-column swiper-slide anwp-pg-post-teaser--with-read-more \">\n\t<div class=\"anwp-pg-post-teaser__thumbnail position-relative\">\n\n\t\t\n\t\t\n\t\t\t\t\t<img loading=\"lazy\" class=\"anwp-pg-post-teaser__thumbnail-img d-block anwp-pg-height-180 anwp-object-cover m-0 w-100\"\n\t\t\t\talt=\"Selig Group Launches New Website\"\n\t\t\t\tsrc=\"https:\/\/www.seliggroup.com\/wp-content\/uploads\/2023\/08\/Selig-Group-news-article-Selig-Group-Launches-New-Website.jpg\"\/>\n\t\t\n\t\t<div class=\"anwp-pg-post-teaser__thumbnail-bg anwp-position-cover\"><\/div>\n\n\t\t<a class=\"anwp-position-cover anwp-link-without-effects\" href=\"https:\/\/www.packworld.com\/supplier-news\/news\/22863862\/selig-group-selig-group-launches-new-website\" aria-hidden=\"true\" ><\/a>\n\t<\/div>\n\n\t<div class=\"anwp-pg-post-teaser__content flex-grow-1 pt-1 d-flex flex-column\">\n\n\t\t<div class=\"anwp-pg-post-teaser__title anwp-font-heading mt-2\">\n\t\t\t<a class=\"anwp-link-without-effects\" href=\"https:\/\/www.packworld.com\/supplier-news\/news\/22863862\/selig-group-selig-group-launches-new-website\" aria-hidden=\"true\" >\n\t\t\t\tSelig Group Launches New Website\t\t\t<\/a>\n\t\t<\/div>\n\n\t\t<div class=\"anwp-pg-post-teaser__bottom-meta d-flex flex-wrap\">\n\n\t\t\t\n\t\t\t\t\t<\/div>\n\n\t\t\t\t\t<div class=\"anwp-pg-post-teaser__excerpt mb-2\">\n\t\t\t\t\t\t\t<\/div>\n\t\t\n\t\t\t\t\t<div class=\"w-100 anwp-pg-read-more mt-auto\">\n\t\t\t\t<a href=\"https:\/\/www.packworld.com\/supplier-news\/news\/22863862\/selig-group-selig-group-launches-new-website\" \t\t\t\t\tclass=\"anwp-pg-read-more__btn mt-3 mb-0 btn btn-sm btn-outline-info w-100 text-decoration-none\">\n\t\t\t\t\tRead More\t\t\t\t<\/a>\n\t\t\t<\/div>\n\t\t\n\t<\/div>\n\n<\/div>\n<div class=\"anwp-pg-post-teaser anwp-pg-post-teaser--inner-cover-link anwp-pg-post-teaser--layout-d d-flex flex-column swiper-slide anwp-pg-post-teaser--with-read-more \">\n\t<div class=\"anwp-pg-post-teaser__thumbnail position-relative\">\n\n\t\t\n\t\t\n\t\t\t\t\t<img loading=\"lazy\" class=\"anwp-pg-post-teaser__thumbnail-img d-block anwp-pg-height-180 anwp-object-cover m-0 w-100\"\n\t\t\t\talt=\"Packaging Sealing at its Best with Selig at Interpack\"\n\t\t\t\tsrc=\"https:\/\/www.seliggroup.com\/wp-content\/uploads\/2023\/08\/Selig-Group-news-article-Packaging-Sealing-at-its-Best-1.jpg\"\/>\n\t\t\n\t\t<div class=\"anwp-pg-post-teaser__thumbnail-bg anwp-position-cover\"><\/div>\n\n\t\t<a class=\"anwp-position-cover anwp-link-without-effects\" href=\"https:\/\/spnews.com\/selig-at-interpack\/\" aria-hidden=\"true\" ><\/a>\n\t<\/div>\n\n\t<div class=\"anwp-pg-post-teaser__content flex-grow-1 pt-1 d-flex flex-column\">\n\n\t\t<div class=\"anwp-pg-post-teaser__title anwp-font-heading mt-2\">\n\t\t\t<a class=\"anwp-link-without-effects\" href=\"https:\/\/spnews.com\/selig-at-interpack\/\" aria-hidden=\"true\" >\n\t\t\t\tPackaging Sealing at its Best with Selig at Interpack\t\t\t<\/a>\n\t\t<\/div>\n\n\t\t<div class=\"anwp-pg-post-teaser__bottom-meta d-flex flex-wrap\">\n\n\t\t\t\n\t\t\t\t\t<\/div>\n\n\t\t\t\t\t<div class=\"anwp-pg-post-teaser__excerpt mb-2\">\n\t\t\t\t\t\t\t<\/div>\n\t\t\n\t\t\t\t\t<div class=\"w-100 anwp-pg-read-more mt-auto\">\n\t\t\t\t<a href=\"https:\/\/spnews.com\/selig-at-interpack\/\" \t\t\t\t\tclass=\"anwp-pg-read-more__btn mt-3 mb-0 btn btn-sm btn-outline-info w-100 text-decoration-none\">\n\t\t\t\t\tRead More\t\t\t\t<\/a>\n\t\t\t<\/div>\n\t\t\n\t<\/div>\n\n<\/div>\n<div class=\"anwp-pg-post-teaser anwp-pg-post-teaser--inner-cover-link anwp-pg-post-teaser--layout-d d-flex flex-column swiper-slide anwp-pg-post-teaser--with-read-more \">\n\t<div class=\"anwp-pg-post-teaser__thumbnail position-relative\">\n\n\t\t\n\t\t\n\t\t\t\t\t<img loading=\"lazy\" class=\"anwp-pg-post-teaser__thumbnail-img d-block anwp-pg-height-180 anwp-object-cover m-0 w-100\"\n\t\t\t\talt=\"Envasado flexible &#8211; El panorama cambiante\"\n\t\t\t\tsrc=\"https:\/\/www.seliggroup.com\/wp-content\/uploads\/2022\/11\/flexible-packaging-kagi-1.png\"\/>\n\t\t\n\t\t<div class=\"anwp-pg-post-teaser__thumbnail-bg anwp-position-cover\"><\/div>\n\n\t\t<a class=\"anwp-position-cover anwp-link-without-effects\" href=\"https:\/\/www.seliggroup.com\/es\/envasado-flexible-el-panorama-cambiante\/\" aria-hidden=\"true\" ><\/a>\n\t<\/div>\n\n\t<div class=\"anwp-pg-post-teaser__content flex-grow-1 pt-1 d-flex flex-column\">\n\n\t\t<div class=\"anwp-pg-post-teaser__title anwp-font-heading mt-2\">\n\t\t\t<a class=\"anwp-link-without-effects\" href=\"https:\/\/www.seliggroup.com\/es\/envasado-flexible-el-panorama-cambiante\/\" aria-hidden=\"true\" >\n\t\t\t\tEnvasado flexible &#8211; El panorama cambiante\t\t\t<\/a>\n\t\t<\/div>\n\n\t\t<div class=\"anwp-pg-post-teaser__bottom-meta d-flex flex-wrap\">\n\n\t\t\t\n\t\t\t\t\t<\/div>\n\n\t\t\t\t\t<div class=\"anwp-pg-post-teaser__excerpt mb-2\">\n\t\t\t\tLa sostenibilidad, la comodidad y los avances tecnol\u00f3gicos est\u00e1n cambiando el panorama de los envases flexibles.\t\t\t<\/div>\n\t\t\n\t\t\t\t\t<div class=\"w-100 anwp-pg-read-more mt-auto\">\n\t\t\t\t<a href=\"https:\/\/www.seliggroup.com\/es\/envasado-flexible-el-panorama-cambiante\/\" \t\t\t\t\tclass=\"anwp-pg-read-more__btn mt-3 mb-0 btn btn-sm btn-outline-info w-100 text-decoration-none\">\n\t\t\t\t\tRead More\t\t\t\t<\/a>\n\t\t\t<\/div>\n\t\t\n\t<\/div>\n\n<\/div>\n<div class=\"anwp-pg-post-teaser anwp-pg-post-teaser--inner-cover-link anwp-pg-post-teaser--layout-d d-flex flex-column swiper-slide anwp-pg-post-teaser--with-read-more \">\n\t<div class=\"anwp-pg-post-teaser__thumbnail position-relative\">\n\n\t\t\n\t\t\n\t\t\t\t\t<img loading=\"lazy\" class=\"anwp-pg-post-teaser__thumbnail-img d-block anwp-pg-height-180 anwp-object-cover m-0 w-100\"\n\t\t\t\talt=\"Conservaci\u00f3n del vino en el siglo XXI\"\n\t\t\t\tsrc=\"https:\/\/www.seliggroup.com\/wp-content\/uploads\/2022\/11\/Oenoseal-wine-bottle-1.png\"\/>\n\t\t\n\t\t<div class=\"anwp-pg-post-teaser__thumbnail-bg anwp-position-cover\"><\/div>\n\n\t\t<a class=\"anwp-position-cover anwp-link-without-effects\" href=\"https:\/\/www.seliggroup.com\/es\/conservacion-del-vino-en-el-siglo-xxi\/\" aria-hidden=\"true\" ><\/a>\n\t<\/div>\n\n\t<div class=\"anwp-pg-post-teaser__content flex-grow-1 pt-1 d-flex flex-column\">\n\n\t\t<div class=\"anwp-pg-post-teaser__title anwp-font-heading mt-2\">\n\t\t\t<a class=\"anwp-link-without-effects\" href=\"https:\/\/www.seliggroup.com\/es\/conservacion-del-vino-en-el-siglo-xxi\/\" aria-hidden=\"true\" >\n\t\t\t\tConservaci\u00f3n del vino en el siglo XXI\t\t\t<\/a>\n\t\t<\/div>\n\n\t\t<div class=\"anwp-pg-post-teaser__bottom-meta d-flex flex-wrap\">\n\n\t\t\t\n\t\t\t\t\t<\/div>\n\n\t\t\t\t\t<div class=\"anwp-pg-post-teaser__excerpt mb-2\">\n\t\t\t\tDurante la pandemia mundial, la industria del vino demostr\u00f3 su versatilidad para encontrar soluciones flexibles. Sin embargo, ahora que el cambio es la \u00fanica constante en la industria del vino, ...\t\t\t<\/div>\n\t\t\n\t\t\t\t\t<div class=\"w-100 anwp-pg-read-more mt-auto\">\n\t\t\t\t<a href=\"https:\/\/www.seliggroup.com\/es\/conservacion-del-vino-en-el-siglo-xxi\/\" \t\t\t\t\tclass=\"anwp-pg-read-more__btn mt-3 mb-0 btn btn-sm btn-outline-info w-100 text-decoration-none\">\n\t\t\t\t\tRead More\t\t\t\t<\/a>\n\t\t\t<\/div>\n\t\t\n\t<\/div>\n\n<\/div>\n<div class=\"anwp-pg-post-teaser anwp-pg-post-teaser--inner-cover-link anwp-pg-post-teaser--layout-d d-flex flex-column swiper-slide anwp-pg-post-teaser--with-read-more \">\n\t<div class=\"anwp-pg-post-teaser__thumbnail position-relative\">\n\n\t\t\n\t\t\n\t\t\t\t\t<img loading=\"lazy\" class=\"anwp-pg-post-teaser__thumbnail-img d-block anwp-pg-height-180 anwp-object-cover m-0 w-100\"\n\t\t\t\talt=\"Selig nombra a su nuevo Presidente\"\n\t\t\t\tsrc=\"https:\/\/www.seliggroup.com\/wp-content\/uploads\/2022\/11\/Adam-Selig-President-e1669746852171-1.png\"\/>\n\t\t\n\t\t<div class=\"anwp-pg-post-teaser__thumbnail-bg anwp-position-cover\"><\/div>\n\n\t\t<a class=\"anwp-position-cover anwp-link-without-effects\" href=\"https:\/\/www.seliggroup.com\/es\/selig-nombra-a-su-nuevo-presidente\/\" aria-hidden=\"true\" ><\/a>\n\t<\/div>\n\n\t<div class=\"anwp-pg-post-teaser__content flex-grow-1 pt-1 d-flex flex-column\">\n\n\t\t<div class=\"anwp-pg-post-teaser__title anwp-font-heading mt-2\">\n\t\t\t<a class=\"anwp-link-without-effects\" href=\"https:\/\/www.seliggroup.com\/es\/selig-nombra-a-su-nuevo-presidente\/\" aria-hidden=\"true\" >\n\t\t\t\tSelig nombra a su nuevo Presidente\t\t\t<\/a>\n\t\t<\/div>\n\n\t\t<div class=\"anwp-pg-post-teaser__bottom-meta d-flex flex-wrap\">\n\n\t\t\t\n\t\t\t\t\t<\/div>\n\n\t\t\t\t\t<div class=\"anwp-pg-post-teaser__excerpt mb-2\">\n\t\t\t\tEl grupo Selig est\u00e1 contento de anunciar que Adam Sheridan asumir\u00e1 el cargo de Presidente de Selig Group a partir del 1 de junio. \u00abEstoy muy ilusionado por dirigir el ...\t\t\t<\/div>\n\t\t\n\t\t\t\t\t<div class=\"w-100 anwp-pg-read-more mt-auto\">\n\t\t\t\t<a href=\"https:\/\/www.seliggroup.com\/es\/selig-nombra-a-su-nuevo-presidente\/\" \t\t\t\t\tclass=\"anwp-pg-read-more__btn mt-3 mb-0 btn btn-sm btn-outline-info w-100 text-decoration-none\">\n\t\t\t\t\tRead More\t\t\t\t<\/a>\n\t\t\t<\/div>\n\t\t\n\t<\/div>\n\n<\/div>\n<div class=\"anwp-pg-post-teaser anwp-pg-post-teaser--inner-cover-link anwp-pg-post-teaser--layout-d d-flex flex-column swiper-slide anwp-pg-post-teaser--with-read-more \">\n\t<div class=\"anwp-pg-post-teaser__thumbnail position-relative\">\n\n\t\t\n\t\t\n\t\t\t\t\t<img loading=\"lazy\" class=\"anwp-pg-post-teaser__thumbnail-img d-block anwp-pg-height-180 anwp-object-cover m-0 w-100\"\n\t\t\t\talt=\"Soluciones de ventilaci\u00f3n de Selig para el hogar y el cuidado personal\"\n\t\t\t\tsrc=\"https:\/\/www.seliggroup.com\/wp-content\/uploads\/2022\/11\/news-venting-happi-1.png\"\/>\n\t\t\n\t\t<div class=\"anwp-pg-post-teaser__thumbnail-bg anwp-position-cover\"><\/div>\n\n\t\t<a class=\"anwp-position-cover anwp-link-without-effects\" href=\"https:\/\/www.seliggroup.com\/es\/soluciones-de-ventilacion-de-selig-para-el-hogar-y-el-cuidado-personal\/\" aria-hidden=\"true\" ><\/a>\n\t<\/div>\n\n\t<div class=\"anwp-pg-post-teaser__content flex-grow-1 pt-1 d-flex flex-column\">\n\n\t\t<div class=\"anwp-pg-post-teaser__title anwp-font-heading mt-2\">\n\t\t\t<a class=\"anwp-link-without-effects\" href=\"https:\/\/www.seliggroup.com\/es\/soluciones-de-ventilacion-de-selig-para-el-hogar-y-el-cuidado-personal\/\" aria-hidden=\"true\" >\n\t\t\t\tSoluciones de ventilaci\u00f3n de Selig para el hogar y el cuidado personal\t\t\t<\/a>\n\t\t<\/div>\n\n\t\t<div class=\"anwp-pg-post-teaser__bottom-meta d-flex flex-wrap\">\n\n\t\t\t\n\t\t\t\t\t<\/div>\n\n\t\t\t\t\t<div class=\"anwp-pg-post-teaser__excerpt mb-2\">\n\t\t\t\tLea el art\u00edculo sobre los sistemas de revestimiento ventilado Circumvent\u2122 y Airfoil\u2122 de Selig Group de la edici\u00f3n de febrero de 2022 de la revista Happi Packaging.\t\t\t<\/div>\n\t\t\n\t\t\t\t\t<div class=\"w-100 anwp-pg-read-more mt-auto\">\n\t\t\t\t<a href=\"https:\/\/www.seliggroup.com\/es\/soluciones-de-ventilacion-de-selig-para-el-hogar-y-el-cuidado-personal\/\" \t\t\t\t\tclass=\"anwp-pg-read-more__btn mt-3 mb-0 btn btn-sm btn-outline-info w-100 text-decoration-none\">\n\t\t\t\t\tRead More\t\t\t\t<\/a>\n\t\t\t<\/div>\n\t\t\n\t<\/div>\n\n<\/div>\n<div class=\"anwp-pg-post-teaser anwp-pg-post-teaser--inner-cover-link anwp-pg-post-teaser--layout-d d-flex flex-column swiper-slide anwp-pg-post-teaser--with-read-more \">\n\t<div class=\"anwp-pg-post-teaser__thumbnail position-relative\">\n\n\t\t\n\t\t\n\t\t\t\t\t<img loading=\"lazy\" class=\"anwp-pg-post-teaser__thumbnail-img d-block anwp-pg-height-180 anwp-object-cover m-0 w-100\"\n\t\t\t\talt=\"Buenos resultados obtenidos en las pruebas con envases reciclables flexibles de Selig Flexibles\"\n\t\t\t\tsrc=\"https:\/\/www.seliggroup.com\/wp-content\/uploads\/2022\/11\/flexibles-bars-1-1.png\"\/>\n\t\t\n\t\t<div class=\"anwp-pg-post-teaser__thumbnail-bg anwp-position-cover\"><\/div>\n\n\t\t<a class=\"anwp-position-cover anwp-link-without-effects\" href=\"https:\/\/www.seliggroup.com\/es\/buenos-resultados-obtenidos-en-las-pruebas-con-envases-reciclables-flexibles-de-selig-flexibles\/\" aria-hidden=\"true\" ><\/a>\n\t<\/div>\n\n\t<div class=\"anwp-pg-post-teaser__content flex-grow-1 pt-1 d-flex flex-column\">\n\n\t\t<div class=\"anwp-pg-post-teaser__title anwp-font-heading mt-2\">\n\t\t\t<a class=\"anwp-link-without-effects\" href=\"https:\/\/www.seliggroup.com\/es\/buenos-resultados-obtenidos-en-las-pruebas-con-envases-reciclables-flexibles-de-selig-flexibles\/\" aria-hidden=\"true\" >\n\t\t\t\tBuenos resultados obtenidos en las pruebas con envases reciclables flexibles de Selig Flexibles\t\t\t<\/a>\n\t\t<\/div>\n\n\t\t<div class=\"anwp-pg-post-teaser__bottom-meta d-flex flex-wrap\">\n\n\t\t\t\n\t\t\t\t\t<\/div>\n\n\t\t\t\t\t<div class=\"anwp-pg-post-teaser__excerpt mb-2\">\n\t\t\t\tSelig colabora con sus clientes para ofrecerles soluciones de envasado flexibles fabricados con pl\u00e1stico reciclable al 84 % que ofrece nuestra empresa. En la actualidad, empresas de toda Europa est\u00e1n ...\t\t\t<\/div>\n\t\t\n\t\t\t\t\t<div class=\"w-100 anwp-pg-read-more mt-auto\">\n\t\t\t\t<a href=\"https:\/\/www.seliggroup.com\/es\/buenos-resultados-obtenidos-en-las-pruebas-con-envases-reciclables-flexibles-de-selig-flexibles\/\" \t\t\t\t\tclass=\"anwp-pg-read-more__btn mt-3 mb-0 btn btn-sm btn-outline-info w-100 text-decoration-none\">\n\t\t\t\t\tRead More\t\t\t\t<\/a>\n\t\t\t<\/div>\n\t\t\n\t<\/div>\n\n<\/div>\n<div class=\"anwp-pg-post-teaser anwp-pg-post-teaser--inner-cover-link anwp-pg-post-teaser--layout-d d-flex flex-column swiper-slide anwp-pg-post-teaser--with-read-more \">\n\t<div class=\"anwp-pg-post-teaser__thumbnail position-relative\">\n\n\t\t\n\t\t\n\t\t\t\t\t<img loading=\"lazy\" class=\"anwp-pg-post-teaser__thumbnail-img d-block anwp-pg-height-180 anwp-object-cover m-0 w-100\"\n\t\t\t\talt=\"Selig Group anuncia la adquisici\u00f3n de MGJ\"\n\t\t\t\tsrc=\"https:\/\/www.seliggroup.com\/wp-content\/uploads\/2022\/11\/selig-mgj-1.png\"\/>\n\t\t\n\t\t<div class=\"anwp-pg-post-teaser__thumbnail-bg anwp-position-cover\"><\/div>\n\n\t\t<a class=\"anwp-position-cover anwp-link-without-effects\" href=\"https:\/\/www.seliggroup.com\/es\/selig-group-anuncia-la-adquisicion-de-mgj\/\" aria-hidden=\"true\" ><\/a>\n\t<\/div>\n\n\t<div class=\"anwp-pg-post-teaser__content flex-grow-1 pt-1 d-flex flex-column\">\n\n\t\t<div class=\"anwp-pg-post-teaser__title anwp-font-heading mt-2\">\n\t\t\t<a class=\"anwp-link-without-effects\" href=\"https:\/\/www.seliggroup.com\/es\/selig-group-anuncia-la-adquisicion-de-mgj\/\" aria-hidden=\"true\" >\n\t\t\t\tSelig Group anuncia la adquisici\u00f3n de MGJ\t\t\t<\/a>\n\t\t<\/div>\n\n\t\t<div class=\"anwp-pg-post-teaser__bottom-meta d-flex flex-wrap\">\n\n\t\t\t\n\t\t\t\t\t<\/div>\n\n\t\t\t\t\t<div class=\"anwp-pg-post-teaser__excerpt mb-2\">\n\t\t\t\tSelig Group, propiedad de CC Industries (\u00abCCI\u00bb), ha anunciado hoy la adquisici\u00f3n de Manufacture G\u00e9n\u00e9rale de Joints (\u00abMGJ\u00bb). Fundada en 1947 y con sede cerca de Lyon (Francia), MGJ es ...\t\t\t<\/div>\n\t\t\n\t\t\t\t\t<div class=\"w-100 anwp-pg-read-more mt-auto\">\n\t\t\t\t<a href=\"https:\/\/www.seliggroup.com\/es\/selig-group-anuncia-la-adquisicion-de-mgj\/\" \t\t\t\t\tclass=\"anwp-pg-read-more__btn mt-3 mb-0 btn btn-sm btn-outline-info w-100 text-decoration-none\">\n\t\t\t\t\tRead More\t\t\t\t<\/a>\n\t\t\t<\/div>\n\t\t\n\t<\/div>\n\n<\/div>\n<div class=\"anwp-pg-post-teaser anwp-pg-post-teaser--inner-cover-link anwp-pg-post-teaser--layout-d d-flex flex-column swiper-slide anwp-pg-post-teaser--with-read-more \">\n\t<div class=\"anwp-pg-post-teaser__thumbnail position-relative\">\n\n\t\t\n\t\t\n\t\t\t\t\t<img loading=\"lazy\" class=\"anwp-pg-post-teaser__thumbnail-img d-block anwp-pg-height-180 anwp-object-cover m-0 w-100\"\n\t\t\t\talt=\"Los impuestos en los envases de pl\u00e1stico: \u00bfEstamos preparados para ello?\"\n\t\t\t\tsrc=\"https:\/\/www.seliggroup.com\/wp-content\/uploads\/2022\/11\/plastic-packaging-tax-1.png\"\/>\n\t\t\n\t\t<div class=\"anwp-pg-post-teaser__thumbnail-bg anwp-position-cover\"><\/div>\n\n\t\t<a class=\"anwp-position-cover anwp-link-without-effects\" href=\"https:\/\/www.seliggroup.com\/es\/los-impuestos-en-los-envases-de-plastico-estamos-preparados-para-ello\/\" aria-hidden=\"true\" ><\/a>\n\t<\/div>\n\n\t<div class=\"anwp-pg-post-teaser__content flex-grow-1 pt-1 d-flex flex-column\">\n\n\t\t<div class=\"anwp-pg-post-teaser__title anwp-font-heading mt-2\">\n\t\t\t<a class=\"anwp-link-without-effects\" href=\"https:\/\/www.seliggroup.com\/es\/los-impuestos-en-los-envases-de-plastico-estamos-preparados-para-ello\/\" aria-hidden=\"true\" >\n\t\t\t\tLos impuestos en los envases de pl\u00e1stico: \u00bfEstamos preparados para ello?\t\t\t<\/a>\n\t\t<\/div>\n\n\t\t<div class=\"anwp-pg-post-teaser__bottom-meta d-flex flex-wrap\">\n\n\t\t\t\n\t\t\t\t\t<\/div>\n\n\t\t\t\t\t<div class=\"anwp-pg-post-teaser__excerpt mb-2\">\n\t\t\t\tEn noviembre, el gobierno brit\u00e1nico public\u00f3 un nuevo documento de trabajo sobre la introducci\u00f3n de un impuesto que ser\u00e1 aplicado a los envases de pl\u00e1stico. Este impuesto pretende incentivar econ\u00f3micamente ...\t\t\t<\/div>\n\t\t\n\t\t\t\t\t<div class=\"w-100 anwp-pg-read-more mt-auto\">\n\t\t\t\t<a href=\"https:\/\/www.seliggroup.com\/es\/los-impuestos-en-los-envases-de-plastico-estamos-preparados-para-ello\/\" \t\t\t\t\tclass=\"anwp-pg-read-more__btn mt-3 mb-0 btn btn-sm btn-outline-info w-100 text-decoration-none\">\n\t\t\t\t\tRead More\t\t\t\t<\/a>\n\t\t\t<\/div>\n\t\t\n\t<\/div>\n\n<\/div>\n<div class=\"anwp-pg-post-teaser anwp-pg-post-teaser--inner-cover-link anwp-pg-post-teaser--layout-d d-flex flex-column swiper-slide anwp-pg-post-teaser--with-read-more \">\n\t<div class=\"anwp-pg-post-teaser__thumbnail position-relative\">\n\n\t\t\n\t\t\n\t\t\t\t\t<img loading=\"lazy\" class=\"anwp-pg-post-teaser__thumbnail-img d-block anwp-pg-height-180 anwp-object-cover m-0 w-100\"\n\t\t\t\talt=\"Condimentos: el poder y el potencial del empaque\"\n\t\t\t\tsrc=\"https:\/\/www.seliggroup.com\/wp-content\/uploads\/2022\/11\/Selig-Condiments-Ketchup-Image-scaled-1.jpeg\"\/>\n\t\t\n\t\t<div class=\"anwp-pg-post-teaser__thumbnail-bg anwp-position-cover\"><\/div>\n\n\t\t<a class=\"anwp-position-cover anwp-link-without-effects\" href=\"https:\/\/www.seliggroup.com\/es\/condimentos-el-poder-y-el-potencial-del-empaque\/\" aria-hidden=\"true\" ><\/a>\n\t<\/div>\n\n\t<div class=\"anwp-pg-post-teaser__content flex-grow-1 pt-1 d-flex flex-column\">\n\n\t\t<div class=\"anwp-pg-post-teaser__title anwp-font-heading mt-2\">\n\t\t\t<a class=\"anwp-link-without-effects\" href=\"https:\/\/www.seliggroup.com\/es\/condimentos-el-poder-y-el-potencial-del-empaque\/\" aria-hidden=\"true\" >\n\t\t\t\tCondimentos: el poder y el potencial del empaque\t\t\t<\/a>\n\t\t<\/div>\n\n\t\t<div class=\"anwp-pg-post-teaser__bottom-meta d-flex flex-wrap\">\n\n\t\t\t\n\t\t\t\t\t<\/div>\n\n\t\t\t\t\t<div class=\"anwp-pg-post-teaser__excerpt mb-2\">\n\t\t\t\tDado que el empaque juega un papel clave en la satisfacci\u00f3n del cliente y las decisiones de compra, \u00bfqu\u00e9 pueden aprender los fabricantes del comportamiento de compra del consumidor y ...\t\t\t<\/div>\n\t\t\n\t\t\t\t\t<div class=\"w-100 anwp-pg-read-more mt-auto\">\n\t\t\t\t<a href=\"https:\/\/www.seliggroup.com\/es\/condimentos-el-poder-y-el-potencial-del-empaque\/\" \t\t\t\t\tclass=\"anwp-pg-read-more__btn mt-3 mb-0 btn btn-sm btn-outline-info w-100 text-decoration-none\">\n\t\t\t\t\tRead More\t\t\t\t<\/a>\n\t\t\t<\/div>\n\t\t\n\t<\/div>\n\n<\/div>\n<div class=\"anwp-pg-post-teaser anwp-pg-post-teaser--inner-cover-link anwp-pg-post-teaser--layout-d d-flex flex-column swiper-slide anwp-pg-post-teaser--with-read-more \">\n\t<div class=\"anwp-pg-post-teaser__thumbnail position-relative\">\n\n\t\t\n\t\t\n\t\t\t\t\t<img loading=\"lazy\" class=\"anwp-pg-post-teaser__thumbnail-img d-block anwp-pg-height-180 anwp-object-cover m-0 w-100\"\n\t\t\t\talt=\"Superaci\u00f3n de los retos de envasado en la cadena de suministro del comercio electr\u00f3nico\"\n\t\t\t\tsrc=\"https:\/\/www.seliggroup.com\/wp-content\/uploads\/2022\/11\/overcoming-pack-challenges-for-supply-chain-1.png\"\/>\n\t\t\n\t\t<div class=\"anwp-pg-post-teaser__thumbnail-bg anwp-position-cover\"><\/div>\n\n\t\t<a class=\"anwp-position-cover anwp-link-without-effects\" href=\"https:\/\/www.seliggroup.com\/es\/superacion-de-los-retos-de-envasado-en-la-cadena-de-suministro-del-comercio-electronico\/\" aria-hidden=\"true\" ><\/a>\n\t<\/div>\n\n\t<div class=\"anwp-pg-post-teaser__content flex-grow-1 pt-1 d-flex flex-column\">\n\n\t\t<div class=\"anwp-pg-post-teaser__title anwp-font-heading mt-2\">\n\t\t\t<a class=\"anwp-link-without-effects\" href=\"https:\/\/www.seliggroup.com\/es\/superacion-de-los-retos-de-envasado-en-la-cadena-de-suministro-del-comercio-electronico\/\" aria-hidden=\"true\" >\n\t\t\t\tSuperaci\u00f3n de los retos de envasado en la cadena de suministro del comercio electr\u00f3nico\t\t\t<\/a>\n\t\t<\/div>\n\n\t\t<div class=\"anwp-pg-post-teaser__bottom-meta d-flex flex-wrap\">\n\n\t\t\t\n\t\t\t\t\t<\/div>\n\n\t\t\t\t\t<div class=\"anwp-pg-post-teaser__excerpt mb-2\">\n\t\t\t\tCon una demanda creciente de productos que sean c\u00f3modos, la fragmentaci\u00f3n de la cadena de suministros y las crecientes exigencias en cuanto a sostenibilidad, los materiales de envasado para el ...\t\t\t<\/div>\n\t\t\n\t\t\t\t\t<div class=\"w-100 anwp-pg-read-more mt-auto\">\n\t\t\t\t<a href=\"https:\/\/www.seliggroup.com\/es\/superacion-de-los-retos-de-envasado-en-la-cadena-de-suministro-del-comercio-electronico\/\" \t\t\t\t\tclass=\"anwp-pg-read-more__btn mt-3 mb-0 btn btn-sm btn-outline-info w-100 text-decoration-none\">\n\t\t\t\t\tRead More\t\t\t\t<\/a>\n\t\t\t<\/div>\n\t\t\n\t<\/div>\n\n<\/div>\n<div class=\"anwp-pg-post-teaser anwp-pg-post-teaser--inner-cover-link anwp-pg-post-teaser--layout-d d-flex flex-column swiper-slide anwp-pg-post-teaser--with-read-more \">\n\t<div class=\"anwp-pg-post-teaser__thumbnail position-relative\">\n\n\t\t\n\t\t\n\t\t\t\t\t<img loading=\"lazy\" class=\"anwp-pg-post-teaser__thumbnail-img d-block anwp-pg-height-180 anwp-object-cover m-0 w-100\"\n\t\t\t\talt=\"Investigaci\u00f3n del sellado de envases de cristal sit\u00faa a Selig en lo m\u00e1s alto\"\n\t\t\t\tsrc=\"https:\/\/www.seliggroup.com\/wp-content\/uploads\/2022\/11\/glass-jar-sealing-research-puts-selig-on-top-1.png\"\/>\n\t\t\n\t\t<div class=\"anwp-pg-post-teaser__thumbnail-bg anwp-position-cover\"><\/div>\n\n\t\t<a class=\"anwp-position-cover anwp-link-without-effects\" href=\"https:\/\/www.seliggroup.com\/es\/investigacion-del-sellado-de-envases-de-cristal-situa-a-selig-en-lo-mas-alto\/\" aria-hidden=\"true\" ><\/a>\n\t<\/div>\n\n\t<div class=\"anwp-pg-post-teaser__content flex-grow-1 pt-1 d-flex flex-column\">\n\n\t\t<div class=\"anwp-pg-post-teaser__title anwp-font-heading mt-2\">\n\t\t\t<a class=\"anwp-link-without-effects\" href=\"https:\/\/www.seliggroup.com\/es\/investigacion-del-sellado-de-envases-de-cristal-situa-a-selig-en-lo-mas-alto\/\" aria-hidden=\"true\" >\n\t\t\t\tInvestigaci\u00f3n del sellado de envases de cristal sit\u00faa a Selig en lo m\u00e1s alto\t\t\t<\/a>\n\t\t<\/div>\n\n\t\t<div class=\"anwp-pg-post-teaser__bottom-meta d-flex flex-wrap\">\n\n\t\t\t\n\t\t\t\t\t<\/div>\n\n\t\t\t\t\t<div class=\"anwp-pg-post-teaser__excerpt mb-2\">\n\t\t\t\tUna nueva serie de pruebas independientes que se han realizado para confirmar cu\u00e1l es el mejor material para sellar tarros de cristal ha colocado a la soluci\u00f3n GlassFuze\u2122 de Selig ...\t\t\t<\/div>\n\t\t\n\t\t\t\t\t<div class=\"w-100 anwp-pg-read-more mt-auto\">\n\t\t\t\t<a href=\"https:\/\/www.seliggroup.com\/es\/investigacion-del-sellado-de-envases-de-cristal-situa-a-selig-en-lo-mas-alto\/\" \t\t\t\t\tclass=\"anwp-pg-read-more__btn mt-3 mb-0 btn btn-sm btn-outline-info w-100 text-decoration-none\">\n\t\t\t\t\tRead More\t\t\t\t<\/a>\n\t\t\t<\/div>\n\t\t\n\t<\/div>\n\n<\/div>\n<div class=\"anwp-pg-post-teaser anwp-pg-post-teaser--inner-cover-link anwp-pg-post-teaser--layout-d d-flex flex-column swiper-slide anwp-pg-post-teaser--with-read-more \">\n\t<div class=\"anwp-pg-post-teaser__thumbnail position-relative\">\n\n\t\t\n\t\t\n\t\t\t\t\t<img loading=\"lazy\" class=\"anwp-pg-post-teaser__thumbnail-img d-block anwp-pg-height-180 anwp-object-cover m-0 w-100\"\n\t\t\t\talt=\"Selig Group anuncia la adquisici\u00f3n de Performance Systematix\"\n\t\t\t\tsrc=\"https:\/\/www.seliggroup.com\/wp-content\/uploads\/2022\/11\/selig-acquires-psi-1.png\"\/>\n\t\t\n\t\t<div class=\"anwp-pg-post-teaser__thumbnail-bg anwp-position-cover\"><\/div>\n\n\t\t<a class=\"anwp-position-cover anwp-link-without-effects\" href=\"https:\/\/www.seliggroup.com\/es\/selig-group-anuncia-la-adquisicion-de-performance-systematix\/\" aria-hidden=\"true\" ><\/a>\n\t<\/div>\n\n\t<div class=\"anwp-pg-post-teaser__content flex-grow-1 pt-1 d-flex flex-column\">\n\n\t\t<div class=\"anwp-pg-post-teaser__title anwp-font-heading mt-2\">\n\t\t\t<a class=\"anwp-link-without-effects\" href=\"https:\/\/www.seliggroup.com\/es\/selig-group-anuncia-la-adquisicion-de-performance-systematix\/\" aria-hidden=\"true\" >\n\t\t\t\tSelig Group anuncia la adquisici\u00f3n de Performance Systematix\t\t\t<\/a>\n\t\t<\/div>\n\n\t\t<div class=\"anwp-pg-post-teaser__bottom-meta d-flex flex-wrap\">\n\n\t\t\t\n\t\t\t\t\t<\/div>\n\n\t\t\t\t\t<div class=\"anwp-pg-post-teaser__excerpt mb-2\">\n\t\t\t\tSelig Group se complace en anunciar la adquisici\u00f3n de Performance Systematix (PSI). PSI es el l\u00edder en el mundial, proveedor de soluciones con ventilaci\u00f3n para envases.\t\t\t<\/div>\n\t\t\n\t\t\t\t\t<div class=\"w-100 anwp-pg-read-more mt-auto\">\n\t\t\t\t<a href=\"https:\/\/www.seliggroup.com\/es\/selig-group-anuncia-la-adquisicion-de-performance-systematix\/\" \t\t\t\t\tclass=\"anwp-pg-read-more__btn mt-3 mb-0 btn btn-sm btn-outline-info w-100 text-decoration-none\">\n\t\t\t\t\tRead More\t\t\t\t<\/a>\n\t\t\t<\/div>\n\t\t\n\t<\/div>\n\n<\/div>\n<div class=\"anwp-pg-post-teaser anwp-pg-post-teaser--inner-cover-link anwp-pg-post-teaser--layout-d d-flex flex-column swiper-slide anwp-pg-post-teaser--with-read-more \">\n\t<div class=\"anwp-pg-post-teaser__thumbnail position-relative\">\n\n\t\t\n\t\t\n\t\t\t\t\t<img loading=\"lazy\" class=\"anwp-pg-post-teaser__thumbnail-img d-block anwp-pg-height-180 anwp-object-cover m-0 w-100\"\n\t\t\t\talt=\"Un programa de p\u00e9rdida de peso para envases de pl\u00e1stico\"\n\t\t\t\tsrc=\"https:\/\/www.seliggroup.com\/wp-content\/uploads\/2022\/12\/weight-loss-for-plastic-packaging-1.png\"\/>\n\t\t\n\t\t<div class=\"anwp-pg-post-teaser__thumbnail-bg anwp-position-cover\"><\/div>\n\n\t\t<a class=\"anwp-position-cover anwp-link-without-effects\" href=\"https:\/\/www.seliggroup.com\/es\/un-programa-de-perdida-de-peso-para-envases-de-plastico\/\" aria-hidden=\"true\" ><\/a>\n\t<\/div>\n\n\t<div class=\"anwp-pg-post-teaser__content flex-grow-1 pt-1 d-flex flex-column\">\n\n\t\t<div class=\"anwp-pg-post-teaser__title anwp-font-heading mt-2\">\n\t\t\t<a class=\"anwp-link-without-effects\" href=\"https:\/\/www.seliggroup.com\/es\/un-programa-de-perdida-de-peso-para-envases-de-plastico\/\" aria-hidden=\"true\" >\n\t\t\t\tUn programa de p\u00e9rdida de peso para envases de pl\u00e1stico\t\t\t<\/a>\n\t\t<\/div>\n\n\t\t<div class=\"anwp-pg-post-teaser__bottom-meta d-flex flex-wrap\">\n\n\t\t\t\n\t\t\t\t\t<\/div>\n\n\t\t\t\t\t<div class=\"anwp-pg-post-teaser__excerpt mb-2\">\n\t\t\t\tCada vez m\u00e1s, las empresas se ven sometidas a m\u00e1s presi\u00f3n para reducir la cantidad de pl\u00e1sticos que utilizan, lo que ha obligado a muchas de ellas a pensar en ...\t\t\t<\/div>\n\t\t\n\t\t\t\t\t<div class=\"w-100 anwp-pg-read-more mt-auto\">\n\t\t\t\t<a href=\"https:\/\/www.seliggroup.com\/es\/un-programa-de-perdida-de-peso-para-envases-de-plastico\/\" \t\t\t\t\tclass=\"anwp-pg-read-more__btn mt-3 mb-0 btn btn-sm btn-outline-info w-100 text-decoration-none\">\n\t\t\t\t\tRead More\t\t\t\t<\/a>\n\t\t\t<\/div>\n\t\t\n\t<\/div>\n\n<\/div>\n<div class=\"anwp-pg-post-teaser anwp-pg-post-teaser--inner-cover-link anwp-pg-post-teaser--layout-d d-flex flex-column swiper-slide anwp-pg-post-teaser--with-read-more \">\n\t<div class=\"anwp-pg-post-teaser__thumbnail position-relative\">\n\n\t\t\n\t\t\n\t\t\t\t\t<img loading=\"lazy\" class=\"anwp-pg-post-teaser__thumbnail-img d-block anwp-pg-height-180 anwp-object-cover m-0 w-100\"\n\t\t\t\talt=\"El sellado del vidrio a\u00f1ade una nueva perspectiva a los envases\"\n\t\t\t\tsrc=\"https:\/\/www.seliggroup.com\/wp-content\/uploads\/2022\/12\/glass-sealing-adds-spice-1.png\"\/>\n\t\t\n\t\t<div class=\"anwp-pg-post-teaser__thumbnail-bg anwp-position-cover\"><\/div>\n\n\t\t<a class=\"anwp-position-cover anwp-link-without-effects\" href=\"https:\/\/www.seliggroup.com\/es\/el-sellado-del-vidrio-anade-una-nueva-perspectiva-a-los-envases\/\" aria-hidden=\"true\" ><\/a>\n\t<\/div>\n\n\t<div class=\"anwp-pg-post-teaser__content flex-grow-1 pt-1 d-flex flex-column\">\n\n\t\t<div class=\"anwp-pg-post-teaser__title anwp-font-heading mt-2\">\n\t\t\t<a class=\"anwp-link-without-effects\" href=\"https:\/\/www.seliggroup.com\/es\/el-sellado-del-vidrio-anade-una-nueva-perspectiva-a-los-envases\/\" aria-hidden=\"true\" >\n\t\t\t\tEl sellado del vidrio a\u00f1ade una nueva perspectiva a los envases\t\t\t<\/a>\n\t\t<\/div>\n\n\t\t<div class=\"anwp-pg-post-teaser__bottom-meta d-flex flex-wrap\">\n\n\t\t\t\n\t\t\t\t\t<\/div>\n\n\t\t\t\t\t<div class=\"anwp-pg-post-teaser__excerpt mb-2\">\n\t\t\t\tLa demanda de hierbas arom\u00e1ticas y especias en envases de vidrio puede ser buena para el planeta, pero supone ciertos retos, sobre todo en lo que se refiere al sellado. ...\t\t\t<\/div>\n\t\t\n\t\t\t\t\t<div class=\"w-100 anwp-pg-read-more mt-auto\">\n\t\t\t\t<a href=\"https:\/\/www.seliggroup.com\/es\/el-sellado-del-vidrio-anade-una-nueva-perspectiva-a-los-envases\/\" \t\t\t\t\tclass=\"anwp-pg-read-more__btn mt-3 mb-0 btn btn-sm btn-outline-info w-100 text-decoration-none\">\n\t\t\t\t\tRead More\t\t\t\t<\/a>\n\t\t\t<\/div>\n\t\t\n\t<\/div>\n\n<\/div>\n<div class=\"anwp-pg-post-teaser anwp-pg-post-teaser--inner-cover-link anwp-pg-post-teaser--layout-d d-flex flex-column swiper-slide anwp-pg-post-teaser--with-read-more \">\n\t<div class=\"anwp-pg-post-teaser__thumbnail position-relative\">\n\n\t\t\n\t\t\n\t\t\t\t\t<img loading=\"lazy\" class=\"anwp-pg-post-teaser__thumbnail-img d-block anwp-pg-height-180 anwp-object-cover m-0 w-100\"\n\t\t\t\talt=\"Nuevos usos del sellado por inducci\u00f3n\"\n\t\t\t\tsrc=\"https:\/\/www.seliggroup.com\/wp-content\/uploads\/2022\/12\/new-use-of-induction-sealing-1.png\"\/>\n\t\t\n\t\t<div class=\"anwp-pg-post-teaser__thumbnail-bg anwp-position-cover\"><\/div>\n\n\t\t<a class=\"anwp-position-cover anwp-link-without-effects\" href=\"https:\/\/www.seliggroup.com\/es\/nuevos-usos-del-sellado-por-induccion\/\" aria-hidden=\"true\" ><\/a>\n\t<\/div>\n\n\t<div class=\"anwp-pg-post-teaser__content flex-grow-1 pt-1 d-flex flex-column\">\n\n\t\t<div class=\"anwp-pg-post-teaser__title anwp-font-heading mt-2\">\n\t\t\t<a class=\"anwp-link-without-effects\" href=\"https:\/\/www.seliggroup.com\/es\/nuevos-usos-del-sellado-por-induccion\/\" aria-hidden=\"true\" >\n\t\t\t\tNuevos usos del sellado por inducci\u00f3n\t\t\t<\/a>\n\t\t<\/div>\n\n\t\t<div class=\"anwp-pg-post-teaser__bottom-meta d-flex flex-wrap\">\n\n\t\t\t\n\t\t\t\t\t<\/div>\n\n\t\t\t\t\t<div class=\"anwp-pg-post-teaser__excerpt mb-2\">\n\t\t\t\tUn nuevo adhesivo abre m\u00e1s oportunidades de utilizaci\u00f3n con vidrio que antes no eran pr\u00e1cticas.\t\t\t<\/div>\n\t\t\n\t\t\t\t\t<div class=\"w-100 anwp-pg-read-more mt-auto\">\n\t\t\t\t<a href=\"https:\/\/www.seliggroup.com\/es\/nuevos-usos-del-sellado-por-induccion\/\" \t\t\t\t\tclass=\"anwp-pg-read-more__btn mt-3 mb-0 btn btn-sm btn-outline-info w-100 text-decoration-none\">\n\t\t\t\t\tRead More\t\t\t\t<\/a>\n\t\t\t<\/div>\n\t\t\n\t<\/div>\n\n<\/div>\n<div class=\"anwp-pg-post-teaser anwp-pg-post-teaser--inner-cover-link anwp-pg-post-teaser--layout-d d-flex flex-column swiper-slide anwp-pg-post-teaser--with-read-more \">\n\t<div class=\"anwp-pg-post-teaser__thumbnail position-relative\">\n\n\t\t\n\t\t\n\t\t\t\t\t<img loading=\"lazy\" class=\"anwp-pg-post-teaser__thumbnail-img d-block anwp-pg-height-180 anwp-object-cover m-0 w-100\"\n\t\t\t\talt=\"Sellar el trato, envases que se pueden abrir de manera higi\u00e9nica\"\n\t\t\t\tsrc=\"https:\/\/www.seliggroup.com\/wp-content\/uploads\/2022\/12\/sealing-the-deal-with-hygienic-to-open-packaging-1.png\"\/>\n\t\t\n\t\t<div class=\"anwp-pg-post-teaser__thumbnail-bg anwp-position-cover\"><\/div>\n\n\t\t<a class=\"anwp-position-cover anwp-link-without-effects\" href=\"https:\/\/www.seliggroup.com\/es\/sellar-el-trato-envases-que-se-pueden-abrir-de-manera-higienica\/\" aria-hidden=\"true\" ><\/a>\n\t<\/div>\n\n\t<div class=\"anwp-pg-post-teaser__content flex-grow-1 pt-1 d-flex flex-column\">\n\n\t\t<div class=\"anwp-pg-post-teaser__title anwp-font-heading mt-2\">\n\t\t\t<a class=\"anwp-link-without-effects\" href=\"https:\/\/www.seliggroup.com\/es\/sellar-el-trato-envases-que-se-pueden-abrir-de-manera-higienica\/\" aria-hidden=\"true\" >\n\t\t\t\tSellar el trato, envases que se pueden abrir de manera higi\u00e9nica\t\t\t<\/a>\n\t\t<\/div>\n\n\t\t<div class=\"anwp-pg-post-teaser__bottom-meta d-flex flex-wrap\">\n\n\t\t\t\n\t\t\t\t\t<\/div>\n\n\t\t\t\t\t<div class=\"anwp-pg-post-teaser__excerpt mb-2\">\n\t\t\t\tEl aumento de la popularidad de las vitaminas, los medicamentos de venta libre, los productos farmac\u00e9uticos y los nutrac\u00e9uticos, provocada por la creciente preocupaci\u00f3n por la salud y el bienestar, ...\t\t\t<\/div>\n\t\t\n\t\t\t\t\t<div class=\"w-100 anwp-pg-read-more mt-auto\">\n\t\t\t\t<a href=\"https:\/\/www.seliggroup.com\/es\/sellar-el-trato-envases-que-se-pueden-abrir-de-manera-higienica\/\" \t\t\t\t\tclass=\"anwp-pg-read-more__btn mt-3 mb-0 btn btn-sm btn-outline-info w-100 text-decoration-none\">\n\t\t\t\t\tRead More\t\t\t\t<\/a>\n\t\t\t<\/div>\n\t\t\n\t<\/div>\n\n<\/div>\n<div class=\"anwp-pg-post-teaser anwp-pg-post-teaser--inner-cover-link anwp-pg-post-teaser--layout-d d-flex flex-column swiper-slide anwp-pg-post-teaser--with-read-more \">\n\t<div class=\"anwp-pg-post-teaser__thumbnail position-relative\">\n\n\t\t\n\t\t\n\t\t\t\t\t<img loading=\"lazy\" class=\"anwp-pg-post-teaser__thumbnail-img d-block anwp-pg-height-180 anwp-object-cover m-0 w-100\"\n\t\t\t\talt=\"Un peque\u00f1o cambio en los l\u00e1cteos, \u00bfun gran beneficio para el medio ambiente?\"\n\t\t\t\tsrc=\"https:\/\/www.seliggroup.com\/wp-content\/uploads\/2022\/11\/one-small-change-for-dairy-one-big-benefit-for-the-environment-1.png\"\/>\n\t\t\n\t\t<div class=\"anwp-pg-post-teaser__thumbnail-bg anwp-position-cover\"><\/div>\n\n\t\t<a class=\"anwp-position-cover anwp-link-without-effects\" href=\"https:\/\/www.seliggroup.com\/es\/un-pequeno-cambio-en-los-lacteos-un-gran-beneficio-para-el-medio-ambiente\/\" aria-hidden=\"true\" ><\/a>\n\t<\/div>\n\n\t<div class=\"anwp-pg-post-teaser__content flex-grow-1 pt-1 d-flex flex-column\">\n\n\t\t<div class=\"anwp-pg-post-teaser__title anwp-font-heading mt-2\">\n\t\t\t<a class=\"anwp-link-without-effects\" href=\"https:\/\/www.seliggroup.com\/es\/un-pequeno-cambio-en-los-lacteos-un-gran-beneficio-para-el-medio-ambiente\/\" aria-hidden=\"true\" >\n\t\t\t\tUn peque\u00f1o cambio en los l\u00e1cteos, \u00bfun gran beneficio para el medio ambiente?\t\t\t<\/a>\n\t\t<\/div>\n\n\t\t<div class=\"anwp-pg-post-teaser__bottom-meta d-flex flex-wrap\">\n\n\t\t\t\n\t\t\t\t\t<\/div>\n\n\t\t\t\t\t<div class=\"anwp-pg-post-teaser__excerpt mb-2\">\n\t\t\t\tEn el Reino Unido, el 95 % de los envases de leche se sellan utilizando un sellado por inducci\u00f3n. Este cambio ha permitido reducir el pl\u00e1stico en un 25 %. ...\t\t\t<\/div>\n\t\t\n\t\t\t\t\t<div class=\"w-100 anwp-pg-read-more mt-auto\">\n\t\t\t\t<a href=\"https:\/\/www.seliggroup.com\/es\/un-pequeno-cambio-en-los-lacteos-un-gran-beneficio-para-el-medio-ambiente\/\" \t\t\t\t\tclass=\"anwp-pg-read-more__btn mt-3 mb-0 btn btn-sm btn-outline-info w-100 text-decoration-none\">\n\t\t\t\t\tRead More\t\t\t\t<\/a>\n\t\t\t<\/div>\n\t\t\n\t<\/div>\n\n<\/div>\n<div class=\"anwp-pg-post-teaser anwp-pg-post-teaser--inner-cover-link anwp-pg-post-teaser--layout-d d-flex flex-column swiper-slide anwp-pg-post-teaser--with-read-more \">\n\t<div class=\"anwp-pg-post-teaser__thumbnail position-relative\">\n\n\t\t\n\t\t\n\t\t\t\t\t<img loading=\"lazy\" class=\"anwp-pg-post-teaser__thumbnail-img d-block anwp-pg-height-180 anwp-object-cover m-0 w-100\"\n\t\t\t\talt=\"Reducir el desperdicio de alimentos usando el sellado t\u00e9rmico por inducci\u00f3n\"\n\t\t\t\tsrc=\"https:\/\/www.seliggroup.com\/wp-content\/uploads\/2022\/12\/slashing-food-waste-with-induction-heat-seals-1.png\"\/>\n\t\t\n\t\t<div class=\"anwp-pg-post-teaser__thumbnail-bg anwp-position-cover\"><\/div>\n\n\t\t<a class=\"anwp-position-cover anwp-link-without-effects\" href=\"https:\/\/www.seliggroup.com\/es\/reducir-el-desperdicio-de-alimentos-usando-el-sellado-termico-por-induccion\/\" aria-hidden=\"true\" ><\/a>\n\t<\/div>\n\n\t<div class=\"anwp-pg-post-teaser__content flex-grow-1 pt-1 d-flex flex-column\">\n\n\t\t<div class=\"anwp-pg-post-teaser__title anwp-font-heading mt-2\">\n\t\t\t<a class=\"anwp-link-without-effects\" href=\"https:\/\/www.seliggroup.com\/es\/reducir-el-desperdicio-de-alimentos-usando-el-sellado-termico-por-induccion\/\" aria-hidden=\"true\" >\n\t\t\t\tReducir el desperdicio de alimentos usando el sellado t\u00e9rmico por inducci\u00f3n\t\t\t<\/a>\n\t\t<\/div>\n\n\t\t<div class=\"anwp-pg-post-teaser__bottom-meta d-flex flex-wrap\">\n\n\t\t\t\n\t\t\t\t\t<\/div>\n\n\t\t\t\t\t<div class=\"anwp-pg-post-teaser__excerpt mb-2\">\n\t\t\t\tHace mucho tiempo que el desperdicio de alimentos es noticia y dadas las dificultades actuales en la cadena de suministro, aprovechar al m\u00e1ximo los recursos est\u00e1 a\u00fan m\u00e1s en el ...\t\t\t<\/div>\n\t\t\n\t\t\t\t\t<div class=\"w-100 anwp-pg-read-more mt-auto\">\n\t\t\t\t<a href=\"https:\/\/www.seliggroup.com\/es\/reducir-el-desperdicio-de-alimentos-usando-el-sellado-termico-por-induccion\/\" \t\t\t\t\tclass=\"anwp-pg-read-more__btn mt-3 mb-0 btn btn-sm btn-outline-info w-100 text-decoration-none\">\n\t\t\t\t\tRead More\t\t\t\t<\/a>\n\t\t\t<\/div>\n\t\t\n\t<\/div>\n\n<\/div>\n<div class=\"anwp-pg-post-teaser anwp-pg-post-teaser--inner-cover-link anwp-pg-post-teaser--layout-d d-flex flex-column swiper-slide anwp-pg-post-teaser--with-read-more \">\n\t<div class=\"anwp-pg-post-teaser__thumbnail position-relative\">\n\n\t\t\n\t\t\n\t\t\t\t\t<img loading=\"lazy\" class=\"anwp-pg-post-teaser__thumbnail-img d-block anwp-pg-height-180 anwp-object-cover m-0 w-100\"\n\t\t\t\talt=\"Envasado de Leche: Desprendiendo el Sello\"\n\t\t\t\tsrc=\"https:\/\/www.seliggroup.com\/wp-content\/uploads\/2022\/11\/wp-milk-jug-with-liftnpeel-1.jpeg\"\/>\n\t\t\n\t\t<div class=\"anwp-pg-post-teaser__thumbnail-bg anwp-position-cover\"><\/div>\n\n\t\t<a class=\"anwp-position-cover anwp-link-without-effects\" href=\"https:\/\/www.seliggroup.com\/es\/envasado-de-leche-desprendiendo-el-sello\/\" aria-hidden=\"true\" ><\/a>\n\t<\/div>\n\n\t<div class=\"anwp-pg-post-teaser__content flex-grow-1 pt-1 d-flex flex-column\">\n\n\t\t<div class=\"anwp-pg-post-teaser__title anwp-font-heading mt-2\">\n\t\t\t<a class=\"anwp-link-without-effects\" href=\"https:\/\/www.seliggroup.com\/es\/envasado-de-leche-desprendiendo-el-sello\/\" aria-hidden=\"true\" >\n\t\t\t\tEnvasado de Leche: Desprendiendo el Sello\t\t\t<\/a>\n\t\t<\/div>\n\n\t\t<div class=\"anwp-pg-post-teaser__bottom-meta d-flex flex-wrap\">\n\n\t\t\t\n\t\t\t\t\t<\/div>\n\n\t\t\t\t\t<div class=\"anwp-pg-post-teaser__excerpt mb-2\">\n\t\t\t\tEn la actualidad, el mercado minorista de Reino Unido se abastece pr\u00e1cticamente de leche en envases con tapa rosca de polietileno de alta densidad (HDPE), en combinaci\u00f3n con sellos por ...\t\t\t<\/div>\n\t\t\n\t\t\t\t\t<div class=\"w-100 anwp-pg-read-more mt-auto\">\n\t\t\t\t<a href=\"https:\/\/www.seliggroup.com\/es\/envasado-de-leche-desprendiendo-el-sello\/\" \t\t\t\t\tclass=\"anwp-pg-read-more__btn mt-3 mb-0 btn btn-sm btn-outline-info w-100 text-decoration-none\">\n\t\t\t\t\tRead More\t\t\t\t<\/a>\n\t\t\t<\/div>\n\t\t\n\t<\/div>\n\n<\/div>\n<div class=\"anwp-pg-post-teaser anwp-pg-post-teaser--inner-cover-link anwp-pg-post-teaser--layout-d d-flex flex-column swiper-slide anwp-pg-post-teaser--with-read-more \">\n\t<div class=\"anwp-pg-post-teaser__thumbnail position-relative\">\n\n\t\t\n\t\t\n\t\t\t\t\t<img loading=\"lazy\" class=\"anwp-pg-post-teaser__thumbnail-img d-block anwp-pg-height-180 anwp-object-cover m-0 w-100\"\n\t\t\t\talt=\"Envases Para Productos Farmac\u00c9uticos Con Evidencia de Adulteraci\u00f3n\"\n\t\t\t\tsrc=\"https:\/\/www.seliggroup.com\/wp-content\/uploads\/2022\/11\/white-paper-tamper-evident-pharmaceutical-packaging-1.png\"\/>\n\t\t\n\t\t<div class=\"anwp-pg-post-teaser__thumbnail-bg anwp-position-cover\"><\/div>\n\n\t\t<a class=\"anwp-position-cover anwp-link-without-effects\" href=\"https:\/\/www.seliggroup.com\/es\/envases-para-productos-farmaceuticos-con-evidencia-de-adulteracion\/\" aria-hidden=\"true\" ><\/a>\n\t<\/div>\n\n\t<div class=\"anwp-pg-post-teaser__content flex-grow-1 pt-1 d-flex flex-column\">\n\n\t\t<div class=\"anwp-pg-post-teaser__title anwp-font-heading mt-2\">\n\t\t\t<a class=\"anwp-link-without-effects\" href=\"https:\/\/www.seliggroup.com\/es\/envases-para-productos-farmaceuticos-con-evidencia-de-adulteracion\/\" aria-hidden=\"true\" >\n\t\t\t\tEnvases Para Productos Farmac\u00c9uticos Con Evidencia de Adulteraci\u00f3n\t\t\t<\/a>\n\t\t<\/div>\n\n\t\t<div class=\"anwp-pg-post-teaser__bottom-meta d-flex flex-wrap\">\n\n\t\t\t\n\t\t\t\t\t<\/div>\n\n\t\t\t\t\t<div class=\"anwp-pg-post-teaser__excerpt mb-2\">\n\t\t\t\tPara satisfacer las demandas de los consumidores y entes reguladores, las compa\u00f1\u00edas farmac\u00e9uticas necesitan ofrecer envases que tengan evidencia de adulteraci\u00f3n y sean accesibles para el usuario final.\t\t\t<\/div>\n\t\t\n\t\t\t\t\t<div class=\"w-100 anwp-pg-read-more mt-auto\">\n\t\t\t\t<a href=\"https:\/\/www.seliggroup.com\/es\/envases-para-productos-farmaceuticos-con-evidencia-de-adulteracion\/\" \t\t\t\t\tclass=\"anwp-pg-read-more__btn mt-3 mb-0 btn btn-sm btn-outline-info w-100 text-decoration-none\">\n\t\t\t\t\tRead More\t\t\t\t<\/a>\n\t\t\t<\/div>\n\t\t\n\t<\/div>\n\n<\/div>\n<div class=\"anwp-pg-post-teaser anwp-pg-post-teaser--inner-cover-link anwp-pg-post-teaser--layout-d d-flex flex-column swiper-slide anwp-pg-post-teaser--with-read-more \">\n\t<div class=\"anwp-pg-post-teaser__thumbnail position-relative\">\n\n\t\t\n\t\t\n\t\t\t\t\t<img loading=\"lazy\" class=\"anwp-pg-post-teaser__thumbnail-img d-block anwp-pg-height-180 anwp-object-cover m-0 w-100\"\n\t\t\t\talt=\"Sellado Por Inducci\u00f3n en el Mercado de Fluidos del Sector Automotriz\"\n\t\t\t\tsrc=\"https:\/\/www.seliggroup.com\/wp-content\/uploads\/2022\/11\/automotive-bottle-1.jpeg\"\/>\n\t\t\n\t\t<div class=\"anwp-pg-post-teaser__thumbnail-bg anwp-position-cover\"><\/div>\n\n\t\t<a class=\"anwp-position-cover anwp-link-without-effects\" href=\"https:\/\/www.seliggroup.com\/es\/sellado-por-induccion-en-el-mercado-de-fluidos-del-sector-automotriz\/\" aria-hidden=\"true\" ><\/a>\n\t<\/div>\n\n\t<div class=\"anwp-pg-post-teaser__content flex-grow-1 pt-1 d-flex flex-column\">\n\n\t\t<div class=\"anwp-pg-post-teaser__title anwp-font-heading mt-2\">\n\t\t\t<a class=\"anwp-link-without-effects\" href=\"https:\/\/www.seliggroup.com\/es\/sellado-por-induccion-en-el-mercado-de-fluidos-del-sector-automotriz\/\" aria-hidden=\"true\" >\n\t\t\t\tSellado Por Inducci\u00f3n en el Mercado de Fluidos del Sector Automotriz\t\t\t<\/a>\n\t\t<\/div>\n\n\t\t<div class=\"anwp-pg-post-teaser__bottom-meta d-flex flex-wrap\">\n\n\t\t\t\n\t\t\t\t\t<\/div>\n\n\t\t\t\t\t<div class=\"anwp-pg-post-teaser__excerpt mb-2\">\n\t\t\t\tLos avances en la tecnolog\u00eda de sellado ofrecen oportunidades para mejorar la seguridad, la protecci\u00f3n y el rendimiento ambiental de los productos automotrices.\t\t\t<\/div>\n\t\t\n\t\t\t\t\t<div class=\"w-100 anwp-pg-read-more mt-auto\">\n\t\t\t\t<a href=\"https:\/\/www.seliggroup.com\/es\/sellado-por-induccion-en-el-mercado-de-fluidos-del-sector-automotriz\/\" \t\t\t\t\tclass=\"anwp-pg-read-more__btn mt-3 mb-0 btn btn-sm btn-outline-info w-100 text-decoration-none\">\n\t\t\t\t\tRead More\t\t\t\t<\/a>\n\t\t\t<\/div>\n\t\t\n\t<\/div>\n\n<\/div>\n<div class=\"anwp-pg-post-teaser anwp-pg-post-teaser--inner-cover-link anwp-pg-post-teaser--layout-d d-flex flex-column swiper-slide anwp-pg-post-teaser--with-read-more \">\n\t<div class=\"anwp-pg-post-teaser__thumbnail position-relative\">\n\n\t\t\n\t\t\n\t\t\t\t\t<img loading=\"lazy\" class=\"anwp-pg-post-teaser__thumbnail-img d-block anwp-pg-height-180 anwp-object-cover m-0 w-100\"\n\t\t\t\talt=\"Selig participa en el suministros de la nueva prueba de diagn\u00f3stico de la COVID-19 en 5 minutos aprobada por la FDA\"\n\t\t\t\tsrc=\"https:\/\/www.seliggroup.com\/wp-content\/uploads\/2022\/12\/selig-plays-part-in-suppling-new-fda-approved-five-minute-covid-19-diagnosotic-test-1.png\"\/>\n\t\t\n\t\t<div class=\"anwp-pg-post-teaser__thumbnail-bg anwp-position-cover\"><\/div>\n\n\t\t<a class=\"anwp-position-cover anwp-link-without-effects\" href=\"https:\/\/www.seliggroup.com\/es\/selig-participa-en-el-suministros-de-la-nueva-prueba-de-diagnostico-de-la-covid-19-en-5-minutos-aprobada-por-la-fda\/\" aria-hidden=\"true\" ><\/a>\n\t<\/div>\n\n\t<div class=\"anwp-pg-post-teaser__content flex-grow-1 pt-1 d-flex flex-column\">\n\n\t\t<div class=\"anwp-pg-post-teaser__title anwp-font-heading mt-2\">\n\t\t\t<a class=\"anwp-link-without-effects\" href=\"https:\/\/www.seliggroup.com\/es\/selig-participa-en-el-suministros-de-la-nueva-prueba-de-diagnostico-de-la-covid-19-en-5-minutos-aprobada-por-la-fda\/\" aria-hidden=\"true\" >\n\t\t\t\tSelig participa en el suministros de la nueva prueba de diagn\u00f3stico de la COVID-19 en 5 minutos aprobada por la FDA\t\t\t<\/a>\n\t\t<\/div>\n\n\t\t<div class=\"anwp-pg-post-teaser__bottom-meta d-flex flex-wrap\">\n\n\t\t\t\n\t\t\t\t\t<\/div>\n\n\t\t\t\t\t<div class=\"anwp-pg-post-teaser__excerpt mb-2\">\n\t\t\t\tLas industrias m\u00e9dica, tecnol\u00f3gica y de envasado trabajan de forma conjunta para ofrecer pruebas de diagn\u00f3stico que ayuden a detener la propagaci\u00f3n del coronavirus. Selig se complace en anunciar su ...\t\t\t<\/div>\n\t\t\n\t\t\t\t\t<div class=\"w-100 anwp-pg-read-more mt-auto\">\n\t\t\t\t<a href=\"https:\/\/www.seliggroup.com\/es\/selig-participa-en-el-suministros-de-la-nueva-prueba-de-diagnostico-de-la-covid-19-en-5-minutos-aprobada-por-la-fda\/\" \t\t\t\t\tclass=\"anwp-pg-read-more__btn mt-3 mb-0 btn btn-sm btn-outline-info w-100 text-decoration-none\">\n\t\t\t\t\tRead More\t\t\t\t<\/a>\n\t\t\t<\/div>\n\t\t\n\t<\/div>\n\n<\/div>\n<div class=\"anwp-pg-post-teaser anwp-pg-post-teaser--inner-cover-link anwp-pg-post-teaser--layout-d d-flex flex-column swiper-slide anwp-pg-post-teaser--with-read-more \">\n\t<div class=\"anwp-pg-post-teaser__thumbnail position-relative\">\n\n\t\t\n\t\t\n\t\t\t\t\t<img loading=\"lazy\" class=\"anwp-pg-post-teaser__thumbnail-img d-block anwp-pg-height-180 anwp-object-cover m-0 w-100\"\n\t\t\t\talt=\"Costo y Beneficios Ambientales del Sellado Por Inducci\u00f3n\"\n\t\t\t\tsrc=\"https:\/\/www.seliggroup.com\/wp-content\/uploads\/2022\/11\/lightweighting-1.png\"\/>\n\t\t\n\t\t<div class=\"anwp-pg-post-teaser__thumbnail-bg anwp-position-cover\"><\/div>\n\n\t\t<a class=\"anwp-position-cover anwp-link-without-effects\" href=\"https:\/\/www.seliggroup.com\/es\/costo-y-beneficios-ambientales-del-sellado-por-induccion\/\" aria-hidden=\"true\" ><\/a>\n\t<\/div>\n\n\t<div class=\"anwp-pg-post-teaser__content flex-grow-1 pt-1 d-flex flex-column\">\n\n\t\t<div class=\"anwp-pg-post-teaser__title anwp-font-heading mt-2\">\n\t\t\t<a class=\"anwp-link-without-effects\" href=\"https:\/\/www.seliggroup.com\/es\/costo-y-beneficios-ambientales-del-sellado-por-induccion\/\" aria-hidden=\"true\" >\n\t\t\t\tCosto y Beneficios Ambientales del Sellado Por Inducci\u00f3n\t\t\t<\/a>\n\t\t<\/div>\n\n\t\t<div class=\"anwp-pg-post-teaser__bottom-meta d-flex flex-wrap\">\n\n\t\t\t\n\t\t\t\t\t<\/div>\n\n\t\t\t\t\t<div class=\"anwp-pg-post-teaser__excerpt mb-2\">\n\t\t\t\tLa presi\u00f3n por reducir los envases de pl\u00e1stico est\u00e1 presente a medida que los fabricantes hacen cambios para evitar el potencial desastre que implicar\u00eda la existencia de m\u00e1s pl\u00e1sticos que ...\t\t\t<\/div>\n\t\t\n\t\t\t\t\t<div class=\"w-100 anwp-pg-read-more mt-auto\">\n\t\t\t\t<a href=\"https:\/\/www.seliggroup.com\/es\/costo-y-beneficios-ambientales-del-sellado-por-induccion\/\" \t\t\t\t\tclass=\"anwp-pg-read-more__btn mt-3 mb-0 btn btn-sm btn-outline-info w-100 text-decoration-none\">\n\t\t\t\t\tRead More\t\t\t\t<\/a>\n\t\t\t<\/div>\n\t\t\n\t<\/div>\n\n<\/div>\n<div class=\"anwp-pg-post-teaser anwp-pg-post-teaser--inner-cover-link anwp-pg-post-teaser--layout-d d-flex flex-column swiper-slide anwp-pg-post-teaser--with-read-more \">\n\t<div class=\"anwp-pg-post-teaser__thumbnail position-relative\">\n\n\t\t\n\t\t\n\t\t\t\t\t<img loading=\"lazy\" class=\"anwp-pg-post-teaser__thumbnail-img d-block anwp-pg-height-180 anwp-object-cover m-0 w-100\"\n\t\t\t\talt=\"F\u00e1cil acceso: La necesidad de dise\u00f1ar envases inclusivos\"\n\t\t\t\tsrc=\"https:\/\/www.seliggroup.com\/wp-content\/uploads\/2022\/12\/easy-access-the-need-to-design-inclusive-packaging-1.png\"\/>\n\t\t\n\t\t<div class=\"anwp-pg-post-teaser__thumbnail-bg anwp-position-cover\"><\/div>\n\n\t\t<a class=\"anwp-position-cover anwp-link-without-effects\" href=\"https:\/\/www.seliggroup.com\/es\/facil-acceso-la-necesidad-de-disenar-envases-inclusivos\/\" aria-hidden=\"true\" ><\/a>\n\t<\/div>\n\n\t<div class=\"anwp-pg-post-teaser__content flex-grow-1 pt-1 d-flex flex-column\">\n\n\t\t<div class=\"anwp-pg-post-teaser__title anwp-font-heading mt-2\">\n\t\t\t<a class=\"anwp-link-without-effects\" href=\"https:\/\/www.seliggroup.com\/es\/facil-acceso-la-necesidad-de-disenar-envases-inclusivos\/\" aria-hidden=\"true\" >\n\t\t\t\tF\u00e1cil acceso: La necesidad de dise\u00f1ar envases inclusivos\t\t\t<\/a>\n\t\t<\/div>\n\n\t\t<div class=\"anwp-pg-post-teaser__bottom-meta d-flex flex-wrap\">\n\n\t\t\t\n\t\t\t\t\t<\/div>\n\n\t\t\t\t\t<div class=\"anwp-pg-post-teaser__excerpt mb-2\">\n\t\t\t\tLos envases deben ser s\u00f3lidos, con precinto de garant\u00eda y no deben tener ninguna fuga, pero debido a que la poblaci\u00f3n mundial es m\u00e1s longeva, tambi\u00e9n deben ser f\u00e1ciles de ...\t\t\t<\/div>\n\t\t\n\t\t\t\t\t<div class=\"w-100 anwp-pg-read-more mt-auto\">\n\t\t\t\t<a href=\"https:\/\/www.seliggroup.com\/es\/facil-acceso-la-necesidad-de-disenar-envases-inclusivos\/\" \t\t\t\t\tclass=\"anwp-pg-read-more__btn mt-3 mb-0 btn btn-sm btn-outline-info w-100 text-decoration-none\">\n\t\t\t\t\tRead More\t\t\t\t<\/a>\n\t\t\t<\/div>\n\t\t\n\t<\/div>\n\n<\/div>\n<div class=\"anwp-pg-post-teaser anwp-pg-post-teaser--inner-cover-link anwp-pg-post-teaser--layout-d d-flex flex-column swiper-slide anwp-pg-post-teaser--with-read-more \">\n\t<div class=\"anwp-pg-post-teaser__thumbnail position-relative\">\n\n\t\t\n\t\t\n\t\t\t\t\t<img loading=\"lazy\" class=\"anwp-pg-post-teaser__thumbnail-img d-block anwp-pg-height-180 anwp-object-cover m-0 w-100\"\n\t\t\t\talt=\"El Envasado y las Necesidades de Una Poblaci\u00f3n Mundial Que Envejece\"\n\t\t\t\tsrc=\"https:\/\/www.seliggroup.com\/wp-content\/uploads\/2022\/11\/white-paper-packaging-and-the-needs-of-an-ageing-global-population-1.png\"\/>\n\t\t\n\t\t<div class=\"anwp-pg-post-teaser__thumbnail-bg anwp-position-cover\"><\/div>\n\n\t\t<a class=\"anwp-position-cover anwp-link-without-effects\" href=\"https:\/\/www.seliggroup.com\/es\/el-envasado-y-las-necesidades-de-una-poblacion-mundial-que-envejece\/\" aria-hidden=\"true\" ><\/a>\n\t<\/div>\n\n\t<div class=\"anwp-pg-post-teaser__content flex-grow-1 pt-1 d-flex flex-column\">\n\n\t\t<div class=\"anwp-pg-post-teaser__title anwp-font-heading mt-2\">\n\t\t\t<a class=\"anwp-link-without-effects\" href=\"https:\/\/www.seliggroup.com\/es\/el-envasado-y-las-necesidades-de-una-poblacion-mundial-que-envejece\/\" aria-hidden=\"true\" >\n\t\t\t\tEl Envasado y las Necesidades de Una Poblaci\u00f3n Mundial Que Envejece\t\t\t<\/a>\n\t\t<\/div>\n\n\t\t<div class=\"anwp-pg-post-teaser__bottom-meta d-flex flex-wrap\">\n\n\t\t\t\n\t\t\t\t\t<\/div>\n\n\t\t\t\t\t<div class=\"anwp-pg-post-teaser__excerpt mb-2\">\n\t\t\t\tUna poblaci\u00f3n mundial que envejece cada vez m\u00e1s lleg\u00f3 para quedarse y el sector del envasado debe garantizar que sus productos evolucionen constantemente para adaptarse a las necesidades de los ...\t\t\t<\/div>\n\t\t\n\t\t\t\t\t<div class=\"w-100 anwp-pg-read-more mt-auto\">\n\t\t\t\t<a href=\"https:\/\/www.seliggroup.com\/es\/el-envasado-y-las-necesidades-de-una-poblacion-mundial-que-envejece\/\" \t\t\t\t\tclass=\"anwp-pg-read-more__btn mt-3 mb-0 btn btn-sm btn-outline-info w-100 text-decoration-none\">\n\t\t\t\t\tRead More\t\t\t\t<\/a>\n\t\t\t<\/div>\n\t\t\n\t<\/div>\n\n<\/div>\n<div class=\"anwp-pg-post-teaser anwp-pg-post-teaser--inner-cover-link anwp-pg-post-teaser--layout-d d-flex flex-column swiper-slide anwp-pg-post-teaser--with-read-more \">\n\t<div class=\"anwp-pg-post-teaser__thumbnail position-relative\">\n\n\t\t\n\t\t\n\t\t\t\t\t<img loading=\"lazy\" class=\"anwp-pg-post-teaser__thumbnail-img d-block anwp-pg-height-180 anwp-object-cover m-0 w-100\"\n\t\t\t\talt=\"Sellado en Vidrio en la Industria Cosm\u00e9tica\"\n\t\t\t\tsrc=\"https:\/\/www.seliggroup.com\/wp-content\/uploads\/2022\/11\/Cosmetic-White-Paper-cream-1.jpeg\"\/>\n\t\t\n\t\t<div class=\"anwp-pg-post-teaser__thumbnail-bg anwp-position-cover\"><\/div>\n\n\t\t<a class=\"anwp-position-cover anwp-link-without-effects\" href=\"https:\/\/www.seliggroup.com\/es\/sellado-en-vidrio-en-la-industria-cosmetica\/\" aria-hidden=\"true\" ><\/a>\n\t<\/div>\n\n\t<div class=\"anwp-pg-post-teaser__content flex-grow-1 pt-1 d-flex flex-column\">\n\n\t\t<div class=\"anwp-pg-post-teaser__title anwp-font-heading mt-2\">\n\t\t\t<a class=\"anwp-link-without-effects\" href=\"https:\/\/www.seliggroup.com\/es\/sellado-en-vidrio-en-la-industria-cosmetica\/\" aria-hidden=\"true\" >\n\t\t\t\tSellado en Vidrio en la Industria Cosm\u00e9tica\t\t\t<\/a>\n\t\t<\/div>\n\n\t\t<div class=\"anwp-pg-post-teaser__bottom-meta d-flex flex-wrap\">\n\n\t\t\t\n\t\t\t\t\t<\/div>\n\n\t\t\t\t\t<div class=\"anwp-pg-post-teaser__excerpt mb-2\">\n\t\t\t\tLa industria de la belleza y cosm\u00e9tica est\u00e1 en constante crecimiento. No es una sorpresa que los fabricantes de cosm\u00e9ticos est\u00e9n invirtiendo en el desarrollo de nuevos productos para satisfacer ...\t\t\t<\/div>\n\t\t\n\t\t\t\t\t<div class=\"w-100 anwp-pg-read-more mt-auto\">\n\t\t\t\t<a href=\"https:\/\/www.seliggroup.com\/es\/sellado-en-vidrio-en-la-industria-cosmetica\/\" \t\t\t\t\tclass=\"anwp-pg-read-more__btn mt-3 mb-0 btn btn-sm btn-outline-info w-100 text-decoration-none\">\n\t\t\t\t\tRead More\t\t\t\t<\/a>\n\t\t\t<\/div>\n\t\t\n\t<\/div>\n\n<\/div>\n<div class=\"anwp-pg-post-teaser anwp-pg-post-teaser--inner-cover-link anwp-pg-post-teaser--layout-d d-flex flex-column swiper-slide anwp-pg-post-teaser--with-read-more \">\n\t<div class=\"anwp-pg-post-teaser__thumbnail position-relative\">\n\n\t\t\n\t\t\n\t\t\t\t\t<img loading=\"lazy\" class=\"anwp-pg-post-teaser__thumbnail-img d-block anwp-pg-height-180 anwp-object-cover m-0 w-100\"\n\t\t\t\talt=\"C\u00f3mo responden los fabricantes a la demanda de envases ecol\u00f3gicos innovadores\"\n\t\t\t\tsrc=\"https:\/\/www.seliggroup.com\/wp-content\/uploads\/2022\/12\/manufacturers-respond-demand-ecopackaging-1.jpeg\"\/>\n\t\t\n\t\t<div class=\"anwp-pg-post-teaser__thumbnail-bg anwp-position-cover\"><\/div>\n\n\t\t<a class=\"anwp-position-cover anwp-link-without-effects\" href=\"https:\/\/www.seliggroup.com\/es\/como-responden-los-fabricantes-a-la-demanda-de-envases-ecologicos-innovadores\/\" aria-hidden=\"true\" ><\/a>\n\t<\/div>\n\n\t<div class=\"anwp-pg-post-teaser__content flex-grow-1 pt-1 d-flex flex-column\">\n\n\t\t<div class=\"anwp-pg-post-teaser__title anwp-font-heading mt-2\">\n\t\t\t<a class=\"anwp-link-without-effects\" href=\"https:\/\/www.seliggroup.com\/es\/como-responden-los-fabricantes-a-la-demanda-de-envases-ecologicos-innovadores\/\" aria-hidden=\"true\" >\n\t\t\t\tC\u00f3mo responden los fabricantes a la demanda de envases ecol\u00f3gicos innovadores\t\t\t<\/a>\n\t\t<\/div>\n\n\t\t<div class=\"anwp-pg-post-teaser__bottom-meta d-flex flex-wrap\">\n\n\t\t\t\n\t\t\t\t\t<\/div>\n\n\t\t\t\t\t<div class=\"anwp-pg-post-teaser__excerpt mb-2\">\n\t\t\t\tCuando se trata de evitar fugas y mantener la frescura, los discos, las l\u00e1minas y los precintos son soluciones populares y personalizables. Pero, \u00bfc\u00f3mo responden los fabricantes a la actual ...\t\t\t<\/div>\n\t\t\n\t\t\t\t\t<div class=\"w-100 anwp-pg-read-more mt-auto\">\n\t\t\t\t<a href=\"https:\/\/www.seliggroup.com\/es\/como-responden-los-fabricantes-a-la-demanda-de-envases-ecologicos-innovadores\/\" \t\t\t\t\tclass=\"anwp-pg-read-more__btn mt-3 mb-0 btn btn-sm btn-outline-info w-100 text-decoration-none\">\n\t\t\t\t\tRead More\t\t\t\t<\/a>\n\t\t\t<\/div>\n\t\t\n\t<\/div>\n\n<\/div>\n<div class=\"anwp-pg-post-teaser anwp-pg-post-teaser--inner-cover-link anwp-pg-post-teaser--layout-d d-flex flex-column swiper-slide anwp-pg-post-teaser--with-read-more \">\n\t<div class=\"anwp-pg-post-teaser__thumbnail position-relative\">\n\n\t\t\n\t\t\n\t\t\t\t\t<img loading=\"lazy\" class=\"anwp-pg-post-teaser__thumbnail-img d-block anwp-pg-height-180 anwp-object-cover m-0 w-100\"\n\t\t\t\talt=\"Un sellado seguro para todos\"\n\t\t\t\tsrc=\"https:\/\/www.seliggroup.com\/wp-content\/uploads\/2022\/12\/secure-sealing-for-all-1-1.png\"\/>\n\t\t\n\t\t<div class=\"anwp-pg-post-teaser__thumbnail-bg anwp-position-cover\"><\/div>\n\n\t\t<a class=\"anwp-position-cover anwp-link-without-effects\" href=\"https:\/\/www.seliggroup.com\/es\/un-sellado-seguro-para-todos\/\" aria-hidden=\"true\" ><\/a>\n\t<\/div>\n\n\t<div class=\"anwp-pg-post-teaser__content flex-grow-1 pt-1 d-flex flex-column\">\n\n\t\t<div class=\"anwp-pg-post-teaser__title anwp-font-heading mt-2\">\n\t\t\t<a class=\"anwp-link-without-effects\" href=\"https:\/\/www.seliggroup.com\/es\/un-sellado-seguro-para-todos\/\" aria-hidden=\"true\" >\n\t\t\t\tUn sellado seguro para todos\t\t\t<\/a>\n\t\t<\/div>\n\n\t\t<div class=\"anwp-pg-post-teaser__bottom-meta d-flex flex-wrap\">\n\n\t\t\t\n\t\t\t\t\t<\/div>\n\n\t\t\t\t\t<div class=\"anwp-pg-post-teaser__excerpt mb-2\">\n\t\t\t\tLas ventajas de los envases herm\u00e9ticos y con precinto de garant\u00eda no deben estar fuera del alcance de los consumidores que tengan una fuerza de agarre limitada. El Director de ...\t\t\t<\/div>\n\t\t\n\t\t\t\t\t<div class=\"w-100 anwp-pg-read-more mt-auto\">\n\t\t\t\t<a href=\"https:\/\/www.seliggroup.com\/es\/un-sellado-seguro-para-todos\/\" \t\t\t\t\tclass=\"anwp-pg-read-more__btn mt-3 mb-0 btn btn-sm btn-outline-info w-100 text-decoration-none\">\n\t\t\t\t\tRead More\t\t\t\t<\/a>\n\t\t\t<\/div>\n\t\t\n\t<\/div>\n\n<\/div>\n<div class=\"anwp-pg-post-teaser anwp-pg-post-teaser--inner-cover-link anwp-pg-post-teaser--layout-d d-flex flex-column swiper-slide anwp-pg-post-teaser--with-read-more \">\n\t<div class=\"anwp-pg-post-teaser__thumbnail position-relative\">\n\n\t\t\n\t\t\n\t\t\t\t\t<img loading=\"lazy\" class=\"anwp-pg-post-teaser__thumbnail-img d-block anwp-pg-height-180 anwp-object-cover m-0 w-100\"\n\t\t\t\talt=\"Sellando el trato: Permitir el acceso manteniendo la seguridad\"\n\t\t\t\tsrc=\"https:\/\/www.seliggroup.com\/wp-content\/uploads\/2022\/12\/granting-access-1.jpeg\"\/>\n\t\t\n\t\t<div class=\"anwp-pg-post-teaser__thumbnail-bg anwp-position-cover\"><\/div>\n\n\t\t<a class=\"anwp-position-cover anwp-link-without-effects\" href=\"https:\/\/www.seliggroup.com\/es\/sellando-el-trato-permitir-el-acceso-manteniendo-la-seguridad\/\" aria-hidden=\"true\" ><\/a>\n\t<\/div>\n\n\t<div class=\"anwp-pg-post-teaser__content flex-grow-1 pt-1 d-flex flex-column\">\n\n\t\t<div class=\"anwp-pg-post-teaser__title anwp-font-heading mt-2\">\n\t\t\t<a class=\"anwp-link-without-effects\" href=\"https:\/\/www.seliggroup.com\/es\/sellando-el-trato-permitir-el-acceso-manteniendo-la-seguridad\/\" aria-hidden=\"true\" >\n\t\t\t\tSellando el trato: Permitir el acceso manteniendo la seguridad\t\t\t<\/a>\n\t\t<\/div>\n\n\t\t<div class=\"anwp-pg-post-teaser__bottom-meta d-flex flex-wrap\">\n\n\t\t\t\n\t\t\t\t\t<\/div>\n\n\t\t\t\t\t<div class=\"anwp-pg-post-teaser__excerpt mb-2\">\n\t\t\t\tCada vez hay m\u00e1s personas mayores que sufren artritis, por este motivo los dise\u00f1adores deben desarrollar nuevas formas de garantizar que los envases sean f\u00e1cilmente accesibles para los usuarios, pero ...\t\t\t<\/div>\n\t\t\n\t\t\t\t\t<div class=\"w-100 anwp-pg-read-more mt-auto\">\n\t\t\t\t<a href=\"https:\/\/www.seliggroup.com\/es\/sellando-el-trato-permitir-el-acceso-manteniendo-la-seguridad\/\" \t\t\t\t\tclass=\"anwp-pg-read-more__btn mt-3 mb-0 btn btn-sm btn-outline-info w-100 text-decoration-none\">\n\t\t\t\t\tRead More\t\t\t\t<\/a>\n\t\t\t<\/div>\n\t\t\n\t<\/div>\n\n<\/div>\n<div class=\"anwp-pg-post-teaser anwp-pg-post-teaser--inner-cover-link anwp-pg-post-teaser--layout-d d-flex flex-column swiper-slide anwp-pg-post-teaser--with-read-more \">\n\t<div class=\"anwp-pg-post-teaser__thumbnail position-relative\">\n\n\t\t\n\t\t\n\t\t\t\t\t<img loading=\"lazy\" class=\"anwp-pg-post-teaser__thumbnail-img d-block anwp-pg-height-180 anwp-object-cover m-0 w-100\"\n\t\t\t\talt=\"Envases de leche: retirando del sello\"\n\t\t\t\tsrc=\"https:\/\/www.seliggroup.com\/wp-content\/uploads\/2022\/12\/milk-packaging-lifting-the-seal-1.png\"\/>\n\t\t\n\t\t<div class=\"anwp-pg-post-teaser__thumbnail-bg anwp-position-cover\"><\/div>\n\n\t\t<a class=\"anwp-position-cover anwp-link-without-effects\" href=\"https:\/\/www.seliggroup.com\/es\/envases-de-leche-retirando-del-sello\/\" aria-hidden=\"true\" ><\/a>\n\t<\/div>\n\n\t<div class=\"anwp-pg-post-teaser__content flex-grow-1 pt-1 d-flex flex-column\">\n\n\t\t<div class=\"anwp-pg-post-teaser__title anwp-font-heading mt-2\">\n\t\t\t<a class=\"anwp-link-without-effects\" href=\"https:\/\/www.seliggroup.com\/es\/envases-de-leche-retirando-del-sello\/\" aria-hidden=\"true\" >\n\t\t\t\tEnvases de leche: retirando del sello\t\t\t<\/a>\n\t\t<\/div>\n\n\t\t<div class=\"anwp-pg-post-teaser__bottom-meta d-flex flex-wrap\">\n\n\t\t\t\n\t\t\t\t\t<\/div>\n\n\t\t\t\t\t<div class=\"anwp-pg-post-teaser__excerpt mb-2\">\n\t\t\t\tEn la actualidad, casi toda la leche que se suministra al mercado minorista del Reino Unido se hace en envases de HDPE que tienen un tap\u00f3n de rosca que se ...\t\t\t<\/div>\n\t\t\n\t\t\t\t\t<div class=\"w-100 anwp-pg-read-more mt-auto\">\n\t\t\t\t<a href=\"https:\/\/www.seliggroup.com\/es\/envases-de-leche-retirando-del-sello\/\" \t\t\t\t\tclass=\"anwp-pg-read-more__btn mt-3 mb-0 btn btn-sm btn-outline-info w-100 text-decoration-none\">\n\t\t\t\t\tRead More\t\t\t\t<\/a>\n\t\t\t<\/div>\n\t\t\n\t<\/div>\n\n<\/div>\n<div class=\"anwp-pg-post-teaser anwp-pg-post-teaser--inner-cover-link anwp-pg-post-teaser--layout-d d-flex flex-column swiper-slide anwp-pg-post-teaser--with-read-more \">\n\t<div class=\"anwp-pg-post-teaser__thumbnail position-relative\">\n\n\t\t\n\t\t\n\t\t\t\t\t<img loading=\"lazy\" class=\"anwp-pg-post-teaser__thumbnail-img d-block anwp-pg-height-180 anwp-object-cover m-0 w-100\"\n\t\t\t\talt=\"Asegurando el futuro con envases farmac\u00e9uticos de f\u00e1cil apertura\"\n\t\t\t\tsrc=\"https:\/\/www.seliggroup.com\/wp-content\/uploads\/2022\/12\/sealing-the-future-with-easy-open-pharmaceutical-packaging-1.png\"\/>\n\t\t\n\t\t<div class=\"anwp-pg-post-teaser__thumbnail-bg anwp-position-cover\"><\/div>\n\n\t\t<a class=\"anwp-position-cover anwp-link-without-effects\" href=\"https:\/\/www.seliggroup.com\/es\/asegurando-el-futuro-con-envases-farmaceuticos-de-facil-apertura\/\" aria-hidden=\"true\" ><\/a>\n\t<\/div>\n\n\t<div class=\"anwp-pg-post-teaser__content flex-grow-1 pt-1 d-flex flex-column\">\n\n\t\t<div class=\"anwp-pg-post-teaser__title anwp-font-heading mt-2\">\n\t\t\t<a class=\"anwp-link-without-effects\" href=\"https:\/\/www.seliggroup.com\/es\/asegurando-el-futuro-con-envases-farmaceuticos-de-facil-apertura\/\" aria-hidden=\"true\" >\n\t\t\t\tAsegurando el futuro con envases farmac\u00e9uticos de f\u00e1cil apertura\t\t\t<\/a>\n\t\t<\/div>\n\n\t\t<div class=\"anwp-pg-post-teaser__bottom-meta d-flex flex-wrap\">\n\n\t\t\t\n\t\t\t\t\t<\/div>\n\n\t\t\t\t\t<div class=\"anwp-pg-post-teaser__excerpt mb-2\">\n\t\t\t\tEl sellado por inducci\u00f3n es una soluci\u00f3n de bajo coste que ofrece sellados seguros, herm\u00e9ticos y de f\u00e1cil apertura, ideales para productos de un mercado que est\u00e1 en crecimiento: el ...\t\t\t<\/div>\n\t\t\n\t\t\t\t\t<div class=\"w-100 anwp-pg-read-more mt-auto\">\n\t\t\t\t<a href=\"https:\/\/www.seliggroup.com\/es\/asegurando-el-futuro-con-envases-farmaceuticos-de-facil-apertura\/\" \t\t\t\t\tclass=\"anwp-pg-read-more__btn mt-3 mb-0 btn btn-sm btn-outline-info w-100 text-decoration-none\">\n\t\t\t\t\tRead More\t\t\t\t<\/a>\n\t\t\t<\/div>\n\t\t\n\t<\/div>\n\n<\/div>\n<div class=\"anwp-pg-post-teaser anwp-pg-post-teaser--inner-cover-link anwp-pg-post-teaser--layout-d d-flex flex-column swiper-slide anwp-pg-post-teaser--with-read-more \">\n\t<div class=\"anwp-pg-post-teaser__thumbnail position-relative\">\n\n\t\t\n\t\t\n\t\t\t\t\t<img loading=\"lazy\" class=\"anwp-pg-post-teaser__thumbnail-img d-block anwp-pg-height-180 anwp-object-cover m-0 w-100\"\n\t\t\t\talt=\"Una tecnolog\u00eda mejorada resuelve los problemas de sellado en los tarros de cristal\"\n\t\t\t\tsrc=\"https:\/\/www.seliggroup.com\/wp-content\/plugins\/anwp-post-grid-for-elementor\/public\/img\/empty_image.jpg\"\/>\n\t\t\n\t\t<div class=\"anwp-pg-post-teaser__thumbnail-bg anwp-position-cover\"><\/div>\n\n\t\t<a class=\"anwp-position-cover anwp-link-without-effects\" href=\"https:\/\/www.seliggroup.com\/es\/una-tecnologia-mejorada-resuelve-los-problemas-de-sellado-en-los-tarros-de-cristal\/\" aria-hidden=\"true\" ><\/a>\n\t<\/div>\n\n\t<div class=\"anwp-pg-post-teaser__content flex-grow-1 pt-1 d-flex flex-column\">\n\n\t\t<div class=\"anwp-pg-post-teaser__title anwp-font-heading mt-2\">\n\t\t\t<a class=\"anwp-link-without-effects\" href=\"https:\/\/www.seliggroup.com\/es\/una-tecnologia-mejorada-resuelve-los-problemas-de-sellado-en-los-tarros-de-cristal\/\" aria-hidden=\"true\" >\n\t\t\t\tUna tecnolog\u00eda mejorada resuelve los problemas de sellado en los tarros de cristal\t\t\t<\/a>\n\t\t<\/div>\n\n\t\t<div class=\"anwp-pg-post-teaser__bottom-meta d-flex flex-wrap\">\n\n\t\t\t\n\t\t\t\t\t<\/div>\n\n\t\t\t\t\t<div class=\"anwp-pg-post-teaser__excerpt mb-2\">\n\t\t\t\tEl continuo crecimiento del mercado europeo de especias y hierbas arom\u00e1ticas ha ido acompa\u00f1ado de un aumento paralelo de la demanda de envases de vidrio. Selig analiza los retos especiales ...\t\t\t<\/div>\n\t\t\n\t\t\t\t\t<div class=\"w-100 anwp-pg-read-more mt-auto\">\n\t\t\t\t<a href=\"https:\/\/www.seliggroup.com\/es\/una-tecnologia-mejorada-resuelve-los-problemas-de-sellado-en-los-tarros-de-cristal\/\" \t\t\t\t\tclass=\"anwp-pg-read-more__btn mt-3 mb-0 btn btn-sm btn-outline-info w-100 text-decoration-none\">\n\t\t\t\t\tRead More\t\t\t\t<\/a>\n\t\t\t<\/div>\n\t\t\n\t<\/div>\n\n<\/div>\n<div class=\"anwp-pg-post-teaser anwp-pg-post-teaser--inner-cover-link anwp-pg-post-teaser--layout-d d-flex flex-column swiper-slide anwp-pg-post-teaser--with-read-more \">\n\t<div class=\"anwp-pg-post-teaser__thumbnail position-relative\">\n\n\t\t\n\t\t\n\t\t\t\t\t<img loading=\"lazy\" class=\"anwp-pg-post-teaser__thumbnail-img d-block anwp-pg-height-180 anwp-object-cover m-0 w-100\"\n\t\t\t\talt=\"La tecnolog\u00eda de Selig gana el premio a la innovaci\u00f3n t\u00e9cnica\"\n\t\t\t\tsrc=\"https:\/\/www.seliggroup.com\/wp-content\/uploads\/2022\/12\/selig-tech-wins-innovative-prize-1.jpeg\"\/>\n\t\t\n\t\t<div class=\"anwp-pg-post-teaser__thumbnail-bg anwp-position-cover\"><\/div>\n\n\t\t<a class=\"anwp-position-cover anwp-link-without-effects\" href=\"https:\/\/www.seliggroup.com\/es\/la-tecnologia-de-selig-gana-el-premio-a-la-innovacion-tecnica\/\" aria-hidden=\"true\" ><\/a>\n\t<\/div>\n\n\t<div class=\"anwp-pg-post-teaser__content flex-grow-1 pt-1 d-flex flex-column\">\n\n\t\t<div class=\"anwp-pg-post-teaser__title anwp-font-heading mt-2\">\n\t\t\t<a class=\"anwp-link-without-effects\" href=\"https:\/\/www.seliggroup.com\/es\/la-tecnologia-de-selig-gana-el-premio-a-la-innovacion-tecnica\/\" aria-hidden=\"true\" >\n\t\t\t\tLa tecnolog\u00eda de Selig gana el premio a la innovaci\u00f3n t\u00e9cnica\t\t\t<\/a>\n\t\t<\/div>\n\n\t\t<div class=\"anwp-pg-post-teaser__bottom-meta d-flex flex-wrap\">\n\n\t\t\t\n\t\t\t\t\t<\/div>\n\n\t\t\t\t\t<div class=\"anwp-pg-post-teaser__excerpt mb-2\">\n\t\t\t\tSelig ha sido galardonada con un premio Alufoil en reconocimiento a su tecnolog\u00eda GlassFuze. Seg\u00fan la empresa, esta tecnolog\u00eda proporciona el primer sellado t\u00e9rmico por inducci\u00f3n que supone un sellado ...\t\t\t<\/div>\n\t\t\n\t\t\t\t\t<div class=\"w-100 anwp-pg-read-more mt-auto\">\n\t\t\t\t<a href=\"https:\/\/www.seliggroup.com\/es\/la-tecnologia-de-selig-gana-el-premio-a-la-innovacion-tecnica\/\" \t\t\t\t\tclass=\"anwp-pg-read-more__btn mt-3 mb-0 btn btn-sm btn-outline-info w-100 text-decoration-none\">\n\t\t\t\t\tRead More\t\t\t\t<\/a>\n\t\t\t<\/div>\n\t\t\n\t<\/div>\n\n<\/div>\n<div class=\"anwp-pg-post-teaser anwp-pg-post-teaser--inner-cover-link anwp-pg-post-teaser--layout-d d-flex flex-column swiper-slide anwp-pg-post-teaser--with-read-more \">\n\t<div class=\"anwp-pg-post-teaser__thumbnail position-relative\">\n\n\t\t\n\t\t\n\t\t\t\t\t<img loading=\"lazy\" class=\"anwp-pg-post-teaser__thumbnail-img d-block anwp-pg-height-180 anwp-object-cover m-0 w-100\"\n\t\t\t\talt=\"El l\u00edquido blanco\"\n\t\t\t\tsrc=\"https:\/\/www.seliggroup.com\/wp-content\/uploads\/2022\/12\/the-white-stuff-1.jpeg\"\/>\n\t\t\n\t\t<div class=\"anwp-pg-post-teaser__thumbnail-bg anwp-position-cover\"><\/div>\n\n\t\t<a class=\"anwp-position-cover anwp-link-without-effects\" href=\"https:\/\/www.seliggroup.com\/es\/el-liquido-blanco\/\" aria-hidden=\"true\" ><\/a>\n\t<\/div>\n\n\t<div class=\"anwp-pg-post-teaser__content flex-grow-1 pt-1 d-flex flex-column\">\n\n\t\t<div class=\"anwp-pg-post-teaser__title anwp-font-heading mt-2\">\n\t\t\t<a class=\"anwp-link-without-effects\" href=\"https:\/\/www.seliggroup.com\/es\/el-liquido-blanco\/\" aria-hidden=\"true\" >\n\t\t\t\tEl l\u00edquido blanco\t\t\t<\/a>\n\t\t<\/div>\n\n\t\t<div class=\"anwp-pg-post-teaser__bottom-meta d-flex flex-wrap\">\n\n\t\t\t\n\t\t\t\t\t<\/div>\n\n\t\t\t\t\t<div class=\"anwp-pg-post-teaser__excerpt mb-2\">\n\t\t\t\tEl apetito de los consumidores por la leche parece que se mantendr\u00e1 estable en Europa en los pr\u00f3ximos a\u00f1os, pero para que el sector l\u00e1cteo siga teniendo \u00e9xito es fundamental ...\t\t\t<\/div>\n\t\t\n\t\t\t\t\t<div class=\"w-100 anwp-pg-read-more mt-auto\">\n\t\t\t\t<a href=\"https:\/\/www.seliggroup.com\/es\/el-liquido-blanco\/\" \t\t\t\t\tclass=\"anwp-pg-read-more__btn mt-3 mb-0 btn btn-sm btn-outline-info w-100 text-decoration-none\">\n\t\t\t\t\tRead More\t\t\t\t<\/a>\n\t\t\t<\/div>\n\t\t\n\t<\/div>\n\n<\/div>\n<div class=\"anwp-pg-post-teaser anwp-pg-post-teaser--inner-cover-link anwp-pg-post-teaser--layout-d d-flex flex-column swiper-slide anwp-pg-post-teaser--with-read-more \">\n\t<div class=\"anwp-pg-post-teaser__thumbnail position-relative\">\n\n\t\t\n\t\t\n\t\t\t\t\t<img loading=\"lazy\" class=\"anwp-pg-post-teaser__thumbnail-img d-block anwp-pg-height-180 anwp-object-cover m-0 w-100\"\n\t\t\t\talt=\"Sello de aprobaci\u00f3n: C\u00f3mo sellar envases de vidrio\"\n\t\t\t\tsrc=\"https:\/\/www.seliggroup.com\/wp-content\/uploads\/2022\/12\/Seal-of-Approval-1.jpeg\"\/>\n\t\t\n\t\t<div class=\"anwp-pg-post-teaser__thumbnail-bg anwp-position-cover\"><\/div>\n\n\t\t<a class=\"anwp-position-cover anwp-link-without-effects\" href=\"https:\/\/www.seliggroup.com\/es\/sello-de-aprobacion-como-sellar-envases-de-vidrio\/\" aria-hidden=\"true\" ><\/a>\n\t<\/div>\n\n\t<div class=\"anwp-pg-post-teaser__content flex-grow-1 pt-1 d-flex flex-column\">\n\n\t\t<div class=\"anwp-pg-post-teaser__title anwp-font-heading mt-2\">\n\t\t\t<a class=\"anwp-link-without-effects\" href=\"https:\/\/www.seliggroup.com\/es\/sello-de-aprobacion-como-sellar-envases-de-vidrio\/\" aria-hidden=\"true\" >\n\t\t\t\tSello de aprobaci\u00f3n: C\u00f3mo sellar envases de vidrio\t\t\t<\/a>\n\t\t<\/div>\n\n\t\t<div class=\"anwp-pg-post-teaser__bottom-meta d-flex flex-wrap\">\n\n\t\t\t\n\t\t\t\t\t<\/div>\n\n\t\t\t\t\t<div class=\"anwp-pg-post-teaser__excerpt mb-2\">\n\t\t\t\tLos envases de vidrio dan la impresi\u00f3n de ofrecer una mayor calidad de los productos, pero sellarlos puede ser todo un reto. Darren Dodd presenta una respuesta de eficacia demostrada ...\t\t\t<\/div>\n\t\t\n\t\t\t\t\t<div class=\"w-100 anwp-pg-read-more mt-auto\">\n\t\t\t\t<a href=\"https:\/\/www.seliggroup.com\/es\/sello-de-aprobacion-como-sellar-envases-de-vidrio\/\" \t\t\t\t\tclass=\"anwp-pg-read-more__btn mt-3 mb-0 btn btn-sm btn-outline-info w-100 text-decoration-none\">\n\t\t\t\t\tRead More\t\t\t\t<\/a>\n\t\t\t<\/div>\n\t\t\n\t<\/div>\n\n<\/div>\n<div class=\"anwp-pg-post-teaser anwp-pg-post-teaser--inner-cover-link anwp-pg-post-teaser--layout-d d-flex flex-column swiper-slide anwp-pg-post-teaser--with-read-more \">\n\t<div class=\"anwp-pg-post-teaser__thumbnail position-relative\">\n\n\t\t\n\t\t\n\t\t\t\t\t<img loading=\"lazy\" class=\"anwp-pg-post-teaser__thumbnail-img d-block anwp-pg-height-180 anwp-object-cover m-0 w-100\"\n\t\t\t\talt=\"Los desaf\u00edos del empaque que plantea una poblaci\u00f3n m\u00e1s longeva\"\n\t\t\t\tsrc=\"https:\/\/www.seliggroup.com\/wp-content\/uploads\/2022\/12\/packaging-challenges-ageing-population-1.jpeg\"\/>\n\t\t\n\t\t<div class=\"anwp-pg-post-teaser__thumbnail-bg anwp-position-cover\"><\/div>\n\n\t\t<a class=\"anwp-position-cover anwp-link-without-effects\" href=\"https:\/\/www.seliggroup.com\/es\/los-desafios-del-empaque-que-plantea-una-poblacion-mas-longeva\/\" aria-hidden=\"true\" ><\/a>\n\t<\/div>\n\n\t<div class=\"anwp-pg-post-teaser__content flex-grow-1 pt-1 d-flex flex-column\">\n\n\t\t<div class=\"anwp-pg-post-teaser__title anwp-font-heading mt-2\">\n\t\t\t<a class=\"anwp-link-without-effects\" href=\"https:\/\/www.seliggroup.com\/es\/los-desafios-del-empaque-que-plantea-una-poblacion-mas-longeva\/\" aria-hidden=\"true\" >\n\t\t\t\tLos desaf\u00edos del empaque que plantea una poblaci\u00f3n m\u00e1s longeva\t\t\t<\/a>\n\t\t<\/div>\n\n\t\t<div class=\"anwp-pg-post-teaser__bottom-meta d-flex flex-wrap\">\n\n\t\t\t\n\t\t\t\t\t<\/div>\n\n\t\t\t\t\t<div class=\"anwp-pg-post-teaser__excerpt mb-2\">\n\t\t\t\tLa industria se enfrenta al desaf\u00edo de crear envases seguros y con precinto de garant\u00eda que al mismo tiempo sean f\u00e1ciles de abrir y aptos para los consumidores de edad ...\t\t\t<\/div>\n\t\t\n\t\t\t\t\t<div class=\"w-100 anwp-pg-read-more mt-auto\">\n\t\t\t\t<a href=\"https:\/\/www.seliggroup.com\/es\/los-desafios-del-empaque-que-plantea-una-poblacion-mas-longeva\/\" \t\t\t\t\tclass=\"anwp-pg-read-more__btn mt-3 mb-0 btn btn-sm btn-outline-info w-100 text-decoration-none\">\n\t\t\t\t\tRead More\t\t\t\t<\/a>\n\t\t\t<\/div>\n\t\t\n\t<\/div>\n\n<\/div>\n<div class=\"anwp-pg-post-teaser anwp-pg-post-teaser--inner-cover-link anwp-pg-post-teaser--layout-d d-flex flex-column swiper-slide anwp-pg-post-teaser--with-read-more \">\n\t<div class=\"anwp-pg-post-teaser__thumbnail position-relative\">\n\n\t\t\n\t\t\n\t\t\t\t\t<img loading=\"lazy\" class=\"anwp-pg-post-teaser__thumbnail-img d-block anwp-pg-height-180 anwp-object-cover m-0 w-100\"\n\t\t\t\talt=\"El envejecimiento de la poblaci\u00f3n y los retos de envasado\"\n\t\t\t\tsrc=\"https:\/\/www.seliggroup.com\/wp-content\/uploads\/2022\/12\/aging-population-and-packaging-challenges-1.jpeg\"\/>\n\t\t\n\t\t<div class=\"anwp-pg-post-teaser__thumbnail-bg anwp-position-cover\"><\/div>\n\n\t\t<a class=\"anwp-position-cover anwp-link-without-effects\" href=\"https:\/\/www.seliggroup.com\/es\/el-envejecimiento-de-la-poblacion-y-los-retos-de-envasado\/\" aria-hidden=\"true\" ><\/a>\n\t<\/div>\n\n\t<div class=\"anwp-pg-post-teaser__content flex-grow-1 pt-1 d-flex flex-column\">\n\n\t\t<div class=\"anwp-pg-post-teaser__title anwp-font-heading mt-2\">\n\t\t\t<a class=\"anwp-link-without-effects\" href=\"https:\/\/www.seliggroup.com\/es\/el-envejecimiento-de-la-poblacion-y-los-retos-de-envasado\/\" aria-hidden=\"true\" >\n\t\t\t\tEl envejecimiento de la poblaci\u00f3n y los retos de envasado\t\t\t<\/a>\n\t\t<\/div>\n\n\t\t<div class=\"anwp-pg-post-teaser__bottom-meta d-flex flex-wrap\">\n\n\t\t\t\n\t\t\t\t\t<\/div>\n\n\t\t\t\t\t<div class=\"anwp-pg-post-teaser__excerpt mb-2\">\n\t\t\t\tLa longevidad de la poblaci\u00f3n mundial ha llegado para quedarse y el sector del envasado debe asegurarse de que los productos evolucionan para adaptarse a las necesidades de las personas ...\t\t\t<\/div>\n\t\t\n\t\t\t\t\t<div class=\"w-100 anwp-pg-read-more mt-auto\">\n\t\t\t\t<a href=\"https:\/\/www.seliggroup.com\/es\/el-envejecimiento-de-la-poblacion-y-los-retos-de-envasado\/\" \t\t\t\t\tclass=\"anwp-pg-read-more__btn mt-3 mb-0 btn btn-sm btn-outline-info w-100 text-decoration-none\">\n\t\t\t\t\tRead More\t\t\t\t<\/a>\n\t\t\t<\/div>\n\t\t\n\t<\/div>\n\n<\/div>\n<div class=\"anwp-pg-post-teaser anwp-pg-post-teaser--inner-cover-link anwp-pg-post-teaser--layout-d d-flex flex-column swiper-slide anwp-pg-post-teaser--with-read-more \">\n\t<div class=\"anwp-pg-post-teaser__thumbnail position-relative\">\n\n\t\t\n\t\t\n\t\t\t\t\t<img loading=\"lazy\" class=\"anwp-pg-post-teaser__thumbnail-img d-block anwp-pg-height-180 anwp-object-cover m-0 w-100\"\n\t\t\t\talt=\"Sellado de tarros de vidrio para alimentos con alto contenido en grasa\"\n\t\t\t\tsrc=\"https:\/\/www.seliggroup.com\/wp-content\/uploads\/2022\/12\/sealing-glass-jars-highfat-foods-1.jpeg\"\/>\n\t\t\n\t\t<div class=\"anwp-pg-post-teaser__thumbnail-bg anwp-position-cover\"><\/div>\n\n\t\t<a class=\"anwp-position-cover anwp-link-without-effects\" href=\"https:\/\/www.seliggroup.com\/es\/sellado-de-tarros-de-vidrio-para-alimentos-con-alto-contenido-en-grasa\/\" aria-hidden=\"true\" ><\/a>\n\t<\/div>\n\n\t<div class=\"anwp-pg-post-teaser__content flex-grow-1 pt-1 d-flex flex-column\">\n\n\t\t<div class=\"anwp-pg-post-teaser__title anwp-font-heading mt-2\">\n\t\t\t<a class=\"anwp-link-without-effects\" href=\"https:\/\/www.seliggroup.com\/es\/sellado-de-tarros-de-vidrio-para-alimentos-con-alto-contenido-en-grasa\/\" aria-hidden=\"true\" >\n\t\t\t\tSellado de tarros de vidrio para alimentos con alto contenido en grasa\t\t\t<\/a>\n\t\t<\/div>\n\n\t\t<div class=\"anwp-pg-post-teaser__bottom-meta d-flex flex-wrap\">\n\n\t\t\t\n\t\t\t\t\t<\/div>\n\n\t\t\t\t\t<div class=\"anwp-pg-post-teaser__excerpt mb-2\">\n\t\t\t\tEl sello Deltaseal 9000 de Selig abre nuevas posibilidades para el sellado de envases de vidrio, en una soluci\u00f3n que mantiene de una manera f\u00e1cil la integridad del producto en ...\t\t\t<\/div>\n\t\t\n\t\t\t\t\t<div class=\"w-100 anwp-pg-read-more mt-auto\">\n\t\t\t\t<a href=\"https:\/\/www.seliggroup.com\/es\/sellado-de-tarros-de-vidrio-para-alimentos-con-alto-contenido-en-grasa\/\" \t\t\t\t\tclass=\"anwp-pg-read-more__btn mt-3 mb-0 btn btn-sm btn-outline-info w-100 text-decoration-none\">\n\t\t\t\t\tRead More\t\t\t\t<\/a>\n\t\t\t<\/div>\n\t\t\n\t<\/div>\n\n<\/div>\n<div class=\"anwp-pg-post-teaser anwp-pg-post-teaser--inner-cover-link anwp-pg-post-teaser--layout-d d-flex flex-column swiper-slide anwp-pg-post-teaser--with-read-more \">\n\t<div class=\"anwp-pg-post-teaser__thumbnail position-relative\">\n\n\t\t\n\t\t\n\t\t\t\t\t<img loading=\"lazy\" class=\"anwp-pg-post-teaser__thumbnail-img d-block anwp-pg-height-180 anwp-object-cover m-0 w-100\"\n\t\t\t\talt=\"Selig: Liners de espuma\"\n\t\t\t\tsrc=\"https:\/\/www.seliggroup.com\/wp-content\/uploads\/2022\/12\/selig-foam-liner-1.jpeg\"\/>\n\t\t\n\t\t<div class=\"anwp-pg-post-teaser__thumbnail-bg anwp-position-cover\"><\/div>\n\n\t\t<a class=\"anwp-position-cover anwp-link-without-effects\" href=\"https:\/\/www.seliggroup.com\/es\/selig-liners-de-espuma\/\" aria-hidden=\"true\" ><\/a>\n\t<\/div>\n\n\t<div class=\"anwp-pg-post-teaser__content flex-grow-1 pt-1 d-flex flex-column\">\n\n\t\t<div class=\"anwp-pg-post-teaser__title anwp-font-heading mt-2\">\n\t\t\t<a class=\"anwp-link-without-effects\" href=\"https:\/\/www.seliggroup.com\/es\/selig-liners-de-espuma\/\" aria-hidden=\"true\" >\n\t\t\t\tSelig: Liners de espuma\t\t\t<\/a>\n\t\t<\/div>\n\n\t\t<div class=\"anwp-pg-post-teaser__bottom-meta d-flex flex-wrap\">\n\n\t\t\t\n\t\t\t\t\t<\/div>\n\n\t\t\t\t\t<div class=\"anwp-pg-post-teaser__excerpt mb-2\">\n\t\t\t\tSelig anuncia un avanzado material de liner de espuma LDPE de tres capas para las empresas que envasan sus productos en envases r\u00edgidos en las industrias de alimentos y bebidas, ...\t\t\t<\/div>\n\t\t\n\t\t\t\t\t<div class=\"w-100 anwp-pg-read-more mt-auto\">\n\t\t\t\t<a href=\"https:\/\/www.seliggroup.com\/es\/selig-liners-de-espuma\/\" \t\t\t\t\tclass=\"anwp-pg-read-more__btn mt-3 mb-0 btn btn-sm btn-outline-info w-100 text-decoration-none\">\n\t\t\t\t\tRead More\t\t\t\t<\/a>\n\t\t\t<\/div>\n\t\t\n\t<\/div>\n\n<\/div>\n<div class=\"anwp-pg-post-teaser anwp-pg-post-teaser--inner-cover-link anwp-pg-post-teaser--layout-d d-flex flex-column swiper-slide anwp-pg-post-teaser--with-read-more \">\n\t<div class=\"anwp-pg-post-teaser__thumbnail position-relative\">\n\n\t\t\n\t\t\n\t\t\t\t\t<img loading=\"lazy\" class=\"anwp-pg-post-teaser__thumbnail-img d-block anwp-pg-height-180 anwp-object-cover m-0 w-100\"\n\t\t\t\talt=\"Los consumidores prefieren los sellados por inducci\u00f3n\"\n\t\t\t\tsrc=\"https:\/\/www.seliggroup.com\/wp-content\/uploads\/2022\/12\/consumers-prefer-induction-seals-1.png\"\/>\n\t\t\n\t\t<div class=\"anwp-pg-post-teaser__thumbnail-bg anwp-position-cover\"><\/div>\n\n\t\t<a class=\"anwp-position-cover anwp-link-without-effects\" href=\"https:\/\/www.seliggroup.com\/es\/los-consumidores-prefieren-los-sellados-por-induccion\/\" aria-hidden=\"true\" ><\/a>\n\t<\/div>\n\n\t<div class=\"anwp-pg-post-teaser__content flex-grow-1 pt-1 d-flex flex-column\">\n\n\t\t<div class=\"anwp-pg-post-teaser__title anwp-font-heading mt-2\">\n\t\t\t<a class=\"anwp-link-without-effects\" href=\"https:\/\/www.seliggroup.com\/es\/los-consumidores-prefieren-los-sellados-por-induccion\/\" aria-hidden=\"true\" >\n\t\t\t\tLos consumidores prefieren los sellados por inducci\u00f3n\t\t\t<\/a>\n\t\t<\/div>\n\n\t\t<div class=\"anwp-pg-post-teaser__bottom-meta d-flex flex-wrap\">\n\n\t\t\t\n\t\t\t\t\t<\/div>\n\n\t\t\t\t\t<div class=\"anwp-pg-post-teaser__excerpt mb-2\">\n\t\t\t\tLos consumidores prestan mucha atenci\u00f3n a la seguridad y quieren comprar productos seguros, que no goteen, que mantengan la frescura en la mayor medida posible y que sean f\u00e1ciles de ...\t\t\t<\/div>\n\t\t\n\t\t\t\t\t<div class=\"w-100 anwp-pg-read-more mt-auto\">\n\t\t\t\t<a href=\"https:\/\/www.seliggroup.com\/es\/los-consumidores-prefieren-los-sellados-por-induccion\/\" \t\t\t\t\tclass=\"anwp-pg-read-more__btn mt-3 mb-0 btn btn-sm btn-outline-info w-100 text-decoration-none\">\n\t\t\t\t\tRead More\t\t\t\t<\/a>\n\t\t\t<\/div>\n\t\t\n\t<\/div>\n\n<\/div>\n<div class=\"anwp-pg-post-teaser anwp-pg-post-teaser--inner-cover-link anwp-pg-post-teaser--layout-d d-flex flex-column swiper-slide anwp-pg-post-teaser--with-read-more \">\n\t<div class=\"anwp-pg-post-teaser__thumbnail position-relative\">\n\n\t\t\n\t\t\n\t\t\t\t\t<img loading=\"lazy\" class=\"anwp-pg-post-teaser__thumbnail-img d-block anwp-pg-height-180 anwp-object-cover m-0 w-100\"\n\t\t\t\talt=\"Nuevo liners de espuma para los retos de empaques m\u00e1s dif\u00edciles\"\n\t\t\t\tsrc=\"https:\/\/www.seliggroup.com\/wp-content\/uploads\/2022\/12\/new-foam-liner-tough-packaging-challenges-1.jpeg\"\/>\n\t\t\n\t\t<div class=\"anwp-pg-post-teaser__thumbnail-bg anwp-position-cover\"><\/div>\n\n\t\t<a class=\"anwp-position-cover anwp-link-without-effects\" href=\"https:\/\/www.seliggroup.com\/es\/nuevo-liners-de-espuma-para-los-retos-de-empaques-mas-dificiles\/\" aria-hidden=\"true\" ><\/a>\n\t<\/div>\n\n\t<div class=\"anwp-pg-post-teaser__content flex-grow-1 pt-1 d-flex flex-column\">\n\n\t\t<div class=\"anwp-pg-post-teaser__title anwp-font-heading mt-2\">\n\t\t\t<a class=\"anwp-link-without-effects\" href=\"https:\/\/www.seliggroup.com\/es\/nuevo-liners-de-espuma-para-los-retos-de-empaques-mas-dificiles\/\" aria-hidden=\"true\" >\n\t\t\t\tNuevo liners de espuma para los retos de empaques m\u00e1s dif\u00edciles\t\t\t<\/a>\n\t\t<\/div>\n\n\t\t<div class=\"anwp-pg-post-teaser__bottom-meta d-flex flex-wrap\">\n\n\t\t\t\n\t\t\t\t\t<\/div>\n\n\t\t\t\t\t<div class=\"anwp-pg-post-teaser__excerpt mb-2\">\n\t\t\t\tSelig ha presentado un avanzado material de liner de espuma de polietileno de baja densidad de tres capas que ofrece una serie de ventajas para las muchas industrias que venden ...\t\t\t<\/div>\n\t\t\n\t\t\t\t\t<div class=\"w-100 anwp-pg-read-more mt-auto\">\n\t\t\t\t<a href=\"https:\/\/www.seliggroup.com\/es\/nuevo-liners-de-espuma-para-los-retos-de-empaques-mas-dificiles\/\" \t\t\t\t\tclass=\"anwp-pg-read-more__btn mt-3 mb-0 btn btn-sm btn-outline-info w-100 text-decoration-none\">\n\t\t\t\t\tRead More\t\t\t\t<\/a>\n\t\t\t<\/div>\n\t\t\n\t<\/div>\n\n<\/div>\n<div class=\"anwp-pg-post-teaser anwp-pg-post-teaser--inner-cover-link anwp-pg-post-teaser--layout-d d-flex flex-column swiper-slide anwp-pg-post-teaser--with-read-more \">\n\t<div class=\"anwp-pg-post-teaser__thumbnail position-relative\">\n\n\t\t\n\t\t\n\t\t\t\t\t<img loading=\"lazy\" class=\"anwp-pg-post-teaser__thumbnail-img d-block anwp-pg-height-180 anwp-object-cover m-0 w-100\"\n\t\t\t\talt=\"Sellos de inducci\u00f3n para el mercado de fluidos automotrices\"\n\t\t\t\tsrc=\"https:\/\/www.seliggroup.com\/wp-content\/uploads\/2022\/12\/induction-foil-seals-for-the-automotive-market-1.png\"\/>\n\t\t\n\t\t<div class=\"anwp-pg-post-teaser__thumbnail-bg anwp-position-cover\"><\/div>\n\n\t\t<a class=\"anwp-position-cover anwp-link-without-effects\" href=\"https:\/\/www.seliggroup.com\/es\/sellos-de-induccion-para-el-mercado-de-fluidos-automotrices\/\" aria-hidden=\"true\" ><\/a>\n\t<\/div>\n\n\t<div class=\"anwp-pg-post-teaser__content flex-grow-1 pt-1 d-flex flex-column\">\n\n\t\t<div class=\"anwp-pg-post-teaser__title anwp-font-heading mt-2\">\n\t\t\t<a class=\"anwp-link-without-effects\" href=\"https:\/\/www.seliggroup.com\/es\/sellos-de-induccion-para-el-mercado-de-fluidos-automotrices\/\" aria-hidden=\"true\" >\n\t\t\t\tSellos de inducci\u00f3n para el mercado de fluidos automotrices\t\t\t<\/a>\n\t\t<\/div>\n\n\t\t<div class=\"anwp-pg-post-teaser__bottom-meta d-flex flex-wrap\">\n\n\t\t\t\n\t\t\t\t\t<\/div>\n\n\t\t\t\t\t<div class=\"anwp-pg-post-teaser__excerpt mb-2\">\n\t\t\t\tAunque la prevenci\u00f3n de fugas suele ser el principal factor para el sellado por inducci\u00f3n en los productos de automoci\u00f3n, esta tecnolog\u00eda ofrece otras ventajas significativas para proveedores y minoristas.\t\t\t<\/div>\n\t\t\n\t\t\t\t\t<div class=\"w-100 anwp-pg-read-more mt-auto\">\n\t\t\t\t<a href=\"https:\/\/www.seliggroup.com\/es\/sellos-de-induccion-para-el-mercado-de-fluidos-automotrices\/\" \t\t\t\t\tclass=\"anwp-pg-read-more__btn mt-3 mb-0 btn btn-sm btn-outline-info w-100 text-decoration-none\">\n\t\t\t\t\tRead More\t\t\t\t<\/a>\n\t\t\t<\/div>\n\t\t\n\t<\/div>\n\n<\/div>\n<div class=\"anwp-pg-post-teaser anwp-pg-post-teaser--inner-cover-link anwp-pg-post-teaser--layout-d d-flex flex-column swiper-slide anwp-pg-post-teaser--with-read-more \">\n\t<div class=\"anwp-pg-post-teaser__thumbnail position-relative\">\n\n\t\t\n\t\t\n\t\t\t\t\t<img loading=\"lazy\" class=\"anwp-pg-post-teaser__thumbnail-img d-block anwp-pg-height-180 anwp-object-cover m-0 w-100\"\n\t\t\t\talt=\"Selig lanza un liner de inducci\u00f3n para tarros de vidrio que cumple con la normativa para alimentos grasosos\"\n\t\t\t\tsrc=\"https:\/\/www.seliggroup.com\/wp-content\/uploads\/2022\/12\/fatty-food-compliant-induction-seal-glass-jar-1.jpeg\"\/>\n\t\t\n\t\t<div class=\"anwp-pg-post-teaser__thumbnail-bg anwp-position-cover\"><\/div>\n\n\t\t<a class=\"anwp-position-cover anwp-link-without-effects\" href=\"https:\/\/www.seliggroup.com\/es\/selig-lanza-un-liner-de-induccion-para-tarros-de-vidrio-que-cumple-con-la-normativa-para-alimentos-grasosos\/\" aria-hidden=\"true\" ><\/a>\n\t<\/div>\n\n\t<div class=\"anwp-pg-post-teaser__content flex-grow-1 pt-1 d-flex flex-column\">\n\n\t\t<div class=\"anwp-pg-post-teaser__title anwp-font-heading mt-2\">\n\t\t\t<a class=\"anwp-link-without-effects\" href=\"https:\/\/www.seliggroup.com\/es\/selig-lanza-un-liner-de-induccion-para-tarros-de-vidrio-que-cumple-con-la-normativa-para-alimentos-grasosos\/\" aria-hidden=\"true\" >\n\t\t\t\tSelig lanza un liner de inducci\u00f3n para tarros de vidrio que cumple con la normativa para alimentos grasosos\t\t\t<\/a>\n\t\t<\/div>\n\n\t\t<div class=\"anwp-pg-post-teaser__bottom-meta d-flex flex-wrap\">\n\n\t\t\t\n\t\t\t\t\t<\/div>\n\n\t\t\t\t\t<div class=\"anwp-pg-post-teaser__excerpt mb-2\">\n\t\t\t\tSelig ha lanzado un nuevo y novedoso liner de inducci\u00f3n que cumple con la normativa de la UE relativa a los materiales en contacto con alimentos grasos.\t\t\t<\/div>\n\t\t\n\t\t\t\t\t<div class=\"w-100 anwp-pg-read-more mt-auto\">\n\t\t\t\t<a href=\"https:\/\/www.seliggroup.com\/es\/selig-lanza-un-liner-de-induccion-para-tarros-de-vidrio-que-cumple-con-la-normativa-para-alimentos-grasosos\/\" \t\t\t\t\tclass=\"anwp-pg-read-more__btn mt-3 mb-0 btn btn-sm btn-outline-info w-100 text-decoration-none\">\n\t\t\t\t\tRead More\t\t\t\t<\/a>\n\t\t\t<\/div>\n\t\t\n\t<\/div>\n\n<\/div>\n<div class=\"anwp-pg-post-teaser anwp-pg-post-teaser--inner-cover-link anwp-pg-post-teaser--layout-d d-flex flex-column swiper-slide anwp-pg-post-teaser--with-read-more \">\n\t<div class=\"anwp-pg-post-teaser__thumbnail position-relative\">\n\n\t\t\n\t\t\n\t\t\t\t\t<img loading=\"lazy\" class=\"anwp-pg-post-teaser__thumbnail-img d-block anwp-pg-height-180 anwp-object-cover m-0 w-100\"\n\t\t\t\talt=\"Envasado de productos l\u00e1cteos con precinto de garant\u00eda\"\n\t\t\t\tsrc=\"https:\/\/www.seliggroup.com\/wp-content\/uploads\/2022\/12\/tamper-evident-dairy-packaging-1.jpeg\"\/>\n\t\t\n\t\t<div class=\"anwp-pg-post-teaser__thumbnail-bg anwp-position-cover\"><\/div>\n\n\t\t<a class=\"anwp-position-cover anwp-link-without-effects\" href=\"https:\/\/www.seliggroup.com\/es\/envasado-de-productos-lacteos-con-precinto-de-garantia\/\" aria-hidden=\"true\" ><\/a>\n\t<\/div>\n\n\t<div class=\"anwp-pg-post-teaser__content flex-grow-1 pt-1 d-flex flex-column\">\n\n\t\t<div class=\"anwp-pg-post-teaser__title anwp-font-heading mt-2\">\n\t\t\t<a class=\"anwp-link-without-effects\" href=\"https:\/\/www.seliggroup.com\/es\/envasado-de-productos-lacteos-con-precinto-de-garantia\/\" aria-hidden=\"true\" >\n\t\t\t\tEnvasado de productos l\u00e1cteos con precinto de garant\u00eda\t\t\t<\/a>\n\t\t<\/div>\n\n\t\t<div class=\"anwp-pg-post-teaser__bottom-meta d-flex flex-wrap\">\n\n\t\t\t\n\t\t\t\t\t<\/div>\n\n\t\t\t\t\t<div class=\"anwp-pg-post-teaser__excerpt mb-2\">\n\t\t\t\tAhora m\u00e1s que nunca, los consumidores y los minoristas exigen poder confiar tanto en la frescura como en la integridad de los alimentos y bebidas. El sellado t\u00e9rmico por inducci\u00f3n ...\t\t\t<\/div>\n\t\t\n\t\t\t\t\t<div class=\"w-100 anwp-pg-read-more mt-auto\">\n\t\t\t\t<a href=\"https:\/\/www.seliggroup.com\/es\/envasado-de-productos-lacteos-con-precinto-de-garantia\/\" \t\t\t\t\tclass=\"anwp-pg-read-more__btn mt-3 mb-0 btn btn-sm btn-outline-info w-100 text-decoration-none\">\n\t\t\t\t\tRead More\t\t\t\t<\/a>\n\t\t\t<\/div>\n\t\t\n\t<\/div>\n\n<\/div>\n<div class=\"anwp-pg-post-teaser anwp-pg-post-teaser--inner-cover-link anwp-pg-post-teaser--layout-d d-flex flex-column swiper-slide anwp-pg-post-teaser--with-read-more \">\n\t<div class=\"anwp-pg-post-teaser__thumbnail position-relative\">\n\n\t\t\n\t\t\n\t\t\t\t\t<img loading=\"lazy\" class=\"anwp-pg-post-teaser__thumbnail-img d-block anwp-pg-height-180 anwp-object-cover m-0 w-100\"\n\t\t\t\talt=\"Precinto de garant\u00eda en envases para la industria m\u00e9dica\"\n\t\t\t\tsrc=\"https:\/\/www.seliggroup.com\/wp-content\/uploads\/2022\/12\/tamper-evidence-perfect-package-1.jpeg\"\/>\n\t\t\n\t\t<div class=\"anwp-pg-post-teaser__thumbnail-bg anwp-position-cover\"><\/div>\n\n\t\t<a class=\"anwp-position-cover anwp-link-without-effects\" href=\"https:\/\/www.seliggroup.com\/es\/precinto-de-garantia-en-envases-para-la-industria-medica\/\" aria-hidden=\"true\" ><\/a>\n\t<\/div>\n\n\t<div class=\"anwp-pg-post-teaser__content flex-grow-1 pt-1 d-flex flex-column\">\n\n\t\t<div class=\"anwp-pg-post-teaser__title anwp-font-heading mt-2\">\n\t\t\t<a class=\"anwp-link-without-effects\" href=\"https:\/\/www.seliggroup.com\/es\/precinto-de-garantia-en-envases-para-la-industria-medica\/\" aria-hidden=\"true\" >\n\t\t\t\tPrecinto de garant\u00eda en envases para la industria m\u00e9dica\t\t\t<\/a>\n\t\t<\/div>\n\n\t\t<div class=\"anwp-pg-post-teaser__bottom-meta d-flex flex-wrap\">\n\n\t\t\t\n\t\t\t\t\t<\/div>\n\n\t\t\t\t\t<div class=\"anwp-pg-post-teaser__excerpt mb-2\">\n\t\t\t\tUna tecnolog\u00eda de eficaz probada para evitar la manipulaci\u00f3n de envases r\u00edgidos es el sellado de tapas por inducci\u00f3n. Este m\u00e9todo utiliza un liner laminado de varias capas en el ...\t\t\t<\/div>\n\t\t\n\t\t\t\t\t<div class=\"w-100 anwp-pg-read-more mt-auto\">\n\t\t\t\t<a href=\"https:\/\/www.seliggroup.com\/es\/precinto-de-garantia-en-envases-para-la-industria-medica\/\" \t\t\t\t\tclass=\"anwp-pg-read-more__btn mt-3 mb-0 btn btn-sm btn-outline-info w-100 text-decoration-none\">\n\t\t\t\t\tRead More\t\t\t\t<\/a>\n\t\t\t<\/div>\n\t\t\n\t<\/div>\n\n<\/div>\n<div class=\"anwp-pg-post-teaser anwp-pg-post-teaser--inner-cover-link anwp-pg-post-teaser--layout-d d-flex flex-column swiper-slide anwp-pg-post-teaser--with-read-more \">\n\t<div class=\"anwp-pg-post-teaser__thumbnail position-relative\">\n\n\t\t\n\t\t\n\t\t\t\t\t<img loading=\"lazy\" class=\"anwp-pg-post-teaser__thumbnail-img d-block anwp-pg-height-180 anwp-object-cover m-0 w-100\"\n\t\t\t\talt=\"Pruebas futuristicas de Envases farmac\u00e9uticos para una poblaci\u00f3n m\u00e1s longeva.\"\n\t\t\t\tsrc=\"https:\/\/www.seliggroup.com\/wp-content\/uploads\/2022\/12\/future-proofing-pharmaceutical-packaging-1.png\"\/>\n\t\t\n\t\t<div class=\"anwp-pg-post-teaser__thumbnail-bg anwp-position-cover\"><\/div>\n\n\t\t<a class=\"anwp-position-cover anwp-link-without-effects\" href=\"https:\/\/www.seliggroup.com\/es\/pruebas-futuristicas-de-envases-farmaceuticos-para-una-poblacion-mas-longeva\/\" aria-hidden=\"true\" ><\/a>\n\t<\/div>\n\n\t<div class=\"anwp-pg-post-teaser__content flex-grow-1 pt-1 d-flex flex-column\">\n\n\t\t<div class=\"anwp-pg-post-teaser__title anwp-font-heading mt-2\">\n\t\t\t<a class=\"anwp-link-without-effects\" href=\"https:\/\/www.seliggroup.com\/es\/pruebas-futuristicas-de-envases-farmaceuticos-para-una-poblacion-mas-longeva\/\" aria-hidden=\"true\" >\n\t\t\t\tPruebas futuristicas de Envases farmac\u00e9uticos para una poblaci\u00f3n m\u00e1s longeva.\t\t\t<\/a>\n\t\t<\/div>\n\n\t\t<div class=\"anwp-pg-post-teaser__bottom-meta d-flex flex-wrap\">\n\n\t\t\t\n\t\t\t\t\t<\/div>\n\n\t\t\t\t\t<div class=\"anwp-pg-post-teaser__excerpt mb-2\">\n\t\t\t\tSelig ha desarrollado los liners Lift &#8216;n&#8217; Peel TamperSeal para envases de medicamentos que tienen caracter\u00edsticas similares a las del exitoso revestimiento por inducci\u00f3n Lift &#8216;n&#8217; Peel, el cual es ...\t\t\t<\/div>\n\t\t\n\t\t\t\t\t<div class=\"w-100 anwp-pg-read-more mt-auto\">\n\t\t\t\t<a href=\"https:\/\/www.seliggroup.com\/es\/pruebas-futuristicas-de-envases-farmaceuticos-para-una-poblacion-mas-longeva\/\" \t\t\t\t\tclass=\"anwp-pg-read-more__btn mt-3 mb-0 btn btn-sm btn-outline-info w-100 text-decoration-none\">\n\t\t\t\t\tRead More\t\t\t\t<\/a>\n\t\t\t<\/div>\n\t\t\n\t<\/div>\n\n<\/div>\n<div class=\"anwp-pg-post-teaser anwp-pg-post-teaser--inner-cover-link anwp-pg-post-teaser--layout-d d-flex flex-column swiper-slide anwp-pg-post-teaser--with-read-more \">\n\t<div class=\"anwp-pg-post-teaser__thumbnail position-relative\">\n\n\t\t\n\t\t\n\t\t\t\t\t<img loading=\"lazy\" class=\"anwp-pg-post-teaser__thumbnail-img d-block anwp-pg-height-180 anwp-object-cover m-0 w-100\"\n\t\t\t\talt=\"El sello Lift &#8216;n&#8217; Peel\u2122 ocupa el primer puesto en ustudio de consumidores\"\n\t\t\t\tsrc=\"https:\/\/www.seliggroup.com\/wp-content\/uploads\/2022\/12\/lift-n-peel-first-in-consumer-study-1.jpeg\"\/>\n\t\t\n\t\t<div class=\"anwp-pg-post-teaser__thumbnail-bg anwp-position-cover\"><\/div>\n\n\t\t<a class=\"anwp-position-cover anwp-link-without-effects\" href=\"https:\/\/www.seliggroup.com\/es\/el-sello-lift-n-peel-ocupa-el-primer-puesto-en-ustudio-de-consumidores\/\" aria-hidden=\"true\" ><\/a>\n\t<\/div>\n\n\t<div class=\"anwp-pg-post-teaser__content flex-grow-1 pt-1 d-flex flex-column\">\n\n\t\t<div class=\"anwp-pg-post-teaser__title anwp-font-heading mt-2\">\n\t\t\t<a class=\"anwp-link-without-effects\" href=\"https:\/\/www.seliggroup.com\/es\/el-sello-lift-n-peel-ocupa-el-primer-puesto-en-ustudio-de-consumidores\/\" aria-hidden=\"true\" >\n\t\t\t\tEl sello Lift &#8216;n&#8217; Peel\u2122 ocupa el primer puesto en ustudio de consumidores\t\t\t<\/a>\n\t\t<\/div>\n\n\t\t<div class=\"anwp-pg-post-teaser__bottom-meta d-flex flex-wrap\">\n\n\t\t\t\n\t\t\t\t\t<\/div>\n\n\t\t\t\t\t<div class=\"anwp-pg-post-teaser__excerpt mb-2\">\n\t\t\t\tEn un estudio de consumidores realizado recientemente, la seguridad, la prevenci\u00f3n de fugas y el mantenimiento de la frescura fueron valoradas como las caracter\u00edsticas de envasado m\u00e1s importantes. Lift &#8216;n ...\t\t\t<\/div>\n\t\t\n\t\t\t\t\t<div class=\"w-100 anwp-pg-read-more mt-auto\">\n\t\t\t\t<a href=\"https:\/\/www.seliggroup.com\/es\/el-sello-lift-n-peel-ocupa-el-primer-puesto-en-ustudio-de-consumidores\/\" \t\t\t\t\tclass=\"anwp-pg-read-more__btn mt-3 mb-0 btn btn-sm btn-outline-info w-100 text-decoration-none\">\n\t\t\t\t\tRead More\t\t\t\t<\/a>\n\t\t\t<\/div>\n\t\t\n\t<\/div>\n\n<\/div>\n<div class=\"anwp-pg-post-teaser anwp-pg-post-teaser--inner-cover-link anwp-pg-post-teaser--layout-d d-flex flex-column swiper-slide anwp-pg-post-teaser--with-read-more \">\n\t<div class=\"anwp-pg-post-teaser__thumbnail position-relative\">\n\n\t\t\n\t\t\n\t\t\t\t\t<img loading=\"lazy\" class=\"anwp-pg-post-teaser__thumbnail-img d-block anwp-pg-height-180 anwp-object-cover m-0 w-100\"\n\t\t\t\talt=\"El impacto del envasado en una Am\u00e9rica m\u00e1s longeva\"\n\t\t\t\tsrc=\"https:\/\/www.seliggroup.com\/wp-content\/uploads\/2022\/12\/the-impact-of-packaging-on-a-graying-america-1.png\"\/>\n\t\t\n\t\t<div class=\"anwp-pg-post-teaser__thumbnail-bg anwp-position-cover\"><\/div>\n\n\t\t<a class=\"anwp-position-cover anwp-link-without-effects\" href=\"https:\/\/www.seliggroup.com\/es\/el-impacto-del-envasado-en-una-america-mas-longeva\/\" aria-hidden=\"true\" ><\/a>\n\t<\/div>\n\n\t<div class=\"anwp-pg-post-teaser__content flex-grow-1 pt-1 d-flex flex-column\">\n\n\t\t<div class=\"anwp-pg-post-teaser__title anwp-font-heading mt-2\">\n\t\t\t<a class=\"anwp-link-without-effects\" href=\"https:\/\/www.seliggroup.com\/es\/el-impacto-del-envasado-en-una-america-mas-longeva\/\" aria-hidden=\"true\" >\n\t\t\t\tEl impacto del envasado en una Am\u00e9rica m\u00e1s longeva\t\t\t<\/a>\n\t\t<\/div>\n\n\t\t<div class=\"anwp-pg-post-teaser__bottom-meta d-flex flex-wrap\">\n\n\t\t\t\n\t\t\t\t\t<\/div>\n\n\t\t\t\t\t<div class=\"anwp-pg-post-teaser__excerpt mb-2\">\n\t\t\t\tDarren Dodd, Director de Marketing y Servicios de Selig Europa, explica qu\u00e9 puede hacer la industria del envasado para adaptarse a la longevidad de la poblaci\u00f3n en Europa.\t\t\t<\/div>\n\t\t\n\t\t\t\t\t<div class=\"w-100 anwp-pg-read-more mt-auto\">\n\t\t\t\t<a href=\"https:\/\/www.seliggroup.com\/es\/el-impacto-del-envasado-en-una-america-mas-longeva\/\" \t\t\t\t\tclass=\"anwp-pg-read-more__btn mt-3 mb-0 btn btn-sm btn-outline-info w-100 text-decoration-none\">\n\t\t\t\t\tRead More\t\t\t\t<\/a>\n\t\t\t<\/div>\n\t\t\n\t<\/div>\n\n<\/div>\n<div class=\"anwp-pg-post-teaser anwp-pg-post-teaser--inner-cover-link anwp-pg-post-teaser--layout-d d-flex flex-column swiper-slide anwp-pg-post-teaser--with-read-more \">\n\t<div class=\"anwp-pg-post-teaser__thumbnail position-relative\">\n\n\t\t\n\t\t\n\t\t\t\t\t<img loading=\"lazy\" class=\"anwp-pg-post-teaser__thumbnail-img d-block anwp-pg-height-180 anwp-object-cover m-0 w-100\"\n\t\t\t\talt=\"Precinto de garant\u00eda en envases para la industria m\u00e9dica\"\n\t\t\t\tsrc=\"https:\/\/www.seliggroup.com\/wp-content\/uploads\/2022\/12\/tamper-evidence-healthcare-packaging-1.gif\"\/>\n\t\t\n\t\t<div class=\"anwp-pg-post-teaser__thumbnail-bg anwp-position-cover\"><\/div>\n\n\t\t<a class=\"anwp-position-cover anwp-link-without-effects\" href=\"https:\/\/www.seliggroup.com\/es\/precinto-de-garantia-en-envases-para-la-industria-medica-2\/\" aria-hidden=\"true\" ><\/a>\n\t<\/div>\n\n\t<div class=\"anwp-pg-post-teaser__content flex-grow-1 pt-1 d-flex flex-column\">\n\n\t\t<div class=\"anwp-pg-post-teaser__title anwp-font-heading mt-2\">\n\t\t\t<a class=\"anwp-link-without-effects\" href=\"https:\/\/www.seliggroup.com\/es\/precinto-de-garantia-en-envases-para-la-industria-medica-2\/\" aria-hidden=\"true\" >\n\t\t\t\tPrecinto de garant\u00eda en envases para la industria m\u00e9dica\t\t\t<\/a>\n\t\t<\/div>\n\n\t\t<div class=\"anwp-pg-post-teaser__bottom-meta d-flex flex-wrap\">\n\n\t\t\t\n\t\t\t\t\t<\/div>\n\n\t\t\t\t\t<div class=\"anwp-pg-post-teaser__excerpt mb-2\">\n\t\t\t\tUna tecnolog\u00eda de eficaz probada para evitar la manipulaci\u00f3n de envases r\u00edgidos es el sellado de tapas por inducci\u00f3n. Este m\u00e9todo utiliza un liner laminado de varias capas en el ...\t\t\t<\/div>\n\t\t\n\t\t\t\t\t<div class=\"w-100 anwp-pg-read-more mt-auto\">\n\t\t\t\t<a href=\"https:\/\/www.seliggroup.com\/es\/precinto-de-garantia-en-envases-para-la-industria-medica-2\/\" \t\t\t\t\tclass=\"anwp-pg-read-more__btn mt-3 mb-0 btn btn-sm btn-outline-info w-100 text-decoration-none\">\n\t\t\t\t\tRead More\t\t\t\t<\/a>\n\t\t\t<\/div>\n\t\t\n\t<\/div>\n\n<\/div>\n<div class=\"anwp-pg-post-teaser anwp-pg-post-teaser--inner-cover-link anwp-pg-post-teaser--layout-d d-flex flex-column swiper-slide anwp-pg-post-teaser--with-read-more \">\n\t<div class=\"anwp-pg-post-teaser__thumbnail position-relative\">\n\n\t\t\n\t\t\n\t\t\t\t\t<img loading=\"lazy\" class=\"anwp-pg-post-teaser__thumbnail-img d-block anwp-pg-height-180 anwp-object-cover m-0 w-100\"\n\t\t\t\talt=\"Nuevo dise\u00f1o del pictograma de Lift &#8216;n&#8217; Peel\u2122\"\n\t\t\t\tsrc=\"https:\/\/www.seliggroup.com\/wp-content\/uploads\/2022\/12\/lift-n-peel-pictogram-redesign-1.gif\"\/>\n\t\t\n\t\t<div class=\"anwp-pg-post-teaser__thumbnail-bg anwp-position-cover\"><\/div>\n\n\t\t<a class=\"anwp-position-cover anwp-link-without-effects\" href=\"https:\/\/www.seliggroup.com\/es\/nuevo-diseno-del-pictograma-de-lift-n-peel\/\" aria-hidden=\"true\" ><\/a>\n\t<\/div>\n\n\t<div class=\"anwp-pg-post-teaser__content flex-grow-1 pt-1 d-flex flex-column\">\n\n\t\t<div class=\"anwp-pg-post-teaser__title anwp-font-heading mt-2\">\n\t\t\t<a class=\"anwp-link-without-effects\" href=\"https:\/\/www.seliggroup.com\/es\/nuevo-diseno-del-pictograma-de-lift-n-peel\/\" aria-hidden=\"true\" >\n\t\t\t\tNuevo dise\u00f1o del pictograma de Lift &#8216;n&#8217; Peel\u2122\t\t\t<\/a>\n\t\t<\/div>\n\n\t\t<div class=\"anwp-pg-post-teaser__bottom-meta d-flex flex-wrap\">\n\n\t\t\t\n\t\t\t\t\t<\/div>\n\n\t\t\t\t\t<div class=\"anwp-pg-post-teaser__excerpt mb-2\">\n\t\t\t\tSelig va a redise\u00f1ar los gr\u00e1ficos de sus liners para los envases de f\u00e1cil apertura Lift &#8216;n&#8217; Peel\u2122, despu\u00e9s de que varias encuestas en grupos de discusi\u00f3n dieran a conocer ...\t\t\t<\/div>\n\t\t\n\t\t\t\t\t<div class=\"w-100 anwp-pg-read-more mt-auto\">\n\t\t\t\t<a href=\"https:\/\/www.seliggroup.com\/es\/nuevo-diseno-del-pictograma-de-lift-n-peel\/\" \t\t\t\t\tclass=\"anwp-pg-read-more__btn mt-3 mb-0 btn btn-sm btn-outline-info w-100 text-decoration-none\">\n\t\t\t\t\tRead More\t\t\t\t<\/a>\n\t\t\t<\/div>\n\t\t\n\t<\/div>\n\n<\/div>\n<div class=\"anwp-pg-post-teaser anwp-pg-post-teaser--inner-cover-link anwp-pg-post-teaser--layout-d d-flex flex-column swiper-slide anwp-pg-post-teaser--with-read-more \">\n\t<div class=\"anwp-pg-post-teaser__thumbnail position-relative\">\n\n\t\t\n\t\t\n\t\t\t\t\t<img loading=\"lazy\" class=\"anwp-pg-post-teaser__thumbnail-img d-block anwp-pg-height-180 anwp-object-cover m-0 w-100\"\n\t\t\t\talt=\"Precinto de garant\u00eda: C\u00f3mo crear el envase perfecto\"\n\t\t\t\tsrc=\"https:\/\/www.seliggroup.com\/wp-content\/uploads\/2022\/11\/TamperSeal-LiftnPeel-1.jpg\"\/>\n\t\t\n\t\t<div class=\"anwp-pg-post-teaser__thumbnail-bg anwp-position-cover\"><\/div>\n\n\t\t<a class=\"anwp-position-cover anwp-link-without-effects\" href=\"https:\/\/www.seliggroup.com\/es\/precinto-de-garantia-como-crear-el-envase-perfecto\/\" aria-hidden=\"true\" ><\/a>\n\t<\/div>\n\n\t<div class=\"anwp-pg-post-teaser__content flex-grow-1 pt-1 d-flex flex-column\">\n\n\t\t<div class=\"anwp-pg-post-teaser__title anwp-font-heading mt-2\">\n\t\t\t<a class=\"anwp-link-without-effects\" href=\"https:\/\/www.seliggroup.com\/es\/precinto-de-garantia-como-crear-el-envase-perfecto\/\" aria-hidden=\"true\" >\n\t\t\t\tPrecinto de garant\u00eda: C\u00f3mo crear el envase perfecto\t\t\t<\/a>\n\t\t<\/div>\n\n\t\t<div class=\"anwp-pg-post-teaser__bottom-meta d-flex flex-wrap\">\n\n\t\t\t\n\t\t\t\t\t<\/div>\n\n\t\t\t\t\t<div class=\"anwp-pg-post-teaser__excerpt mb-2\">\n\t\t\t\tDarren Dodd, de Selig, explica c\u00f3mo un sellado t\u00e9rmico por inducci\u00f3n que utilice el liner con los materiales adecuados, puede mantener la frescura del producto, prolongar su vida \u00fatil y ...\t\t\t<\/div>\n\t\t\n\t\t\t\t\t<div class=\"w-100 anwp-pg-read-more mt-auto\">\n\t\t\t\t<a href=\"https:\/\/www.seliggroup.com\/es\/precinto-de-garantia-como-crear-el-envase-perfecto\/\" \t\t\t\t\tclass=\"anwp-pg-read-more__btn mt-3 mb-0 btn btn-sm btn-outline-info w-100 text-decoration-none\">\n\t\t\t\t\tRead More\t\t\t\t<\/a>\n\t\t\t<\/div>\n\t\t\n\t<\/div>\n\n<\/div>\n<div class=\"anwp-pg-post-teaser anwp-pg-post-teaser--inner-cover-link anwp-pg-post-teaser--layout-d d-flex flex-column swiper-slide anwp-pg-post-teaser--with-read-more \">\n\t<div class=\"anwp-pg-post-teaser__thumbnail position-relative\">\n\n\t\t\n\t\t\n\t\t\t\t\t<img loading=\"lazy\" class=\"anwp-pg-post-teaser__thumbnail-img d-block anwp-pg-height-180 anwp-object-cover m-0 w-100\"\n\t\t\t\talt=\"Avances de los sellos Safe-Gard\u2122 Plus Tamper-Evident\"\n\t\t\t\tsrc=\"https:\/\/www.seliggroup.com\/wp-content\/uploads\/2022\/12\/safe-gard-plus-upgrade-1.gif\"\/>\n\t\t\n\t\t<div class=\"anwp-pg-post-teaser__thumbnail-bg anwp-position-cover\"><\/div>\n\n\t\t<a class=\"anwp-position-cover anwp-link-without-effects\" href=\"https:\/\/www.seliggroup.com\/es\/avances-de-los-sellos-safe-gard-plus-tamper-evident\/\" aria-hidden=\"true\" ><\/a>\n\t<\/div>\n\n\t<div class=\"anwp-pg-post-teaser__content flex-grow-1 pt-1 d-flex flex-column\">\n\n\t\t<div class=\"anwp-pg-post-teaser__title anwp-font-heading mt-2\">\n\t\t\t<a class=\"anwp-link-without-effects\" href=\"https:\/\/www.seliggroup.com\/es\/avances-de-los-sellos-safe-gard-plus-tamper-evident\/\" aria-hidden=\"true\" >\n\t\t\t\tAvances de los sellos Safe-Gard\u2122 Plus Tamper-Evident\t\t\t<\/a>\n\t\t<\/div>\n\n\t\t<div class=\"anwp-pg-post-teaser__bottom-meta d-flex flex-wrap\">\n\n\t\t\t\n\t\t\t\t\t<\/div>\n\n\t\t\t\t\t<div class=\"anwp-pg-post-teaser__excerpt mb-2\">\n\t\t\t\tSelig ha lanzado una nueva gama de revestimientos de inducci\u00f3n laminados de cera de dos piezas que ofrece una protecci\u00f3n del envase sin igual en casi todos los entornos.\t\t\t<\/div>\n\t\t\n\t\t\t\t\t<div class=\"w-100 anwp-pg-read-more mt-auto\">\n\t\t\t\t<a href=\"https:\/\/www.seliggroup.com\/es\/avances-de-los-sellos-safe-gard-plus-tamper-evident\/\" \t\t\t\t\tclass=\"anwp-pg-read-more__btn mt-3 mb-0 btn btn-sm btn-outline-info w-100 text-decoration-none\">\n\t\t\t\t\tRead More\t\t\t\t<\/a>\n\t\t\t<\/div>\n\t\t\n\t<\/div>\n\n<\/div>\n\t\t<\/div>\n\n\t\t\t\t\t\t\t\t\t\t\t\t<div class=\"elementor-swiper-button elementor-swiper-button-prev\">\n\t\t\t\t\t<svg class=\"anwp-pg-icon anwp-pg-icon--feather anwp-pg-icon--s28\">\n\t\t\t\t\t\t<use xlink:href=\"#icon-anwp-pg-chevron-left\"><\/use>\n\t\t\t\t\t<\/svg>\n\t\t\t\t\t<span class=\"elementor-screen-only\">Previous<\/span>\n\t\t\t\t<\/div>\n\t\t\t\t<div class=\"elementor-swiper-button elementor-swiper-button-next\">\n\t\t\t\t\t<svg class=\"anwp-pg-icon anwp-pg-icon--feather anwp-pg-icon--s28\">\n\t\t\t\t\t\t<use xlink:href=\"#icon-anwp-pg-chevron-right\"><\/use>\n\t\t\t\t\t<\/svg>\n\t\t\t\t\t<span class=\"elementor-screen-only\">Next<\/span>\n\t\t\t\t<\/div>\n\t\t\t\t\t\t<\/div>\n<\/div>\n\t\t\t\t<\/div>\n\t\t\t\t<\/div>\n\t\t\t\t<\/div>\n\t\t\t\t<\/div>\n\t\t\t\t<\/div>\n\t\t","protected":false},"excerpt":{"rendered":"<p>Una poblaci\u00f3n mundial que envejece cada vez m\u00e1s lleg\u00f3 para quedarse y el sector del envasado debe garantizar que sus productos evolucionen constantemente para adaptarse a las necesidades de los adultos mayores y no pierdan relevancia.<\/p>\n","protected":false},"author":3,"featured_media":58435,"comment_status":"closed","ping_status":"closed","sticky":false,"template":"","format":"standard","meta":{"_acf_changed":false,"inline_featured_image":false,"_monsterinsights_skip_tracking":false,"_monsterinsights_sitenote_active":false,"_monsterinsights_sitenote_note":"","_monsterinsights_sitenote_category":0,"footnotes":"","_links_to":"","_links_to_target":""},"categories":[1924],"tags":[1729,1730,1734,1733,1732,1731],"class_list":["post-58434","post","type-post","status-publish","format-standard","has-post-thumbnail","hentry","category-documentos-tecnicos","tag-alimento","tag-bebida","tag-cuidado-de-la-salud","tag-cuidado-personal","tag-quimico-e-industrial","tag-vinos-y-licores"],"acf":[],"yoast_head":"<!-- This site is optimized with the Yoast SEO plugin v27.4 - https:\/\/yoast.com\/product\/yoast-seo-wordpress\/ -->\n<title>El Envasado y las Necesidades de Una Poblaci\u00f3n Mundial Que Envejece - Selig Group<\/title>\n<meta name=\"robots\" content=\"index, follow, max-snippet:-1, max-image-preview:large, max-video-preview:-1\" \/>\n<link rel=\"canonical\" href=\"https:\/\/www.seliggroup.com\/es\/el-envasado-y-las-necesidades-de-una-poblacion-mundial-que-envejece\/\" \/>\n<meta property=\"og:locale\" content=\"es_ES\" \/>\n<meta property=\"og:type\" content=\"article\" \/>\n<meta property=\"og:title\" content=\"El Envasado y las Necesidades de Una Poblaci\u00f3n Mundial Que Envejece - Selig Group\" \/>\n<meta property=\"og:description\" content=\"Una poblaci\u00f3n mundial que envejece cada vez m\u00e1s lleg\u00f3 para quedarse y el sector del envasado debe garantizar que sus productos evolucionen constantemente para adaptarse a las necesidades de los adultos mayores y no pierdan relevancia.\" \/>\n<meta property=\"og:url\" content=\"https:\/\/www.seliggroup.com\/es\/el-envasado-y-las-necesidades-de-una-poblacion-mundial-que-envejece\/\" \/>\n<meta property=\"og:site_name\" content=\"Selig Group\" \/>\n<meta property=\"article:published_time\" content=\"2020-03-09T16:51:20+00:00\" \/>\n<meta property=\"article:modified_time\" content=\"2023-05-20T12:27:20+00:00\" \/>\n<meta property=\"og:image\" content=\"https:\/\/www.seliggroup.com\/wp-content\/uploads\/2022\/11\/white-paper-packaging-and-the-needs-of-an-ageing-global-population-1.png\" \/>\n\t<meta property=\"og:image:width\" content=\"350\" \/>\n\t<meta property=\"og:image:height\" content=\"185\" \/>\n\t<meta property=\"og:image:type\" content=\"image\/png\" \/>\n<meta name=\"author\" content=\"Amabel Ryan\" \/>\n<meta name=\"twitter:card\" content=\"summary_large_image\" \/>\n<meta name=\"twitter:label1\" content=\"Escrito por\" \/>\n\t<meta name=\"twitter:data1\" content=\"Amabel Ryan\" \/>\n\t<meta name=\"twitter:label2\" content=\"Tiempo de lectura\" \/>\n\t<meta name=\"twitter:data2\" content=\"17 minutos\" \/>\n<script type=\"application\/ld+json\" class=\"yoast-schema-graph\">{\"@context\":\"https:\\\/\\\/schema.org\",\"@graph\":[{\"@type\":\"Article\",\"@id\":\"https:\\\/\\\/www.seliggroup.com\\\/es\\\/el-envasado-y-las-necesidades-de-una-poblacion-mundial-que-envejece\\\/#article\",\"isPartOf\":{\"@id\":\"https:\\\/\\\/www.seliggroup.com\\\/es\\\/el-envasado-y-las-necesidades-de-una-poblacion-mundial-que-envejece\\\/\"},\"author\":{\"name\":\"Amabel Ryan\",\"@id\":\"https:\\\/\\\/www.seliggroup.com\\\/es\\\/#\\\/schema\\\/person\\\/e7b30b0f09d9837fcb675cbf121c4fbb\"},\"headline\":\"El Envasado y las Necesidades de Una Poblaci\u00f3n Mundial Que Envejece\",\"datePublished\":\"2020-03-09T16:51:20+00:00\",\"dateModified\":\"2023-05-20T12:27:20+00:00\",\"mainEntityOfPage\":{\"@id\":\"https:\\\/\\\/www.seliggroup.com\\\/es\\\/el-envasado-y-las-necesidades-de-una-poblacion-mundial-que-envejece\\\/\"},\"wordCount\":3386,\"publisher\":{\"@id\":\"https:\\\/\\\/www.seliggroup.com\\\/es\\\/#organization\"},\"image\":{\"@id\":\"https:\\\/\\\/www.seliggroup.com\\\/es\\\/el-envasado-y-las-necesidades-de-una-poblacion-mundial-que-envejece\\\/#primaryimage\"},\"thumbnailUrl\":\"https:\\\/\\\/www.seliggroup.com\\\/wp-content\\\/uploads\\\/2022\\\/11\\\/white-paper-packaging-and-the-needs-of-an-ageing-global-population-1.png\",\"keywords\":[\"Alimento\",\"Bebida\",\"Cuidado de la salud\",\"Cuidado personal\",\"Qu\u00edmico e Industrial\",\"Vinos y licores\"],\"articleSection\":[\"Documentos T\u00e9cnicos\"],\"inLanguage\":\"es\"},{\"@type\":\"WebPage\",\"@id\":\"https:\\\/\\\/www.seliggroup.com\\\/es\\\/el-envasado-y-las-necesidades-de-una-poblacion-mundial-que-envejece\\\/\",\"url\":\"https:\\\/\\\/www.seliggroup.com\\\/es\\\/el-envasado-y-las-necesidades-de-una-poblacion-mundial-que-envejece\\\/\",\"name\":\"El Envasado y las Necesidades de Una Poblaci\u00f3n Mundial Que Envejece - Selig Group\",\"isPartOf\":{\"@id\":\"https:\\\/\\\/www.seliggroup.com\\\/es\\\/#website\"},\"primaryImageOfPage\":{\"@id\":\"https:\\\/\\\/www.seliggroup.com\\\/es\\\/el-envasado-y-las-necesidades-de-una-poblacion-mundial-que-envejece\\\/#primaryimage\"},\"image\":{\"@id\":\"https:\\\/\\\/www.seliggroup.com\\\/es\\\/el-envasado-y-las-necesidades-de-una-poblacion-mundial-que-envejece\\\/#primaryimage\"},\"thumbnailUrl\":\"https:\\\/\\\/www.seliggroup.com\\\/wp-content\\\/uploads\\\/2022\\\/11\\\/white-paper-packaging-and-the-needs-of-an-ageing-global-population-1.png\",\"datePublished\":\"2020-03-09T16:51:20+00:00\",\"dateModified\":\"2023-05-20T12:27:20+00:00\",\"breadcrumb\":{\"@id\":\"https:\\\/\\\/www.seliggroup.com\\\/es\\\/el-envasado-y-las-necesidades-de-una-poblacion-mundial-que-envejece\\\/#breadcrumb\"},\"inLanguage\":\"es\",\"potentialAction\":[{\"@type\":\"ReadAction\",\"target\":[\"https:\\\/\\\/www.seliggroup.com\\\/es\\\/el-envasado-y-las-necesidades-de-una-poblacion-mundial-que-envejece\\\/\"]}]},{\"@type\":\"ImageObject\",\"inLanguage\":\"es\",\"@id\":\"https:\\\/\\\/www.seliggroup.com\\\/es\\\/el-envasado-y-las-necesidades-de-una-poblacion-mundial-que-envejece\\\/#primaryimage\",\"url\":\"https:\\\/\\\/www.seliggroup.com\\\/wp-content\\\/uploads\\\/2022\\\/11\\\/white-paper-packaging-and-the-needs-of-an-ageing-global-population-1.png\",\"contentUrl\":\"https:\\\/\\\/www.seliggroup.com\\\/wp-content\\\/uploads\\\/2022\\\/11\\\/white-paper-packaging-and-the-needs-of-an-ageing-global-population-1.png\",\"width\":350,\"height\":185},{\"@type\":\"BreadcrumbList\",\"@id\":\"https:\\\/\\\/www.seliggroup.com\\\/es\\\/el-envasado-y-las-necesidades-de-una-poblacion-mundial-que-envejece\\\/#breadcrumb\",\"itemListElement\":[{\"@type\":\"ListItem\",\"position\":1,\"name\":\"Home\",\"item\":\"https:\\\/\\\/www.seliggroup.com\\\/es\\\/\"},{\"@type\":\"ListItem\",\"position\":2,\"name\":\"El Envasado y las Necesidades de Una Poblaci\u00f3n Mundial Que Envejece\"}]},{\"@type\":\"WebSite\",\"@id\":\"https:\\\/\\\/www.seliggroup.com\\\/es\\\/#website\",\"url\":\"https:\\\/\\\/www.seliggroup.com\\\/es\\\/\",\"name\":\"Selig Group\",\"description\":\"Selig Group is a reliable and experienced partner in the global packaging industry, offering quality sealing, venting, flexible packaging, and protection.\",\"publisher\":{\"@id\":\"https:\\\/\\\/www.seliggroup.com\\\/es\\\/#organization\"},\"potentialAction\":[{\"@type\":\"SearchAction\",\"target\":{\"@type\":\"EntryPoint\",\"urlTemplate\":\"https:\\\/\\\/www.seliggroup.com\\\/es\\\/?s={search_term_string}\"},\"query-input\":{\"@type\":\"PropertyValueSpecification\",\"valueRequired\":true,\"valueName\":\"search_term_string\"}}],\"inLanguage\":\"es\"},{\"@type\":\"Organization\",\"@id\":\"https:\\\/\\\/www.seliggroup.com\\\/es\\\/#organization\",\"name\":\"Selig Group\",\"alternateName\":\"Selig\",\"url\":\"https:\\\/\\\/www.seliggroup.com\\\/es\\\/\",\"logo\":{\"@type\":\"ImageObject\",\"inLanguage\":\"es\",\"@id\":\"https:\\\/\\\/www.seliggroup.com\\\/es\\\/#\\\/schema\\\/logo\\\/image\\\/\",\"url\":\"https:\\\/\\\/www.seliggroup.com\\\/wp-content\\\/uploads\\\/2022\\\/12\\\/SeligGroupLogo_CMYK.jpg\",\"contentUrl\":\"https:\\\/\\\/www.seliggroup.com\\\/wp-content\\\/uploads\\\/2022\\\/12\\\/SeligGroupLogo_CMYK.jpg\",\"width\":720,\"height\":336,\"caption\":\"Selig Group\"},\"image\":{\"@id\":\"https:\\\/\\\/www.seliggroup.com\\\/es\\\/#\\\/schema\\\/logo\\\/image\\\/\"}},{\"@type\":\"Person\",\"@id\":\"https:\\\/\\\/www.seliggroup.com\\\/es\\\/#\\\/schema\\\/person\\\/e7b30b0f09d9837fcb675cbf121c4fbb\",\"name\":\"Amabel Ryan\",\"image\":{\"@type\":\"ImageObject\",\"inLanguage\":\"es\",\"@id\":\"https:\\\/\\\/secure.gravatar.com\\\/avatar\\\/7d52e3df607aef380a78d81ab14c17008cd9bd5b734b307bc1911e2175ab4de9?s=96&d=mm&r=g\",\"url\":\"https:\\\/\\\/secure.gravatar.com\\\/avatar\\\/7d52e3df607aef380a78d81ab14c17008cd9bd5b734b307bc1911e2175ab4de9?s=96&d=mm&r=g\",\"contentUrl\":\"https:\\\/\\\/secure.gravatar.com\\\/avatar\\\/7d52e3df607aef380a78d81ab14c17008cd9bd5b734b307bc1911e2175ab4de9?s=96&d=mm&r=g\",\"caption\":\"Amabel Ryan\"}}]}<\/script>\n<!-- \/ Yoast SEO plugin. -->","yoast_head_json":{"title":"El Envasado y las Necesidades de Una Poblaci\u00f3n Mundial Que Envejece - Selig Group","robots":{"index":"index","follow":"follow","max-snippet":"max-snippet:-1","max-image-preview":"max-image-preview:large","max-video-preview":"max-video-preview:-1"},"canonical":"https:\/\/www.seliggroup.com\/es\/el-envasado-y-las-necesidades-de-una-poblacion-mundial-que-envejece\/","og_locale":"es_ES","og_type":"article","og_title":"El Envasado y las Necesidades de Una Poblaci\u00f3n Mundial Que Envejece - Selig Group","og_description":"Una poblaci\u00f3n mundial que envejece cada vez m\u00e1s lleg\u00f3 para quedarse y el sector del envasado debe garantizar que sus productos evolucionen constantemente para adaptarse a las necesidades de los adultos mayores y no pierdan relevancia.","og_url":"https:\/\/www.seliggroup.com\/es\/el-envasado-y-las-necesidades-de-una-poblacion-mundial-que-envejece\/","og_site_name":"Selig Group","article_published_time":"2020-03-09T16:51:20+00:00","article_modified_time":"2023-05-20T12:27:20+00:00","og_image":[{"width":350,"height":185,"url":"https:\/\/www.seliggroup.com\/wp-content\/uploads\/2022\/11\/white-paper-packaging-and-the-needs-of-an-ageing-global-population-1.png","type":"image\/png"}],"author":"Amabel Ryan","twitter_card":"summary_large_image","twitter_misc":{"Escrito por":"Amabel Ryan","Tiempo de lectura":"17 minutos"},"schema":{"@context":"https:\/\/schema.org","@graph":[{"@type":"Article","@id":"https:\/\/www.seliggroup.com\/es\/el-envasado-y-las-necesidades-de-una-poblacion-mundial-que-envejece\/#article","isPartOf":{"@id":"https:\/\/www.seliggroup.com\/es\/el-envasado-y-las-necesidades-de-una-poblacion-mundial-que-envejece\/"},"author":{"name":"Amabel Ryan","@id":"https:\/\/www.seliggroup.com\/es\/#\/schema\/person\/e7b30b0f09d9837fcb675cbf121c4fbb"},"headline":"El Envasado y las Necesidades de Una Poblaci\u00f3n Mundial Que Envejece","datePublished":"2020-03-09T16:51:20+00:00","dateModified":"2023-05-20T12:27:20+00:00","mainEntityOfPage":{"@id":"https:\/\/www.seliggroup.com\/es\/el-envasado-y-las-necesidades-de-una-poblacion-mundial-que-envejece\/"},"wordCount":3386,"publisher":{"@id":"https:\/\/www.seliggroup.com\/es\/#organization"},"image":{"@id":"https:\/\/www.seliggroup.com\/es\/el-envasado-y-las-necesidades-de-una-poblacion-mundial-que-envejece\/#primaryimage"},"thumbnailUrl":"https:\/\/www.seliggroup.com\/wp-content\/uploads\/2022\/11\/white-paper-packaging-and-the-needs-of-an-ageing-global-population-1.png","keywords":["Alimento","Bebida","Cuidado de la salud","Cuidado personal","Qu\u00edmico e Industrial","Vinos y licores"],"articleSection":["Documentos T\u00e9cnicos"],"inLanguage":"es"},{"@type":"WebPage","@id":"https:\/\/www.seliggroup.com\/es\/el-envasado-y-las-necesidades-de-una-poblacion-mundial-que-envejece\/","url":"https:\/\/www.seliggroup.com\/es\/el-envasado-y-las-necesidades-de-una-poblacion-mundial-que-envejece\/","name":"El Envasado y las Necesidades de Una Poblaci\u00f3n Mundial Que Envejece - Selig Group","isPartOf":{"@id":"https:\/\/www.seliggroup.com\/es\/#website"},"primaryImageOfPage":{"@id":"https:\/\/www.seliggroup.com\/es\/el-envasado-y-las-necesidades-de-una-poblacion-mundial-que-envejece\/#primaryimage"},"image":{"@id":"https:\/\/www.seliggroup.com\/es\/el-envasado-y-las-necesidades-de-una-poblacion-mundial-que-envejece\/#primaryimage"},"thumbnailUrl":"https:\/\/www.seliggroup.com\/wp-content\/uploads\/2022\/11\/white-paper-packaging-and-the-needs-of-an-ageing-global-population-1.png","datePublished":"2020-03-09T16:51:20+00:00","dateModified":"2023-05-20T12:27:20+00:00","breadcrumb":{"@id":"https:\/\/www.seliggroup.com\/es\/el-envasado-y-las-necesidades-de-una-poblacion-mundial-que-envejece\/#breadcrumb"},"inLanguage":"es","potentialAction":[{"@type":"ReadAction","target":["https:\/\/www.seliggroup.com\/es\/el-envasado-y-las-necesidades-de-una-poblacion-mundial-que-envejece\/"]}]},{"@type":"ImageObject","inLanguage":"es","@id":"https:\/\/www.seliggroup.com\/es\/el-envasado-y-las-necesidades-de-una-poblacion-mundial-que-envejece\/#primaryimage","url":"https:\/\/www.seliggroup.com\/wp-content\/uploads\/2022\/11\/white-paper-packaging-and-the-needs-of-an-ageing-global-population-1.png","contentUrl":"https:\/\/www.seliggroup.com\/wp-content\/uploads\/2022\/11\/white-paper-packaging-and-the-needs-of-an-ageing-global-population-1.png","width":350,"height":185},{"@type":"BreadcrumbList","@id":"https:\/\/www.seliggroup.com\/es\/el-envasado-y-las-necesidades-de-una-poblacion-mundial-que-envejece\/#breadcrumb","itemListElement":[{"@type":"ListItem","position":1,"name":"Home","item":"https:\/\/www.seliggroup.com\/es\/"},{"@type":"ListItem","position":2,"name":"El Envasado y las Necesidades de Una Poblaci\u00f3n Mundial Que Envejece"}]},{"@type":"WebSite","@id":"https:\/\/www.seliggroup.com\/es\/#website","url":"https:\/\/www.seliggroup.com\/es\/","name":"Selig Group","description":"Selig Group is a reliable and experienced partner in the global packaging industry, offering quality sealing, venting, flexible packaging, and protection.","publisher":{"@id":"https:\/\/www.seliggroup.com\/es\/#organization"},"potentialAction":[{"@type":"SearchAction","target":{"@type":"EntryPoint","urlTemplate":"https:\/\/www.seliggroup.com\/es\/?s={search_term_string}"},"query-input":{"@type":"PropertyValueSpecification","valueRequired":true,"valueName":"search_term_string"}}],"inLanguage":"es"},{"@type":"Organization","@id":"https:\/\/www.seliggroup.com\/es\/#organization","name":"Selig Group","alternateName":"Selig","url":"https:\/\/www.seliggroup.com\/es\/","logo":{"@type":"ImageObject","inLanguage":"es","@id":"https:\/\/www.seliggroup.com\/es\/#\/schema\/logo\/image\/","url":"https:\/\/www.seliggroup.com\/wp-content\/uploads\/2022\/12\/SeligGroupLogo_CMYK.jpg","contentUrl":"https:\/\/www.seliggroup.com\/wp-content\/uploads\/2022\/12\/SeligGroupLogo_CMYK.jpg","width":720,"height":336,"caption":"Selig Group"},"image":{"@id":"https:\/\/www.seliggroup.com\/es\/#\/schema\/logo\/image\/"}},{"@type":"Person","@id":"https:\/\/www.seliggroup.com\/es\/#\/schema\/person\/e7b30b0f09d9837fcb675cbf121c4fbb","name":"Amabel Ryan","image":{"@type":"ImageObject","inLanguage":"es","@id":"https:\/\/secure.gravatar.com\/avatar\/7d52e3df607aef380a78d81ab14c17008cd9bd5b734b307bc1911e2175ab4de9?s=96&d=mm&r=g","url":"https:\/\/secure.gravatar.com\/avatar\/7d52e3df607aef380a78d81ab14c17008cd9bd5b734b307bc1911e2175ab4de9?s=96&d=mm&r=g","contentUrl":"https:\/\/secure.gravatar.com\/avatar\/7d52e3df607aef380a78d81ab14c17008cd9bd5b734b307bc1911e2175ab4de9?s=96&d=mm&r=g","caption":"Amabel Ryan"}}]}},"_links":{"self":[{"href":"https:\/\/www.seliggroup.com\/es\/wp-json\/wp\/v2\/posts\/58434","targetHints":{"allow":["GET"]}}],"collection":[{"href":"https:\/\/www.seliggroup.com\/es\/wp-json\/wp\/v2\/posts"}],"about":[{"href":"https:\/\/www.seliggroup.com\/es\/wp-json\/wp\/v2\/types\/post"}],"author":[{"embeddable":true,"href":"https:\/\/www.seliggroup.com\/es\/wp-json\/wp\/v2\/users\/3"}],"replies":[{"embeddable":true,"href":"https:\/\/www.seliggroup.com\/es\/wp-json\/wp\/v2\/comments?post=58434"}],"version-history":[{"count":0,"href":"https:\/\/www.seliggroup.com\/es\/wp-json\/wp\/v2\/posts\/58434\/revisions"}],"wp:featuredmedia":[{"embeddable":true,"href":"https:\/\/www.seliggroup.com\/es\/wp-json\/wp\/v2\/media\/58435"}],"wp:attachment":[{"href":"https:\/\/www.seliggroup.com\/es\/wp-json\/wp\/v2\/media?parent=58434"}],"wp:term":[{"taxonomy":"category","embeddable":true,"href":"https:\/\/www.seliggroup.com\/es\/wp-json\/wp\/v2\/categories?post=58434"},{"taxonomy":"post_tag","embeddable":true,"href":"https:\/\/www.seliggroup.com\/es\/wp-json\/wp\/v2\/tags?post=58434"}],"curies":[{"name":"wp","href":"https:\/\/api.w.org\/{rel}","templated":true}]}}