{"id":58592,"date":"2020-03-31T17:34:00","date_gmt":"2020-03-31T17:34:00","guid":{"rendered":"https:\/\/selig-group.com\/facil-acceso-la-necesidad-de-disenar-envases-inclusivos\/"},"modified":"2023-05-21T12:43:54","modified_gmt":"2023-05-21T12:43:54","slug":"facil-acceso-la-necesidad-de-disenar-envases-inclusivos","status":"publish","type":"post","link":"https:\/\/www.seliggroup.com\/es\/facil-acceso-la-necesidad-de-disenar-envases-inclusivos\/","title":{"rendered":"F\u00e1cil acceso: La necesidad de dise\u00f1ar envases inclusivos"},"content":{"rendered":"\n<p>Los envases deben ser s\u00f3lidos, con precinto de garant\u00eda y no deben tener ninguna fuga, pero debido a que la poblaci\u00f3n mundial es m\u00e1s longeva, tambi\u00e9n deben ser f\u00e1ciles de abrir. Esto puede ser un equilibrio algo dif\u00edcil de alcanzar, pero Selig demuestra que ya existe una soluci\u00f3n eficaz.<\/p>\n","protected":false},"excerpt":{"rendered":"<p>Los envases deben ser s\u00f3lidos, con precinto de garant\u00eda y no deben tener ninguna fuga, pero debido a que la poblaci\u00f3n mundial es m\u00e1s longeva, tambi\u00e9n deben ser f\u00e1ciles de abrir. Esto puede ser un equilibrio algo dif\u00edcil de alcanzar, pero Selig demuestra que ya existe una soluci\u00f3n eficaz.<\/p>\n","protected":false},"author":3,"featured_media":58593,"comment_status":"closed","ping_status":"closed","sticky":false,"template":"","format":"standard","meta":{"_acf_changed":false,"inline_featured_image":false,"_monsterinsights_skip_tracking":false,"_monsterinsights_sitenote_active":false,"_monsterinsights_sitenote_note":"","_monsterinsights_sitenote_category":0,"footnotes":"","_links_to":"","_links_to_target":""},"categories":[1918],"tags":[1729,1730,1734,1733,1732,1731],"class_list":["post-58592","post","type-post","status-publish","format-standard","has-post-thumbnail","hentry","category-noticias","tag-alimento","tag-bebida","tag-cuidado-de-la-salud","tag-cuidado-personal","tag-quimico-e-industrial","tag-vinos-y-licores"],"acf":[],"yoast_head":"<!-- This site is optimized with the Yoast SEO plugin v27.4 - https:\/\/yoast.com\/product\/yoast-seo-wordpress\/ -->\n<title>F\u00e1cil acceso: La necesidad de dise\u00f1ar envases inclusivos - Selig Group<\/title>\n<meta name=\"robots\" content=\"index, follow, max-snippet:-1, max-image-preview:large, max-video-preview:-1\" \/>\n<link rel=\"canonical\" href=\"https:\/\/www.seliggroup.com\/es\/facil-acceso-la-necesidad-de-disenar-envases-inclusivos\/\" \/>\n<meta property=\"og:locale\" content=\"es_ES\" \/>\n<meta property=\"og:type\" content=\"article\" \/>\n<meta property=\"og:title\" content=\"F\u00e1cil acceso: La necesidad de dise\u00f1ar envases inclusivos - Selig Group\" \/>\n<meta property=\"og:description\" content=\"Los envases deben ser s\u00f3lidos, con precinto de garant\u00eda y no deben tener ninguna fuga, pero debido a que la poblaci\u00f3n mundial es m\u00e1s longeva, tambi\u00e9n deben ser f\u00e1ciles de abrir. Esto puede ser un equilibrio algo dif\u00edcil de alcanzar, pero Selig demuestra que ya existe una soluci\u00f3n eficaz.\" \/>\n<meta property=\"og:url\" content=\"https:\/\/www.seliggroup.com\/es\/facil-acceso-la-necesidad-de-disenar-envases-inclusivos\/\" \/>\n<meta property=\"og:site_name\" content=\"Selig Group\" \/>\n<meta property=\"article:published_time\" content=\"2020-03-31T17:34:00+00:00\" \/>\n<meta property=\"article:modified_time\" content=\"2023-05-21T12:43:54+00:00\" \/>\n<meta property=\"og:image\" content=\"https:\/\/www.seliggroup.com\/wp-content\/uploads\/2022\/12\/easy-access-the-need-to-design-inclusive-packaging-1.png\" \/>\n\t<meta property=\"og:image:width\" content=\"350\" \/>\n\t<meta property=\"og:image:height\" content=\"185\" \/>\n\t<meta property=\"og:image:type\" content=\"image\/png\" \/>\n<meta name=\"author\" content=\"Amabel Ryan\" \/>\n<meta name=\"twitter:card\" content=\"summary_large_image\" \/>\n<meta name=\"twitter:label1\" content=\"Escrito por\" \/>\n\t<meta name=\"twitter:data1\" content=\"Amabel Ryan\" \/>\n<script type=\"application\/ld+json\" class=\"yoast-schema-graph\">{\"@context\":\"https:\\\/\\\/schema.org\",\"@graph\":[{\"@type\":\"Article\",\"@id\":\"https:\\\/\\\/www.seliggroup.com\\\/es\\\/facil-acceso-la-necesidad-de-disenar-envases-inclusivos\\\/#article\",\"isPartOf\":{\"@id\":\"https:\\\/\\\/www.seliggroup.com\\\/es\\\/facil-acceso-la-necesidad-de-disenar-envases-inclusivos\\\/\"},\"author\":{\"name\":\"Amabel Ryan\",\"@id\":\"https:\\\/\\\/www.seliggroup.com\\\/es\\\/#\\\/schema\\\/person\\\/e7b30b0f09d9837fcb675cbf121c4fbb\"},\"headline\":\"F\u00e1cil acceso: La necesidad de dise\u00f1ar envases inclusivos\",\"datePublished\":\"2020-03-31T17:34:00+00:00\",\"dateModified\":\"2023-05-21T12:43:54+00:00\",\"mainEntityOfPage\":{\"@id\":\"https:\\\/\\\/www.seliggroup.com\\\/es\\\/facil-acceso-la-necesidad-de-disenar-envases-inclusivos\\\/\"},\"wordCount\":67,\"publisher\":{\"@id\":\"https:\\\/\\\/www.seliggroup.com\\\/es\\\/#organization\"},\"image\":{\"@id\":\"https:\\\/\\\/www.seliggroup.com\\\/es\\\/facil-acceso-la-necesidad-de-disenar-envases-inclusivos\\\/#primaryimage\"},\"thumbnailUrl\":\"https:\\\/\\\/www.seliggroup.com\\\/wp-content\\\/uploads\\\/2022\\\/12\\\/easy-access-the-need-to-design-inclusive-packaging-1.png\",\"keywords\":[\"Alimento\",\"Bebida\",\"Cuidado de la salud\",\"Cuidado personal\",\"Qu\u00edmico e Industrial\",\"Vinos y licores\"],\"articleSection\":[\"Noticias\"],\"inLanguage\":\"es\"},{\"@type\":\"WebPage\",\"@id\":\"https:\\\/\\\/www.seliggroup.com\\\/es\\\/facil-acceso-la-necesidad-de-disenar-envases-inclusivos\\\/\",\"url\":\"https:\\\/\\\/www.seliggroup.com\\\/es\\\/facil-acceso-la-necesidad-de-disenar-envases-inclusivos\\\/\",\"name\":\"F\u00e1cil acceso: La necesidad de dise\u00f1ar envases inclusivos - Selig Group\",\"isPartOf\":{\"@id\":\"https:\\\/\\\/www.seliggroup.com\\\/es\\\/#website\"},\"primaryImageOfPage\":{\"@id\":\"https:\\\/\\\/www.seliggroup.com\\\/es\\\/facil-acceso-la-necesidad-de-disenar-envases-inclusivos\\\/#primaryimage\"},\"image\":{\"@id\":\"https:\\\/\\\/www.seliggroup.com\\\/es\\\/facil-acceso-la-necesidad-de-disenar-envases-inclusivos\\\/#primaryimage\"},\"thumbnailUrl\":\"https:\\\/\\\/www.seliggroup.com\\\/wp-content\\\/uploads\\\/2022\\\/12\\\/easy-access-the-need-to-design-inclusive-packaging-1.png\",\"datePublished\":\"2020-03-31T17:34:00+00:00\",\"dateModified\":\"2023-05-21T12:43:54+00:00\",\"breadcrumb\":{\"@id\":\"https:\\\/\\\/www.seliggroup.com\\\/es\\\/facil-acceso-la-necesidad-de-disenar-envases-inclusivos\\\/#breadcrumb\"},\"inLanguage\":\"es\",\"potentialAction\":[{\"@type\":\"ReadAction\",\"target\":[\"https:\\\/\\\/www.seliggroup.com\\\/es\\\/facil-acceso-la-necesidad-de-disenar-envases-inclusivos\\\/\"]}]},{\"@type\":\"ImageObject\",\"inLanguage\":\"es\",\"@id\":\"https:\\\/\\\/www.seliggroup.com\\\/es\\\/facil-acceso-la-necesidad-de-disenar-envases-inclusivos\\\/#primaryimage\",\"url\":\"https:\\\/\\\/www.seliggroup.com\\\/wp-content\\\/uploads\\\/2022\\\/12\\\/easy-access-the-need-to-design-inclusive-packaging-1.png\",\"contentUrl\":\"https:\\\/\\\/www.seliggroup.com\\\/wp-content\\\/uploads\\\/2022\\\/12\\\/easy-access-the-need-to-design-inclusive-packaging-1.png\",\"width\":350,\"height\":185},{\"@type\":\"BreadcrumbList\",\"@id\":\"https:\\\/\\\/www.seliggroup.com\\\/es\\\/facil-acceso-la-necesidad-de-disenar-envases-inclusivos\\\/#breadcrumb\",\"itemListElement\":[{\"@type\":\"ListItem\",\"position\":1,\"name\":\"Home\",\"item\":\"https:\\\/\\\/www.seliggroup.com\\\/es\\\/\"},{\"@type\":\"ListItem\",\"position\":2,\"name\":\"F\u00e1cil acceso: La necesidad de dise\u00f1ar envases inclusivos\"}]},{\"@type\":\"WebSite\",\"@id\":\"https:\\\/\\\/www.seliggroup.com\\\/es\\\/#website\",\"url\":\"https:\\\/\\\/www.seliggroup.com\\\/es\\\/\",\"name\":\"Selig Group\",\"description\":\"Selig Group is a reliable and experienced partner in the global packaging industry, offering quality sealing, venting, flexible packaging, and protection.\",\"publisher\":{\"@id\":\"https:\\\/\\\/www.seliggroup.com\\\/es\\\/#organization\"},\"potentialAction\":[{\"@type\":\"SearchAction\",\"target\":{\"@type\":\"EntryPoint\",\"urlTemplate\":\"https:\\\/\\\/www.seliggroup.com\\\/es\\\/?s={search_term_string}\"},\"query-input\":{\"@type\":\"PropertyValueSpecification\",\"valueRequired\":true,\"valueName\":\"search_term_string\"}}],\"inLanguage\":\"es\"},{\"@type\":\"Organization\",\"@id\":\"https:\\\/\\\/www.seliggroup.com\\\/es\\\/#organization\",\"name\":\"Selig Group\",\"alternateName\":\"Selig\",\"url\":\"https:\\\/\\\/www.seliggroup.com\\\/es\\\/\",\"logo\":{\"@type\":\"ImageObject\",\"inLanguage\":\"es\",\"@id\":\"https:\\\/\\\/www.seliggroup.com\\\/es\\\/#\\\/schema\\\/logo\\\/image\\\/\",\"url\":\"https:\\\/\\\/www.seliggroup.com\\\/wp-content\\\/uploads\\\/2022\\\/12\\\/SeligGroupLogo_CMYK.jpg\",\"contentUrl\":\"https:\\\/\\\/www.seliggroup.com\\\/wp-content\\\/uploads\\\/2022\\\/12\\\/SeligGroupLogo_CMYK.jpg\",\"width\":720,\"height\":336,\"caption\":\"Selig Group\"},\"image\":{\"@id\":\"https:\\\/\\\/www.seliggroup.com\\\/es\\\/#\\\/schema\\\/logo\\\/image\\\/\"}},{\"@type\":\"Person\",\"@id\":\"https:\\\/\\\/www.seliggroup.com\\\/es\\\/#\\\/schema\\\/person\\\/e7b30b0f09d9837fcb675cbf121c4fbb\",\"name\":\"Amabel Ryan\",\"image\":{\"@type\":\"ImageObject\",\"inLanguage\":\"es\",\"@id\":\"https:\\\/\\\/secure.gravatar.com\\\/avatar\\\/7d52e3df607aef380a78d81ab14c17008cd9bd5b734b307bc1911e2175ab4de9?s=96&d=mm&r=g\",\"url\":\"https:\\\/\\\/secure.gravatar.com\\\/avatar\\\/7d52e3df607aef380a78d81ab14c17008cd9bd5b734b307bc1911e2175ab4de9?s=96&d=mm&r=g\",\"contentUrl\":\"https:\\\/\\\/secure.gravatar.com\\\/avatar\\\/7d52e3df607aef380a78d81ab14c17008cd9bd5b734b307bc1911e2175ab4de9?s=96&d=mm&r=g\",\"caption\":\"Amabel Ryan\"}}]}<\/script>\n<!-- \/ Yoast SEO plugin. -->","yoast_head_json":{"title":"F\u00e1cil acceso: La necesidad de dise\u00f1ar envases inclusivos - Selig Group","robots":{"index":"index","follow":"follow","max-snippet":"max-snippet:-1","max-image-preview":"max-image-preview:large","max-video-preview":"max-video-preview:-1"},"canonical":"https:\/\/www.seliggroup.com\/es\/facil-acceso-la-necesidad-de-disenar-envases-inclusivos\/","og_locale":"es_ES","og_type":"article","og_title":"F\u00e1cil acceso: La necesidad de dise\u00f1ar envases inclusivos - Selig Group","og_description":"Los envases deben ser s\u00f3lidos, con precinto de garant\u00eda y no deben tener ninguna fuga, pero debido a que la poblaci\u00f3n mundial es m\u00e1s longeva, tambi\u00e9n deben ser f\u00e1ciles de abrir. Esto puede ser un equilibrio algo dif\u00edcil de alcanzar, pero Selig demuestra que ya existe una soluci\u00f3n eficaz.","og_url":"https:\/\/www.seliggroup.com\/es\/facil-acceso-la-necesidad-de-disenar-envases-inclusivos\/","og_site_name":"Selig Group","article_published_time":"2020-03-31T17:34:00+00:00","article_modified_time":"2023-05-21T12:43:54+00:00","og_image":[{"width":350,"height":185,"url":"https:\/\/www.seliggroup.com\/wp-content\/uploads\/2022\/12\/easy-access-the-need-to-design-inclusive-packaging-1.png","type":"image\/png"}],"author":"Amabel Ryan","twitter_card":"summary_large_image","twitter_misc":{"Escrito por":"Amabel Ryan"},"schema":{"@context":"https:\/\/schema.org","@graph":[{"@type":"Article","@id":"https:\/\/www.seliggroup.com\/es\/facil-acceso-la-necesidad-de-disenar-envases-inclusivos\/#article","isPartOf":{"@id":"https:\/\/www.seliggroup.com\/es\/facil-acceso-la-necesidad-de-disenar-envases-inclusivos\/"},"author":{"name":"Amabel Ryan","@id":"https:\/\/www.seliggroup.com\/es\/#\/schema\/person\/e7b30b0f09d9837fcb675cbf121c4fbb"},"headline":"F\u00e1cil acceso: La necesidad de dise\u00f1ar envases inclusivos","datePublished":"2020-03-31T17:34:00+00:00","dateModified":"2023-05-21T12:43:54+00:00","mainEntityOfPage":{"@id":"https:\/\/www.seliggroup.com\/es\/facil-acceso-la-necesidad-de-disenar-envases-inclusivos\/"},"wordCount":67,"publisher":{"@id":"https:\/\/www.seliggroup.com\/es\/#organization"},"image":{"@id":"https:\/\/www.seliggroup.com\/es\/facil-acceso-la-necesidad-de-disenar-envases-inclusivos\/#primaryimage"},"thumbnailUrl":"https:\/\/www.seliggroup.com\/wp-content\/uploads\/2022\/12\/easy-access-the-need-to-design-inclusive-packaging-1.png","keywords":["Alimento","Bebida","Cuidado de la salud","Cuidado personal","Qu\u00edmico e Industrial","Vinos y licores"],"articleSection":["Noticias"],"inLanguage":"es"},{"@type":"WebPage","@id":"https:\/\/www.seliggroup.com\/es\/facil-acceso-la-necesidad-de-disenar-envases-inclusivos\/","url":"https:\/\/www.seliggroup.com\/es\/facil-acceso-la-necesidad-de-disenar-envases-inclusivos\/","name":"F\u00e1cil acceso: La necesidad de dise\u00f1ar envases inclusivos - Selig Group","isPartOf":{"@id":"https:\/\/www.seliggroup.com\/es\/#website"},"primaryImageOfPage":{"@id":"https:\/\/www.seliggroup.com\/es\/facil-acceso-la-necesidad-de-disenar-envases-inclusivos\/#primaryimage"},"image":{"@id":"https:\/\/www.seliggroup.com\/es\/facil-acceso-la-necesidad-de-disenar-envases-inclusivos\/#primaryimage"},"thumbnailUrl":"https:\/\/www.seliggroup.com\/wp-content\/uploads\/2022\/12\/easy-access-the-need-to-design-inclusive-packaging-1.png","datePublished":"2020-03-31T17:34:00+00:00","dateModified":"2023-05-21T12:43:54+00:00","breadcrumb":{"@id":"https:\/\/www.seliggroup.com\/es\/facil-acceso-la-necesidad-de-disenar-envases-inclusivos\/#breadcrumb"},"inLanguage":"es","potentialAction":[{"@type":"ReadAction","target":["https:\/\/www.seliggroup.com\/es\/facil-acceso-la-necesidad-de-disenar-envases-inclusivos\/"]}]},{"@type":"ImageObject","inLanguage":"es","@id":"https:\/\/www.seliggroup.com\/es\/facil-acceso-la-necesidad-de-disenar-envases-inclusivos\/#primaryimage","url":"https:\/\/www.seliggroup.com\/wp-content\/uploads\/2022\/12\/easy-access-the-need-to-design-inclusive-packaging-1.png","contentUrl":"https:\/\/www.seliggroup.com\/wp-content\/uploads\/2022\/12\/easy-access-the-need-to-design-inclusive-packaging-1.png","width":350,"height":185},{"@type":"BreadcrumbList","@id":"https:\/\/www.seliggroup.com\/es\/facil-acceso-la-necesidad-de-disenar-envases-inclusivos\/#breadcrumb","itemListElement":[{"@type":"ListItem","position":1,"name":"Home","item":"https:\/\/www.seliggroup.com\/es\/"},{"@type":"ListItem","position":2,"name":"F\u00e1cil acceso: La necesidad de dise\u00f1ar envases inclusivos"}]},{"@type":"WebSite","@id":"https:\/\/www.seliggroup.com\/es\/#website","url":"https:\/\/www.seliggroup.com\/es\/","name":"Selig Group","description":"Selig Group is a reliable and experienced partner in the global packaging industry, offering quality sealing, venting, flexible packaging, and protection.","publisher":{"@id":"https:\/\/www.seliggroup.com\/es\/#organization"},"potentialAction":[{"@type":"SearchAction","target":{"@type":"EntryPoint","urlTemplate":"https:\/\/www.seliggroup.com\/es\/?s={search_term_string}"},"query-input":{"@type":"PropertyValueSpecification","valueRequired":true,"valueName":"search_term_string"}}],"inLanguage":"es"},{"@type":"Organization","@id":"https:\/\/www.seliggroup.com\/es\/#organization","name":"Selig Group","alternateName":"Selig","url":"https:\/\/www.seliggroup.com\/es\/","logo":{"@type":"ImageObject","inLanguage":"es","@id":"https:\/\/www.seliggroup.com\/es\/#\/schema\/logo\/image\/","url":"https:\/\/www.seliggroup.com\/wp-content\/uploads\/2022\/12\/SeligGroupLogo_CMYK.jpg","contentUrl":"https:\/\/www.seliggroup.com\/wp-content\/uploads\/2022\/12\/SeligGroupLogo_CMYK.jpg","width":720,"height":336,"caption":"Selig Group"},"image":{"@id":"https:\/\/www.seliggroup.com\/es\/#\/schema\/logo\/image\/"}},{"@type":"Person","@id":"https:\/\/www.seliggroup.com\/es\/#\/schema\/person\/e7b30b0f09d9837fcb675cbf121c4fbb","name":"Amabel Ryan","image":{"@type":"ImageObject","inLanguage":"es","@id":"https:\/\/secure.gravatar.com\/avatar\/7d52e3df607aef380a78d81ab14c17008cd9bd5b734b307bc1911e2175ab4de9?s=96&d=mm&r=g","url":"https:\/\/secure.gravatar.com\/avatar\/7d52e3df607aef380a78d81ab14c17008cd9bd5b734b307bc1911e2175ab4de9?s=96&d=mm&r=g","contentUrl":"https:\/\/secure.gravatar.com\/avatar\/7d52e3df607aef380a78d81ab14c17008cd9bd5b734b307bc1911e2175ab4de9?s=96&d=mm&r=g","caption":"Amabel Ryan"}}]}},"_links":{"self":[{"href":"https:\/\/www.seliggroup.com\/es\/wp-json\/wp\/v2\/posts\/58592","targetHints":{"allow":["GET"]}}],"collection":[{"href":"https:\/\/www.seliggroup.com\/es\/wp-json\/wp\/v2\/posts"}],"about":[{"href":"https:\/\/www.seliggroup.com\/es\/wp-json\/wp\/v2\/types\/post"}],"author":[{"embeddable":true,"href":"https:\/\/www.seliggroup.com\/es\/wp-json\/wp\/v2\/users\/3"}],"replies":[{"embeddable":true,"href":"https:\/\/www.seliggroup.com\/es\/wp-json\/wp\/v2\/comments?post=58592"}],"version-history":[{"count":0,"href":"https:\/\/www.seliggroup.com\/es\/wp-json\/wp\/v2\/posts\/58592\/revisions"}],"wp:featuredmedia":[{"embeddable":true,"href":"https:\/\/www.seliggroup.com\/es\/wp-json\/wp\/v2\/media\/58593"}],"wp:attachment":[{"href":"https:\/\/www.seliggroup.com\/es\/wp-json\/wp\/v2\/media?parent=58592"}],"wp:term":[{"taxonomy":"category","embeddable":true,"href":"https:\/\/www.seliggroup.com\/es\/wp-json\/wp\/v2\/categories?post=58592"},{"taxonomy":"post_tag","embeddable":true,"href":"https:\/\/www.seliggroup.com\/es\/wp-json\/wp\/v2\/tags?post=58592"}],"curies":[{"name":"wp","href":"https:\/\/api.w.org\/{rel}","templated":true}]}}