{"id":56742,"date":"2022-12-08T00:57:59","date_gmt":"2022-12-08T00:57:59","guid":{"rendered":"https:\/\/selig-group.com\/tobias-steiger\/"},"modified":"2023-05-23T09:24:18","modified_gmt":"2023-05-23T09:24:18","slug":"tobias-steiger","status":"publish","type":"post","link":"https:\/\/www.seliggroup.com\/fr\/tobias-steiger\/","title":{"rendered":"Tobias Steiger"},"content":{"rendered":"\n<p>\u00ab Mon travail chez Selig, je l&#8217;aime parce qu&#8217;il est tr\u00e8s diversifi\u00e9 et le cadre de travail est familier. Tous les jours, des t\u00e2ches int\u00e9ressantes me mettent au d\u00e9fi, et l&#8217;entreprise me soutient dans mon d\u00e9veloppement professionnel. Ce que j&#8217;appr\u00e9cie particuli\u00e8rement, c&#8217;est la grande priorit\u00e9 accord\u00e9e \u00e0 la s\u00e9curit\u00e9 au travail \u00bb.<\/p>\n","protected":false},"excerpt":{"rendered":"<p>\u00ab Mon travail chez Selig, je l&#8217;aime parce qu&#8217;il est tr\u00e8s diversifi\u00e9 et le cadre de travail est familier. Tous les jours, des t\u00e2ches int\u00e9ressantes me mettent au d\u00e9fi, et l&#8217;entreprise me soutient dans mon d\u00e9veloppement professionnel. Ce que j&#8217;appr\u00e9cie particuli\u00e8rement, c&#8217;est la grande priorit\u00e9 accord\u00e9e \u00e0 la s\u00e9curit\u00e9 au travail \u00bb.<\/p>\n","protected":false},"author":3,"featured_media":56743,"comment_status":"closed","ping_status":"closed","sticky":false,"template":"","format":"standard","meta":{"_acf_changed":false,"inline_featured_image":false,"_monsterinsights_skip_tracking":false,"_monsterinsights_sitenote_active":false,"_monsterinsights_sitenote_note":"","_monsterinsights_sitenote_category":0,"footnotes":"","_links_to":"","_links_to_target":""},"categories":[1759,1758],"tags":[],"class_list":["post-56742","post","type-post","status-publish","format-standard","has-post-thumbnail","hentry","category-maintenance","category-teams-fr"],"acf":[],"yoast_head":"<!-- This site is optimized with the Yoast SEO plugin v27.4 - https:\/\/yoast.com\/product\/yoast-seo-wordpress\/ -->\n<title>Tobias Steiger - Selig Group<\/title>\n<meta name=\"robots\" content=\"index, follow, max-snippet:-1, max-image-preview:large, max-video-preview:-1\" \/>\n<link rel=\"canonical\" href=\"https:\/\/www.seliggroup.com\/fr\/tobias-steiger\/\" \/>\n<meta property=\"og:locale\" content=\"fr_FR\" \/>\n<meta property=\"og:type\" content=\"article\" \/>\n<meta property=\"og:title\" content=\"Tobias Steiger - Selig Group\" \/>\n<meta property=\"og:description\" content=\"\u00ab Mon travail chez Selig, je l&#8217;aime parce qu&#8217;il est tr\u00e8s diversifi\u00e9 et le cadre de travail est familier. Tous les jours, des t\u00e2ches int\u00e9ressantes me mettent au d\u00e9fi, et l&#8217;entreprise me soutient dans mon d\u00e9veloppement professionnel. Ce que j&#8217;appr\u00e9cie particuli\u00e8rement, c&#8217;est la grande priorit\u00e9 accord\u00e9e \u00e0 la s\u00e9curit\u00e9 au travail \u00bb.\" \/>\n<meta property=\"og:url\" content=\"https:\/\/www.seliggroup.com\/fr\/tobias-steiger\/\" \/>\n<meta property=\"og:site_name\" content=\"Selig Group\" \/>\n<meta property=\"article:published_time\" content=\"2022-12-08T00:57:59+00:00\" \/>\n<meta property=\"article:modified_time\" content=\"2023-05-23T09:24:18+00:00\" \/>\n<meta property=\"og:image\" content=\"https:\/\/www.seliggroup.com\/wp-content\/uploads\/2022\/12\/Tobias-Steiger.jpg\" \/>\n\t<meta property=\"og:image:width\" content=\"1543\" \/>\n\t<meta property=\"og:image:height\" content=\"2056\" \/>\n\t<meta property=\"og:image:type\" content=\"image\/jpeg\" \/>\n<meta name=\"author\" content=\"Amabel Ryan\" \/>\n<meta name=\"twitter:card\" content=\"summary_large_image\" \/>\n<meta name=\"twitter:label1\" content=\"\u00c9crit par\" \/>\n\t<meta name=\"twitter:data1\" content=\"Amabel Ryan\" \/>\n<script type=\"application\/ld+json\" class=\"yoast-schema-graph\">{\"@context\":\"https:\\\/\\\/schema.org\",\"@graph\":[{\"@type\":\"Article\",\"@id\":\"https:\\\/\\\/www.seliggroup.com\\\/fr\\\/tobias-steiger\\\/#article\",\"isPartOf\":{\"@id\":\"https:\\\/\\\/www.seliggroup.com\\\/fr\\\/tobias-steiger\\\/\"},\"author\":{\"name\":\"Amabel Ryan\",\"@id\":\"https:\\\/\\\/www.seliggroup.com\\\/fr\\\/#\\\/schema\\\/person\\\/e7b30b0f09d9837fcb675cbf121c4fbb\"},\"headline\":\"Tobias Steiger\",\"datePublished\":\"2022-12-08T00:57:59+00:00\",\"dateModified\":\"2023-05-23T09:24:18+00:00\",\"mainEntityOfPage\":{\"@id\":\"https:\\\/\\\/www.seliggroup.com\\\/fr\\\/tobias-steiger\\\/\"},\"wordCount\":65,\"publisher\":{\"@id\":\"https:\\\/\\\/www.seliggroup.com\\\/fr\\\/#organization\"},\"image\":{\"@id\":\"https:\\\/\\\/www.seliggroup.com\\\/fr\\\/tobias-steiger\\\/#primaryimage\"},\"thumbnailUrl\":\"https:\\\/\\\/www.seliggroup.com\\\/wp-content\\\/uploads\\\/2022\\\/12\\\/Tobias-Steiger.jpg\",\"articleSection\":[\"Maintenance\",\"Teams\"],\"inLanguage\":\"fr-FR\"},{\"@type\":\"WebPage\",\"@id\":\"https:\\\/\\\/www.seliggroup.com\\\/fr\\\/tobias-steiger\\\/\",\"url\":\"https:\\\/\\\/www.seliggroup.com\\\/fr\\\/tobias-steiger\\\/\",\"name\":\"Tobias Steiger - Selig Group\",\"isPartOf\":{\"@id\":\"https:\\\/\\\/www.seliggroup.com\\\/fr\\\/#website\"},\"primaryImageOfPage\":{\"@id\":\"https:\\\/\\\/www.seliggroup.com\\\/fr\\\/tobias-steiger\\\/#primaryimage\"},\"image\":{\"@id\":\"https:\\\/\\\/www.seliggroup.com\\\/fr\\\/tobias-steiger\\\/#primaryimage\"},\"thumbnailUrl\":\"https:\\\/\\\/www.seliggroup.com\\\/wp-content\\\/uploads\\\/2022\\\/12\\\/Tobias-Steiger.jpg\",\"datePublished\":\"2022-12-08T00:57:59+00:00\",\"dateModified\":\"2023-05-23T09:24:18+00:00\",\"breadcrumb\":{\"@id\":\"https:\\\/\\\/www.seliggroup.com\\\/fr\\\/tobias-steiger\\\/#breadcrumb\"},\"inLanguage\":\"fr-FR\",\"potentialAction\":[{\"@type\":\"ReadAction\",\"target\":[\"https:\\\/\\\/www.seliggroup.com\\\/fr\\\/tobias-steiger\\\/\"]}]},{\"@type\":\"ImageObject\",\"inLanguage\":\"fr-FR\",\"@id\":\"https:\\\/\\\/www.seliggroup.com\\\/fr\\\/tobias-steiger\\\/#primaryimage\",\"url\":\"https:\\\/\\\/www.seliggroup.com\\\/wp-content\\\/uploads\\\/2022\\\/12\\\/Tobias-Steiger.jpg\",\"contentUrl\":\"https:\\\/\\\/www.seliggroup.com\\\/wp-content\\\/uploads\\\/2022\\\/12\\\/Tobias-Steiger.jpg\",\"width\":1543,\"height\":2056},{\"@type\":\"BreadcrumbList\",\"@id\":\"https:\\\/\\\/www.seliggroup.com\\\/fr\\\/tobias-steiger\\\/#breadcrumb\",\"itemListElement\":[{\"@type\":\"ListItem\",\"position\":1,\"name\":\"Home\",\"item\":\"https:\\\/\\\/www.seliggroup.com\\\/fr\\\/\"},{\"@type\":\"ListItem\",\"position\":2,\"name\":\"Tobias Steiger\"}]},{\"@type\":\"WebSite\",\"@id\":\"https:\\\/\\\/www.seliggroup.com\\\/fr\\\/#website\",\"url\":\"https:\\\/\\\/www.seliggroup.com\\\/fr\\\/\",\"name\":\"Selig Group\",\"description\":\"Selig Group is a reliable and experienced partner in the global packaging industry, offering quality sealing, venting, flexible packaging, and protection.\",\"publisher\":{\"@id\":\"https:\\\/\\\/www.seliggroup.com\\\/fr\\\/#organization\"},\"potentialAction\":[{\"@type\":\"SearchAction\",\"target\":{\"@type\":\"EntryPoint\",\"urlTemplate\":\"https:\\\/\\\/www.seliggroup.com\\\/fr\\\/?s={search_term_string}\"},\"query-input\":{\"@type\":\"PropertyValueSpecification\",\"valueRequired\":true,\"valueName\":\"search_term_string\"}}],\"inLanguage\":\"fr-FR\"},{\"@type\":\"Organization\",\"@id\":\"https:\\\/\\\/www.seliggroup.com\\\/fr\\\/#organization\",\"name\":\"Selig Group\",\"alternateName\":\"Selig\",\"url\":\"https:\\\/\\\/www.seliggroup.com\\\/fr\\\/\",\"logo\":{\"@type\":\"ImageObject\",\"inLanguage\":\"fr-FR\",\"@id\":\"https:\\\/\\\/www.seliggroup.com\\\/fr\\\/#\\\/schema\\\/logo\\\/image\\\/\",\"url\":\"https:\\\/\\\/www.seliggroup.com\\\/wp-content\\\/uploads\\\/2022\\\/12\\\/SeligGroupLogo_CMYK.jpg\",\"contentUrl\":\"https:\\\/\\\/www.seliggroup.com\\\/wp-content\\\/uploads\\\/2022\\\/12\\\/SeligGroupLogo_CMYK.jpg\",\"width\":720,\"height\":336,\"caption\":\"Selig Group\"},\"image\":{\"@id\":\"https:\\\/\\\/www.seliggroup.com\\\/fr\\\/#\\\/schema\\\/logo\\\/image\\\/\"}},{\"@type\":\"Person\",\"@id\":\"https:\\\/\\\/www.seliggroup.com\\\/fr\\\/#\\\/schema\\\/person\\\/e7b30b0f09d9837fcb675cbf121c4fbb\",\"name\":\"Amabel Ryan\",\"image\":{\"@type\":\"ImageObject\",\"inLanguage\":\"fr-FR\",\"@id\":\"https:\\\/\\\/secure.gravatar.com\\\/avatar\\\/7d52e3df607aef380a78d81ab14c17008cd9bd5b734b307bc1911e2175ab4de9?s=96&d=mm&r=g\",\"url\":\"https:\\\/\\\/secure.gravatar.com\\\/avatar\\\/7d52e3df607aef380a78d81ab14c17008cd9bd5b734b307bc1911e2175ab4de9?s=96&d=mm&r=g\",\"contentUrl\":\"https:\\\/\\\/secure.gravatar.com\\\/avatar\\\/7d52e3df607aef380a78d81ab14c17008cd9bd5b734b307bc1911e2175ab4de9?s=96&d=mm&r=g\",\"caption\":\"Amabel Ryan\"}}]}<\/script>\n<!-- \/ Yoast SEO plugin. -->","yoast_head_json":{"title":"Tobias Steiger - Selig Group","robots":{"index":"index","follow":"follow","max-snippet":"max-snippet:-1","max-image-preview":"max-image-preview:large","max-video-preview":"max-video-preview:-1"},"canonical":"https:\/\/www.seliggroup.com\/fr\/tobias-steiger\/","og_locale":"fr_FR","og_type":"article","og_title":"Tobias Steiger - Selig Group","og_description":"\u00ab Mon travail chez Selig, je l&#8217;aime parce qu&#8217;il est tr\u00e8s diversifi\u00e9 et le cadre de travail est familier. Tous les jours, des t\u00e2ches int\u00e9ressantes me mettent au d\u00e9fi, et l&#8217;entreprise me soutient dans mon d\u00e9veloppement professionnel. Ce que j&#8217;appr\u00e9cie particuli\u00e8rement, c&#8217;est la grande priorit\u00e9 accord\u00e9e \u00e0 la s\u00e9curit\u00e9 au travail \u00bb.","og_url":"https:\/\/www.seliggroup.com\/fr\/tobias-steiger\/","og_site_name":"Selig Group","article_published_time":"2022-12-08T00:57:59+00:00","article_modified_time":"2023-05-23T09:24:18+00:00","og_image":[{"width":1543,"height":2056,"url":"https:\/\/www.seliggroup.com\/wp-content\/uploads\/2022\/12\/Tobias-Steiger.jpg","type":"image\/jpeg"}],"author":"Amabel Ryan","twitter_card":"summary_large_image","twitter_misc":{"\u00c9crit par":"Amabel Ryan"},"schema":{"@context":"https:\/\/schema.org","@graph":[{"@type":"Article","@id":"https:\/\/www.seliggroup.com\/fr\/tobias-steiger\/#article","isPartOf":{"@id":"https:\/\/www.seliggroup.com\/fr\/tobias-steiger\/"},"author":{"name":"Amabel Ryan","@id":"https:\/\/www.seliggroup.com\/fr\/#\/schema\/person\/e7b30b0f09d9837fcb675cbf121c4fbb"},"headline":"Tobias Steiger","datePublished":"2022-12-08T00:57:59+00:00","dateModified":"2023-05-23T09:24:18+00:00","mainEntityOfPage":{"@id":"https:\/\/www.seliggroup.com\/fr\/tobias-steiger\/"},"wordCount":65,"publisher":{"@id":"https:\/\/www.seliggroup.com\/fr\/#organization"},"image":{"@id":"https:\/\/www.seliggroup.com\/fr\/tobias-steiger\/#primaryimage"},"thumbnailUrl":"https:\/\/www.seliggroup.com\/wp-content\/uploads\/2022\/12\/Tobias-Steiger.jpg","articleSection":["Maintenance","Teams"],"inLanguage":"fr-FR"},{"@type":"WebPage","@id":"https:\/\/www.seliggroup.com\/fr\/tobias-steiger\/","url":"https:\/\/www.seliggroup.com\/fr\/tobias-steiger\/","name":"Tobias Steiger - Selig Group","isPartOf":{"@id":"https:\/\/www.seliggroup.com\/fr\/#website"},"primaryImageOfPage":{"@id":"https:\/\/www.seliggroup.com\/fr\/tobias-steiger\/#primaryimage"},"image":{"@id":"https:\/\/www.seliggroup.com\/fr\/tobias-steiger\/#primaryimage"},"thumbnailUrl":"https:\/\/www.seliggroup.com\/wp-content\/uploads\/2022\/12\/Tobias-Steiger.jpg","datePublished":"2022-12-08T00:57:59+00:00","dateModified":"2023-05-23T09:24:18+00:00","breadcrumb":{"@id":"https:\/\/www.seliggroup.com\/fr\/tobias-steiger\/#breadcrumb"},"inLanguage":"fr-FR","potentialAction":[{"@type":"ReadAction","target":["https:\/\/www.seliggroup.com\/fr\/tobias-steiger\/"]}]},{"@type":"ImageObject","inLanguage":"fr-FR","@id":"https:\/\/www.seliggroup.com\/fr\/tobias-steiger\/#primaryimage","url":"https:\/\/www.seliggroup.com\/wp-content\/uploads\/2022\/12\/Tobias-Steiger.jpg","contentUrl":"https:\/\/www.seliggroup.com\/wp-content\/uploads\/2022\/12\/Tobias-Steiger.jpg","width":1543,"height":2056},{"@type":"BreadcrumbList","@id":"https:\/\/www.seliggroup.com\/fr\/tobias-steiger\/#breadcrumb","itemListElement":[{"@type":"ListItem","position":1,"name":"Home","item":"https:\/\/www.seliggroup.com\/fr\/"},{"@type":"ListItem","position":2,"name":"Tobias Steiger"}]},{"@type":"WebSite","@id":"https:\/\/www.seliggroup.com\/fr\/#website","url":"https:\/\/www.seliggroup.com\/fr\/","name":"Selig Group","description":"Selig Group is a reliable and experienced partner in the global packaging industry, offering quality sealing, venting, flexible packaging, and protection.","publisher":{"@id":"https:\/\/www.seliggroup.com\/fr\/#organization"},"potentialAction":[{"@type":"SearchAction","target":{"@type":"EntryPoint","urlTemplate":"https:\/\/www.seliggroup.com\/fr\/?s={search_term_string}"},"query-input":{"@type":"PropertyValueSpecification","valueRequired":true,"valueName":"search_term_string"}}],"inLanguage":"fr-FR"},{"@type":"Organization","@id":"https:\/\/www.seliggroup.com\/fr\/#organization","name":"Selig Group","alternateName":"Selig","url":"https:\/\/www.seliggroup.com\/fr\/","logo":{"@type":"ImageObject","inLanguage":"fr-FR","@id":"https:\/\/www.seliggroup.com\/fr\/#\/schema\/logo\/image\/","url":"https:\/\/www.seliggroup.com\/wp-content\/uploads\/2022\/12\/SeligGroupLogo_CMYK.jpg","contentUrl":"https:\/\/www.seliggroup.com\/wp-content\/uploads\/2022\/12\/SeligGroupLogo_CMYK.jpg","width":720,"height":336,"caption":"Selig Group"},"image":{"@id":"https:\/\/www.seliggroup.com\/fr\/#\/schema\/logo\/image\/"}},{"@type":"Person","@id":"https:\/\/www.seliggroup.com\/fr\/#\/schema\/person\/e7b30b0f09d9837fcb675cbf121c4fbb","name":"Amabel Ryan","image":{"@type":"ImageObject","inLanguage":"fr-FR","@id":"https:\/\/secure.gravatar.com\/avatar\/7d52e3df607aef380a78d81ab14c17008cd9bd5b734b307bc1911e2175ab4de9?s=96&d=mm&r=g","url":"https:\/\/secure.gravatar.com\/avatar\/7d52e3df607aef380a78d81ab14c17008cd9bd5b734b307bc1911e2175ab4de9?s=96&d=mm&r=g","contentUrl":"https:\/\/secure.gravatar.com\/avatar\/7d52e3df607aef380a78d81ab14c17008cd9bd5b734b307bc1911e2175ab4de9?s=96&d=mm&r=g","caption":"Amabel Ryan"}}]}},"_links":{"self":[{"href":"https:\/\/www.seliggroup.com\/fr\/wp-json\/wp\/v2\/posts\/56742","targetHints":{"allow":["GET"]}}],"collection":[{"href":"https:\/\/www.seliggroup.com\/fr\/wp-json\/wp\/v2\/posts"}],"about":[{"href":"https:\/\/www.seliggroup.com\/fr\/wp-json\/wp\/v2\/types\/post"}],"author":[{"embeddable":true,"href":"https:\/\/www.seliggroup.com\/fr\/wp-json\/wp\/v2\/users\/3"}],"replies":[{"embeddable":true,"href":"https:\/\/www.seliggroup.com\/fr\/wp-json\/wp\/v2\/comments?post=56742"}],"version-history":[{"count":0,"href":"https:\/\/www.seliggroup.com\/fr\/wp-json\/wp\/v2\/posts\/56742\/revisions"}],"wp:featuredmedia":[{"embeddable":true,"href":"https:\/\/www.seliggroup.com\/fr\/wp-json\/wp\/v2\/media\/56743"}],"wp:attachment":[{"href":"https:\/\/www.seliggroup.com\/fr\/wp-json\/wp\/v2\/media?parent=56742"}],"wp:term":[{"taxonomy":"category","embeddable":true,"href":"https:\/\/www.seliggroup.com\/fr\/wp-json\/wp\/v2\/categories?post=56742"},{"taxonomy":"post_tag","embeddable":true,"href":"https:\/\/www.seliggroup.com\/fr\/wp-json\/wp\/v2\/tags?post=56742"}],"curies":[{"name":"wp","href":"https:\/\/api.w.org\/{rel}","templated":true}]}}