{"id":58437,"date":"2020-03-09T16:51:20","date_gmt":"2020-03-09T16:51:20","guid":{"rendered":"https:\/\/selig-group.com\/lemballage-et-les-besoins-dune-population-mondiale-vieillissante\/"},"modified":"2023-05-20T12:28:36","modified_gmt":"2023-05-20T12:28:36","slug":"lemballage-et-les-besoins-dune-population-mondiale-vieillissante","status":"publish","type":"post","link":"https:\/\/www.seliggroup.com\/fr\/lemballage-et-les-besoins-dune-population-mondiale-vieillissante\/","title":{"rendered":"L&#8217;emballage et les besoins d&#8217;une population mondiale vieillissante"},"content":{"rendered":"\t\t<div data-elementor-type=\"wp-post\" data-elementor-id=\"58437\" class=\"elementor elementor-58437 elementor-26853\" data-elementor-post-type=\"post\">\n\t\t\t\t<div class=\"elementor-element elementor-element-152ecee6 e-con-full normal-horizontal-padding e-flex e-con e-parent\" data-id=\"152ecee6\" data-element_type=\"container\" data-e-type=\"container\" data-settings=\"{&quot;background_background&quot;:&quot;classic&quot;}\">\n\t\t\t\t<div class=\"elementor-element elementor-element-36b36315 elementor-absolute elementor-widget elementor-widget-shortcode\" data-id=\"36b36315\" data-element_type=\"widget\" data-e-type=\"widget\" data-settings=\"{&quot;_position&quot;:&quot;absolute&quot;}\" data-widget_type=\"shortcode.default\">\n\t\t\t\t<div class=\"elementor-widget-container\">\n\t\t\t\t\t\t\t<div class=\"elementor-shortcode\"><i class=\"fas fa-bookmark unfavorited\" onclick=\"open_login_popup(58437)\"><\/i><\/div>\n\t\t\t\t\t\t<\/div>\n\t\t\t\t<\/div>\n\t\t<div class=\"elementor-element elementor-element-5546ebbf e-con-full e-flex e-con e-parent\" data-id=\"5546ebbf\" data-element_type=\"container\" data-e-type=\"container\" data-settings=\"{&quot;background_background&quot;:&quot;slideshow&quot;,&quot;background_slideshow_gallery&quot;:[],&quot;background_slideshow_loop&quot;:&quot;yes&quot;,&quot;background_slideshow_slide_duration&quot;:5000,&quot;background_slideshow_slide_transition&quot;:&quot;fade&quot;,&quot;background_slideshow_transition_duration&quot;:500}\">\n\t\t\t\t<div class=\"elementor-element elementor-element-676df517 elementor-widget__width-auto elementor-widget elementor-widget-heading\" data-id=\"676df517\" data-element_type=\"widget\" data-e-type=\"widget\" data-widget_type=\"heading.default\">\n\t\t\t\t<div class=\"elementor-widget-container\">\n\t\t\t\t\t<span class=\"elementor-heading-title elementor-size-default\"><a href=\"https:\/\/www.seliggroup.com\/fr\/\">PAGE D'ACCUEIL<\/a><\/span>\t\t\t\t<\/div>\n\t\t\t\t<\/div>\n\t\t\t\t<div class=\"elementor-element elementor-element-204489db elementor-widget__width-auto elementor-widget elementor-widget-heading\" data-id=\"204489db\" data-element_type=\"widget\" data-e-type=\"widget\" data-widget_type=\"heading.default\">\n\t\t\t\t<div class=\"elementor-widget-container\">\n\t\t\t\t\t<span class=\"elementor-heading-title elementor-size-default\">\/ RESSOURCES \/<\/span>\t\t\t\t<\/div>\n\t\t\t\t<\/div>\n\t\t\t\t<div class=\"elementor-element elementor-element-2f74693b elementor-widget__width-auto elementor-widget elementor-widget-heading\" data-id=\"2f74693b\" data-element_type=\"widget\" data-e-type=\"widget\" data-widget_type=\"heading.default\">\n\t\t\t\t<div class=\"elementor-widget-container\">\n\t\t\t\t\t<span class=\"elementor-heading-title elementor-size-default\">Actualit\u00e9s et livres blancs<\/span>\t\t\t\t<\/div>\n\t\t\t\t<\/div>\n\t\t\t\t<\/div>\n\t\t<div class=\"elementor-element elementor-element-4d654e1 e-con-full e-flex e-con e-parent\" data-id=\"4d654e1\" data-element_type=\"container\" data-e-type=\"container\">\n\t\t\t\t<div class=\"elementor-element elementor-element-6aea8a3c elementor-widget__width-initial elementor-widget elementor-widget-heading\" data-id=\"6aea8a3c\" data-element_type=\"widget\" data-e-type=\"widget\" data-widget_type=\"heading.default\">\n\t\t\t\t<div class=\"elementor-widget-container\">\n\t\t\t\t\t<p class=\"elementor-heading-title elementor-size-default\">L&#8217;emballage et les besoins d&#8217;une population mondiale vieillissante<\/p>\t\t\t\t<\/div>\n\t\t\t\t<\/div>\n\t\t<div class=\"elementor-element elementor-element-16efb908 e-con-full e-flex e-con e-parent\" data-id=\"16efb908\" data-element_type=\"container\" data-e-type=\"container\">\n\t\t\t\t<div class=\"elementor-element elementor-element-42fe343d elementor-widget elementor-widget-heading\" data-id=\"42fe343d\" data-element_type=\"widget\" data-e-type=\"widget\" data-widget_type=\"heading.default\">\n\t\t\t\t<div class=\"elementor-widget-container\">\n\t\t\t\t\t<h2 class=\"elementor-heading-title elementor-size-default\">mars 9, 2020<\/h2>\t\t\t\t<\/div>\n\t\t\t\t<\/div>\n\t\t\t\t<div class=\"elementor-element elementor-element-655be702 elementor-widget elementor-widget-heading\" data-id=\"655be702\" data-element_type=\"widget\" data-e-type=\"widget\" data-widget_type=\"heading.default\">\n\t\t\t\t<div class=\"elementor-widget-container\">\n\t\t\t\t\t<h2 class=\"elementor-heading-title elementor-size-default\">|<\/h2>\t\t\t\t<\/div>\n\t\t\t\t<\/div>\n\t\t\t\t<div class=\"elementor-element elementor-element-7fe109c elementor-widget elementor-widget-post-info\" data-id=\"7fe109c\" data-element_type=\"widget\" data-e-type=\"widget\" data-widget_type=\"post-info.default\">\n\t\t\t\t<div class=\"elementor-widget-container\">\n\t\t\t\t\t\t\t<ul class=\"elementor-inline-items elementor-icon-list-items elementor-post-info\">\n\t\t\t\t\t\t\t\t<li class=\"elementor-icon-list-item elementor-repeater-item-6dd02d5 elementor-inline-item\" itemprop=\"about\">\n\t\t\t\t\t\t\t\t\t\t\t\t\t<span class=\"elementor-icon-list-text elementor-post-info__item elementor-post-info__item--type-terms\">\n\t\t\t\t\t\t\t\t\t\t<span class=\"elementor-post-info__terms-list\">\n\t\t\t\t<span class=\"elementor-post-info__terms-list-item\">Boissons<\/span>, <span class=\"elementor-post-info__terms-list-item\">Les produits alimentaires<\/span>, <span class=\"elementor-post-info__terms-list-item\">Les produits chimiques et industriels<\/span>, <span class=\"elementor-post-info__terms-list-item\">Les soins personnels<\/span>, <span class=\"elementor-post-info__terms-list-item\">Sant\u00e9<\/span>, <span class=\"elementor-post-info__terms-list-item\">Vins et spiritueux<\/span>\t\t\t\t<\/span>\n\t\t\t\t\t<\/span>\n\t\t\t\t\t\t\t\t<\/li>\n\t\t\t\t<\/ul>\n\t\t\t\t\t\t<\/div>\n\t\t\t\t<\/div>\n\t\t\t\t<div class=\"elementor-element elementor-element-ad0d4d6 elementor-widget elementor-widget-heading\" data-id=\"ad0d4d6\" data-element_type=\"widget\" data-e-type=\"widget\" data-widget_type=\"heading.default\">\n\t\t\t\t<div class=\"elementor-widget-container\">\n\t\t\t\t\t<h2 class=\"elementor-heading-title elementor-size-default\">|<\/h2>\t\t\t\t<\/div>\n\t\t\t\t<\/div>\n\t\t\t\t<div class=\"elementor-element elementor-element-38362a89 elementor-widget elementor-widget-heading\" data-id=\"38362a89\" data-element_type=\"widget\" data-e-type=\"widget\" data-widget_type=\"heading.default\">\n\t\t\t\t<div class=\"elementor-widget-container\">\n\t\t\t\t\t<h2 class=\"elementor-heading-title elementor-size-default\">R\u00e9gion : Am\u00e9rique du Nord, Europe, Asie-Pacifique<\/h2>\t\t\t\t<\/div>\n\t\t\t\t<\/div>\n\t\t\t\t<\/div>\n\t\t\t\t<div class=\"elementor-element elementor-element-3767bb14 elementor-widget elementor-widget-button\" data-id=\"3767bb14\" data-element_type=\"widget\" data-e-type=\"widget\" data-widget_type=\"button.default\">\n\t\t\t\t<div class=\"elementor-widget-container\">\n\t\t\t\t\t\t\t\t\t<div class=\"elementor-button-wrapper\">\n\t\t\t\t\t<a class=\"elementor-button elementor-button-link elementor-size-sm\" href=\"https:\/\/www.seliggroup.com\/wp-content\/uploads\/2022\/11\/White-PaperSEL028-Ageing-Population-Web.pdf\" target=\"_blank\">\n\t\t\t\t\t\t<span class=\"elementor-button-content-wrapper\">\n\t\t\t\t\t\t<span class=\"elementor-button-icon\">\n\t\t\t\t<i aria-hidden=\"true\" class=\"fas fa-download\"><\/i>\t\t\t<\/span>\n\t\t\t\t\t\t\t\t\t<span class=\"elementor-button-text\">T\u00e9l\u00e9charger le PDF<\/span>\n\t\t\t\t\t<\/span>\n\t\t\t\t\t<\/a>\n\t\t\t\t<\/div>\n\t\t\t\t\t\t\t\t<\/div>\n\t\t\t\t<\/div>\n\t\t<div class=\"elementor-element elementor-element-46fac075 e-con-full e-flex e-con e-parent\" data-id=\"46fac075\" data-element_type=\"container\" data-e-type=\"container\">\n\t\t\t\t<div class=\"elementor-element elementor-element-2ea3a023 elementor-widget elementor-widget-heading\" data-id=\"2ea3a023\" data-element_type=\"widget\" data-e-type=\"widget\" data-widget_type=\"heading.default\">\n\t\t\t\t<div class=\"elementor-widget-container\">\n\t\t\t\t\t<h2 class=\"elementor-heading-title elementor-size-default\">Partager<\/h2>\t\t\t\t<\/div>\n\t\t\t\t<\/div>\n\t\t\t\t<div class=\"elementor-element elementor-element-1f8c7cb3 elementor-share-buttons--view-icon elementor-share-buttons--shape-circle elementor-share-buttons--color-custom elementor-share-buttons--skin-gradient elementor-grid-0 elementor-widget elementor-widget-share-buttons\" data-id=\"1f8c7cb3\" data-element_type=\"widget\" data-e-type=\"widget\" data-widget_type=\"share-buttons.default\">\n\t\t\t\t<div class=\"elementor-widget-container\">\n\t\t\t\t\t\t\t<div class=\"elementor-grid\" role=\"list\">\n\t\t\t\t\t\t\t\t<div class=\"elementor-grid-item\" role=\"listitem\">\n\t\t\t\t\t\t<div class=\"elementor-share-btn elementor-share-btn_facebook\" role=\"button\" tabindex=\"0\" aria-label=\"Partager sur facebook\">\n\t\t\t\t\t\t\t\t\t\t\t\t\t\t\t<span class=\"elementor-share-btn__icon\">\n\t\t\t\t\t\t\t\t<i class=\"fab fa-facebook\" aria-hidden=\"true\"><\/i>\t\t\t\t\t\t\t<\/span>\n\t\t\t\t\t\t\t\t\t\t\t\t\t\t\t\t\t\t\t\t<\/div>\n\t\t\t\t\t<\/div>\n\t\t\t\t\t\t\t\t\t<div class=\"elementor-grid-item\" role=\"listitem\">\n\t\t\t\t\t\t<div class=\"elementor-share-btn elementor-share-btn_twitter\" role=\"button\" tabindex=\"0\" aria-label=\"Partager sur twitter\">\n\t\t\t\t\t\t\t\t\t\t\t\t\t\t\t<span class=\"elementor-share-btn__icon\">\n\t\t\t\t\t\t\t\t<i class=\"fab fa-twitter\" aria-hidden=\"true\"><\/i>\t\t\t\t\t\t\t<\/span>\n\t\t\t\t\t\t\t\t\t\t\t\t\t\t\t\t\t\t\t\t<\/div>\n\t\t\t\t\t<\/div>\n\t\t\t\t\t\t\t\t\t<div class=\"elementor-grid-item\" role=\"listitem\">\n\t\t\t\t\t\t<div class=\"elementor-share-btn elementor-share-btn_email\" role=\"button\" tabindex=\"0\" aria-label=\"Partager sur email\">\n\t\t\t\t\t\t\t\t\t\t\t\t\t\t\t<span class=\"elementor-share-btn__icon\">\n\t\t\t\t\t\t\t\t<i class=\"fas fa-envelope\" aria-hidden=\"true\"><\/i>\t\t\t\t\t\t\t<\/span>\n\t\t\t\t\t\t\t\t\t\t\t\t\t\t\t\t\t\t\t\t<\/div>\n\t\t\t\t\t<\/div>\n\t\t\t\t\t\t\t\t\t<div class=\"elementor-grid-item\" role=\"listitem\">\n\t\t\t\t\t\t<div class=\"elementor-share-btn elementor-share-btn_linkedin\" role=\"button\" tabindex=\"0\" aria-label=\"Partager sur linkedin\">\n\t\t\t\t\t\t\t\t\t\t\t\t\t\t\t<span class=\"elementor-share-btn__icon\">\n\t\t\t\t\t\t\t\t<i class=\"fab fa-linkedin\" aria-hidden=\"true\"><\/i>\t\t\t\t\t\t\t<\/span>\n\t\t\t\t\t\t\t\t\t\t\t\t\t\t\t\t\t\t\t\t<\/div>\n\t\t\t\t\t<\/div>\n\t\t\t\t\t\t<\/div>\n\t\t\t\t\t\t<\/div>\n\t\t\t\t<\/div>\n\t\t\t\t<\/div>\n\t\t\t\t<\/div>\n\t\t\t\t<\/div>\n\t\t<div class=\"elementor-element elementor-element-39245313 e-con-full normal-horizontal-padding e-flex e-con e-parent\" data-id=\"39245313\" data-element_type=\"container\" data-e-type=\"container\">\n\t\t<div class=\"elementor-element elementor-element-51ed59d2 e-con-full e-flex e-con e-parent\" data-id=\"51ed59d2\" data-element_type=\"container\" data-e-type=\"container\">\n\t\t\t\t<div class=\"elementor-element elementor-element-97545f5 elementor-widget elementor-widget-image\" data-id=\"97545f5\" data-element_type=\"widget\" data-e-type=\"widget\" data-widget_type=\"image.default\">\n\t\t\t\t<div class=\"elementor-widget-container\">\n\t\t\t\t\t\t\t\t\t\t\t\t\t\t\t<img fetchpriority=\"high\" decoding=\"async\" width=\"992\" height=\"231\" src=\"https:\/\/www.seliggroup.com\/wp-content\/uploads\/2022\/11\/Advantage-of-Induction-Seals-for-Milk-Packaging-1.jpeg\" class=\"attachment-full size-full wp-image-54928\" alt=\"\" srcset=\"https:\/\/www.seliggroup.com\/wp-content\/uploads\/2022\/11\/Advantage-of-Induction-Seals-for-Milk-Packaging-1.jpeg 992w, https:\/\/www.seliggroup.com\/wp-content\/uploads\/2022\/11\/Advantage-of-Induction-Seals-for-Milk-Packaging-1-300x70.jpeg 300w, https:\/\/www.seliggroup.com\/wp-content\/uploads\/2022\/11\/Advantage-of-Induction-Seals-for-Milk-Packaging-1-768x179.jpeg 768w\" sizes=\"(max-width: 992px) 100vw, 992px\" \/>\t\t\t\t\t\t\t\t\t\t\t\t\t\t\t<\/div>\n\t\t\t\t<\/div>\n\t\t\t\t<div class=\"elementor-element elementor-element-28ba457 elementor-widget elementor-widget-text-editor\" data-id=\"28ba457\" data-element_type=\"widget\" data-e-type=\"widget\" data-widget_type=\"text-editor.default\">\n\t\t\t\t<div class=\"elementor-widget-container\">\n\t\t\t\t\t\t\t\t\t<p><em>A United Nations report published back in 2002 remarked that global population ageing is \u201cunprecedented and without parallel in human history\u201d, and that the twenty-first century will witness even more rapid ageing than the previous century. Population ageing is pervasive, and it is a global phenomenon affecting every man, woman and child.<\/em><\/p><\/p>\n\t\t\t\t\t\t\t\t<\/div>\n\t\t\t\t<\/div>\n\t\t\t\t<div class=\"elementor-element elementor-element-edd6a77 elementor-widget elementor-widget-text-editor\" data-id=\"edd6a77\" data-element_type=\"widget\" data-e-type=\"widget\" data-widget_type=\"text-editor.default\">\n\t\t\t\t<div class=\"elementor-widget-container\">\n\t\t\t\t\t\t\t\t\t<p><img decoding=\"async\" class=\"size-full wp-image-26852 alignright\" src=\"https:\/\/www.seliggroup.com\/wp-content\/uploads\/2022\/11\/elderly-man.jpeg\" alt=\"\" width=\"489\" height=\"417\">Europe, for example, is home to a growing proportion of people who are living considerably longer than ever before. The median age has risen by more than eight years in the last half a century, jumping from 31.5 in 1960 to 39.8 in 2010, and predictions suggest this figure will climb by a further 7.4 years, to 47.2, by 2060. Moreover, the percentage of Europeans aged 65 and over is projected to rise to 29.3 per cent by 2060 from 16.0 per cent in 2010, while the number of residents over the age of 80 is expected to increase sharply to 11.5 per cent by 2060 from just 4.1 per cent in 2010.<\/p>\n<\/p>\n<p>While the pace of change of population age distribution differs greatly across continents, population ageing is inexorable and will eventually affect every part of the globe. Moreover, the phenomenon is irreversible, according to the UN report. Population ageing is enduring; we will not return to the young populations that our ancestors knew and this will have profound implications for many facets of human life.<\/p>\n<p>The European Commission has admitted this demographic transition is likely to be one of the biggest challenges that the continent of Europe will face in the coming years. The impact is expected to be felt by governments, societies, national economies and businesses as Europe struggles to adapt to its transforming structure. Every industry is likely to experience profound consequences, and the packaging sector is no exception.<\/p>\n<\/p>\n<p>Product type, properties and characteristics often determine the nature of the packaging, and where container closures are concerned, this may involve the use of certain features that will prevent even a determined child from opening the package. But such features can cause problems and frustration for older users. Achieving user-friendly packaging also goes beyond the methods used to open and close it; ergonomic styling for easy handling plays a role too, and clearly labelled instructions for opening in as large a font as possible are vital, though visually impaired users will experience problems here and it may be expedient to include instructions in Braille if practicable.<\/p>\n<\/p>\n<p>In a survey, UK based research company Which? found that two thirds of people get frustrated \u2013 or suffer \u201cwrap rage\u201d \u2013 when trying to get into everyday packaging, whilst a staggering four in ten people said they have hurt themselves while trying to open something. A quarter of those surveyed also said they regularly need help to open packaging, which is perhaps especially worrying as a substantial number of older people live alone with little help immediately available to them.<\/p>\n<\/p>\n<p><img decoding=\"async\" class=\"size-full wp-image-26851 alignleft\" src=\"https:\/\/www.seliggroup.com\/wp-content\/uploads\/2022\/11\/Ageing-Population-open-seal-pills.jpeg\" alt=\"\" width=\"493\" height=\"416\">As well as having a huge negative impact on elderly consumers, producers and retailers alike should be aware that difficult-to-open packaging can affect purchasing decisions for many products and could, ultimately, cost businesses dearly in lost customer goodwill and revenue.<\/p>\n<\/p>\n<p>The biggest challenge facing the packaging industry lies in creating packaging that strikes a balance between adequate consumer protection in the form of tamper evidence and ease of opening. A container needs to be secure and hermetically sealed to safeguard the integrity of its contents, yet this objective cannot compromise the practicality of the packaging and make it difficult to open for elderly consumers who lack strength or suffer from dexterity or mobility impairments.<\/p>\n<\/p>\n<p>The US FDA was among the first to issue a regulatory requirement for tamper-evident packaging following an incident of malicious tampering involving a pharmaceutical product which resulted in a number of deaths. Those regulations require one or more barriers that provide a visual indication of packaging integrity, together with appropriate labelling to allow the consumer to confirm, prior to use, that the packaging has not been compromised. And to reduce the chance of tamper-indicators being fraudulently reinstated after breach, they should carry an identifying characteristic like a distinctive pattern, logo or product name. Tamper evidence, almost by definition, seeks to make packaging difficult to breach, which raises a number of issues for the elderly and those with limited strength or dexterity who, in the absence of a more able assistant, may risk harming themselves when resorting to the use of a kitchen utensil to open a tamper evident package. Clearly, a balance needs to be struck between providing visible tamper evidence and making the package closure easy to remove \u2013 albeit with the fingers and not a paring knife!<\/p>\n<\/p>\n<p>Manufacturers have the choice of several different strategies to include tamper-evident features on primary and secondary packaging. They include shrink wrap films, bands or wrappers; boxes with tamper-evident security seals and breakable caps. Again, these may require some dexterity and more than a modicum of strength to break them open. One of the most commonly used is the tamper-proof peelable seal, yet even these have issues for the elderly.<\/p>\n<\/p>\n<p><img loading=\"lazy\" decoding=\"async\" class=\"size-full wp-image-26850 alignright\" src=\"https:\/\/www.seliggroup.com\/wp-content\/uploads\/2022\/11\/Ageing-Population-bottle-and-seal.jpeg\" alt=\"\" width=\"492\" height=\"387\">Seals that are tough to peel off or that fail clearly to mark the point from where the seal should be lifted, are highlighted as particular problems among consumers with dexterity issues and visual impairments. With so many vital products featuring this type of seal, it is essential that packaging companies continually develop products to ensure they provide enough protection for the goods while keeping the container accessible for the consumer.<\/p>\n<\/p>\n<p>One tamper-evident peelable seal technology that overcomes these limitations is induction cap sealing, an approach that uses a multi-layer laminated liner with an aluminium foil that is bonded to the container rim by means of electromagnetic induction heating. Induction liners are highly engineered laminated structures comprising a heat seal layer, chosen to match the material of the underlying container, and a layer of aluminium foil that is heated by electromagnetic induction prior to bonding.<\/p>\n<\/p>\n<p>Optimum results for these seals are achieved by making an appropriate choice of lining material and using the correct measure of pressure, heat and time during the induction sealing process. Pressure is needed for the liner to have an even seal to the container rim and this is achieved by the torque heads of the capper when placing the closure onto the filled container. Heat is applied via a magnetic induction process, which raises the temperature of the seal\u2019s metallic foil liner by means of eddy currents. Timing is crucial for a successful seal. Timing intervals include the period the closure passes beneath the induction coil and the following cooling period, during which the container must not be subject to any rough handling as it is moved by the conveyor.<\/p>\n<\/p>\n<p>Too much pressure \u2013 or cap-on torque \u2013 between the liner and bottle neck finish, excessive heat to activate the liner seal surface, or extended dwell time under the induction coil will leave users with a seal that cannot be removed with ease, while too low a level of heat, pressure or time will result in leaks or the ingress of contaminants.<\/p>\n<\/p>\n<p>Optimal operating window settings for these parameters can be determined by running a trial on the production line under typical conditions. Start by setting the induction unit to approximately 25 per cent power output and run a series of containers, gradually increasing the power output by 5 per cent each time until the desired result is produced.<\/p>\n<\/p>\n<p>Closure application torque will also need to be adjusted during trials to determine which level will provide a balance between achieving an adequate seal and easiest opening for the consumer. Ensure the power output and torque settings are marked on each container so the operating window can easily be identified during inspection following cooling, and repeated for future processes.<\/p>\n<\/p>\n<p>The choice of liner is also critical to ensuring easy-open packaging and reputable liner manufacturers are constantly developing products to match consumer needs. While there are literally hundreds of different specialist liners available to meet all manner of applications, those liners with an easy-to-grip tab, such as Selig\u2019s widely used Lift \u2018n\u2019 PeelTM induction seals, are an ideal choice across a wide range of packaging applications.<\/p>\n<\/p>\n<p>This type of easy-open 1\/2 moon tab is designed to be ergonomic, flexible and extremely strong, and is engineered specifically to maintain product quality whilst being easy for the consumer to peel. In addition, they can be printed with a customer specific design or branding logo, as well as clear opening instructions on the liner itself, indicating the position of lift and direction of peel.<\/p>\n<p>An ageing global population is here to stay and the packaging sector must ensure its products constantly evolve to accommodate the needs of the elderly and remain relevant by removing restrictive design. Peelable seals are very much a part of this process, and by selecting the most appropriate lining material and optimising the induction heat sealing process, it is possible to remove the barriers that sub-par packaging can create to ensure it is easy to open while also being totally secure for a positive user experience.<\/p>\n<\/p>\n<p><img loading=\"lazy\" decoding=\"async\" class=\"size-full wp-image-26800 aligncenter\" src=\"https:\/\/www.seliggroup.com\/wp-content\/uploads\/2022\/11\/wp_pht_steps.jpeg\" alt=\"\" width=\"900\" height=\"334\"><\/p>\n\t\t\t\t\t\t\t\t<\/div>\n\t\t\t\t<\/div>\n\t\t\t\t<\/div>\n\t\t<div class=\"elementor-element elementor-element-6e705fef e-con-full e-flex e-con e-parent\" data-id=\"6e705fef\" data-element_type=\"container\" data-e-type=\"container\">\n\t\t<div class=\"elementor-element elementor-element-e8ba1b2 e-con-full e-flex e-con e-parent\" data-id=\"e8ba1b2\" data-element_type=\"container\" data-e-type=\"container\">\n\t\t\t\t<div class=\"elementor-element elementor-element-19640b3b elementor-widget elementor-widget-heading\" data-id=\"19640b3b\" data-element_type=\"widget\" data-e-type=\"widget\" data-widget_type=\"heading.default\">\n\t\t\t\t<div class=\"elementor-widget-container\">\n\t\t\t\t\t<h2 class=\"elementor-heading-title elementor-size-default\">Related Solutions<\/h2>\t\t\t\t<\/div>\n\t\t\t\t<\/div>\n\t\t\t\t<div class=\"elementor-element elementor-element-28f60aa elementor-grid-1 elementor-posts--thumbnail-top elementor-grid-tablet-2 elementor-grid-mobile-1 elementor-widget elementor-widget-posts\" data-id=\"28f60aa\" data-element_type=\"widget\" data-e-type=\"widget\" data-settings=\"{&quot;custom_columns&quot;:&quot;1&quot;,&quot;custom_row_gap&quot;:{&quot;unit&quot;:&quot;px&quot;,&quot;size&quot;:0,&quot;sizes&quot;:[]},&quot;custom_columns_tablet&quot;:&quot;2&quot;,&quot;custom_columns_mobile&quot;:&quot;1&quot;,&quot;custom_row_gap_tablet&quot;:{&quot;unit&quot;:&quot;px&quot;,&quot;size&quot;:&quot;&quot;,&quot;sizes&quot;:[]},&quot;custom_row_gap_mobile&quot;:{&quot;unit&quot;:&quot;px&quot;,&quot;size&quot;:&quot;&quot;,&quot;sizes&quot;:[]}}\" data-widget_type=\"posts.custom\">\n\t\t\t\t<div class=\"elementor-widget-container\">\n\t\t\t\t\t      <div class=\"ecs-posts elementor-posts-container elementor-posts   elementor-grid elementor-posts--skin-custom\" data-settings=\"{&quot;current_page&quot;:1,&quot;max_num_pages&quot;:1,&quot;load_method&quot;:&quot;&quot;,&quot;widget_id&quot;:&quot;28f60aa&quot;,&quot;post_id&quot;:58437,&quot;theme_id&quot;:58437,&quot;change_url&quot;:false,&quot;reinit_js&quot;:false}\">\n      \t\t<article id=\"post-48465\" class=\"elementor-post elementor-grid-item ecs-post-loop post-48465 solution_page type-solution_page status-publish has-post-thumbnail hentry\">\n\t\t\t\t<div data-elementor-type=\"loop\" data-elementor-id=\"44786\" class=\"elementor elementor-44786 post-48465 solution_page type-solution_page status-publish has-post-thumbnail hentry\" data-elementor-post-type=\"elementor_library\">\n\t\t\t<div class=\"elementor-element elementor-element-6e8074ec e-con-full e-flex e-con e-parent\" data-id=\"6e8074ec\" data-element_type=\"container\" data-e-type=\"container\">\n\t\t\t\t<div class=\"elementor-element elementor-element-412a08e1 elementor-widget elementor-widget-theme-post-title elementor-page-title elementor-widget-heading\" data-id=\"412a08e1\" data-element_type=\"widget\" data-e-type=\"widget\" data-widget_type=\"theme-post-title.default\">\n\t\t\t\t<div class=\"elementor-widget-container\">\n\t\t\t\t\t<h1 class=\"elementor-heading-title elementor-size-default\"><a href=\"\/solution\/lift-n-peel\">Lift &#8216;n&#8217; Peel\u2122<\/a><\/h1>\t\t\t\t<\/div>\n\t\t\t\t<\/div>\n\t\t\t\t<\/div>\n\t\t\t\t<\/div>\n\t\t\t\t<\/article>\n\t\t\t\t<article id=\"post-48468\" class=\"elementor-post elementor-grid-item ecs-post-loop post-48468 solution_page type-solution_page status-publish has-post-thumbnail hentry\">\n\t\t\t\t<div data-elementor-type=\"loop\" data-elementor-id=\"44786\" class=\"elementor elementor-44786 post-48468 solution_page type-solution_page status-publish has-post-thumbnail hentry\" data-elementor-post-type=\"elementor_library\">\n\t\t\t<div class=\"elementor-element elementor-element-6e8074ec e-con-full e-flex e-con e-parent\" data-id=\"6e8074ec\" data-element_type=\"container\" data-e-type=\"container\">\n\t\t\t\t<div class=\"elementor-element elementor-element-412a08e1 elementor-widget elementor-widget-theme-post-title elementor-page-title elementor-widget-heading\" data-id=\"412a08e1\" data-element_type=\"widget\" data-e-type=\"widget\" data-widget_type=\"theme-post-title.default\">\n\t\t\t\t<div class=\"elementor-widget-container\">\n\t\t\t\t\t<h1 class=\"elementor-heading-title elementor-size-default\"><a href=\"\/solution\/portionpeel\">PortionPeel\u2122<\/a><\/h1>\t\t\t\t<\/div>\n\t\t\t\t<\/div>\n\t\t\t\t<\/div>\n\t\t\t\t<\/div>\n\t\t\t\t<\/article>\n\t\t\t\t<\/div>\n\t\t\t\t\t\t<\/div>\n\t\t\t\t<\/div>\n\t\t\t\t<\/div>\n\t\t<div class=\"elementor-element elementor-element-3aced3f7 e-con-full e-flex e-con e-parent\" data-id=\"3aced3f7\" data-element_type=\"container\" data-e-type=\"container\">\n\t\t\t\t<div class=\"elementor-element elementor-element-2d26bbf3 elementor-widget elementor-widget-heading\" data-id=\"2d26bbf3\" data-element_type=\"widget\" data-e-type=\"widget\" data-widget_type=\"heading.default\">\n\t\t\t\t<div class=\"elementor-widget-container\">\n\t\t\t\t\t<h2 class=\"elementor-heading-title elementor-size-default\">Ressources associ\u00e9es<\/h2>\t\t\t\t<\/div>\n\t\t\t\t<\/div>\n\t\t\t\t<div class=\"elementor-element elementor-element-87480de elementor-grid-1 elementor-posts--thumbnail-top elementor-grid-tablet-2 elementor-grid-mobile-1 elementor-widget elementor-widget-global elementor-global-45723 elementor-widget-posts\" data-id=\"87480de\" data-element_type=\"widget\" data-e-type=\"widget\" data-settings=\"{&quot;custom_columns&quot;:&quot;1&quot;,&quot;custom_row_gap&quot;:{&quot;unit&quot;:&quot;px&quot;,&quot;size&quot;:0,&quot;sizes&quot;:[]},&quot;custom_columns_tablet&quot;:&quot;2&quot;,&quot;custom_columns_mobile&quot;:&quot;1&quot;,&quot;custom_row_gap_tablet&quot;:{&quot;unit&quot;:&quot;px&quot;,&quot;size&quot;:&quot;&quot;,&quot;sizes&quot;:[]},&quot;custom_row_gap_mobile&quot;:{&quot;unit&quot;:&quot;px&quot;,&quot;size&quot;:&quot;&quot;,&quot;sizes&quot;:[]}}\" data-widget_type=\"posts.custom\">\n\t\t\t\t<div class=\"elementor-widget-container\">\n\t\t\t\t\t      <div class=\"ecs-posts elementor-posts-container elementor-posts   elementor-grid elementor-posts--skin-custom\" data-settings=\"{&quot;current_page&quot;:1,&quot;max_num_pages&quot;:1,&quot;load_method&quot;:&quot;&quot;,&quot;widget_id&quot;:&quot;87480de&quot;,&quot;post_id&quot;:48468,&quot;theme_id&quot;:58437,&quot;change_url&quot;:false,&quot;reinit_js&quot;:false}\">\n      \t\t<article id=\"post-54966\" class=\"elementor-post elementor-grid-item ecs-post-loop post-54966 page type-page status-publish hentry\">\n\t\t\t\t<div data-elementor-type=\"loop\" data-elementor-id=\"44786\" class=\"elementor elementor-44786 post-54966 page type-page status-publish hentry\" data-elementor-post-type=\"elementor_library\">\n\t\t\t<div class=\"elementor-element elementor-element-6e8074ec e-con-full e-flex e-con e-parent\" data-id=\"6e8074ec\" data-element_type=\"container\" data-e-type=\"container\">\n\t\t\t\t<div class=\"elementor-element elementor-element-412a08e1 elementor-widget elementor-widget-theme-post-title elementor-page-title elementor-widget-heading\" data-id=\"412a08e1\" data-element_type=\"widget\" data-e-type=\"widget\" data-widget_type=\"theme-post-title.default\">\n\t\t\t\t<div class=\"elementor-widget-container\">\n\t\t\t\t\t<h1 class=\"elementor-heading-title elementor-size-default\"><a href=\"https:\/\/www.seliggroup.com\/fr\/ressources\/certificat\/\">Certificat<\/a><\/h1>\t\t\t\t<\/div>\n\t\t\t\t<\/div>\n\t\t\t\t<\/div>\n\t\t\t\t<\/div>\n\t\t\t\t<\/article>\n\t\t\t\t<article id=\"post-54980\" class=\"elementor-post elementor-grid-item ecs-post-loop post-54980 page type-page status-publish hentry\">\n\t\t\t\t<div data-elementor-type=\"loop\" data-elementor-id=\"44786\" class=\"elementor elementor-44786 post-54980 page type-page status-publish hentry\" data-elementor-post-type=\"elementor_library\">\n\t\t\t<div class=\"elementor-element elementor-element-6e8074ec e-con-full e-flex e-con e-parent\" data-id=\"6e8074ec\" data-element_type=\"container\" data-e-type=\"container\">\n\t\t\t\t<div class=\"elementor-element elementor-element-412a08e1 elementor-widget elementor-widget-theme-post-title elementor-page-title elementor-widget-heading\" data-id=\"412a08e1\" data-element_type=\"widget\" data-e-type=\"widget\" data-widget_type=\"theme-post-title.default\">\n\t\t\t\t<div class=\"elementor-widget-container\">\n\t\t\t\t\t<h1 class=\"elementor-heading-title elementor-size-default\"><a href=\"https:\/\/www.seliggroup.com\/fr\/faq-et-depannage\/\">FAQ et d\u00e9pannage<\/a><\/h1>\t\t\t\t<\/div>\n\t\t\t\t<\/div>\n\t\t\t\t<\/div>\n\t\t\t\t<\/div>\n\t\t\t\t<\/article>\n\t\t\t\t<article id=\"post-56433\" class=\"elementor-post elementor-grid-item ecs-post-loop post-56433 page type-page status-publish hentry\">\n\t\t\t\t<div data-elementor-type=\"loop\" data-elementor-id=\"44786\" class=\"elementor elementor-44786 post-56433 page type-page status-publish hentry\" data-elementor-post-type=\"elementor_library\">\n\t\t\t<div class=\"elementor-element elementor-element-6e8074ec e-con-full e-flex e-con e-parent\" data-id=\"6e8074ec\" data-element_type=\"container\" data-e-type=\"container\">\n\t\t\t\t<div class=\"elementor-element elementor-element-412a08e1 elementor-widget elementor-widget-theme-post-title elementor-page-title elementor-widget-heading\" data-id=\"412a08e1\" data-element_type=\"widget\" data-e-type=\"widget\" data-widget_type=\"theme-post-title.default\">\n\t\t\t\t<div class=\"elementor-widget-container\">\n\t\t\t\t\t<h1 class=\"elementor-heading-title elementor-size-default\"><a href=\"https:\/\/www.seliggroup.com\/fr\/ressources\/fiches-produits\/\">Fiches produits<\/a><\/h1>\t\t\t\t<\/div>\n\t\t\t\t<\/div>\n\t\t\t\t<\/div>\n\t\t\t\t<\/div>\n\t\t\t\t<\/article>\n\t\t\t\t<article id=\"post-54962\" class=\"elementor-post elementor-grid-item ecs-post-loop post-54962 page type-page status-publish hentry\">\n\t\t\t\t<div data-elementor-type=\"loop\" data-elementor-id=\"44786\" class=\"elementor elementor-44786 post-54962 page type-page status-publish hentry\" data-elementor-post-type=\"elementor_library\">\n\t\t\t<div class=\"elementor-element elementor-element-6e8074ec e-con-full e-flex e-con e-parent\" data-id=\"6e8074ec\" data-element_type=\"container\" data-e-type=\"container\">\n\t\t\t\t<div class=\"elementor-element elementor-element-412a08e1 elementor-widget elementor-widget-theme-post-title elementor-page-title elementor-widget-heading\" data-id=\"412a08e1\" data-element_type=\"widget\" data-e-type=\"widget\" data-widget_type=\"theme-post-title.default\">\n\t\t\t\t<div class=\"elementor-widget-container\">\n\t\t\t\t\t<h1 class=\"elementor-heading-title elementor-size-default\"><a href=\"https:\/\/www.seliggroup.com\/fr\/ressources\/pht-le-guide-du-scellage-par-induction\/\">PHT : Le guide du scellage par induction<\/a><\/h1>\t\t\t\t<\/div>\n\t\t\t\t<\/div>\n\t\t\t\t<\/div>\n\t\t\t\t<\/div>\n\t\t\t\t<\/article>\n\t\t\t\t<article id=\"post-55313\" class=\"elementor-post elementor-grid-item ecs-post-loop post-55313 page type-page status-publish has-post-thumbnail hentry\">\n\t\t\t\t<div data-elementor-type=\"loop\" data-elementor-id=\"44786\" class=\"elementor elementor-44786 post-55313 page type-page status-publish has-post-thumbnail hentry\" data-elementor-post-type=\"elementor_library\">\n\t\t\t<div class=\"elementor-element elementor-element-6e8074ec e-con-full e-flex e-con e-parent\" data-id=\"6e8074ec\" data-element_type=\"container\" data-e-type=\"container\">\n\t\t\t\t<div class=\"elementor-element elementor-element-412a08e1 elementor-widget elementor-widget-theme-post-title elementor-page-title elementor-widget-heading\" data-id=\"412a08e1\" data-element_type=\"widget\" data-e-type=\"widget\" data-widget_type=\"theme-post-title.default\">\n\t\t\t\t<div class=\"elementor-widget-container\">\n\t\t\t\t\t<h1 class=\"elementor-heading-title elementor-size-default\"><a href=\"https:\/\/www.seliggroup.com\/fr\/solutions-pour-emballages\/scellage-des-recipients\/\">Scellage des r\u00e9cipients<\/a><\/h1>\t\t\t\t<\/div>\n\t\t\t\t<\/div>\n\t\t\t\t<\/div>\n\t\t\t\t<\/div>\n\t\t\t\t<\/article>\n\t\t\t\t<\/div>\n\t\t\t\t\t\t<\/div>\n\t\t\t\t<\/div>\n\t\t\t\t<\/div>\n\t\t\t\t<\/div>\n\t\t\t\t<\/div>\n\t\t<div class=\"elementor-element elementor-element-722fd379 e-con-full e-flex e-con e-parent\" data-id=\"722fd379\" data-element_type=\"container\" data-e-type=\"container\">\n\t\t<div class=\"elementor-element elementor-element-ee55f5a e-con-full normal-padding content-show e-flex e-con e-parent\" data-id=\"ee55f5a\" data-element_type=\"container\" data-e-type=\"container\" data-settings=\"{&quot;background_background&quot;:&quot;classic&quot;}\">\n\t\t<div class=\"elementor-element elementor-element-9589037 e-con-full e-flex e-con e-parent\" data-id=\"9589037\" data-element_type=\"container\" data-e-type=\"container\">\n\t\t\t\t<div class=\"elementor-element elementor-element-508c7083 elementor-widget__width-auto elementor-widget elementor-widget-heading\" data-id=\"508c7083\" data-element_type=\"widget\" data-e-type=\"widget\" data-widget_type=\"heading.default\">\n\t\t\t\t<div class=\"elementor-widget-container\">\n\t\t\t\t\t<h2 class=\"elementor-heading-title elementor-size-default\">Contenu connexe<\/h2>\t\t\t\t<\/div>\n\t\t\t\t<\/div>\n\t\t\t\t<div class=\"elementor-element elementor-element-d99f064 elementor-widget__width-initial elementor-hidden-mobile elementor-widget-divider--view-line elementor-widget elementor-widget-divider\" data-id=\"d99f064\" data-element_type=\"widget\" data-e-type=\"widget\" data-widget_type=\"divider.default\">\n\t\t\t\t<div class=\"elementor-widget-container\">\n\t\t\t\t\t\t\t<div class=\"elementor-divider\">\n\t\t\t<span class=\"elementor-divider-separator\">\n\t\t\t\t\t\t<\/span>\n\t\t<\/div>\n\t\t\t\t\t\t<\/div>\n\t\t\t\t<\/div>\n\t\t\t\t<\/div>\n\t\t\t\t<div class=\"elementor-element elementor-element-3d799600 anwp-pg-widget-header-style--b anwp-pg-post-teaser__post-icon--size-16 elementor-arrows-position-inside elementor-widget elementor-widget-anwp-pg-classic-slider\" data-id=\"3d799600\" data-element_type=\"widget\" data-e-type=\"widget\" data-widget_type=\"anwp-pg-classic-slider.default\">\n\t\t\t\t<div class=\"elementor-widget-container\">\n\t\t\t\t\t<div class=\"anwp-pg-wrap\">\n\n\t\n\t<!-- Slider main container -->\n\t<div\n\t\tclass=\"anwp-pg-classic-slider anwp-pg-swiper-wrapper position-static swiper swiper-container anwp-pg-no-transform\"\n\t\tdata-pg-slides-per-view=\"3\"\n\t\tdata-pg-slides-per-view-mobile=\"1\"\n\t\tdata-pg-slides-per-view-tablet=\"2\"\n\t\tdata-pg-slides-per-group=\"1\"\n\t\tdata-pg-slides-per-group-mobile=\"1\"\n\t\tdata-pg-slides-per-group-tablet=\"1\"\n\t\tdata-pg-autoplay=\"no\"\n\t\tdata-pg-autoplay-delay=\"\"\n\t\tdata-pg-space-between=\"30\"\n\t\tdata-pg-effect=\"slide\"\n\t\tdata-pg-show-read-more=\"yes\"\n\t\tdata-pg-enable-observer=\"no\"\n\t\tdata-pg-loop=\"no\"\n\t\tdir=\"ltr\"\n\t>\n\t\t<!-- Additional required wrapper -->\n\t\t<div class=\"swiper-wrapper\">\n\t\t\t<!-- Slides -->\n\t\t\t<div class=\"anwp-pg-post-teaser anwp-pg-post-teaser--inner-cover-link anwp-pg-post-teaser--layout-d d-flex flex-column swiper-slide anwp-pg-post-teaser--with-read-more \">\n\t<div class=\"anwp-pg-post-teaser__thumbnail position-relative\">\n\n\t\t\n\t\t\n\t\t\t\t\t<img loading=\"lazy\" class=\"anwp-pg-post-teaser__thumbnail-img d-block anwp-pg-height-180 anwp-object-cover m-0 w-100\"\n\t\t\t\talt=\"Selig Group Announces New GM, Americas and Leadership Reorganization\"\n\t\t\t\tsrc=\"https:\/\/www.seliggroup.com\/wp-content\/uploads\/2025\/09\/Selig-Group-news-article-images-organizational-1.jpg\"\/>\n\t\t\n\t\t<div class=\"anwp-pg-post-teaser__thumbnail-bg anwp-position-cover\"><\/div>\n\n\t\t<a class=\"anwp-position-cover anwp-link-without-effects\" href=\"https:\/\/www.seliggroup.com\/wp-content\/uploads\/2025\/09\/Selig_Press-Release_090825.pdf\" aria-hidden=\"true\" ><\/a>\n\t<\/div>\n\n\t<div class=\"anwp-pg-post-teaser__content flex-grow-1 pt-1 d-flex flex-column\">\n\n\t\t<div class=\"anwp-pg-post-teaser__title anwp-font-heading mt-2\">\n\t\t\t<a class=\"anwp-link-without-effects\" href=\"https:\/\/www.seliggroup.com\/wp-content\/uploads\/2025\/09\/Selig_Press-Release_090825.pdf\" aria-hidden=\"true\" >\n\t\t\t\tSelig Group Announces New GM, Americas and Leadership Reorganization\t\t\t<\/a>\n\t\t<\/div>\n\n\t\t<div class=\"anwp-pg-post-teaser__bottom-meta d-flex flex-wrap\">\n\n\t\t\t\n\t\t\t\t\t<\/div>\n\n\t\t\t\t\t<div class=\"anwp-pg-post-teaser__excerpt mb-2\">\n\t\t\t\t\t\t\t<\/div>\n\t\t\n\t\t\t\t\t<div class=\"w-100 anwp-pg-read-more mt-auto\">\n\t\t\t\t<a href=\"https:\/\/www.seliggroup.com\/wp-content\/uploads\/2025\/09\/Selig_Press-Release_090825.pdf\" \t\t\t\t\tclass=\"anwp-pg-read-more__btn mt-3 mb-0 btn btn-sm btn-outline-info w-100 text-decoration-none\">\n\t\t\t\t\tRead More\t\t\t\t<\/a>\n\t\t\t<\/div>\n\t\t\n\t<\/div>\n\n<\/div>\n<div class=\"anwp-pg-post-teaser anwp-pg-post-teaser--inner-cover-link anwp-pg-post-teaser--layout-d d-flex flex-column swiper-slide anwp-pg-post-teaser--with-read-more \">\n\t<div class=\"anwp-pg-post-teaser__thumbnail position-relative\">\n\n\t\t\n\t\t\n\t\t\t\t\t<img loading=\"lazy\" class=\"anwp-pg-post-teaser__thumbnail-img d-block anwp-pg-height-180 anwp-object-cover m-0 w-100\"\n\t\t\t\talt=\"Selig Group Announces New CEO\"\n\t\t\t\tsrc=\"https:\/\/www.seliggroup.com\/wp-content\/uploads\/2025\/02\/Selig-Group-news-article-images-Adam-CEO.jpg\"\/>\n\t\t\n\t\t<div class=\"anwp-pg-post-teaser__thumbnail-bg anwp-position-cover\"><\/div>\n\n\t\t<a class=\"anwp-position-cover anwp-link-without-effects\" href=\"https:\/\/www.seliggroup.com\/wp-content\/uploads\/2025\/02\/Press-Release-Selig-CEO-February-2025.pdf\" aria-hidden=\"true\" ><\/a>\n\t<\/div>\n\n\t<div class=\"anwp-pg-post-teaser__content flex-grow-1 pt-1 d-flex flex-column\">\n\n\t\t<div class=\"anwp-pg-post-teaser__title anwp-font-heading mt-2\">\n\t\t\t<a class=\"anwp-link-without-effects\" href=\"https:\/\/www.seliggroup.com\/wp-content\/uploads\/2025\/02\/Press-Release-Selig-CEO-February-2025.pdf\" aria-hidden=\"true\" >\n\t\t\t\tSelig Group Announces New CEO\t\t\t<\/a>\n\t\t<\/div>\n\n\t\t<div class=\"anwp-pg-post-teaser__bottom-meta d-flex flex-wrap\">\n\n\t\t\t\n\t\t\t\t\t<\/div>\n\n\t\t\t\t\t<div class=\"anwp-pg-post-teaser__excerpt mb-2\">\n\t\t\t\t\t\t\t<\/div>\n\t\t\n\t\t\t\t\t<div class=\"w-100 anwp-pg-read-more mt-auto\">\n\t\t\t\t<a href=\"https:\/\/www.seliggroup.com\/wp-content\/uploads\/2025\/02\/Press-Release-Selig-CEO-February-2025.pdf\" \t\t\t\t\tclass=\"anwp-pg-read-more__btn mt-3 mb-0 btn btn-sm btn-outline-info w-100 text-decoration-none\">\n\t\t\t\t\tRead More\t\t\t\t<\/a>\n\t\t\t<\/div>\n\t\t\n\t<\/div>\n\n<\/div>\n<div class=\"anwp-pg-post-teaser anwp-pg-post-teaser--inner-cover-link anwp-pg-post-teaser--layout-d d-flex flex-column swiper-slide anwp-pg-post-teaser--with-read-more \">\n\t<div class=\"anwp-pg-post-teaser__thumbnail position-relative\">\n\n\t\t\n\t\t\n\t\t\t\t\t<img loading=\"lazy\" class=\"anwp-pg-post-teaser__thumbnail-img d-block anwp-pg-height-180 anwp-object-cover m-0 w-100\"\n\t\t\t\talt=\"Overcoming Induction Heat Sealing Pain Points\"\n\t\t\t\tsrc=\"https:\/\/www.seliggroup.com\/wp-content\/uploads\/2024\/05\/DELTASEAL-GlassFuze-feature-image.jpg\"\/>\n\t\t\n\t\t<div class=\"anwp-pg-post-teaser__thumbnail-bg anwp-position-cover\"><\/div>\n\n\t\t<a class=\"anwp-position-cover anwp-link-without-effects\" href=\"https:\/\/www.seliggroup.com\/fr\/overcoming-induction-heat-sealing-pain-points\/\" aria-hidden=\"true\" ><\/a>\n\t<\/div>\n\n\t<div class=\"anwp-pg-post-teaser__content flex-grow-1 pt-1 d-flex flex-column\">\n\n\t\t<div class=\"anwp-pg-post-teaser__title anwp-font-heading mt-2\">\n\t\t\t<a class=\"anwp-link-without-effects\" href=\"https:\/\/www.seliggroup.com\/fr\/overcoming-induction-heat-sealing-pain-points\/\" aria-hidden=\"true\" >\n\t\t\t\tOvercoming Induction Heat Sealing Pain Points\t\t\t<\/a>\n\t\t<\/div>\n\n\t\t<div class=\"anwp-pg-post-teaser__bottom-meta d-flex flex-wrap\">\n\n\t\t\t\n\t\t\t\t\t<\/div>\n\n\t\t\t\t\t<div class=\"anwp-pg-post-teaser__excerpt mb-2\">\n\t\t\t\tHOME \/ RESOURCES \/ News &#038; Whiter papers | | Region: Europe Download PDF Share Overcoming Induction Heat Sealing Pain Points Globally the induction sealing machine market was worth USD ...\t\t\t<\/div>\n\t\t\n\t\t\t\t\t<div class=\"w-100 anwp-pg-read-more mt-auto\">\n\t\t\t\t<a href=\"https:\/\/www.seliggroup.com\/fr\/overcoming-induction-heat-sealing-pain-points\/\" \t\t\t\t\tclass=\"anwp-pg-read-more__btn mt-3 mb-0 btn btn-sm btn-outline-info w-100 text-decoration-none\">\n\t\t\t\t\tRead More\t\t\t\t<\/a>\n\t\t\t<\/div>\n\t\t\n\t<\/div>\n\n<\/div>\n<div class=\"anwp-pg-post-teaser anwp-pg-post-teaser--inner-cover-link anwp-pg-post-teaser--layout-d d-flex flex-column swiper-slide anwp-pg-post-teaser--with-read-more \">\n\t<div class=\"anwp-pg-post-teaser__thumbnail position-relative\">\n\n\t\t\n\t\t\n\t\t\t\t\t<img loading=\"lazy\" class=\"anwp-pg-post-teaser__thumbnail-img d-block anwp-pg-height-180 anwp-object-cover m-0 w-100\"\n\t\t\t\talt=\"Sealing the Deal With Hot Fill Containers\"\n\t\t\t\tsrc=\"https:\/\/www.seliggroup.com\/wp-content\/uploads\/2024\/01\/Selig-Group-news-article-images-Sealing-the-Deal-with-Hot-Fill.jpg\"\/>\n\t\t\n\t\t<div class=\"anwp-pg-post-teaser__thumbnail-bg anwp-position-cover\"><\/div>\n\n\t\t<a class=\"anwp-position-cover anwp-link-without-effects\" href=\"https:\/\/www.foodmanufacture.co.uk\/Article\/2024\/01\/15\/selig-group-on-sealing-the-deal-with-hot-fill-containers\" aria-hidden=\"true\" ><\/a>\n\t<\/div>\n\n\t<div class=\"anwp-pg-post-teaser__content flex-grow-1 pt-1 d-flex flex-column\">\n\n\t\t<div class=\"anwp-pg-post-teaser__title anwp-font-heading mt-2\">\n\t\t\t<a class=\"anwp-link-without-effects\" href=\"https:\/\/www.foodmanufacture.co.uk\/Article\/2024\/01\/15\/selig-group-on-sealing-the-deal-with-hot-fill-containers\" aria-hidden=\"true\" >\n\t\t\t\tSealing the Deal With Hot Fill Containers\t\t\t<\/a>\n\t\t<\/div>\n\n\t\t<div class=\"anwp-pg-post-teaser__bottom-meta d-flex flex-wrap\">\n\n\t\t\t\n\t\t\t\t\t<\/div>\n\n\t\t\t\t\t<div class=\"anwp-pg-post-teaser__excerpt mb-2\">\n\t\t\t\tHot fill technology has been standard practice across many forms of liquid and semi-liquid food products since the 1980&#8217;s. This is largely due to the improved product quality, shelf-life extension ...\t\t\t<\/div>\n\t\t\n\t\t\t\t\t<div class=\"w-100 anwp-pg-read-more mt-auto\">\n\t\t\t\t<a href=\"https:\/\/www.foodmanufacture.co.uk\/Article\/2024\/01\/15\/selig-group-on-sealing-the-deal-with-hot-fill-containers\" \t\t\t\t\tclass=\"anwp-pg-read-more__btn mt-3 mb-0 btn btn-sm btn-outline-info w-100 text-decoration-none\">\n\t\t\t\t\tRead More\t\t\t\t<\/a>\n\t\t\t<\/div>\n\t\t\n\t<\/div>\n\n<\/div>\n<div class=\"anwp-pg-post-teaser anwp-pg-post-teaser--inner-cover-link anwp-pg-post-teaser--layout-d d-flex flex-column swiper-slide anwp-pg-post-teaser--with-read-more \">\n\t<div class=\"anwp-pg-post-teaser__thumbnail position-relative\">\n\n\t\t\n\t\t\n\t\t\t\t\t<img loading=\"lazy\" class=\"anwp-pg-post-teaser__thumbnail-img d-block anwp-pg-height-180 anwp-object-cover m-0 w-100\"\n\t\t\t\talt=\"Slashing Waste With Induction Heat Seals\"\n\t\t\t\tsrc=\"https:\/\/www.seliggroup.com\/wp-content\/uploads\/2023\/08\/Selig-Group-news-article-Slashing-Waste-With-Induction-1.jpg\"\/>\n\t\t\n\t\t<div class=\"anwp-pg-post-teaser__thumbnail-bg anwp-position-cover\"><\/div>\n\n\t\t<a class=\"anwp-position-cover anwp-link-without-effects\" href=\"https:\/\/packagingscotland.com\/2023\/04\/slashing-waste-with-induction-heat-seals\/\" aria-hidden=\"true\" ><\/a>\n\t<\/div>\n\n\t<div class=\"anwp-pg-post-teaser__content flex-grow-1 pt-1 d-flex flex-column\">\n\n\t\t<div class=\"anwp-pg-post-teaser__title anwp-font-heading mt-2\">\n\t\t\t<a class=\"anwp-link-without-effects\" href=\"https:\/\/packagingscotland.com\/2023\/04\/slashing-waste-with-induction-heat-seals\/\" aria-hidden=\"true\" >\n\t\t\t\tSlashing Waste With Induction Heat Seals\t\t\t<\/a>\n\t\t<\/div>\n\n\t\t<div class=\"anwp-pg-post-teaser__bottom-meta d-flex flex-wrap\">\n\n\t\t\t\n\t\t\t\t\t<\/div>\n\n\t\t\t\t\t<div class=\"anwp-pg-post-teaser__excerpt mb-2\">\n\t\t\t\t\t\t\t<\/div>\n\t\t\n\t\t\t\t\t<div class=\"w-100 anwp-pg-read-more mt-auto\">\n\t\t\t\t<a href=\"https:\/\/packagingscotland.com\/2023\/04\/slashing-waste-with-induction-heat-seals\/\" \t\t\t\t\tclass=\"anwp-pg-read-more__btn mt-3 mb-0 btn btn-sm btn-outline-info w-100 text-decoration-none\">\n\t\t\t\t\tRead More\t\t\t\t<\/a>\n\t\t\t<\/div>\n\t\t\n\t<\/div>\n\n<\/div>\n<div class=\"anwp-pg-post-teaser anwp-pg-post-teaser--inner-cover-link anwp-pg-post-teaser--layout-d d-flex flex-column swiper-slide anwp-pg-post-teaser--with-read-more \">\n\t<div class=\"anwp-pg-post-teaser__thumbnail position-relative\">\n\n\t\t\n\t\t\n\t\t\t\t\t<img loading=\"lazy\" class=\"anwp-pg-post-teaser__thumbnail-img d-block anwp-pg-height-180 anwp-object-cover m-0 w-100\"\n\t\t\t\talt=\"Selig Group Launches New Website\"\n\t\t\t\tsrc=\"https:\/\/www.seliggroup.com\/wp-content\/uploads\/2023\/08\/Selig-Group-news-article-Selig-Group-Launches-New-Website.jpg\"\/>\n\t\t\n\t\t<div class=\"anwp-pg-post-teaser__thumbnail-bg anwp-position-cover\"><\/div>\n\n\t\t<a class=\"anwp-position-cover anwp-link-without-effects\" href=\"https:\/\/www.packworld.com\/supplier-news\/news\/22863862\/selig-group-selig-group-launches-new-website\" aria-hidden=\"true\" ><\/a>\n\t<\/div>\n\n\t<div class=\"anwp-pg-post-teaser__content flex-grow-1 pt-1 d-flex flex-column\">\n\n\t\t<div class=\"anwp-pg-post-teaser__title anwp-font-heading mt-2\">\n\t\t\t<a class=\"anwp-link-without-effects\" href=\"https:\/\/www.packworld.com\/supplier-news\/news\/22863862\/selig-group-selig-group-launches-new-website\" aria-hidden=\"true\" >\n\t\t\t\tSelig Group Launches New Website\t\t\t<\/a>\n\t\t<\/div>\n\n\t\t<div class=\"anwp-pg-post-teaser__bottom-meta d-flex flex-wrap\">\n\n\t\t\t\n\t\t\t\t\t<\/div>\n\n\t\t\t\t\t<div class=\"anwp-pg-post-teaser__excerpt mb-2\">\n\t\t\t\t\t\t\t<\/div>\n\t\t\n\t\t\t\t\t<div class=\"w-100 anwp-pg-read-more mt-auto\">\n\t\t\t\t<a href=\"https:\/\/www.packworld.com\/supplier-news\/news\/22863862\/selig-group-selig-group-launches-new-website\" \t\t\t\t\tclass=\"anwp-pg-read-more__btn mt-3 mb-0 btn btn-sm btn-outline-info w-100 text-decoration-none\">\n\t\t\t\t\tRead More\t\t\t\t<\/a>\n\t\t\t<\/div>\n\t\t\n\t<\/div>\n\n<\/div>\n<div class=\"anwp-pg-post-teaser anwp-pg-post-teaser--inner-cover-link anwp-pg-post-teaser--layout-d d-flex flex-column swiper-slide anwp-pg-post-teaser--with-read-more \">\n\t<div class=\"anwp-pg-post-teaser__thumbnail position-relative\">\n\n\t\t\n\t\t\n\t\t\t\t\t<img loading=\"lazy\" class=\"anwp-pg-post-teaser__thumbnail-img d-block anwp-pg-height-180 anwp-object-cover m-0 w-100\"\n\t\t\t\talt=\"Packaging Sealing at its Best with Selig at Interpack\"\n\t\t\t\tsrc=\"https:\/\/www.seliggroup.com\/wp-content\/uploads\/2023\/08\/Selig-Group-news-article-Packaging-Sealing-at-its-Best-1.jpg\"\/>\n\t\t\n\t\t<div class=\"anwp-pg-post-teaser__thumbnail-bg anwp-position-cover\"><\/div>\n\n\t\t<a class=\"anwp-position-cover anwp-link-without-effects\" href=\"https:\/\/spnews.com\/selig-at-interpack\/\" aria-hidden=\"true\" ><\/a>\n\t<\/div>\n\n\t<div class=\"anwp-pg-post-teaser__content flex-grow-1 pt-1 d-flex flex-column\">\n\n\t\t<div class=\"anwp-pg-post-teaser__title anwp-font-heading mt-2\">\n\t\t\t<a class=\"anwp-link-without-effects\" href=\"https:\/\/spnews.com\/selig-at-interpack\/\" aria-hidden=\"true\" >\n\t\t\t\tPackaging Sealing at its Best with Selig at Interpack\t\t\t<\/a>\n\t\t<\/div>\n\n\t\t<div class=\"anwp-pg-post-teaser__bottom-meta d-flex flex-wrap\">\n\n\t\t\t\n\t\t\t\t\t<\/div>\n\n\t\t\t\t\t<div class=\"anwp-pg-post-teaser__excerpt mb-2\">\n\t\t\t\t\t\t\t<\/div>\n\t\t\n\t\t\t\t\t<div class=\"w-100 anwp-pg-read-more mt-auto\">\n\t\t\t\t<a href=\"https:\/\/spnews.com\/selig-at-interpack\/\" \t\t\t\t\tclass=\"anwp-pg-read-more__btn mt-3 mb-0 btn btn-sm btn-outline-info w-100 text-decoration-none\">\n\t\t\t\t\tRead More\t\t\t\t<\/a>\n\t\t\t<\/div>\n\t\t\n\t<\/div>\n\n<\/div>\n<div class=\"anwp-pg-post-teaser anwp-pg-post-teaser--inner-cover-link anwp-pg-post-teaser--layout-d d-flex flex-column swiper-slide anwp-pg-post-teaser--with-read-more \">\n\t<div class=\"anwp-pg-post-teaser__thumbnail position-relative\">\n\n\t\t\n\t\t\n\t\t\t\t\t<img loading=\"lazy\" class=\"anwp-pg-post-teaser__thumbnail-img d-block anwp-pg-height-180 anwp-object-cover m-0 w-100\"\n\t\t\t\talt=\"La conservation du vin au 21\u00e8me si\u00e8cle\"\n\t\t\t\tsrc=\"https:\/\/www.seliggroup.com\/wp-content\/uploads\/2022\/11\/Oenoseal-wine-bottle-1.png\"\/>\n\t\t\n\t\t<div class=\"anwp-pg-post-teaser__thumbnail-bg anwp-position-cover\"><\/div>\n\n\t\t<a class=\"anwp-position-cover anwp-link-without-effects\" href=\"https:\/\/www.seliggroup.com\/fr\/la-conservation-du-vin-au-21eme-siecle\/\" aria-hidden=\"true\" ><\/a>\n\t<\/div>\n\n\t<div class=\"anwp-pg-post-teaser__content flex-grow-1 pt-1 d-flex flex-column\">\n\n\t\t<div class=\"anwp-pg-post-teaser__title anwp-font-heading mt-2\">\n\t\t\t<a class=\"anwp-link-without-effects\" href=\"https:\/\/www.seliggroup.com\/fr\/la-conservation-du-vin-au-21eme-siecle\/\" aria-hidden=\"true\" >\n\t\t\t\tLa conservation du vin au 21\u00e8me si\u00e8cle\t\t\t<\/a>\n\t\t<\/div>\n\n\t\t<div class=\"anwp-pg-post-teaser__bottom-meta d-flex flex-wrap\">\n\n\t\t\t\n\t\t\t\t\t<\/div>\n\n\t\t\t\t\t<div class=\"anwp-pg-post-teaser__excerpt mb-2\">\n\t\t\t\tPendant la pand\u00e9mie mondiale, l&#039;industrie du vin a prouv\u00e9 sa polyvalence en trouvant des solutions flexibles. Cependant, le changement \u00e9tant d\u00e9sormais la seule constante de la fili\u00e8re viticole, comment les ...\t\t\t<\/div>\n\t\t\n\t\t\t\t\t<div class=\"w-100 anwp-pg-read-more mt-auto\">\n\t\t\t\t<a href=\"https:\/\/www.seliggroup.com\/fr\/la-conservation-du-vin-au-21eme-siecle\/\" \t\t\t\t\tclass=\"anwp-pg-read-more__btn mt-3 mb-0 btn btn-sm btn-outline-info w-100 text-decoration-none\">\n\t\t\t\t\tRead More\t\t\t\t<\/a>\n\t\t\t<\/div>\n\t\t\n\t<\/div>\n\n<\/div>\n<div class=\"anwp-pg-post-teaser anwp-pg-post-teaser--inner-cover-link anwp-pg-post-teaser--layout-d d-flex flex-column swiper-slide anwp-pg-post-teaser--with-read-more \">\n\t<div class=\"anwp-pg-post-teaser__thumbnail position-relative\">\n\n\t\t\n\t\t\n\t\t\t\t\t<img loading=\"lazy\" class=\"anwp-pg-post-teaser__thumbnail-img d-block anwp-pg-height-180 anwp-object-cover m-0 w-100\"\n\t\t\t\talt=\"Selig d\u00e9signe son nouveau pr\u00e9sident\"\n\t\t\t\tsrc=\"https:\/\/www.seliggroup.com\/wp-content\/uploads\/2022\/11\/Adam-Selig-President-e1669746852171-1.png\"\/>\n\t\t\n\t\t<div class=\"anwp-pg-post-teaser__thumbnail-bg anwp-position-cover\"><\/div>\n\n\t\t<a class=\"anwp-position-cover anwp-link-without-effects\" href=\"https:\/\/www.seliggroup.com\/fr\/selig-designe-son-nouveau-president\/\" aria-hidden=\"true\" ><\/a>\n\t<\/div>\n\n\t<div class=\"anwp-pg-post-teaser__content flex-grow-1 pt-1 d-flex flex-column\">\n\n\t\t<div class=\"anwp-pg-post-teaser__title anwp-font-heading mt-2\">\n\t\t\t<a class=\"anwp-link-without-effects\" href=\"https:\/\/www.seliggroup.com\/fr\/selig-designe-son-nouveau-president\/\" aria-hidden=\"true\" >\n\t\t\t\tSelig d\u00e9signe son nouveau pr\u00e9sident\t\t\t<\/a>\n\t\t<\/div>\n\n\t\t<div class=\"anwp-pg-post-teaser__bottom-meta d-flex flex-wrap\">\n\n\t\t\t\n\t\t\t\t\t<\/div>\n\n\t\t\t\t\t<div class=\"anwp-pg-post-teaser__excerpt mb-2\">\n\t\t\t\tLe groupe Selig a le plaisir d\u2019annoncer qu\u2019Adam Sheridan occupera le poste de pr\u00e9sident du groupe Selig \u00e0 compter du 1er juin. \u00ab Je suis ravi de diriger l\u2019\u00e9quipe de ...\t\t\t<\/div>\n\t\t\n\t\t\t\t\t<div class=\"w-100 anwp-pg-read-more mt-auto\">\n\t\t\t\t<a href=\"https:\/\/www.seliggroup.com\/fr\/selig-designe-son-nouveau-president\/\" \t\t\t\t\tclass=\"anwp-pg-read-more__btn mt-3 mb-0 btn btn-sm btn-outline-info w-100 text-decoration-none\">\n\t\t\t\t\tRead More\t\t\t\t<\/a>\n\t\t\t<\/div>\n\t\t\n\t<\/div>\n\n<\/div>\n<div class=\"anwp-pg-post-teaser anwp-pg-post-teaser--inner-cover-link anwp-pg-post-teaser--layout-d d-flex flex-column swiper-slide anwp-pg-post-teaser--with-read-more \">\n\t<div class=\"anwp-pg-post-teaser__thumbnail position-relative\">\n\n\t\t\n\t\t\n\t\t\t\t\t<img loading=\"lazy\" class=\"anwp-pg-post-teaser__thumbnail-img d-block anwp-pg-height-180 anwp-object-cover m-0 w-100\"\n\t\t\t\talt=\"La r\u00e9action des fabricants face \u00e0 la demande d\u2019emballages \u00e9cologiques novateurs\"\n\t\t\t\tsrc=\"https:\/\/www.seliggroup.com\/wp-content\/uploads\/2022\/12\/manufacturers-respond-demand-ecopackaging-1.jpeg\"\/>\n\t\t\n\t\t<div class=\"anwp-pg-post-teaser__thumbnail-bg anwp-position-cover\"><\/div>\n\n\t\t<a class=\"anwp-position-cover anwp-link-without-effects\" href=\"https:\/\/www.seliggroup.com\/fr\/la-reaction-des-fabricants-face-a-la-demande-demballages-ecologiques-novateurs\/\" aria-hidden=\"true\" ><\/a>\n\t<\/div>\n\n\t<div class=\"anwp-pg-post-teaser__content flex-grow-1 pt-1 d-flex flex-column\">\n\n\t\t<div class=\"anwp-pg-post-teaser__title anwp-font-heading mt-2\">\n\t\t\t<a class=\"anwp-link-without-effects\" href=\"https:\/\/www.seliggroup.com\/fr\/la-reaction-des-fabricants-face-a-la-demande-demballages-ecologiques-novateurs\/\" aria-hidden=\"true\" >\n\t\t\t\tLa r\u00e9action des fabricants face \u00e0 la demande d\u2019emballages \u00e9cologiques novateurs\t\t\t<\/a>\n\t\t<\/div>\n\n\t\t<div class=\"anwp-pg-post-teaser__bottom-meta d-flex flex-wrap\">\n\n\t\t\t\n\t\t\t\t\t<\/div>\n\n\t\t\t\t\t<div class=\"anwp-pg-post-teaser__excerpt mb-2\">\n\t\t\t\tLorsqu\u2019il s\u2019agit de pr\u00e9venir les fuites et de maintenir la fra\u00eecheur, les disques, les anas et les fermetures constituent des solutions populaires et param\u00e9trables. Mais comment les fabricants r\u00e9pondent-ils \u00e0 ...\t\t\t<\/div>\n\t\t\n\t\t\t\t\t<div class=\"w-100 anwp-pg-read-more mt-auto\">\n\t\t\t\t<a href=\"https:\/\/www.seliggroup.com\/fr\/la-reaction-des-fabricants-face-a-la-demande-demballages-ecologiques-novateurs\/\" \t\t\t\t\tclass=\"anwp-pg-read-more__btn mt-3 mb-0 btn btn-sm btn-outline-info w-100 text-decoration-none\">\n\t\t\t\t\tRead More\t\t\t\t<\/a>\n\t\t\t<\/div>\n\t\t\n\t<\/div>\n\n<\/div>\n\t\t<\/div>\n\n\t\t\t\t\t\t\t\t\t\t\t\t<div class=\"elementor-swiper-button elementor-swiper-button-prev\">\n\t\t\t\t\t<svg class=\"anwp-pg-icon anwp-pg-icon--feather anwp-pg-icon--s28\">\n\t\t\t\t\t\t<use xlink:href=\"#icon-anwp-pg-chevron-left\"><\/use>\n\t\t\t\t\t<\/svg>\n\t\t\t\t\t<span class=\"elementor-screen-only\">Previous<\/span>\n\t\t\t\t<\/div>\n\t\t\t\t<div class=\"elementor-swiper-button elementor-swiper-button-next\">\n\t\t\t\t\t<svg class=\"anwp-pg-icon anwp-pg-icon--feather anwp-pg-icon--s28\">\n\t\t\t\t\t\t<use xlink:href=\"#icon-anwp-pg-chevron-right\"><\/use>\n\t\t\t\t\t<\/svg>\n\t\t\t\t\t<span class=\"elementor-screen-only\">Next<\/span>\n\t\t\t\t<\/div>\n\t\t\t\t\t\t<\/div>\n<\/div>\n\t\t\t\t<\/div>\n\t\t\t\t<\/div>\n\t\t\t\t<\/div>\n\t\t\t\t<\/div>\n\t\t\t\t<\/div>\n\t\t","protected":false},"excerpt":{"rendered":"<p>Une population mondiale vieillissante est l\u00e0 pour rester et le secteur de l&#8217;emballage doit s&#8217;assurer que ses produits \u00e9voluent constamment pour r\u00e9pondre aux besoins des personnes \u00e2g\u00e9es et rester pertinents.<\/p>\n","protected":false},"author":3,"featured_media":58438,"comment_status":"closed","ping_status":"closed","sticky":false,"template":"","format":"standard","meta":{"_acf_changed":false,"inline_featured_image":false,"_monsterinsights_skip_tracking":false,"_monsterinsights_sitenote_active":false,"_monsterinsights_sitenote_note":"","_monsterinsights_sitenote_category":0,"footnotes":"","_links_to":"","_links_to_target":""},"categories":[1684],"tags":[1723,1722,1725,1726,1727,1724],"class_list":["post-58437","post","type-post","status-publish","format-standard","has-post-thumbnail","hentry","category-non-classifiee","tag-boissons","tag-les-produits-alimentaires","tag-les-produits-chimiques-et-industriels","tag-les-soins-personnels","tag-sante","tag-vins-et-spiritueux"],"acf":[],"yoast_head":"<!-- This site is optimized with the Yoast SEO plugin v27.4 - https:\/\/yoast.com\/product\/yoast-seo-wordpress\/ -->\n<title>L&#039;emballage et les besoins d&#039;une population mondiale vieillissante - Selig Group<\/title>\n<meta name=\"robots\" content=\"index, follow, max-snippet:-1, max-image-preview:large, max-video-preview:-1\" \/>\n<link rel=\"canonical\" href=\"https:\/\/www.seliggroup.com\/fr\/lemballage-et-les-besoins-dune-population-mondiale-vieillissante\/\" \/>\n<meta property=\"og:locale\" content=\"fr_FR\" \/>\n<meta property=\"og:type\" content=\"article\" \/>\n<meta property=\"og:title\" content=\"L&#039;emballage et les besoins d&#039;une population mondiale vieillissante - Selig Group\" \/>\n<meta property=\"og:description\" content=\"Une population mondiale vieillissante est l\u00e0 pour rester et le secteur de l&#039;emballage doit s&#039;assurer que ses produits \u00e9voluent constamment pour r\u00e9pondre aux besoins des personnes \u00e2g\u00e9es et rester pertinents.\" \/>\n<meta property=\"og:url\" content=\"https:\/\/www.seliggroup.com\/fr\/lemballage-et-les-besoins-dune-population-mondiale-vieillissante\/\" \/>\n<meta property=\"og:site_name\" content=\"Selig Group\" \/>\n<meta property=\"article:published_time\" content=\"2020-03-09T16:51:20+00:00\" \/>\n<meta property=\"article:modified_time\" content=\"2023-05-20T12:28:36+00:00\" \/>\n<meta property=\"og:image\" content=\"https:\/\/www.seliggroup.com\/wp-content\/uploads\/2022\/11\/white-paper-packaging-and-the-needs-of-an-ageing-global-population-1.png\" \/>\n\t<meta property=\"og:image:width\" content=\"350\" \/>\n\t<meta property=\"og:image:height\" content=\"185\" \/>\n\t<meta property=\"og:image:type\" content=\"image\/png\" \/>\n<meta name=\"author\" content=\"Amabel Ryan\" \/>\n<meta name=\"twitter:card\" content=\"summary_large_image\" \/>\n<meta name=\"twitter:label1\" content=\"\u00c9crit par\" \/>\n\t<meta name=\"twitter:data1\" content=\"Amabel Ryan\" \/>\n\t<meta name=\"twitter:label2\" content=\"Dur\u00e9e de lecture estim\u00e9e\" \/>\n\t<meta name=\"twitter:data2\" content=\"17 minutes\" \/>\n<script type=\"application\/ld+json\" class=\"yoast-schema-graph\">{\"@context\":\"https:\\\/\\\/schema.org\",\"@graph\":[{\"@type\":\"Article\",\"@id\":\"https:\\\/\\\/www.seliggroup.com\\\/fr\\\/lemballage-et-les-besoins-dune-population-mondiale-vieillissante\\\/#article\",\"isPartOf\":{\"@id\":\"https:\\\/\\\/www.seliggroup.com\\\/fr\\\/lemballage-et-les-besoins-dune-population-mondiale-vieillissante\\\/\"},\"author\":{\"name\":\"Amabel Ryan\",\"@id\":\"https:\\\/\\\/www.seliggroup.com\\\/fr\\\/#\\\/schema\\\/person\\\/e7b30b0f09d9837fcb675cbf121c4fbb\"},\"headline\":\"L&#8217;emballage et les besoins d&#8217;une population mondiale vieillissante\",\"datePublished\":\"2020-03-09T16:51:20+00:00\",\"dateModified\":\"2023-05-20T12:28:36+00:00\",\"mainEntityOfPage\":{\"@id\":\"https:\\\/\\\/www.seliggroup.com\\\/fr\\\/lemballage-et-les-besoins-dune-population-mondiale-vieillissante\\\/\"},\"wordCount\":3389,\"publisher\":{\"@id\":\"https:\\\/\\\/www.seliggroup.com\\\/fr\\\/#organization\"},\"image\":{\"@id\":\"https:\\\/\\\/www.seliggroup.com\\\/fr\\\/lemballage-et-les-besoins-dune-population-mondiale-vieillissante\\\/#primaryimage\"},\"thumbnailUrl\":\"https:\\\/\\\/www.seliggroup.com\\\/wp-content\\\/uploads\\\/2022\\\/11\\\/white-paper-packaging-and-the-needs-of-an-ageing-global-population-1.png\",\"keywords\":[\"Boissons\",\"Les produits alimentaires\",\"Les produits chimiques et industriels\",\"Les soins personnels\",\"Sant\u00e9\",\"Vins et spiritueux\"],\"articleSection\":[\"Non classifi\u00e9(e)\"],\"inLanguage\":\"fr-FR\"},{\"@type\":\"WebPage\",\"@id\":\"https:\\\/\\\/www.seliggroup.com\\\/fr\\\/lemballage-et-les-besoins-dune-population-mondiale-vieillissante\\\/\",\"url\":\"https:\\\/\\\/www.seliggroup.com\\\/fr\\\/lemballage-et-les-besoins-dune-population-mondiale-vieillissante\\\/\",\"name\":\"L'emballage et les besoins d'une population mondiale vieillissante - Selig Group\",\"isPartOf\":{\"@id\":\"https:\\\/\\\/www.seliggroup.com\\\/fr\\\/#website\"},\"primaryImageOfPage\":{\"@id\":\"https:\\\/\\\/www.seliggroup.com\\\/fr\\\/lemballage-et-les-besoins-dune-population-mondiale-vieillissante\\\/#primaryimage\"},\"image\":{\"@id\":\"https:\\\/\\\/www.seliggroup.com\\\/fr\\\/lemballage-et-les-besoins-dune-population-mondiale-vieillissante\\\/#primaryimage\"},\"thumbnailUrl\":\"https:\\\/\\\/www.seliggroup.com\\\/wp-content\\\/uploads\\\/2022\\\/11\\\/white-paper-packaging-and-the-needs-of-an-ageing-global-population-1.png\",\"datePublished\":\"2020-03-09T16:51:20+00:00\",\"dateModified\":\"2023-05-20T12:28:36+00:00\",\"breadcrumb\":{\"@id\":\"https:\\\/\\\/www.seliggroup.com\\\/fr\\\/lemballage-et-les-besoins-dune-population-mondiale-vieillissante\\\/#breadcrumb\"},\"inLanguage\":\"fr-FR\",\"potentialAction\":[{\"@type\":\"ReadAction\",\"target\":[\"https:\\\/\\\/www.seliggroup.com\\\/fr\\\/lemballage-et-les-besoins-dune-population-mondiale-vieillissante\\\/\"]}]},{\"@type\":\"ImageObject\",\"inLanguage\":\"fr-FR\",\"@id\":\"https:\\\/\\\/www.seliggroup.com\\\/fr\\\/lemballage-et-les-besoins-dune-population-mondiale-vieillissante\\\/#primaryimage\",\"url\":\"https:\\\/\\\/www.seliggroup.com\\\/wp-content\\\/uploads\\\/2022\\\/11\\\/white-paper-packaging-and-the-needs-of-an-ageing-global-population-1.png\",\"contentUrl\":\"https:\\\/\\\/www.seliggroup.com\\\/wp-content\\\/uploads\\\/2022\\\/11\\\/white-paper-packaging-and-the-needs-of-an-ageing-global-population-1.png\",\"width\":350,\"height\":185},{\"@type\":\"BreadcrumbList\",\"@id\":\"https:\\\/\\\/www.seliggroup.com\\\/fr\\\/lemballage-et-les-besoins-dune-population-mondiale-vieillissante\\\/#breadcrumb\",\"itemListElement\":[{\"@type\":\"ListItem\",\"position\":1,\"name\":\"Home\",\"item\":\"https:\\\/\\\/www.seliggroup.com\\\/fr\\\/\"},{\"@type\":\"ListItem\",\"position\":2,\"name\":\"L&#8217;emballage et les besoins d&#8217;une population mondiale vieillissante\"}]},{\"@type\":\"WebSite\",\"@id\":\"https:\\\/\\\/www.seliggroup.com\\\/fr\\\/#website\",\"url\":\"https:\\\/\\\/www.seliggroup.com\\\/fr\\\/\",\"name\":\"Selig Group\",\"description\":\"Selig Group is a reliable and experienced partner in the global packaging industry, offering quality sealing, venting, flexible packaging, and protection.\",\"publisher\":{\"@id\":\"https:\\\/\\\/www.seliggroup.com\\\/fr\\\/#organization\"},\"potentialAction\":[{\"@type\":\"SearchAction\",\"target\":{\"@type\":\"EntryPoint\",\"urlTemplate\":\"https:\\\/\\\/www.seliggroup.com\\\/fr\\\/?s={search_term_string}\"},\"query-input\":{\"@type\":\"PropertyValueSpecification\",\"valueRequired\":true,\"valueName\":\"search_term_string\"}}],\"inLanguage\":\"fr-FR\"},{\"@type\":\"Organization\",\"@id\":\"https:\\\/\\\/www.seliggroup.com\\\/fr\\\/#organization\",\"name\":\"Selig Group\",\"alternateName\":\"Selig\",\"url\":\"https:\\\/\\\/www.seliggroup.com\\\/fr\\\/\",\"logo\":{\"@type\":\"ImageObject\",\"inLanguage\":\"fr-FR\",\"@id\":\"https:\\\/\\\/www.seliggroup.com\\\/fr\\\/#\\\/schema\\\/logo\\\/image\\\/\",\"url\":\"https:\\\/\\\/www.seliggroup.com\\\/wp-content\\\/uploads\\\/2022\\\/12\\\/SeligGroupLogo_CMYK.jpg\",\"contentUrl\":\"https:\\\/\\\/www.seliggroup.com\\\/wp-content\\\/uploads\\\/2022\\\/12\\\/SeligGroupLogo_CMYK.jpg\",\"width\":720,\"height\":336,\"caption\":\"Selig Group\"},\"image\":{\"@id\":\"https:\\\/\\\/www.seliggroup.com\\\/fr\\\/#\\\/schema\\\/logo\\\/image\\\/\"}},{\"@type\":\"Person\",\"@id\":\"https:\\\/\\\/www.seliggroup.com\\\/fr\\\/#\\\/schema\\\/person\\\/e7b30b0f09d9837fcb675cbf121c4fbb\",\"name\":\"Amabel Ryan\",\"image\":{\"@type\":\"ImageObject\",\"inLanguage\":\"fr-FR\",\"@id\":\"https:\\\/\\\/secure.gravatar.com\\\/avatar\\\/7d52e3df607aef380a78d81ab14c17008cd9bd5b734b307bc1911e2175ab4de9?s=96&d=mm&r=g\",\"url\":\"https:\\\/\\\/secure.gravatar.com\\\/avatar\\\/7d52e3df607aef380a78d81ab14c17008cd9bd5b734b307bc1911e2175ab4de9?s=96&d=mm&r=g\",\"contentUrl\":\"https:\\\/\\\/secure.gravatar.com\\\/avatar\\\/7d52e3df607aef380a78d81ab14c17008cd9bd5b734b307bc1911e2175ab4de9?s=96&d=mm&r=g\",\"caption\":\"Amabel Ryan\"}}]}<\/script>\n<!-- \/ Yoast SEO plugin. -->","yoast_head_json":{"title":"L'emballage et les besoins d'une population mondiale vieillissante - Selig Group","robots":{"index":"index","follow":"follow","max-snippet":"max-snippet:-1","max-image-preview":"max-image-preview:large","max-video-preview":"max-video-preview:-1"},"canonical":"https:\/\/www.seliggroup.com\/fr\/lemballage-et-les-besoins-dune-population-mondiale-vieillissante\/","og_locale":"fr_FR","og_type":"article","og_title":"L'emballage et les besoins d'une population mondiale vieillissante - Selig Group","og_description":"Une population mondiale vieillissante est l\u00e0 pour rester et le secteur de l'emballage doit s'assurer que ses produits \u00e9voluent constamment pour r\u00e9pondre aux besoins des personnes \u00e2g\u00e9es et rester pertinents.","og_url":"https:\/\/www.seliggroup.com\/fr\/lemballage-et-les-besoins-dune-population-mondiale-vieillissante\/","og_site_name":"Selig Group","article_published_time":"2020-03-09T16:51:20+00:00","article_modified_time":"2023-05-20T12:28:36+00:00","og_image":[{"width":350,"height":185,"url":"https:\/\/www.seliggroup.com\/wp-content\/uploads\/2022\/11\/white-paper-packaging-and-the-needs-of-an-ageing-global-population-1.png","type":"image\/png"}],"author":"Amabel Ryan","twitter_card":"summary_large_image","twitter_misc":{"\u00c9crit par":"Amabel Ryan","Dur\u00e9e de lecture estim\u00e9e":"17 minutes"},"schema":{"@context":"https:\/\/schema.org","@graph":[{"@type":"Article","@id":"https:\/\/www.seliggroup.com\/fr\/lemballage-et-les-besoins-dune-population-mondiale-vieillissante\/#article","isPartOf":{"@id":"https:\/\/www.seliggroup.com\/fr\/lemballage-et-les-besoins-dune-population-mondiale-vieillissante\/"},"author":{"name":"Amabel Ryan","@id":"https:\/\/www.seliggroup.com\/fr\/#\/schema\/person\/e7b30b0f09d9837fcb675cbf121c4fbb"},"headline":"L&#8217;emballage et les besoins d&#8217;une population mondiale vieillissante","datePublished":"2020-03-09T16:51:20+00:00","dateModified":"2023-05-20T12:28:36+00:00","mainEntityOfPage":{"@id":"https:\/\/www.seliggroup.com\/fr\/lemballage-et-les-besoins-dune-population-mondiale-vieillissante\/"},"wordCount":3389,"publisher":{"@id":"https:\/\/www.seliggroup.com\/fr\/#organization"},"image":{"@id":"https:\/\/www.seliggroup.com\/fr\/lemballage-et-les-besoins-dune-population-mondiale-vieillissante\/#primaryimage"},"thumbnailUrl":"https:\/\/www.seliggroup.com\/wp-content\/uploads\/2022\/11\/white-paper-packaging-and-the-needs-of-an-ageing-global-population-1.png","keywords":["Boissons","Les produits alimentaires","Les produits chimiques et industriels","Les soins personnels","Sant\u00e9","Vins et spiritueux"],"articleSection":["Non classifi\u00e9(e)"],"inLanguage":"fr-FR"},{"@type":"WebPage","@id":"https:\/\/www.seliggroup.com\/fr\/lemballage-et-les-besoins-dune-population-mondiale-vieillissante\/","url":"https:\/\/www.seliggroup.com\/fr\/lemballage-et-les-besoins-dune-population-mondiale-vieillissante\/","name":"L'emballage et les besoins d'une population mondiale vieillissante - Selig Group","isPartOf":{"@id":"https:\/\/www.seliggroup.com\/fr\/#website"},"primaryImageOfPage":{"@id":"https:\/\/www.seliggroup.com\/fr\/lemballage-et-les-besoins-dune-population-mondiale-vieillissante\/#primaryimage"},"image":{"@id":"https:\/\/www.seliggroup.com\/fr\/lemballage-et-les-besoins-dune-population-mondiale-vieillissante\/#primaryimage"},"thumbnailUrl":"https:\/\/www.seliggroup.com\/wp-content\/uploads\/2022\/11\/white-paper-packaging-and-the-needs-of-an-ageing-global-population-1.png","datePublished":"2020-03-09T16:51:20+00:00","dateModified":"2023-05-20T12:28:36+00:00","breadcrumb":{"@id":"https:\/\/www.seliggroup.com\/fr\/lemballage-et-les-besoins-dune-population-mondiale-vieillissante\/#breadcrumb"},"inLanguage":"fr-FR","potentialAction":[{"@type":"ReadAction","target":["https:\/\/www.seliggroup.com\/fr\/lemballage-et-les-besoins-dune-population-mondiale-vieillissante\/"]}]},{"@type":"ImageObject","inLanguage":"fr-FR","@id":"https:\/\/www.seliggroup.com\/fr\/lemballage-et-les-besoins-dune-population-mondiale-vieillissante\/#primaryimage","url":"https:\/\/www.seliggroup.com\/wp-content\/uploads\/2022\/11\/white-paper-packaging-and-the-needs-of-an-ageing-global-population-1.png","contentUrl":"https:\/\/www.seliggroup.com\/wp-content\/uploads\/2022\/11\/white-paper-packaging-and-the-needs-of-an-ageing-global-population-1.png","width":350,"height":185},{"@type":"BreadcrumbList","@id":"https:\/\/www.seliggroup.com\/fr\/lemballage-et-les-besoins-dune-population-mondiale-vieillissante\/#breadcrumb","itemListElement":[{"@type":"ListItem","position":1,"name":"Home","item":"https:\/\/www.seliggroup.com\/fr\/"},{"@type":"ListItem","position":2,"name":"L&#8217;emballage et les besoins d&#8217;une population mondiale vieillissante"}]},{"@type":"WebSite","@id":"https:\/\/www.seliggroup.com\/fr\/#website","url":"https:\/\/www.seliggroup.com\/fr\/","name":"Selig Group","description":"Selig Group is a reliable and experienced partner in the global packaging industry, offering quality sealing, venting, flexible packaging, and protection.","publisher":{"@id":"https:\/\/www.seliggroup.com\/fr\/#organization"},"potentialAction":[{"@type":"SearchAction","target":{"@type":"EntryPoint","urlTemplate":"https:\/\/www.seliggroup.com\/fr\/?s={search_term_string}"},"query-input":{"@type":"PropertyValueSpecification","valueRequired":true,"valueName":"search_term_string"}}],"inLanguage":"fr-FR"},{"@type":"Organization","@id":"https:\/\/www.seliggroup.com\/fr\/#organization","name":"Selig Group","alternateName":"Selig","url":"https:\/\/www.seliggroup.com\/fr\/","logo":{"@type":"ImageObject","inLanguage":"fr-FR","@id":"https:\/\/www.seliggroup.com\/fr\/#\/schema\/logo\/image\/","url":"https:\/\/www.seliggroup.com\/wp-content\/uploads\/2022\/12\/SeligGroupLogo_CMYK.jpg","contentUrl":"https:\/\/www.seliggroup.com\/wp-content\/uploads\/2022\/12\/SeligGroupLogo_CMYK.jpg","width":720,"height":336,"caption":"Selig Group"},"image":{"@id":"https:\/\/www.seliggroup.com\/fr\/#\/schema\/logo\/image\/"}},{"@type":"Person","@id":"https:\/\/www.seliggroup.com\/fr\/#\/schema\/person\/e7b30b0f09d9837fcb675cbf121c4fbb","name":"Amabel Ryan","image":{"@type":"ImageObject","inLanguage":"fr-FR","@id":"https:\/\/secure.gravatar.com\/avatar\/7d52e3df607aef380a78d81ab14c17008cd9bd5b734b307bc1911e2175ab4de9?s=96&d=mm&r=g","url":"https:\/\/secure.gravatar.com\/avatar\/7d52e3df607aef380a78d81ab14c17008cd9bd5b734b307bc1911e2175ab4de9?s=96&d=mm&r=g","contentUrl":"https:\/\/secure.gravatar.com\/avatar\/7d52e3df607aef380a78d81ab14c17008cd9bd5b734b307bc1911e2175ab4de9?s=96&d=mm&r=g","caption":"Amabel Ryan"}}]}},"_links":{"self":[{"href":"https:\/\/www.seliggroup.com\/fr\/wp-json\/wp\/v2\/posts\/58437","targetHints":{"allow":["GET"]}}],"collection":[{"href":"https:\/\/www.seliggroup.com\/fr\/wp-json\/wp\/v2\/posts"}],"about":[{"href":"https:\/\/www.seliggroup.com\/fr\/wp-json\/wp\/v2\/types\/post"}],"author":[{"embeddable":true,"href":"https:\/\/www.seliggroup.com\/fr\/wp-json\/wp\/v2\/users\/3"}],"replies":[{"embeddable":true,"href":"https:\/\/www.seliggroup.com\/fr\/wp-json\/wp\/v2\/comments?post=58437"}],"version-history":[{"count":0,"href":"https:\/\/www.seliggroup.com\/fr\/wp-json\/wp\/v2\/posts\/58437\/revisions"}],"wp:featuredmedia":[{"embeddable":true,"href":"https:\/\/www.seliggroup.com\/fr\/wp-json\/wp\/v2\/media\/58438"}],"wp:attachment":[{"href":"https:\/\/www.seliggroup.com\/fr\/wp-json\/wp\/v2\/media?parent=58437"}],"wp:term":[{"taxonomy":"category","embeddable":true,"href":"https:\/\/www.seliggroup.com\/fr\/wp-json\/wp\/v2\/categories?post=58437"},{"taxonomy":"post_tag","embeddable":true,"href":"https:\/\/www.seliggroup.com\/fr\/wp-json\/wp\/v2\/tags?post=58437"}],"curies":[{"name":"wp","href":"https:\/\/api.w.org\/{rel}","templated":true}]}}