{"id":58479,"date":"2021-11-11T08:00:00","date_gmt":"2021-11-11T08:00:00","guid":{"rendered":"https:\/\/selig-group.com\/la-taxe-sur-les-emballages-plastiques-serons-nous-prets\/"},"modified":"2023-05-21T12:21:53","modified_gmt":"2023-05-21T12:21:53","slug":"la-taxe-sur-les-emballages-plastiques-serons-nous-prets","status":"publish","type":"post","link":"https:\/\/www.seliggroup.com\/fr\/la-taxe-sur-les-emballages-plastiques-serons-nous-prets\/","title":{"rendered":"La taxe sur les emballages plastiques : Serons-nous pr\u00eats ?"},"content":{"rendered":"\t\t<div data-elementor-type=\"wp-post\" data-elementor-id=\"58479\" class=\"elementor elementor-58479 elementor-25633\" data-elementor-post-type=\"post\">\n\t\t\t\t<div class=\"elementor-element elementor-element-2dac7a89 e-con-full normal-horizontal-padding e-flex e-con e-parent\" data-id=\"2dac7a89\" data-element_type=\"container\" data-e-type=\"container\" data-settings=\"{&quot;background_background&quot;:&quot;classic&quot;}\">\n\t\t\t\t<div class=\"elementor-element elementor-element-680b7510 elementor-absolute elementor-widget elementor-widget-shortcode\" data-id=\"680b7510\" data-element_type=\"widget\" data-e-type=\"widget\" data-settings=\"{&quot;_position&quot;:&quot;absolute&quot;}\" data-widget_type=\"shortcode.default\">\n\t\t\t\t<div class=\"elementor-widget-container\">\n\t\t\t\t\t\t\t<div class=\"elementor-shortcode\"><i class=\"fas fa-bookmark unfavorited\" onclick=\"open_login_popup(58479)\"><\/i><\/div>\n\t\t\t\t\t\t<\/div>\n\t\t\t\t<\/div>\n\t\t<div class=\"elementor-element elementor-element-5920f107 e-con-full e-flex e-con e-parent\" data-id=\"5920f107\" data-element_type=\"container\" data-e-type=\"container\" data-settings=\"{&quot;background_background&quot;:&quot;slideshow&quot;,&quot;background_slideshow_gallery&quot;:[],&quot;background_slideshow_loop&quot;:&quot;yes&quot;,&quot;background_slideshow_slide_duration&quot;:5000,&quot;background_slideshow_slide_transition&quot;:&quot;fade&quot;,&quot;background_slideshow_transition_duration&quot;:500}\">\n\t\t\t\t<div class=\"elementor-element elementor-element-1bacf984 elementor-widget__width-auto elementor-widget elementor-widget-heading\" data-id=\"1bacf984\" data-element_type=\"widget\" data-e-type=\"widget\" data-widget_type=\"heading.default\">\n\t\t\t\t<div class=\"elementor-widget-container\">\n\t\t\t\t\t<span class=\"elementor-heading-title elementor-size-default\"><a href=\"https:\/\/www.seliggroup.com\/fr\/\">Page d'accueil<\/a><\/span>\t\t\t\t<\/div>\n\t\t\t\t<\/div>\n\t\t\t\t<div class=\"elementor-element elementor-element-6ae2284d elementor-widget__width-auto elementor-widget elementor-widget-heading\" data-id=\"6ae2284d\" data-element_type=\"widget\" data-e-type=\"widget\" data-widget_type=\"heading.default\">\n\t\t\t\t<div class=\"elementor-widget-container\">\n\t\t\t\t\t<span class=\"elementor-heading-title elementor-size-default\">\/ RESSOURCES \/<\/span>\t\t\t\t<\/div>\n\t\t\t\t<\/div>\n\t\t\t\t<div class=\"elementor-element elementor-element-5c86a666 elementor-widget__width-auto elementor-widget elementor-widget-heading\" data-id=\"5c86a666\" data-element_type=\"widget\" data-e-type=\"widget\" data-widget_type=\"heading.default\">\n\t\t\t\t<div class=\"elementor-widget-container\">\n\t\t\t\t\t<span class=\"elementor-heading-title elementor-size-default\">Actualit\u00e9s et livres blancs<\/span>\t\t\t\t<\/div>\n\t\t\t\t<\/div>\n\t\t\t\t<\/div>\n\t\t<div class=\"elementor-element elementor-element-6976b75 e-con-full e-flex e-con e-parent\" data-id=\"6976b75\" data-element_type=\"container\" data-e-type=\"container\">\n\t\t\t\t<div class=\"elementor-element elementor-element-7d29cb elementor-widget__width-initial elementor-widget elementor-widget-heading\" data-id=\"7d29cb\" data-element_type=\"widget\" data-e-type=\"widget\" data-widget_type=\"heading.default\">\n\t\t\t\t<div class=\"elementor-widget-container\">\n\t\t\t\t\t<p class=\"elementor-heading-title elementor-size-default\">La taxe sur les emballages plastiques : Serons-nous pr\u00eats ?<\/p>\t\t\t\t<\/div>\n\t\t\t\t<\/div>\n\t\t<div class=\"elementor-element elementor-element-5fecb7ae e-con-full e-flex e-con e-parent\" data-id=\"5fecb7ae\" data-element_type=\"container\" data-e-type=\"container\">\n\t\t\t\t<div class=\"elementor-element elementor-element-290db078 elementor-widget elementor-widget-heading\" data-id=\"290db078\" data-element_type=\"widget\" data-e-type=\"widget\" data-widget_type=\"heading.default\">\n\t\t\t\t<div class=\"elementor-widget-container\">\n\t\t\t\t\t<h2 class=\"elementor-heading-title elementor-size-default\">11\/11\/2021<\/h2>\t\t\t\t<\/div>\n\t\t\t\t<\/div>\n\t\t\t\t<div class=\"elementor-element elementor-element-7ea2c926 elementor-widget elementor-widget-heading\" data-id=\"7ea2c926\" data-element_type=\"widget\" data-e-type=\"widget\" data-widget_type=\"heading.default\">\n\t\t\t\t<div class=\"elementor-widget-container\">\n\t\t\t\t\t<h2 class=\"elementor-heading-title elementor-size-default\">|<\/h2>\t\t\t\t<\/div>\n\t\t\t\t<\/div>\n\t\t\t\t<div class=\"elementor-element elementor-element-7ece2d8c elementor-widget elementor-widget-heading\" data-id=\"7ece2d8c\" data-element_type=\"widget\" data-e-type=\"widget\" data-widget_type=\"heading.default\">\n\t\t\t\t<div class=\"elementor-widget-container\">\n\t\t\t\t\t<h2 class=\"elementor-heading-title elementor-size-default\"><span>Boissons<\/span>, <span>Les produits alimentaires<\/span>, <span>Les produits chimiques et industriels<\/span>, <span>Les soins personnels<\/span>, <span>Sant\u00e9<\/span>, <span>Vins et spiritueux<\/span><\/h2>\t\t\t\t<\/div>\n\t\t\t\t<\/div>\n\t\t\t\t<div class=\"elementor-element elementor-element-6c78c0d3 elementor-widget elementor-widget-heading\" data-id=\"6c78c0d3\" data-element_type=\"widget\" data-e-type=\"widget\" data-widget_type=\"heading.default\">\n\t\t\t\t<div class=\"elementor-widget-container\">\n\t\t\t\t\t<h2 class=\"elementor-heading-title elementor-size-default\">|<\/h2>\t\t\t\t<\/div>\n\t\t\t\t<\/div>\n\t\t\t\t<div class=\"elementor-element elementor-element-1f5fcee5 elementor-widget elementor-widget-heading\" data-id=\"1f5fcee5\" data-element_type=\"widget\" data-e-type=\"widget\" data-widget_type=\"heading.default\">\n\t\t\t\t<div class=\"elementor-widget-container\">\n\t\t\t\t\t<h2 class=\"elementor-heading-title elementor-size-default\">R\u00e9gion: EMEIA<\/h2>\t\t\t\t<\/div>\n\t\t\t\t<\/div>\n\t\t\t\t<\/div>\n\t\t\t\t<div class=\"elementor-element elementor-element-6c322177 elementor-widget elementor-widget-button\" data-id=\"6c322177\" data-element_type=\"widget\" data-e-type=\"widget\" data-widget_type=\"button.default\">\n\t\t\t\t<div class=\"elementor-widget-container\">\n\t\t\t\t\t\t\t\t\t<div class=\"elementor-button-wrapper\">\n\t\t\t\t\t<a class=\"elementor-button elementor-button-link elementor-size-sm\" href=\"https:\/\/www.seliggroup.com\/wp-content\/uploads\/2022\/11\/The-plastics-packaging-tax_-Will-we-be-ready_-Plastics-in-Packaging_-plasticsinpackaging.com_.pdf\">\n\t\t\t\t\t\t<span class=\"elementor-button-content-wrapper\">\n\t\t\t\t\t\t<span class=\"elementor-button-icon\">\n\t\t\t\t<i aria-hidden=\"true\" class=\"fas fa-download\"><\/i>\t\t\t<\/span>\n\t\t\t\t\t\t\t\t\t<span class=\"elementor-button-text\">T\u00e9l\u00e9charger le PDF<\/span>\n\t\t\t\t\t<\/span>\n\t\t\t\t\t<\/a>\n\t\t\t\t<\/div>\n\t\t\t\t\t\t\t\t<\/div>\n\t\t\t\t<\/div>\n\t\t<div class=\"elementor-element elementor-element-50af935d e-con-full e-flex e-con e-parent\" data-id=\"50af935d\" data-element_type=\"container\" data-e-type=\"container\">\n\t\t\t\t<div class=\"elementor-element elementor-element-781b92a4 elementor-widget elementor-widget-heading\" data-id=\"781b92a4\" data-element_type=\"widget\" data-e-type=\"widget\" data-widget_type=\"heading.default\">\n\t\t\t\t<div class=\"elementor-widget-container\">\n\t\t\t\t\t<h2 class=\"elementor-heading-title elementor-size-default\">Partager<\/h2>\t\t\t\t<\/div>\n\t\t\t\t<\/div>\n\t\t\t\t<div class=\"elementor-element elementor-element-193a36c3 elementor-share-buttons--view-icon elementor-share-buttons--shape-circle elementor-share-buttons--color-custom elementor-share-buttons--skin-gradient elementor-grid-0 elementor-widget elementor-widget-share-buttons\" data-id=\"193a36c3\" data-element_type=\"widget\" data-e-type=\"widget\" data-widget_type=\"share-buttons.default\">\n\t\t\t\t<div class=\"elementor-widget-container\">\n\t\t\t\t\t\t\t<div class=\"elementor-grid\" role=\"list\">\n\t\t\t\t\t\t\t\t<div class=\"elementor-grid-item\" role=\"listitem\">\n\t\t\t\t\t\t<div class=\"elementor-share-btn elementor-share-btn_facebook\" role=\"button\" tabindex=\"0\" aria-label=\"Partager sur facebook\">\n\t\t\t\t\t\t\t\t\t\t\t\t\t\t\t<span class=\"elementor-share-btn__icon\">\n\t\t\t\t\t\t\t\t<i class=\"fab fa-facebook\" aria-hidden=\"true\"><\/i>\t\t\t\t\t\t\t<\/span>\n\t\t\t\t\t\t\t\t\t\t\t\t\t\t\t\t\t\t\t\t<\/div>\n\t\t\t\t\t<\/div>\n\t\t\t\t\t\t\t\t\t<div class=\"elementor-grid-item\" role=\"listitem\">\n\t\t\t\t\t\t<div class=\"elementor-share-btn elementor-share-btn_twitter\" role=\"button\" tabindex=\"0\" aria-label=\"Partager sur twitter\">\n\t\t\t\t\t\t\t\t\t\t\t\t\t\t\t<span class=\"elementor-share-btn__icon\">\n\t\t\t\t\t\t\t\t<i class=\"fab fa-twitter\" aria-hidden=\"true\"><\/i>\t\t\t\t\t\t\t<\/span>\n\t\t\t\t\t\t\t\t\t\t\t\t\t\t\t\t\t\t\t\t<\/div>\n\t\t\t\t\t<\/div>\n\t\t\t\t\t\t\t\t\t<div class=\"elementor-grid-item\" role=\"listitem\">\n\t\t\t\t\t\t<div class=\"elementor-share-btn elementor-share-btn_email\" role=\"button\" tabindex=\"0\" aria-label=\"Partager sur email\">\n\t\t\t\t\t\t\t\t\t\t\t\t\t\t\t<span class=\"elementor-share-btn__icon\">\n\t\t\t\t\t\t\t\t<i class=\"fas fa-envelope\" aria-hidden=\"true\"><\/i>\t\t\t\t\t\t\t<\/span>\n\t\t\t\t\t\t\t\t\t\t\t\t\t\t\t\t\t\t\t\t<\/div>\n\t\t\t\t\t<\/div>\n\t\t\t\t\t\t\t\t\t<div class=\"elementor-grid-item\" role=\"listitem\">\n\t\t\t\t\t\t<div class=\"elementor-share-btn elementor-share-btn_linkedin\" role=\"button\" tabindex=\"0\" aria-label=\"Partager sur linkedin\">\n\t\t\t\t\t\t\t\t\t\t\t\t\t\t\t<span class=\"elementor-share-btn__icon\">\n\t\t\t\t\t\t\t\t<i class=\"fab fa-linkedin\" aria-hidden=\"true\"><\/i>\t\t\t\t\t\t\t<\/span>\n\t\t\t\t\t\t\t\t\t\t\t\t\t\t\t\t\t\t\t\t<\/div>\n\t\t\t\t\t<\/div>\n\t\t\t\t\t\t<\/div>\n\t\t\t\t\t\t<\/div>\n\t\t\t\t<\/div>\n\t\t\t\t<\/div>\n\t\t\t\t<\/div>\n\t\t\t\t<\/div>\n\t\t<div class=\"elementor-element elementor-element-58a2df54 e-con-full normal-horizontal-padding e-flex e-con e-parent\" data-id=\"58a2df54\" data-element_type=\"container\" data-e-type=\"container\">\n\t\t<div class=\"elementor-element elementor-element-4960e1b0 e-con-full e-flex e-con e-parent\" data-id=\"4960e1b0\" data-element_type=\"container\" data-e-type=\"container\">\n\t\t\t\t<div class=\"elementor-element elementor-element-32bb6e76 elementor-widget elementor-widget-text-editor\" data-id=\"32bb6e76\" data-element_type=\"widget\" data-e-type=\"widget\" data-widget_type=\"text-editor.default\">\n\t\t\t\t<div class=\"elementor-widget-container\">\n\t\t\t\t\t\t\t\t\t<p>Le gouvernement britannique a rendu public en novembre son document d\u2019orientation sur l\u2019introduction de la taxe sur les emballages plastiques. Le but de cette taxe est d\u2019inciter \u00e9conomiquement les entreprises \u00e0 utiliser des mat\u00e9riaux recycl\u00e9s dans la production de leurs emballages en plastique.<\/p>\n<\/p>\n<p><a href=\"https:\/\/www.seliggroup.com\/wp-content\/uploads\/2022\/11\/The-plastics-packaging-tax_-Will-we-be-ready_-Plastics-in-Packaging_-plasticsinpackaging.com_.pdf\">Cliquez pour voir l&#8217;article<\/a><\/p>\n\t\t\t\t\t\t\t\t<\/div>\n\t\t\t\t<\/div>\n\t\t\t\t<\/div>\n\t\t<div class=\"elementor-element elementor-element-4aaf31a6 e-con-full e-flex e-con e-parent\" data-id=\"4aaf31a6\" data-element_type=\"container\" data-e-type=\"container\">\n\t\t<div class=\"elementor-element elementor-element-51282815 e-con-full e-flex e-con e-parent\" data-id=\"51282815\" data-element_type=\"container\" data-e-type=\"container\">\n\t\t\t\t<div class=\"elementor-element elementor-element-1698cb51 elementor-widget elementor-widget-heading\" data-id=\"1698cb51\" data-element_type=\"widget\" data-e-type=\"widget\" data-widget_type=\"heading.default\">\n\t\t\t\t<div class=\"elementor-widget-container\">\n\t\t\t\t\t<h2 class=\"elementor-heading-title elementor-size-default\">Derni\u00e8res actualit\u00e9s<\/h2>\t\t\t\t<\/div>\n\t\t\t\t<\/div>\n\t\t\t\t<div class=\"elementor-element elementor-element-50d90656 elementor-grid-1 elementor-posts--thumbnail-top elementor-grid-tablet-2 elementor-grid-mobile-1 elementor-widget elementor-widget-posts\" data-id=\"50d90656\" data-element_type=\"widget\" data-e-type=\"widget\" data-settings=\"{&quot;custom_columns&quot;:&quot;1&quot;,&quot;custom_row_gap&quot;:{&quot;unit&quot;:&quot;px&quot;,&quot;size&quot;:8,&quot;sizes&quot;:[]},&quot;custom_columns_tablet&quot;:&quot;2&quot;,&quot;custom_columns_mobile&quot;:&quot;1&quot;,&quot;custom_row_gap_tablet&quot;:{&quot;unit&quot;:&quot;px&quot;,&quot;size&quot;:&quot;&quot;,&quot;sizes&quot;:[]},&quot;custom_row_gap_mobile&quot;:{&quot;unit&quot;:&quot;px&quot;,&quot;size&quot;:&quot;&quot;,&quot;sizes&quot;:[]}}\" data-widget_type=\"posts.custom\">\n\t\t\t\t<div class=\"elementor-widget-container\">\n\t\t\t\t\t      <div class=\"ecs-posts elementor-posts-container elementor-posts   elementor-grid elementor-posts--skin-custom\" data-settings=\"{&quot;current_page&quot;:1,&quot;max_num_pages&quot;:0,&quot;load_method&quot;:&quot;&quot;,&quot;widget_id&quot;:&quot;50d90656&quot;,&quot;post_id&quot;:58479,&quot;theme_id&quot;:58479,&quot;change_url&quot;:false,&quot;reinit_js&quot;:false}\">\n      <div class=\"elementor-posts-nothing-found\"><\/div>\t\t<\/div>\n\t\t\t\t\t\t<\/div>\n\t\t\t\t<\/div>\n\t\t\t\t<\/div>\n\t\t\t\t<\/div>\n\t\t\t\t<\/div>\n\t\t<div class=\"elementor-element elementor-element-370a0f8a e-con-full e-flex e-con e-parent\" data-id=\"370a0f8a\" data-element_type=\"container\" data-e-type=\"container\">\n\t\t<div class=\"elementor-element elementor-element-67943791 e-con-full normal-padding content-show e-flex e-con e-parent\" data-id=\"67943791\" data-element_type=\"container\" data-e-type=\"container\" data-settings=\"{&quot;background_background&quot;:&quot;classic&quot;}\">\n\t\t<div class=\"elementor-element elementor-element-353ba70f e-con-full e-flex e-con e-parent\" data-id=\"353ba70f\" data-element_type=\"container\" data-e-type=\"container\">\n\t\t\t\t<div class=\"elementor-element elementor-element-2790b2de elementor-widget__width-auto elementor-widget elementor-widget-heading\" data-id=\"2790b2de\" data-element_type=\"widget\" data-e-type=\"widget\" data-widget_type=\"heading.default\">\n\t\t\t\t<div class=\"elementor-widget-container\">\n\t\t\t\t\t<h2 class=\"elementor-heading-title elementor-size-default\">Contenu connexe<\/h2>\t\t\t\t<\/div>\n\t\t\t\t<\/div>\n\t\t\t\t<div class=\"elementor-element elementor-element-7f0b552c elementor-widget__width-initial elementor-hidden-mobile elementor-widget-divider--view-line elementor-widget elementor-widget-divider\" data-id=\"7f0b552c\" data-element_type=\"widget\" data-e-type=\"widget\" data-widget_type=\"divider.default\">\n\t\t\t\t<div class=\"elementor-widget-container\">\n\t\t\t\t\t\t\t<div class=\"elementor-divider\">\n\t\t\t<span class=\"elementor-divider-separator\">\n\t\t\t\t\t\t<\/span>\n\t\t<\/div>\n\t\t\t\t\t\t<\/div>\n\t\t\t\t<\/div>\n\t\t\t\t<\/div>\n\t\t\t\t<div class=\"elementor-element elementor-element-7ff411b5 anwp-pg-widget-header-style--b anwp-pg-post-teaser__post-icon--size-16 elementor-arrows-position-inside elementor-widget elementor-widget-anwp-pg-classic-slider\" data-id=\"7ff411b5\" data-element_type=\"widget\" data-e-type=\"widget\" data-widget_type=\"anwp-pg-classic-slider.default\">\n\t\t\t\t<div class=\"elementor-widget-container\">\n\t\t\t\t\t<div class=\"anwp-pg-wrap\">\n\n\t\n\t<!-- Slider main container -->\n\t<div\n\t\tclass=\"anwp-pg-classic-slider anwp-pg-swiper-wrapper position-static swiper swiper-container anwp-pg-no-transform\"\n\t\tdata-pg-slides-per-view=\"3\"\n\t\tdata-pg-slides-per-view-mobile=\"1\"\n\t\tdata-pg-slides-per-view-tablet=\"2\"\n\t\tdata-pg-slides-per-group=\"1\"\n\t\tdata-pg-slides-per-group-mobile=\"1\"\n\t\tdata-pg-slides-per-group-tablet=\"1\"\n\t\tdata-pg-autoplay=\"no\"\n\t\tdata-pg-autoplay-delay=\"\"\n\t\tdata-pg-space-between=\"30\"\n\t\tdata-pg-effect=\"slide\"\n\t\tdata-pg-show-read-more=\"yes\"\n\t\tdata-pg-enable-observer=\"no\"\n\t\tdata-pg-loop=\"no\"\n\t\tdir=\"ltr\"\n\t>\n\t\t<!-- Additional required wrapper -->\n\t\t<div class=\"swiper-wrapper\">\n\t\t\t<!-- Slides -->\n\t\t\t<div class=\"anwp-pg-post-teaser anwp-pg-post-teaser--inner-cover-link anwp-pg-post-teaser--layout-d d-flex flex-column swiper-slide anwp-pg-post-teaser--with-read-more \">\n\t<div class=\"anwp-pg-post-teaser__thumbnail position-relative\">\n\n\t\t\n\t\t\n\t\t\t\t\t<img loading=\"lazy\" class=\"anwp-pg-post-teaser__thumbnail-img d-block anwp-pg-height-180 anwp-object-cover m-0 w-100\"\n\t\t\t\talt=\"Overcoming Induction Heat Sealing Pain Points\"\n\t\t\t\tsrc=\"https:\/\/www.seliggroup.com\/wp-content\/uploads\/2024\/05\/DELTASEAL-GlassFuze-feature-image.jpg\"\/>\n\t\t\n\t\t<div class=\"anwp-pg-post-teaser__thumbnail-bg anwp-position-cover\"><\/div>\n\n\t\t<a class=\"anwp-position-cover anwp-link-without-effects\" href=\"https:\/\/www.seliggroup.com\/fr\/overcoming-induction-heat-sealing-pain-points\/\" aria-hidden=\"true\" ><\/a>\n\t<\/div>\n\n\t<div class=\"anwp-pg-post-teaser__content flex-grow-1 pt-1 d-flex flex-column\">\n\n\t\t<div class=\"anwp-pg-post-teaser__title anwp-font-heading mt-2\">\n\t\t\t<a class=\"anwp-link-without-effects\" href=\"https:\/\/www.seliggroup.com\/fr\/overcoming-induction-heat-sealing-pain-points\/\" aria-hidden=\"true\" >\n\t\t\t\tOvercoming Induction Heat Sealing Pain Points\t\t\t<\/a>\n\t\t<\/div>\n\n\t\t<div class=\"anwp-pg-post-teaser__bottom-meta d-flex flex-wrap\">\n\n\t\t\t\n\t\t\t\t\t<\/div>\n\n\t\t\t\t\t<div class=\"anwp-pg-post-teaser__excerpt mb-2\">\n\t\t\t\tHOME \/ RESOURCES \/ News &#038; Whiter papers | | Region: Europe Download PDF Share Overcoming Induction Heat Sealing Pain Points Globally the induction sealing machine market was worth USD ...\t\t\t<\/div>\n\t\t\n\t\t\t\t\t<div class=\"w-100 anwp-pg-read-more mt-auto\">\n\t\t\t\t<a href=\"https:\/\/www.seliggroup.com\/fr\/overcoming-induction-heat-sealing-pain-points\/\" \t\t\t\t\tclass=\"anwp-pg-read-more__btn mt-3 mb-0 btn btn-sm btn-outline-info w-100 text-decoration-none\">\n\t\t\t\t\tRead More\t\t\t\t<\/a>\n\t\t\t<\/div>\n\t\t\n\t<\/div>\n\n<\/div>\n<div class=\"anwp-pg-post-teaser anwp-pg-post-teaser--inner-cover-link anwp-pg-post-teaser--layout-d d-flex flex-column swiper-slide anwp-pg-post-teaser--with-read-more \">\n\t<div class=\"anwp-pg-post-teaser__thumbnail position-relative\">\n\n\t\t\n\t\t\n\t\t\t\t\t<img loading=\"lazy\" class=\"anwp-pg-post-teaser__thumbnail-img d-block anwp-pg-height-180 anwp-object-cover m-0 w-100\"\n\t\t\t\talt=\"La conservation du vin au 21\u00e8me si\u00e8cle\"\n\t\t\t\tsrc=\"https:\/\/www.seliggroup.com\/wp-content\/uploads\/2022\/11\/Oenoseal-wine-bottle-1.png\"\/>\n\t\t\n\t\t<div class=\"anwp-pg-post-teaser__thumbnail-bg anwp-position-cover\"><\/div>\n\n\t\t<a class=\"anwp-position-cover anwp-link-without-effects\" href=\"https:\/\/www.seliggroup.com\/fr\/la-conservation-du-vin-au-21eme-siecle\/\" aria-hidden=\"true\" ><\/a>\n\t<\/div>\n\n\t<div class=\"anwp-pg-post-teaser__content flex-grow-1 pt-1 d-flex flex-column\">\n\n\t\t<div class=\"anwp-pg-post-teaser__title anwp-font-heading mt-2\">\n\t\t\t<a class=\"anwp-link-without-effects\" href=\"https:\/\/www.seliggroup.com\/fr\/la-conservation-du-vin-au-21eme-siecle\/\" aria-hidden=\"true\" >\n\t\t\t\tLa conservation du vin au 21\u00e8me si\u00e8cle\t\t\t<\/a>\n\t\t<\/div>\n\n\t\t<div class=\"anwp-pg-post-teaser__bottom-meta d-flex flex-wrap\">\n\n\t\t\t\n\t\t\t\t\t<\/div>\n\n\t\t\t\t\t<div class=\"anwp-pg-post-teaser__excerpt mb-2\">\n\t\t\t\tPendant la pand\u00e9mie mondiale, l&#039;industrie du vin a prouv\u00e9 sa polyvalence en trouvant des solutions flexibles. Cependant, le changement \u00e9tant d\u00e9sormais la seule constante de la fili\u00e8re viticole, comment les ...\t\t\t<\/div>\n\t\t\n\t\t\t\t\t<div class=\"w-100 anwp-pg-read-more mt-auto\">\n\t\t\t\t<a href=\"https:\/\/www.seliggroup.com\/fr\/la-conservation-du-vin-au-21eme-siecle\/\" \t\t\t\t\tclass=\"anwp-pg-read-more__btn mt-3 mb-0 btn btn-sm btn-outline-info w-100 text-decoration-none\">\n\t\t\t\t\tRead More\t\t\t\t<\/a>\n\t\t\t<\/div>\n\t\t\n\t<\/div>\n\n<\/div>\n<div class=\"anwp-pg-post-teaser anwp-pg-post-teaser--inner-cover-link anwp-pg-post-teaser--layout-d d-flex flex-column swiper-slide anwp-pg-post-teaser--with-read-more \">\n\t<div class=\"anwp-pg-post-teaser__thumbnail position-relative\">\n\n\t\t\n\t\t\n\t\t\t\t\t<img loading=\"lazy\" class=\"anwp-pg-post-teaser__thumbnail-img d-block anwp-pg-height-180 anwp-object-cover m-0 w-100\"\n\t\t\t\talt=\"Un aper\u00e7u de l\u2019emballage durable\"\n\t\t\t\tsrc=\"https:\/\/www.seliggroup.com\/wp-content\/uploads\/2022\/10\/Sustainability-1.jpg\"\/>\n\t\t\n\t\t<div class=\"anwp-pg-post-teaser__thumbnail-bg anwp-position-cover\"><\/div>\n\n\t\t<a class=\"anwp-position-cover anwp-link-without-effects\" href=\"https:\/\/www.seliggroup.com\/fr\/un-apercu-de-lemballage-durable\/\" aria-hidden=\"true\" ><\/a>\n\t<\/div>\n\n\t<div class=\"anwp-pg-post-teaser__content flex-grow-1 pt-1 d-flex flex-column\">\n\n\t\t<div class=\"anwp-pg-post-teaser__title anwp-font-heading mt-2\">\n\t\t\t<a class=\"anwp-link-without-effects\" href=\"https:\/\/www.seliggroup.com\/fr\/un-apercu-de-lemballage-durable\/\" aria-hidden=\"true\" >\n\t\t\t\tUn aper\u00e7u de l\u2019emballage durable\t\t\t<\/a>\n\t\t<\/div>\n\n\t\t<div class=\"anwp-pg-post-teaser__bottom-meta d-flex flex-wrap\">\n\n\t\t\t\n\t\t\t\t\t<\/div>\n\n\t\t\t\t\t<div class=\"anwp-pg-post-teaser__excerpt mb-2\">\n\t\t\t\tMatthew O\u2019Donnell et John Brown, du groupe Selig, analysent la situation actuelle du secteur du recyclage et l\u2019avenir de l\u2019emballage durable.\t\t\t<\/div>\n\t\t\n\t\t\t\t\t<div class=\"w-100 anwp-pg-read-more mt-auto\">\n\t\t\t\t<a href=\"https:\/\/www.seliggroup.com\/fr\/un-apercu-de-lemballage-durable\/\" \t\t\t\t\tclass=\"anwp-pg-read-more__btn mt-3 mb-0 btn btn-sm btn-outline-info w-100 text-decoration-none\">\n\t\t\t\t\tRead More\t\t\t\t<\/a>\n\t\t\t<\/div>\n\t\t\n\t<\/div>\n\n<\/div>\n<div class=\"anwp-pg-post-teaser anwp-pg-post-teaser--inner-cover-link anwp-pg-post-teaser--layout-d d-flex flex-column swiper-slide anwp-pg-post-teaser--with-read-more \">\n\t<div class=\"anwp-pg-post-teaser__thumbnail position-relative\">\n\n\t\t\n\t\t\n\t\t\t\t\t<img loading=\"lazy\" class=\"anwp-pg-post-teaser__thumbnail-img d-block anwp-pg-height-180 anwp-object-cover m-0 w-100\"\n\t\t\t\talt=\"Conformit\u00e9 eCTD de la FDA pour les fiches ma\u00eetresses de m\u00e9dicaments\"\n\t\t\t\tsrc=\"https:\/\/www.seliggroup.com\/wp-content\/uploads\/2022\/11\/Tylenol-Cold-1.jpg\"\/>\n\t\t\n\t\t<div class=\"anwp-pg-post-teaser__thumbnail-bg anwp-position-cover\"><\/div>\n\n\t\t<a class=\"anwp-position-cover anwp-link-without-effects\" href=\"https:\/\/www.seliggroup.com\/fr\/conformite-ectd-de-la-fda-pour-les-fiches-maitresses-de-medicaments\/\" aria-hidden=\"true\" ><\/a>\n\t<\/div>\n\n\t<div class=\"anwp-pg-post-teaser__content flex-grow-1 pt-1 d-flex flex-column\">\n\n\t\t<div class=\"anwp-pg-post-teaser__title anwp-font-heading mt-2\">\n\t\t\t<a class=\"anwp-link-without-effects\" href=\"https:\/\/www.seliggroup.com\/fr\/conformite-ectd-de-la-fda-pour-les-fiches-maitresses-de-medicaments\/\" aria-hidden=\"true\" >\n\t\t\t\tConformit\u00e9 eCTD de la FDA pour les fiches ma\u00eetresses de m\u00e9dicaments\t\t\t<\/a>\n\t\t<\/div>\n\n\t\t<div class=\"anwp-pg-post-teaser__bottom-meta d-flex flex-wrap\">\n\n\t\t\t\n\t\t\t\t\t<\/div>\n\n\t\t\t\t\t<div class=\"anwp-pg-post-teaser__excerpt mb-2\">\n\t\t\t\tOwen Smith, Directeur des affaires r\u00e9glementaires du groupe Selig, discute du passage \u00e0 l\u2019eCTD, des avantages qu\u2019il apportera et de la pr\u00e9paration de Selig \u00e0 la date limite du 5 ...\t\t\t<\/div>\n\t\t\n\t\t\t\t\t<div class=\"w-100 anwp-pg-read-more mt-auto\">\n\t\t\t\t<a href=\"https:\/\/www.seliggroup.com\/fr\/conformite-ectd-de-la-fda-pour-les-fiches-maitresses-de-medicaments\/\" \t\t\t\t\tclass=\"anwp-pg-read-more__btn mt-3 mb-0 btn btn-sm btn-outline-info w-100 text-decoration-none\">\n\t\t\t\t\tRead More\t\t\t\t<\/a>\n\t\t\t<\/div>\n\t\t\n\t<\/div>\n\n<\/div>\n<div class=\"anwp-pg-post-teaser anwp-pg-post-teaser--inner-cover-link anwp-pg-post-teaser--layout-d d-flex flex-column swiper-slide anwp-pg-post-teaser--with-read-more \">\n\t<div class=\"anwp-pg-post-teaser__thumbnail position-relative\">\n\n\t\t\n\t\t\n\t\t\t\t\t<img loading=\"lazy\" class=\"anwp-pg-post-teaser__thumbnail-img d-block anwp-pg-height-180 anwp-object-cover m-0 w-100\"\n\t\t\t\talt=\"Optimisez votre bouchon, vos rev\u00eatements et votre processus de bouchage pour le scellement par induction.\"\n\t\t\t\tsrc=\"https:\/\/www.seliggroup.com\/wp-content\/uploads\/2022\/11\/wp_pht_steps-1.jpeg\"\/>\n\t\t\n\t\t<div class=\"anwp-pg-post-teaser__thumbnail-bg anwp-position-cover\"><\/div>\n\n\t\t<a class=\"anwp-position-cover anwp-link-without-effects\" href=\"https:\/\/www.seliggroup.com\/fr\/optimisez-votre-bouchon-vos-revetements-et-votre-processus-de-bouchage-pour-le-scellement-par-induction\/\" aria-hidden=\"true\" ><\/a>\n\t<\/div>\n\n\t<div class=\"anwp-pg-post-teaser__content flex-grow-1 pt-1 d-flex flex-column\">\n\n\t\t<div class=\"anwp-pg-post-teaser__title anwp-font-heading mt-2\">\n\t\t\t<a class=\"anwp-link-without-effects\" href=\"https:\/\/www.seliggroup.com\/fr\/optimisez-votre-bouchon-vos-revetements-et-votre-processus-de-bouchage-pour-le-scellement-par-induction\/\" aria-hidden=\"true\" >\n\t\t\t\tOptimisez votre bouchon, vos rev\u00eatements et votre processus de bouchage pour le scellement par induction.\t\t\t<\/a>\n\t\t<\/div>\n\n\t\t<div class=\"anwp-pg-post-teaser__bottom-meta d-flex flex-wrap\">\n\n\t\t\t\n\t\t\t\t\t<\/div>\n\n\t\t\t\t\t<div class=\"anwp-pg-post-teaser__excerpt mb-2\">\n\t\t\t\tJohn Brown du groupe Selig et des experts d\u2019Enercon Industries, Phoenix Closures et BellatRx Inc. d\u00e9crivent les meilleures pratiques utilis\u00e9es pour l\u2019obtention d\u2019un scellage r\u00e9ussi.\t\t\t<\/div>\n\t\t\n\t\t\t\t\t<div class=\"w-100 anwp-pg-read-more mt-auto\">\n\t\t\t\t<a href=\"https:\/\/www.seliggroup.com\/fr\/optimisez-votre-bouchon-vos-revetements-et-votre-processus-de-bouchage-pour-le-scellement-par-induction\/\" \t\t\t\t\tclass=\"anwp-pg-read-more__btn mt-3 mb-0 btn btn-sm btn-outline-info w-100 text-decoration-none\">\n\t\t\t\t\tRead More\t\t\t\t<\/a>\n\t\t\t<\/div>\n\t\t\n\t<\/div>\n\n<\/div>\n<div class=\"anwp-pg-post-teaser anwp-pg-post-teaser--inner-cover-link anwp-pg-post-teaser--layout-d d-flex flex-column swiper-slide anwp-pg-post-teaser--with-read-more \">\n\t<div class=\"anwp-pg-post-teaser__thumbnail position-relative\">\n\n\t\t\n\t\t\n\t\t\t\t\t<img loading=\"lazy\" class=\"anwp-pg-post-teaser__thumbnail-img d-block anwp-pg-height-180 anwp-object-cover m-0 w-100\"\n\t\t\t\talt=\"Comment obtenir des fermetures parfaites\"\n\t\t\t\tsrc=\"https:\/\/www.seliggroup.com\/wp-content\/uploads\/2022\/11\/Advantage-of-Induction-Seals-for-Milk-Packaging-1.jpeg\"\/>\n\t\t\n\t\t<div class=\"anwp-pg-post-teaser__thumbnail-bg anwp-position-cover\"><\/div>\n\n\t\t<a class=\"anwp-position-cover anwp-link-without-effects\" href=\"https:\/\/www.seliggroup.com\/fr\/comment-obtenir-des-fermetures-parfaites\/\" aria-hidden=\"true\" ><\/a>\n\t<\/div>\n\n\t<div class=\"anwp-pg-post-teaser__content flex-grow-1 pt-1 d-flex flex-column\">\n\n\t\t<div class=\"anwp-pg-post-teaser__title anwp-font-heading mt-2\">\n\t\t\t<a class=\"anwp-link-without-effects\" href=\"https:\/\/www.seliggroup.com\/fr\/comment-obtenir-des-fermetures-parfaites\/\" aria-hidden=\"true\" >\n\t\t\t\tComment obtenir des fermetures parfaites\t\t\t<\/a>\n\t\t<\/div>\n\n\t\t<div class=\"anwp-pg-post-teaser__bottom-meta d-flex flex-wrap\">\n\n\t\t\t\n\t\t\t\t\t<\/div>\n\n\t\t\t\t\t<div class=\"anwp-pg-post-teaser__excerpt mb-2\">\n\t\t\t\tLes experts, dont Jay Kelley de Selig Group et d\u2019autres pan\u00e9listes d\u2019Enercon Industries, pr\u00e9sentent les meilleures pratiques utilis\u00e9es pour r\u00e9aliser une fermeture r\u00e9ussie. Apprendre \u00e0 s\u00e9lectionner le meilleur mat\u00e9riau de ...\t\t\t<\/div>\n\t\t\n\t\t\t\t\t<div class=\"w-100 anwp-pg-read-more mt-auto\">\n\t\t\t\t<a href=\"https:\/\/www.seliggroup.com\/fr\/comment-obtenir-des-fermetures-parfaites\/\" \t\t\t\t\tclass=\"anwp-pg-read-more__btn mt-3 mb-0 btn btn-sm btn-outline-info w-100 text-decoration-none\">\n\t\t\t\t\tRead More\t\t\t\t<\/a>\n\t\t\t<\/div>\n\t\t\n\t<\/div>\n\n<\/div>\n<div class=\"anwp-pg-post-teaser anwp-pg-post-teaser--inner-cover-link anwp-pg-post-teaser--layout-d d-flex flex-column swiper-slide anwp-pg-post-teaser--with-read-more \">\n\t<div class=\"anwp-pg-post-teaser__thumbnail position-relative\">\n\n\t\t\n\t\t\n\t\t\t\t\t<img loading=\"lazy\" class=\"anwp-pg-post-teaser__thumbnail-img d-block anwp-pg-height-180 anwp-object-cover m-0 w-100\"\n\t\t\t\talt=\"Des conseils pour le scellage des liquides : Amazon, FedEx et UPS\"\n\t\t\t\tsrc=\"https:\/\/www.seliggroup.com\/wp-content\/uploads\/2022\/11\/RainX-Self-Dry-Car-Wash-1.jpg\"\/>\n\t\t\n\t\t<div class=\"anwp-pg-post-teaser__thumbnail-bg anwp-position-cover\"><\/div>\n\n\t\t<a class=\"anwp-position-cover anwp-link-without-effects\" href=\"https:\/\/www.seliggroup.com\/fr\/des-conseils-pour-le-scellage-des-liquides-amazon-fedex-et-ups\/\" aria-hidden=\"true\" ><\/a>\n\t<\/div>\n\n\t<div class=\"anwp-pg-post-teaser__content flex-grow-1 pt-1 d-flex flex-column\">\n\n\t\t<div class=\"anwp-pg-post-teaser__title anwp-font-heading mt-2\">\n\t\t\t<a class=\"anwp-link-without-effects\" href=\"https:\/\/www.seliggroup.com\/fr\/des-conseils-pour-le-scellage-des-liquides-amazon-fedex-et-ups\/\" aria-hidden=\"true\" >\n\t\t\t\tDes conseils pour le scellage des liquides : Amazon, FedEx et UPS\t\t\t<\/a>\n\t\t<\/div>\n\n\t\t<div class=\"anwp-pg-post-teaser__bottom-meta d-flex flex-wrap\">\n\n\t\t\t\n\t\t\t\t\t<\/div>\n\n\t\t\t\t\t<div class=\"anwp-pg-post-teaser__excerpt mb-2\">\n\t\t\t\tBJ Radek du groupe Selig et d\u2019autres experts d\u2019Enercon Industries traitent des r\u00e8gles d\u2019exp\u00e9dition des produits liquides par les canaux de distribution les plus courants.\t\t\t<\/div>\n\t\t\n\t\t\t\t\t<div class=\"w-100 anwp-pg-read-more mt-auto\">\n\t\t\t\t<a href=\"https:\/\/www.seliggroup.com\/fr\/des-conseils-pour-le-scellage-des-liquides-amazon-fedex-et-ups\/\" \t\t\t\t\tclass=\"anwp-pg-read-more__btn mt-3 mb-0 btn btn-sm btn-outline-info w-100 text-decoration-none\">\n\t\t\t\t\tRead More\t\t\t\t<\/a>\n\t\t\t<\/div>\n\t\t\n\t<\/div>\n\n<\/div>\n<div class=\"anwp-pg-post-teaser anwp-pg-post-teaser--inner-cover-link anwp-pg-post-teaser--layout-d d-flex flex-column swiper-slide anwp-pg-post-teaser--with-read-more \">\n\t<div class=\"anwp-pg-post-teaser__thumbnail position-relative\">\n\n\t\t\n\t\t\n\t\t\t\t\t<img loading=\"lazy\" class=\"anwp-pg-post-teaser__thumbnail-img d-block anwp-pg-height-180 anwp-object-cover m-0 w-100\"\n\t\t\t\talt=\"Les avanc\u00e9es du commerce \u00e9lectronique\"\n\t\t\t\tsrc=\"https:\/\/www.seliggroup.com\/wp-content\/uploads\/2022\/10\/Warehouse-Worker-Loading-Shipment-1.jpg\"\/>\n\t\t\n\t\t<div class=\"anwp-pg-post-teaser__thumbnail-bg anwp-position-cover\"><\/div>\n\n\t\t<a class=\"anwp-position-cover anwp-link-without-effects\" href=\"https:\/\/www.seliggroup.com\/fr\/les-avancees-du-commerce-electronique\/\" aria-hidden=\"true\" ><\/a>\n\t<\/div>\n\n\t<div class=\"anwp-pg-post-teaser__content flex-grow-1 pt-1 d-flex flex-column\">\n\n\t\t<div class=\"anwp-pg-post-teaser__title anwp-font-heading mt-2\">\n\t\t\t<a class=\"anwp-link-without-effects\" href=\"https:\/\/www.seliggroup.com\/fr\/les-avancees-du-commerce-electronique\/\" aria-hidden=\"true\" >\n\t\t\t\tLes avanc\u00e9es du commerce \u00e9lectronique\t\t\t<\/a>\n\t\t<\/div>\n\n\t\t<div class=\"anwp-pg-post-teaser__bottom-meta d-flex flex-wrap\">\n\n\t\t\t\n\t\t\t\t\t<\/div>\n\n\t\t\t\t\t<div class=\"anwp-pg-post-teaser__excerpt mb-2\">\n\t\t\t\tBJ Radek du groupe Selig discute de la croissance du commerce \u00e9lectronique, de l\u2019exp\u00e9dition de liquides et de la satisfaction des besoins d\u2019un canal de distribution rigoureux.\t\t\t<\/div>\n\t\t\n\t\t\t\t\t<div class=\"w-100 anwp-pg-read-more mt-auto\">\n\t\t\t\t<a href=\"https:\/\/www.seliggroup.com\/fr\/les-avancees-du-commerce-electronique\/\" \t\t\t\t\tclass=\"anwp-pg-read-more__btn mt-3 mb-0 btn btn-sm btn-outline-info w-100 text-decoration-none\">\n\t\t\t\t\tRead More\t\t\t\t<\/a>\n\t\t\t<\/div>\n\t\t\n\t<\/div>\n\n<\/div>\n\t\t<\/div>\n\n\t\t\t\t\t\t\t\t\t\t\t\t<div class=\"elementor-swiper-button elementor-swiper-button-prev\">\n\t\t\t\t\t<svg class=\"anwp-pg-icon anwp-pg-icon--feather anwp-pg-icon--s28\">\n\t\t\t\t\t\t<use xlink:href=\"#icon-anwp-pg-chevron-left\"><\/use>\n\t\t\t\t\t<\/svg>\n\t\t\t\t\t<span class=\"elementor-screen-only\">Previous<\/span>\n\t\t\t\t<\/div>\n\t\t\t\t<div class=\"elementor-swiper-button elementor-swiper-button-next\">\n\t\t\t\t\t<svg class=\"anwp-pg-icon anwp-pg-icon--feather anwp-pg-icon--s28\">\n\t\t\t\t\t\t<use xlink:href=\"#icon-anwp-pg-chevron-right\"><\/use>\n\t\t\t\t\t<\/svg>\n\t\t\t\t\t<span class=\"elementor-screen-only\">Next<\/span>\n\t\t\t\t<\/div>\n\t\t\t\t\t\t<\/div>\n<\/div>\n\t\t\t\t<\/div>\n\t\t\t\t<\/div>\n\t\t\t\t<\/div>\n\t\t\t\t<\/div>\n\t\t<div class=\"elementor-element elementor-element-af9c9c3 e-con-full e-flex e-con e-parent\" data-id=\"af9c9c3\" data-element_type=\"container\" data-e-type=\"container\">\n\t\t\t\t<div class=\"elementor-element elementor-element-285da05 elementor-widget elementor-widget-heading\" data-id=\"285da05\" data-element_type=\"widget\" data-e-type=\"widget\" data-widget_type=\"heading.default\">\n\t\t\t\t<div class=\"elementor-widget-container\">\n\t\t\t\t\t<h2 class=\"elementor-heading-title elementor-size-default\">Derni\u00e8res actualit\u00e9s<\/h2>\t\t\t\t<\/div>\n\t\t\t\t<\/div>\n\t\t\t\t<div class=\"elementor-element elementor-element-9af0559 elementor-grid-1 elementor-posts--thumbnail-top elementor-grid-tablet-2 elementor-grid-mobile-1 elementor-widget elementor-widget-posts\" data-id=\"9af0559\" data-element_type=\"widget\" data-e-type=\"widget\" data-settings=\"{&quot;custom_columns&quot;:&quot;1&quot;,&quot;custom_row_gap&quot;:{&quot;unit&quot;:&quot;px&quot;,&quot;size&quot;:8,&quot;sizes&quot;:[]},&quot;custom_columns_tablet&quot;:&quot;2&quot;,&quot;custom_columns_mobile&quot;:&quot;1&quot;,&quot;custom_row_gap_tablet&quot;:{&quot;unit&quot;:&quot;px&quot;,&quot;size&quot;:&quot;&quot;,&quot;sizes&quot;:[]},&quot;custom_row_gap_mobile&quot;:{&quot;unit&quot;:&quot;px&quot;,&quot;size&quot;:&quot;&quot;,&quot;sizes&quot;:[]}}\" data-widget_type=\"posts.custom\">\n\t\t\t\t<div class=\"elementor-widget-container\">\n\t\t\t\t\t      <div class=\"ecs-posts elementor-posts-container elementor-posts   elementor-grid elementor-posts--skin-custom\" data-settings=\"{&quot;current_page&quot;:1,&quot;max_num_pages&quot;:0,&quot;load_method&quot;:&quot;&quot;,&quot;widget_id&quot;:&quot;9af0559&quot;,&quot;post_id&quot;:58479,&quot;theme_id&quot;:58479,&quot;change_url&quot;:false,&quot;reinit_js&quot;:false}\">\n      <div class=\"elementor-posts-nothing-found\"><\/div>\t\t<\/div>\n\t\t\t\t\t\t<\/div>\n\t\t\t\t<\/div>\n\t\t\t\t<\/div>\n\t\t\t\t<\/div>\n\t\t","protected":false},"excerpt":{"rendered":"<p>Le gouvernement britannique a rendu public en novembre son document d\u2019orientation sur l\u2019introduction de la taxe sur les emballages plastiques. Le but de cette taxe est d\u2019inciter \u00e9conomiquement les entreprises \u00e0 utiliser des mat\u00e9riaux recycl\u00e9s dans la production de leurs emballages en plastique.<\/p>\n","protected":false},"author":2,"featured_media":58480,"comment_status":"closed","ping_status":"closed","sticky":false,"template":"","format":"standard","meta":{"_acf_changed":false,"inline_featured_image":false,"_monsterinsights_skip_tracking":false,"_monsterinsights_sitenote_active":false,"_monsterinsights_sitenote_note":"","_monsterinsights_sitenote_category":0,"footnotes":"","_links_to":"","_links_to_target":""},"categories":[1684],"tags":[1723,1722,1725,1726,1727,1724],"class_list":["post-58479","post","type-post","status-publish","format-standard","has-post-thumbnail","hentry","category-non-classifiee","tag-boissons","tag-les-produits-alimentaires","tag-les-produits-chimiques-et-industriels","tag-les-soins-personnels","tag-sante","tag-vins-et-spiritueux"],"acf":[],"yoast_head":"<!-- This site is optimized with the Yoast SEO plugin v27.4 - https:\/\/yoast.com\/product\/yoast-seo-wordpress\/ -->\n<title>La taxe sur les emballages plastiques : Serons-nous pr\u00eats ? - Selig Group<\/title>\n<meta name=\"robots\" content=\"index, follow, max-snippet:-1, max-image-preview:large, max-video-preview:-1\" \/>\n<link rel=\"canonical\" href=\"https:\/\/www.seliggroup.com\/fr\/la-taxe-sur-les-emballages-plastiques-serons-nous-prets\/\" \/>\n<meta property=\"og:locale\" content=\"fr_FR\" \/>\n<meta property=\"og:type\" content=\"article\" \/>\n<meta property=\"og:title\" content=\"La taxe sur les emballages plastiques : Serons-nous pr\u00eats ? - Selig Group\" \/>\n<meta property=\"og:description\" content=\"Le gouvernement britannique a rendu public en novembre son document d\u2019orientation sur l\u2019introduction de la taxe sur les emballages plastiques. Le but de cette taxe est d\u2019inciter \u00e9conomiquement les entreprises \u00e0 utiliser des mat\u00e9riaux recycl\u00e9s dans la production de leurs emballages en plastique.\" \/>\n<meta property=\"og:url\" content=\"https:\/\/www.seliggroup.com\/fr\/la-taxe-sur-les-emballages-plastiques-serons-nous-prets\/\" \/>\n<meta property=\"og:site_name\" content=\"Selig Group\" \/>\n<meta property=\"article:published_time\" content=\"2021-11-11T08:00:00+00:00\" \/>\n<meta property=\"article:modified_time\" content=\"2023-05-21T12:21:53+00:00\" \/>\n<meta property=\"og:image\" content=\"https:\/\/www.seliggroup.com\/wp-content\/uploads\/2022\/11\/plastic-packaging-tax-1.png\" \/>\n\t<meta property=\"og:image:width\" content=\"350\" \/>\n\t<meta property=\"og:image:height\" content=\"185\" \/>\n\t<meta property=\"og:image:type\" content=\"image\/png\" \/>\n<meta name=\"author\" content=\"miaoxia liang\" \/>\n<meta name=\"twitter:card\" content=\"summary_large_image\" \/>\n<meta name=\"twitter:label1\" content=\"\u00c9crit par\" \/>\n\t<meta name=\"twitter:data1\" content=\"miaoxia liang\" \/>\n\t<meta name=\"twitter:label2\" content=\"Dur\u00e9e de lecture estim\u00e9e\" \/>\n\t<meta name=\"twitter:data2\" content=\"3 minutes\" \/>\n<script type=\"application\/ld+json\" class=\"yoast-schema-graph\">{\"@context\":\"https:\\\/\\\/schema.org\",\"@graph\":[{\"@type\":\"Article\",\"@id\":\"https:\\\/\\\/www.seliggroup.com\\\/fr\\\/la-taxe-sur-les-emballages-plastiques-serons-nous-prets\\\/#article\",\"isPartOf\":{\"@id\":\"https:\\\/\\\/www.seliggroup.com\\\/fr\\\/la-taxe-sur-les-emballages-plastiques-serons-nous-prets\\\/\"},\"author\":{\"name\":\"miaoxia liang\",\"@id\":\"https:\\\/\\\/www.seliggroup.com\\\/fr\\\/#\\\/schema\\\/person\\\/63822a9e78c04840b15efaf862d953f1\"},\"headline\":\"La taxe sur les emballages plastiques : Serons-nous pr\u00eats ?\",\"datePublished\":\"2021-11-11T08:00:00+00:00\",\"dateModified\":\"2023-05-21T12:21:53+00:00\",\"mainEntityOfPage\":{\"@id\":\"https:\\\/\\\/www.seliggroup.com\\\/fr\\\/la-taxe-sur-les-emballages-plastiques-serons-nous-prets\\\/\"},\"wordCount\":606,\"publisher\":{\"@id\":\"https:\\\/\\\/www.seliggroup.com\\\/fr\\\/#organization\"},\"image\":{\"@id\":\"https:\\\/\\\/www.seliggroup.com\\\/fr\\\/la-taxe-sur-les-emballages-plastiques-serons-nous-prets\\\/#primaryimage\"},\"thumbnailUrl\":\"https:\\\/\\\/www.seliggroup.com\\\/wp-content\\\/uploads\\\/2022\\\/11\\\/plastic-packaging-tax-1.png\",\"keywords\":[\"Boissons\",\"Les produits alimentaires\",\"Les produits chimiques et industriels\",\"Les soins personnels\",\"Sant\u00e9\",\"Vins et spiritueux\"],\"articleSection\":[\"Non classifi\u00e9(e)\"],\"inLanguage\":\"fr-FR\"},{\"@type\":\"WebPage\",\"@id\":\"https:\\\/\\\/www.seliggroup.com\\\/fr\\\/la-taxe-sur-les-emballages-plastiques-serons-nous-prets\\\/\",\"url\":\"https:\\\/\\\/www.seliggroup.com\\\/fr\\\/la-taxe-sur-les-emballages-plastiques-serons-nous-prets\\\/\",\"name\":\"La taxe sur les emballages plastiques : Serons-nous pr\u00eats ? - Selig Group\",\"isPartOf\":{\"@id\":\"https:\\\/\\\/www.seliggroup.com\\\/fr\\\/#website\"},\"primaryImageOfPage\":{\"@id\":\"https:\\\/\\\/www.seliggroup.com\\\/fr\\\/la-taxe-sur-les-emballages-plastiques-serons-nous-prets\\\/#primaryimage\"},\"image\":{\"@id\":\"https:\\\/\\\/www.seliggroup.com\\\/fr\\\/la-taxe-sur-les-emballages-plastiques-serons-nous-prets\\\/#primaryimage\"},\"thumbnailUrl\":\"https:\\\/\\\/www.seliggroup.com\\\/wp-content\\\/uploads\\\/2022\\\/11\\\/plastic-packaging-tax-1.png\",\"datePublished\":\"2021-11-11T08:00:00+00:00\",\"dateModified\":\"2023-05-21T12:21:53+00:00\",\"breadcrumb\":{\"@id\":\"https:\\\/\\\/www.seliggroup.com\\\/fr\\\/la-taxe-sur-les-emballages-plastiques-serons-nous-prets\\\/#breadcrumb\"},\"inLanguage\":\"fr-FR\",\"potentialAction\":[{\"@type\":\"ReadAction\",\"target\":[\"https:\\\/\\\/www.seliggroup.com\\\/fr\\\/la-taxe-sur-les-emballages-plastiques-serons-nous-prets\\\/\"]}]},{\"@type\":\"ImageObject\",\"inLanguage\":\"fr-FR\",\"@id\":\"https:\\\/\\\/www.seliggroup.com\\\/fr\\\/la-taxe-sur-les-emballages-plastiques-serons-nous-prets\\\/#primaryimage\",\"url\":\"https:\\\/\\\/www.seliggroup.com\\\/wp-content\\\/uploads\\\/2022\\\/11\\\/plastic-packaging-tax-1.png\",\"contentUrl\":\"https:\\\/\\\/www.seliggroup.com\\\/wp-content\\\/uploads\\\/2022\\\/11\\\/plastic-packaging-tax-1.png\",\"width\":350,\"height\":185},{\"@type\":\"BreadcrumbList\",\"@id\":\"https:\\\/\\\/www.seliggroup.com\\\/fr\\\/la-taxe-sur-les-emballages-plastiques-serons-nous-prets\\\/#breadcrumb\",\"itemListElement\":[{\"@type\":\"ListItem\",\"position\":1,\"name\":\"Home\",\"item\":\"https:\\\/\\\/www.seliggroup.com\\\/fr\\\/\"},{\"@type\":\"ListItem\",\"position\":2,\"name\":\"La taxe sur les emballages plastiques : Serons-nous pr\u00eats ?\"}]},{\"@type\":\"WebSite\",\"@id\":\"https:\\\/\\\/www.seliggroup.com\\\/fr\\\/#website\",\"url\":\"https:\\\/\\\/www.seliggroup.com\\\/fr\\\/\",\"name\":\"Selig Group\",\"description\":\"Selig Group is a reliable and experienced partner in the global packaging industry, offering quality sealing, venting, flexible packaging, and protection.\",\"publisher\":{\"@id\":\"https:\\\/\\\/www.seliggroup.com\\\/fr\\\/#organization\"},\"potentialAction\":[{\"@type\":\"SearchAction\",\"target\":{\"@type\":\"EntryPoint\",\"urlTemplate\":\"https:\\\/\\\/www.seliggroup.com\\\/fr\\\/?s={search_term_string}\"},\"query-input\":{\"@type\":\"PropertyValueSpecification\",\"valueRequired\":true,\"valueName\":\"search_term_string\"}}],\"inLanguage\":\"fr-FR\"},{\"@type\":\"Organization\",\"@id\":\"https:\\\/\\\/www.seliggroup.com\\\/fr\\\/#organization\",\"name\":\"Selig Group\",\"alternateName\":\"Selig\",\"url\":\"https:\\\/\\\/www.seliggroup.com\\\/fr\\\/\",\"logo\":{\"@type\":\"ImageObject\",\"inLanguage\":\"fr-FR\",\"@id\":\"https:\\\/\\\/www.seliggroup.com\\\/fr\\\/#\\\/schema\\\/logo\\\/image\\\/\",\"url\":\"https:\\\/\\\/www.seliggroup.com\\\/wp-content\\\/uploads\\\/2022\\\/12\\\/SeligGroupLogo_CMYK.jpg\",\"contentUrl\":\"https:\\\/\\\/www.seliggroup.com\\\/wp-content\\\/uploads\\\/2022\\\/12\\\/SeligGroupLogo_CMYK.jpg\",\"width\":720,\"height\":336,\"caption\":\"Selig Group\"},\"image\":{\"@id\":\"https:\\\/\\\/www.seliggroup.com\\\/fr\\\/#\\\/schema\\\/logo\\\/image\\\/\"}},{\"@type\":\"Person\",\"@id\":\"https:\\\/\\\/www.seliggroup.com\\\/fr\\\/#\\\/schema\\\/person\\\/63822a9e78c04840b15efaf862d953f1\",\"name\":\"miaoxia liang\",\"image\":{\"@type\":\"ImageObject\",\"inLanguage\":\"fr-FR\",\"@id\":\"https:\\\/\\\/secure.gravatar.com\\\/avatar\\\/5011240f4581ba02e5be55a2946875222ce0930f6946b422afc03151e738c76d?s=96&d=mm&r=g\",\"url\":\"https:\\\/\\\/secure.gravatar.com\\\/avatar\\\/5011240f4581ba02e5be55a2946875222ce0930f6946b422afc03151e738c76d?s=96&d=mm&r=g\",\"contentUrl\":\"https:\\\/\\\/secure.gravatar.com\\\/avatar\\\/5011240f4581ba02e5be55a2946875222ce0930f6946b422afc03151e738c76d?s=96&d=mm&r=g\",\"caption\":\"miaoxia liang\"}}]}<\/script>\n<!-- \/ Yoast SEO plugin. -->","yoast_head_json":{"title":"La taxe sur les emballages plastiques : Serons-nous pr\u00eats ? - Selig Group","robots":{"index":"index","follow":"follow","max-snippet":"max-snippet:-1","max-image-preview":"max-image-preview:large","max-video-preview":"max-video-preview:-1"},"canonical":"https:\/\/www.seliggroup.com\/fr\/la-taxe-sur-les-emballages-plastiques-serons-nous-prets\/","og_locale":"fr_FR","og_type":"article","og_title":"La taxe sur les emballages plastiques : Serons-nous pr\u00eats ? - Selig Group","og_description":"Le gouvernement britannique a rendu public en novembre son document d\u2019orientation sur l\u2019introduction de la taxe sur les emballages plastiques. Le but de cette taxe est d\u2019inciter \u00e9conomiquement les entreprises \u00e0 utiliser des mat\u00e9riaux recycl\u00e9s dans la production de leurs emballages en plastique.","og_url":"https:\/\/www.seliggroup.com\/fr\/la-taxe-sur-les-emballages-plastiques-serons-nous-prets\/","og_site_name":"Selig Group","article_published_time":"2021-11-11T08:00:00+00:00","article_modified_time":"2023-05-21T12:21:53+00:00","og_image":[{"width":350,"height":185,"url":"https:\/\/www.seliggroup.com\/wp-content\/uploads\/2022\/11\/plastic-packaging-tax-1.png","type":"image\/png"}],"author":"miaoxia liang","twitter_card":"summary_large_image","twitter_misc":{"\u00c9crit par":"miaoxia liang","Dur\u00e9e de lecture estim\u00e9e":"3 minutes"},"schema":{"@context":"https:\/\/schema.org","@graph":[{"@type":"Article","@id":"https:\/\/www.seliggroup.com\/fr\/la-taxe-sur-les-emballages-plastiques-serons-nous-prets\/#article","isPartOf":{"@id":"https:\/\/www.seliggroup.com\/fr\/la-taxe-sur-les-emballages-plastiques-serons-nous-prets\/"},"author":{"name":"miaoxia liang","@id":"https:\/\/www.seliggroup.com\/fr\/#\/schema\/person\/63822a9e78c04840b15efaf862d953f1"},"headline":"La taxe sur les emballages plastiques : Serons-nous pr\u00eats ?","datePublished":"2021-11-11T08:00:00+00:00","dateModified":"2023-05-21T12:21:53+00:00","mainEntityOfPage":{"@id":"https:\/\/www.seliggroup.com\/fr\/la-taxe-sur-les-emballages-plastiques-serons-nous-prets\/"},"wordCount":606,"publisher":{"@id":"https:\/\/www.seliggroup.com\/fr\/#organization"},"image":{"@id":"https:\/\/www.seliggroup.com\/fr\/la-taxe-sur-les-emballages-plastiques-serons-nous-prets\/#primaryimage"},"thumbnailUrl":"https:\/\/www.seliggroup.com\/wp-content\/uploads\/2022\/11\/plastic-packaging-tax-1.png","keywords":["Boissons","Les produits alimentaires","Les produits chimiques et industriels","Les soins personnels","Sant\u00e9","Vins et spiritueux"],"articleSection":["Non classifi\u00e9(e)"],"inLanguage":"fr-FR"},{"@type":"WebPage","@id":"https:\/\/www.seliggroup.com\/fr\/la-taxe-sur-les-emballages-plastiques-serons-nous-prets\/","url":"https:\/\/www.seliggroup.com\/fr\/la-taxe-sur-les-emballages-plastiques-serons-nous-prets\/","name":"La taxe sur les emballages plastiques : Serons-nous pr\u00eats ? - Selig Group","isPartOf":{"@id":"https:\/\/www.seliggroup.com\/fr\/#website"},"primaryImageOfPage":{"@id":"https:\/\/www.seliggroup.com\/fr\/la-taxe-sur-les-emballages-plastiques-serons-nous-prets\/#primaryimage"},"image":{"@id":"https:\/\/www.seliggroup.com\/fr\/la-taxe-sur-les-emballages-plastiques-serons-nous-prets\/#primaryimage"},"thumbnailUrl":"https:\/\/www.seliggroup.com\/wp-content\/uploads\/2022\/11\/plastic-packaging-tax-1.png","datePublished":"2021-11-11T08:00:00+00:00","dateModified":"2023-05-21T12:21:53+00:00","breadcrumb":{"@id":"https:\/\/www.seliggroup.com\/fr\/la-taxe-sur-les-emballages-plastiques-serons-nous-prets\/#breadcrumb"},"inLanguage":"fr-FR","potentialAction":[{"@type":"ReadAction","target":["https:\/\/www.seliggroup.com\/fr\/la-taxe-sur-les-emballages-plastiques-serons-nous-prets\/"]}]},{"@type":"ImageObject","inLanguage":"fr-FR","@id":"https:\/\/www.seliggroup.com\/fr\/la-taxe-sur-les-emballages-plastiques-serons-nous-prets\/#primaryimage","url":"https:\/\/www.seliggroup.com\/wp-content\/uploads\/2022\/11\/plastic-packaging-tax-1.png","contentUrl":"https:\/\/www.seliggroup.com\/wp-content\/uploads\/2022\/11\/plastic-packaging-tax-1.png","width":350,"height":185},{"@type":"BreadcrumbList","@id":"https:\/\/www.seliggroup.com\/fr\/la-taxe-sur-les-emballages-plastiques-serons-nous-prets\/#breadcrumb","itemListElement":[{"@type":"ListItem","position":1,"name":"Home","item":"https:\/\/www.seliggroup.com\/fr\/"},{"@type":"ListItem","position":2,"name":"La taxe sur les emballages plastiques : Serons-nous pr\u00eats ?"}]},{"@type":"WebSite","@id":"https:\/\/www.seliggroup.com\/fr\/#website","url":"https:\/\/www.seliggroup.com\/fr\/","name":"Selig Group","description":"Selig Group is a reliable and experienced partner in the global packaging industry, offering quality sealing, venting, flexible packaging, and protection.","publisher":{"@id":"https:\/\/www.seliggroup.com\/fr\/#organization"},"potentialAction":[{"@type":"SearchAction","target":{"@type":"EntryPoint","urlTemplate":"https:\/\/www.seliggroup.com\/fr\/?s={search_term_string}"},"query-input":{"@type":"PropertyValueSpecification","valueRequired":true,"valueName":"search_term_string"}}],"inLanguage":"fr-FR"},{"@type":"Organization","@id":"https:\/\/www.seliggroup.com\/fr\/#organization","name":"Selig Group","alternateName":"Selig","url":"https:\/\/www.seliggroup.com\/fr\/","logo":{"@type":"ImageObject","inLanguage":"fr-FR","@id":"https:\/\/www.seliggroup.com\/fr\/#\/schema\/logo\/image\/","url":"https:\/\/www.seliggroup.com\/wp-content\/uploads\/2022\/12\/SeligGroupLogo_CMYK.jpg","contentUrl":"https:\/\/www.seliggroup.com\/wp-content\/uploads\/2022\/12\/SeligGroupLogo_CMYK.jpg","width":720,"height":336,"caption":"Selig Group"},"image":{"@id":"https:\/\/www.seliggroup.com\/fr\/#\/schema\/logo\/image\/"}},{"@type":"Person","@id":"https:\/\/www.seliggroup.com\/fr\/#\/schema\/person\/63822a9e78c04840b15efaf862d953f1","name":"miaoxia liang","image":{"@type":"ImageObject","inLanguage":"fr-FR","@id":"https:\/\/secure.gravatar.com\/avatar\/5011240f4581ba02e5be55a2946875222ce0930f6946b422afc03151e738c76d?s=96&d=mm&r=g","url":"https:\/\/secure.gravatar.com\/avatar\/5011240f4581ba02e5be55a2946875222ce0930f6946b422afc03151e738c76d?s=96&d=mm&r=g","contentUrl":"https:\/\/secure.gravatar.com\/avatar\/5011240f4581ba02e5be55a2946875222ce0930f6946b422afc03151e738c76d?s=96&d=mm&r=g","caption":"miaoxia liang"}}]}},"_links":{"self":[{"href":"https:\/\/www.seliggroup.com\/fr\/wp-json\/wp\/v2\/posts\/58479","targetHints":{"allow":["GET"]}}],"collection":[{"href":"https:\/\/www.seliggroup.com\/fr\/wp-json\/wp\/v2\/posts"}],"about":[{"href":"https:\/\/www.seliggroup.com\/fr\/wp-json\/wp\/v2\/types\/post"}],"author":[{"embeddable":true,"href":"https:\/\/www.seliggroup.com\/fr\/wp-json\/wp\/v2\/users\/2"}],"replies":[{"embeddable":true,"href":"https:\/\/www.seliggroup.com\/fr\/wp-json\/wp\/v2\/comments?post=58479"}],"version-history":[{"count":0,"href":"https:\/\/www.seliggroup.com\/fr\/wp-json\/wp\/v2\/posts\/58479\/revisions"}],"wp:featuredmedia":[{"embeddable":true,"href":"https:\/\/www.seliggroup.com\/fr\/wp-json\/wp\/v2\/media\/58480"}],"wp:attachment":[{"href":"https:\/\/www.seliggroup.com\/fr\/wp-json\/wp\/v2\/media?parent=58479"}],"wp:term":[{"taxonomy":"category","embeddable":true,"href":"https:\/\/www.seliggroup.com\/fr\/wp-json\/wp\/v2\/categories?post=58479"},{"taxonomy":"post_tag","embeddable":true,"href":"https:\/\/www.seliggroup.com\/fr\/wp-json\/wp\/v2\/tags?post=58479"}],"curies":[{"name":"wp","href":"https:\/\/api.w.org\/{rel}","templated":true}]}}