{"id":58521,"date":"2020-12-09T17:29:00","date_gmt":"2020-12-09T17:29:00","guid":{"rendered":"https:\/\/selig-group.com\/un-programme-de-perte-de-poids-pour-les-emballages-en-plastique\/"},"modified":"2023-05-21T12:33:49","modified_gmt":"2023-05-21T12:33:49","slug":"un-programme-de-perte-de-poids-pour-les-emballages-en-plastique","status":"publish","type":"post","link":"https:\/\/www.seliggroup.com\/fr\/un-programme-de-perte-de-poids-pour-les-emballages-en-plastique\/","title":{"rendered":"Un programme de perte de poids pour les emballages en plastique"},"content":{"rendered":"\n<p>La pression exerc\u00e9e sur les entreprises pour qu\u2019elles r\u00e9duisent la quantit\u00e9 de plastique utilis\u00e9e est de plus en plus forte, ce qui conduit beaucoup d\u2019entre elles \u00e0 \u0153uvrer \u00e0 l\u2019all\u00e8gement de leurs emballages. Selig souligne les r\u00e9sultats obtenus lorsque l\u2019all\u00e8gement est coupl\u00e9 au thermosoudage par induction.<\/p>\n","protected":false},"excerpt":{"rendered":"<p>La pression exerc\u00e9e sur les entreprises pour qu\u2019elles r\u00e9duisent la quantit\u00e9 de plastique utilis\u00e9e est de plus en plus forte, ce qui conduit beaucoup d\u2019entre elles \u00e0 \u0153uvrer \u00e0 l\u2019all\u00e8gement de leurs emballages. Selig souligne les r\u00e9sultats obtenus lorsque l\u2019all\u00e8gement est coupl\u00e9 au thermosoudage par induction.<\/p>\n","protected":false},"author":3,"featured_media":58522,"comment_status":"closed","ping_status":"closed","sticky":false,"template":"","format":"standard","meta":{"_acf_changed":false,"inline_featured_image":false,"_monsterinsights_skip_tracking":false,"_monsterinsights_sitenote_active":false,"_monsterinsights_sitenote_note":"","_monsterinsights_sitenote_category":0,"footnotes":"","_links_to":"","_links_to_target":""},"categories":[1684],"tags":[1723,1722,1725,1726,1727,1724],"class_list":["post-58521","post","type-post","status-publish","format-standard","has-post-thumbnail","hentry","category-non-classifiee","tag-boissons","tag-les-produits-alimentaires","tag-les-produits-chimiques-et-industriels","tag-les-soins-personnels","tag-sante","tag-vins-et-spiritueux"],"acf":[],"yoast_head":"<!-- This site is optimized with the Yoast SEO plugin v27.4 - https:\/\/yoast.com\/product\/yoast-seo-wordpress\/ -->\n<title>Un programme de perte de poids pour les emballages en plastique - Selig Group<\/title>\n<meta name=\"robots\" content=\"index, follow, max-snippet:-1, max-image-preview:large, max-video-preview:-1\" \/>\n<link rel=\"canonical\" href=\"https:\/\/www.seliggroup.com\/fr\/un-programme-de-perte-de-poids-pour-les-emballages-en-plastique\/\" \/>\n<meta property=\"og:locale\" content=\"fr_FR\" \/>\n<meta property=\"og:type\" content=\"article\" \/>\n<meta property=\"og:title\" content=\"Un programme de perte de poids pour les emballages en plastique - Selig Group\" \/>\n<meta property=\"og:description\" content=\"La pression exerc\u00e9e sur les entreprises pour qu\u2019elles r\u00e9duisent la quantit\u00e9 de plastique utilis\u00e9e est de plus en plus forte, ce qui conduit beaucoup d\u2019entre elles \u00e0 \u0153uvrer \u00e0 l\u2019all\u00e8gement de leurs emballages. Selig souligne les r\u00e9sultats obtenus lorsque l\u2019all\u00e8gement est coupl\u00e9 au thermosoudage par induction.\" \/>\n<meta property=\"og:url\" content=\"https:\/\/www.seliggroup.com\/fr\/un-programme-de-perte-de-poids-pour-les-emballages-en-plastique\/\" \/>\n<meta property=\"og:site_name\" content=\"Selig Group\" \/>\n<meta property=\"article:published_time\" content=\"2020-12-09T17:29:00+00:00\" \/>\n<meta property=\"article:modified_time\" content=\"2023-05-21T12:33:49+00:00\" \/>\n<meta property=\"og:image\" content=\"https:\/\/www.seliggroup.com\/wp-content\/uploads\/2022\/12\/weight-loss-for-plastic-packaging-1.png\" \/>\n\t<meta property=\"og:image:width\" content=\"350\" \/>\n\t<meta property=\"og:image:height\" content=\"185\" \/>\n\t<meta property=\"og:image:type\" content=\"image\/png\" \/>\n<meta name=\"author\" content=\"Amabel Ryan\" \/>\n<meta name=\"twitter:card\" content=\"summary_large_image\" \/>\n<meta name=\"twitter:label1\" content=\"\u00c9crit par\" \/>\n\t<meta name=\"twitter:data1\" content=\"Amabel Ryan\" \/>\n<script type=\"application\/ld+json\" class=\"yoast-schema-graph\">{\"@context\":\"https:\\\/\\\/schema.org\",\"@graph\":[{\"@type\":\"Article\",\"@id\":\"https:\\\/\\\/www.seliggroup.com\\\/fr\\\/un-programme-de-perte-de-poids-pour-les-emballages-en-plastique\\\/#article\",\"isPartOf\":{\"@id\":\"https:\\\/\\\/www.seliggroup.com\\\/fr\\\/un-programme-de-perte-de-poids-pour-les-emballages-en-plastique\\\/\"},\"author\":{\"name\":\"Amabel Ryan\",\"@id\":\"https:\\\/\\\/www.seliggroup.com\\\/fr\\\/#\\\/schema\\\/person\\\/e7b30b0f09d9837fcb675cbf121c4fbb\"},\"headline\":\"Un programme de perte de poids pour les emballages en plastique\",\"datePublished\":\"2020-12-09T17:29:00+00:00\",\"dateModified\":\"2023-05-21T12:33:49+00:00\",\"mainEntityOfPage\":{\"@id\":\"https:\\\/\\\/www.seliggroup.com\\\/fr\\\/un-programme-de-perte-de-poids-pour-les-emballages-en-plastique\\\/\"},\"wordCount\":65,\"publisher\":{\"@id\":\"https:\\\/\\\/www.seliggroup.com\\\/fr\\\/#organization\"},\"image\":{\"@id\":\"https:\\\/\\\/www.seliggroup.com\\\/fr\\\/un-programme-de-perte-de-poids-pour-les-emballages-en-plastique\\\/#primaryimage\"},\"thumbnailUrl\":\"https:\\\/\\\/www.seliggroup.com\\\/wp-content\\\/uploads\\\/2022\\\/12\\\/weight-loss-for-plastic-packaging-1.png\",\"keywords\":[\"Boissons\",\"Les produits alimentaires\",\"Les produits chimiques et industriels\",\"Les soins personnels\",\"Sant\u00e9\",\"Vins et spiritueux\"],\"articleSection\":[\"Non classifi\u00e9(e)\"],\"inLanguage\":\"fr-FR\"},{\"@type\":\"WebPage\",\"@id\":\"https:\\\/\\\/www.seliggroup.com\\\/fr\\\/un-programme-de-perte-de-poids-pour-les-emballages-en-plastique\\\/\",\"url\":\"https:\\\/\\\/www.seliggroup.com\\\/fr\\\/un-programme-de-perte-de-poids-pour-les-emballages-en-plastique\\\/\",\"name\":\"Un programme de perte de poids pour les emballages en plastique - Selig Group\",\"isPartOf\":{\"@id\":\"https:\\\/\\\/www.seliggroup.com\\\/fr\\\/#website\"},\"primaryImageOfPage\":{\"@id\":\"https:\\\/\\\/www.seliggroup.com\\\/fr\\\/un-programme-de-perte-de-poids-pour-les-emballages-en-plastique\\\/#primaryimage\"},\"image\":{\"@id\":\"https:\\\/\\\/www.seliggroup.com\\\/fr\\\/un-programme-de-perte-de-poids-pour-les-emballages-en-plastique\\\/#primaryimage\"},\"thumbnailUrl\":\"https:\\\/\\\/www.seliggroup.com\\\/wp-content\\\/uploads\\\/2022\\\/12\\\/weight-loss-for-plastic-packaging-1.png\",\"datePublished\":\"2020-12-09T17:29:00+00:00\",\"dateModified\":\"2023-05-21T12:33:49+00:00\",\"breadcrumb\":{\"@id\":\"https:\\\/\\\/www.seliggroup.com\\\/fr\\\/un-programme-de-perte-de-poids-pour-les-emballages-en-plastique\\\/#breadcrumb\"},\"inLanguage\":\"fr-FR\",\"potentialAction\":[{\"@type\":\"ReadAction\",\"target\":[\"https:\\\/\\\/www.seliggroup.com\\\/fr\\\/un-programme-de-perte-de-poids-pour-les-emballages-en-plastique\\\/\"]}]},{\"@type\":\"ImageObject\",\"inLanguage\":\"fr-FR\",\"@id\":\"https:\\\/\\\/www.seliggroup.com\\\/fr\\\/un-programme-de-perte-de-poids-pour-les-emballages-en-plastique\\\/#primaryimage\",\"url\":\"https:\\\/\\\/www.seliggroup.com\\\/wp-content\\\/uploads\\\/2022\\\/12\\\/weight-loss-for-plastic-packaging-1.png\",\"contentUrl\":\"https:\\\/\\\/www.seliggroup.com\\\/wp-content\\\/uploads\\\/2022\\\/12\\\/weight-loss-for-plastic-packaging-1.png\",\"width\":350,\"height\":185},{\"@type\":\"BreadcrumbList\",\"@id\":\"https:\\\/\\\/www.seliggroup.com\\\/fr\\\/un-programme-de-perte-de-poids-pour-les-emballages-en-plastique\\\/#breadcrumb\",\"itemListElement\":[{\"@type\":\"ListItem\",\"position\":1,\"name\":\"Home\",\"item\":\"https:\\\/\\\/www.seliggroup.com\\\/fr\\\/\"},{\"@type\":\"ListItem\",\"position\":2,\"name\":\"Un programme de perte de poids pour les emballages en plastique\"}]},{\"@type\":\"WebSite\",\"@id\":\"https:\\\/\\\/www.seliggroup.com\\\/fr\\\/#website\",\"url\":\"https:\\\/\\\/www.seliggroup.com\\\/fr\\\/\",\"name\":\"Selig Group\",\"description\":\"Selig Group is a reliable and experienced partner in the global packaging industry, offering quality sealing, venting, flexible packaging, and protection.\",\"publisher\":{\"@id\":\"https:\\\/\\\/www.seliggroup.com\\\/fr\\\/#organization\"},\"potentialAction\":[{\"@type\":\"SearchAction\",\"target\":{\"@type\":\"EntryPoint\",\"urlTemplate\":\"https:\\\/\\\/www.seliggroup.com\\\/fr\\\/?s={search_term_string}\"},\"query-input\":{\"@type\":\"PropertyValueSpecification\",\"valueRequired\":true,\"valueName\":\"search_term_string\"}}],\"inLanguage\":\"fr-FR\"},{\"@type\":\"Organization\",\"@id\":\"https:\\\/\\\/www.seliggroup.com\\\/fr\\\/#organization\",\"name\":\"Selig Group\",\"alternateName\":\"Selig\",\"url\":\"https:\\\/\\\/www.seliggroup.com\\\/fr\\\/\",\"logo\":{\"@type\":\"ImageObject\",\"inLanguage\":\"fr-FR\",\"@id\":\"https:\\\/\\\/www.seliggroup.com\\\/fr\\\/#\\\/schema\\\/logo\\\/image\\\/\",\"url\":\"https:\\\/\\\/www.seliggroup.com\\\/wp-content\\\/uploads\\\/2022\\\/12\\\/SeligGroupLogo_CMYK.jpg\",\"contentUrl\":\"https:\\\/\\\/www.seliggroup.com\\\/wp-content\\\/uploads\\\/2022\\\/12\\\/SeligGroupLogo_CMYK.jpg\",\"width\":720,\"height\":336,\"caption\":\"Selig Group\"},\"image\":{\"@id\":\"https:\\\/\\\/www.seliggroup.com\\\/fr\\\/#\\\/schema\\\/logo\\\/image\\\/\"}},{\"@type\":\"Person\",\"@id\":\"https:\\\/\\\/www.seliggroup.com\\\/fr\\\/#\\\/schema\\\/person\\\/e7b30b0f09d9837fcb675cbf121c4fbb\",\"name\":\"Amabel Ryan\",\"image\":{\"@type\":\"ImageObject\",\"inLanguage\":\"fr-FR\",\"@id\":\"https:\\\/\\\/secure.gravatar.com\\\/avatar\\\/7d52e3df607aef380a78d81ab14c17008cd9bd5b734b307bc1911e2175ab4de9?s=96&d=mm&r=g\",\"url\":\"https:\\\/\\\/secure.gravatar.com\\\/avatar\\\/7d52e3df607aef380a78d81ab14c17008cd9bd5b734b307bc1911e2175ab4de9?s=96&d=mm&r=g\",\"contentUrl\":\"https:\\\/\\\/secure.gravatar.com\\\/avatar\\\/7d52e3df607aef380a78d81ab14c17008cd9bd5b734b307bc1911e2175ab4de9?s=96&d=mm&r=g\",\"caption\":\"Amabel Ryan\"}}]}<\/script>\n<!-- \/ Yoast SEO plugin. -->","yoast_head_json":{"title":"Un programme de perte de poids pour les emballages en plastique - Selig Group","robots":{"index":"index","follow":"follow","max-snippet":"max-snippet:-1","max-image-preview":"max-image-preview:large","max-video-preview":"max-video-preview:-1"},"canonical":"https:\/\/www.seliggroup.com\/fr\/un-programme-de-perte-de-poids-pour-les-emballages-en-plastique\/","og_locale":"fr_FR","og_type":"article","og_title":"Un programme de perte de poids pour les emballages en plastique - Selig Group","og_description":"La pression exerc\u00e9e sur les entreprises pour qu\u2019elles r\u00e9duisent la quantit\u00e9 de plastique utilis\u00e9e est de plus en plus forte, ce qui conduit beaucoup d\u2019entre elles \u00e0 \u0153uvrer \u00e0 l\u2019all\u00e8gement de leurs emballages. Selig souligne les r\u00e9sultats obtenus lorsque l\u2019all\u00e8gement est coupl\u00e9 au thermosoudage par induction.","og_url":"https:\/\/www.seliggroup.com\/fr\/un-programme-de-perte-de-poids-pour-les-emballages-en-plastique\/","og_site_name":"Selig Group","article_published_time":"2020-12-09T17:29:00+00:00","article_modified_time":"2023-05-21T12:33:49+00:00","og_image":[{"width":350,"height":185,"url":"https:\/\/www.seliggroup.com\/wp-content\/uploads\/2022\/12\/weight-loss-for-plastic-packaging-1.png","type":"image\/png"}],"author":"Amabel Ryan","twitter_card":"summary_large_image","twitter_misc":{"\u00c9crit par":"Amabel Ryan"},"schema":{"@context":"https:\/\/schema.org","@graph":[{"@type":"Article","@id":"https:\/\/www.seliggroup.com\/fr\/un-programme-de-perte-de-poids-pour-les-emballages-en-plastique\/#article","isPartOf":{"@id":"https:\/\/www.seliggroup.com\/fr\/un-programme-de-perte-de-poids-pour-les-emballages-en-plastique\/"},"author":{"name":"Amabel Ryan","@id":"https:\/\/www.seliggroup.com\/fr\/#\/schema\/person\/e7b30b0f09d9837fcb675cbf121c4fbb"},"headline":"Un programme de perte de poids pour les emballages en plastique","datePublished":"2020-12-09T17:29:00+00:00","dateModified":"2023-05-21T12:33:49+00:00","mainEntityOfPage":{"@id":"https:\/\/www.seliggroup.com\/fr\/un-programme-de-perte-de-poids-pour-les-emballages-en-plastique\/"},"wordCount":65,"publisher":{"@id":"https:\/\/www.seliggroup.com\/fr\/#organization"},"image":{"@id":"https:\/\/www.seliggroup.com\/fr\/un-programme-de-perte-de-poids-pour-les-emballages-en-plastique\/#primaryimage"},"thumbnailUrl":"https:\/\/www.seliggroup.com\/wp-content\/uploads\/2022\/12\/weight-loss-for-plastic-packaging-1.png","keywords":["Boissons","Les produits alimentaires","Les produits chimiques et industriels","Les soins personnels","Sant\u00e9","Vins et spiritueux"],"articleSection":["Non classifi\u00e9(e)"],"inLanguage":"fr-FR"},{"@type":"WebPage","@id":"https:\/\/www.seliggroup.com\/fr\/un-programme-de-perte-de-poids-pour-les-emballages-en-plastique\/","url":"https:\/\/www.seliggroup.com\/fr\/un-programme-de-perte-de-poids-pour-les-emballages-en-plastique\/","name":"Un programme de perte de poids pour les emballages en plastique - Selig Group","isPartOf":{"@id":"https:\/\/www.seliggroup.com\/fr\/#website"},"primaryImageOfPage":{"@id":"https:\/\/www.seliggroup.com\/fr\/un-programme-de-perte-de-poids-pour-les-emballages-en-plastique\/#primaryimage"},"image":{"@id":"https:\/\/www.seliggroup.com\/fr\/un-programme-de-perte-de-poids-pour-les-emballages-en-plastique\/#primaryimage"},"thumbnailUrl":"https:\/\/www.seliggroup.com\/wp-content\/uploads\/2022\/12\/weight-loss-for-plastic-packaging-1.png","datePublished":"2020-12-09T17:29:00+00:00","dateModified":"2023-05-21T12:33:49+00:00","breadcrumb":{"@id":"https:\/\/www.seliggroup.com\/fr\/un-programme-de-perte-de-poids-pour-les-emballages-en-plastique\/#breadcrumb"},"inLanguage":"fr-FR","potentialAction":[{"@type":"ReadAction","target":["https:\/\/www.seliggroup.com\/fr\/un-programme-de-perte-de-poids-pour-les-emballages-en-plastique\/"]}]},{"@type":"ImageObject","inLanguage":"fr-FR","@id":"https:\/\/www.seliggroup.com\/fr\/un-programme-de-perte-de-poids-pour-les-emballages-en-plastique\/#primaryimage","url":"https:\/\/www.seliggroup.com\/wp-content\/uploads\/2022\/12\/weight-loss-for-plastic-packaging-1.png","contentUrl":"https:\/\/www.seliggroup.com\/wp-content\/uploads\/2022\/12\/weight-loss-for-plastic-packaging-1.png","width":350,"height":185},{"@type":"BreadcrumbList","@id":"https:\/\/www.seliggroup.com\/fr\/un-programme-de-perte-de-poids-pour-les-emballages-en-plastique\/#breadcrumb","itemListElement":[{"@type":"ListItem","position":1,"name":"Home","item":"https:\/\/www.seliggroup.com\/fr\/"},{"@type":"ListItem","position":2,"name":"Un programme de perte de poids pour les emballages en plastique"}]},{"@type":"WebSite","@id":"https:\/\/www.seliggroup.com\/fr\/#website","url":"https:\/\/www.seliggroup.com\/fr\/","name":"Selig Group","description":"Selig Group is a reliable and experienced partner in the global packaging industry, offering quality sealing, venting, flexible packaging, and protection.","publisher":{"@id":"https:\/\/www.seliggroup.com\/fr\/#organization"},"potentialAction":[{"@type":"SearchAction","target":{"@type":"EntryPoint","urlTemplate":"https:\/\/www.seliggroup.com\/fr\/?s={search_term_string}"},"query-input":{"@type":"PropertyValueSpecification","valueRequired":true,"valueName":"search_term_string"}}],"inLanguage":"fr-FR"},{"@type":"Organization","@id":"https:\/\/www.seliggroup.com\/fr\/#organization","name":"Selig Group","alternateName":"Selig","url":"https:\/\/www.seliggroup.com\/fr\/","logo":{"@type":"ImageObject","inLanguage":"fr-FR","@id":"https:\/\/www.seliggroup.com\/fr\/#\/schema\/logo\/image\/","url":"https:\/\/www.seliggroup.com\/wp-content\/uploads\/2022\/12\/SeligGroupLogo_CMYK.jpg","contentUrl":"https:\/\/www.seliggroup.com\/wp-content\/uploads\/2022\/12\/SeligGroupLogo_CMYK.jpg","width":720,"height":336,"caption":"Selig Group"},"image":{"@id":"https:\/\/www.seliggroup.com\/fr\/#\/schema\/logo\/image\/"}},{"@type":"Person","@id":"https:\/\/www.seliggroup.com\/fr\/#\/schema\/person\/e7b30b0f09d9837fcb675cbf121c4fbb","name":"Amabel Ryan","image":{"@type":"ImageObject","inLanguage":"fr-FR","@id":"https:\/\/secure.gravatar.com\/avatar\/7d52e3df607aef380a78d81ab14c17008cd9bd5b734b307bc1911e2175ab4de9?s=96&d=mm&r=g","url":"https:\/\/secure.gravatar.com\/avatar\/7d52e3df607aef380a78d81ab14c17008cd9bd5b734b307bc1911e2175ab4de9?s=96&d=mm&r=g","contentUrl":"https:\/\/secure.gravatar.com\/avatar\/7d52e3df607aef380a78d81ab14c17008cd9bd5b734b307bc1911e2175ab4de9?s=96&d=mm&r=g","caption":"Amabel Ryan"}}]}},"_links":{"self":[{"href":"https:\/\/www.seliggroup.com\/fr\/wp-json\/wp\/v2\/posts\/58521","targetHints":{"allow":["GET"]}}],"collection":[{"href":"https:\/\/www.seliggroup.com\/fr\/wp-json\/wp\/v2\/posts"}],"about":[{"href":"https:\/\/www.seliggroup.com\/fr\/wp-json\/wp\/v2\/types\/post"}],"author":[{"embeddable":true,"href":"https:\/\/www.seliggroup.com\/fr\/wp-json\/wp\/v2\/users\/3"}],"replies":[{"embeddable":true,"href":"https:\/\/www.seliggroup.com\/fr\/wp-json\/wp\/v2\/comments?post=58521"}],"version-history":[{"count":0,"href":"https:\/\/www.seliggroup.com\/fr\/wp-json\/wp\/v2\/posts\/58521\/revisions"}],"wp:featuredmedia":[{"embeddable":true,"href":"https:\/\/www.seliggroup.com\/fr\/wp-json\/wp\/v2\/media\/58522"}],"wp:attachment":[{"href":"https:\/\/www.seliggroup.com\/fr\/wp-json\/wp\/v2\/media?parent=58521"}],"wp:term":[{"taxonomy":"category","embeddable":true,"href":"https:\/\/www.seliggroup.com\/fr\/wp-json\/wp\/v2\/categories?post=58521"},{"taxonomy":"post_tag","embeddable":true,"href":"https:\/\/www.seliggroup.com\/fr\/wp-json\/wp\/v2\/tags?post=58521"}],"curies":[{"name":"wp","href":"https:\/\/api.w.org\/{rel}","templated":true}]}}