{"id":58545,"date":"2020-01-30T20:52:00","date_gmt":"2020-01-30T20:52:00","guid":{"rendered":"https:\/\/selig-group.com\/la-reaction-des-fabricants-face-a-la-demande-demballages-ecologiques-novateurs\/"},"modified":"2023-05-21T12:35:51","modified_gmt":"2023-05-21T12:35:51","slug":"la-reaction-des-fabricants-face-a-la-demande-demballages-ecologiques-novateurs","status":"publish","type":"post","link":"https:\/\/www.seliggroup.com\/fr\/la-reaction-des-fabricants-face-a-la-demande-demballages-ecologiques-novateurs\/","title":{"rendered":"La r\u00e9action des fabricants face \u00e0 la demande d\u2019emballages \u00e9cologiques novateurs"},"content":{"rendered":"\n<p>Lorsqu\u2019il s\u2019agit de pr\u00e9venir les fuites et de maintenir la fra\u00eecheur, les disques, les anas et les fermetures constituent des solutions populaires et param\u00e9trables. Mais comment les fabricants r\u00e9pondent-ils \u00e0 la demande d\u2019innovation \u00e9cologique ?<\/p>\n","protected":false},"excerpt":{"rendered":"<p>Lorsqu\u2019il s\u2019agit de pr\u00e9venir les fuites et de maintenir la fra\u00eecheur, les disques, les anas et les fermetures constituent des solutions populaires et param\u00e9trables. Mais comment les fabricants r\u00e9pondent-ils \u00e0 la demande d\u2019innovation \u00e9cologique ?<\/p>\n","protected":false},"author":3,"featured_media":58546,"comment_status":"closed","ping_status":"closed","sticky":false,"template":"","format":"standard","meta":{"_acf_changed":false,"inline_featured_image":false,"_monsterinsights_skip_tracking":false,"_monsterinsights_sitenote_active":false,"_monsterinsights_sitenote_note":"","_monsterinsights_sitenote_category":0,"footnotes":"","_links_to":"","_links_to_target":""},"categories":[1917,1684],"tags":[1723,1722,1725,1726,1727,1724],"class_list":["post-58545","post","type-post","status-publish","format-standard","has-post-thumbnail","hentry","category-actualites","category-non-classifiee","tag-boissons","tag-les-produits-alimentaires","tag-les-produits-chimiques-et-industriels","tag-les-soins-personnels","tag-sante","tag-vins-et-spiritueux"],"acf":[],"yoast_head":"<!-- This site is optimized with the Yoast SEO plugin v27.4 - https:\/\/yoast.com\/product\/yoast-seo-wordpress\/ -->\n<title>La r\u00e9action des fabricants face \u00e0 la demande d\u2019emballages \u00e9cologiques novateurs - Selig Group<\/title>\n<meta name=\"robots\" content=\"index, follow, max-snippet:-1, max-image-preview:large, max-video-preview:-1\" \/>\n<link rel=\"canonical\" href=\"https:\/\/www.seliggroup.com\/fr\/la-reaction-des-fabricants-face-a-la-demande-demballages-ecologiques-novateurs\/\" \/>\n<meta property=\"og:locale\" content=\"fr_FR\" \/>\n<meta property=\"og:type\" content=\"article\" \/>\n<meta property=\"og:title\" content=\"La r\u00e9action des fabricants face \u00e0 la demande d\u2019emballages \u00e9cologiques novateurs - Selig Group\" \/>\n<meta property=\"og:description\" content=\"Lorsqu\u2019il s\u2019agit de pr\u00e9venir les fuites et de maintenir la fra\u00eecheur, les disques, les anas et les fermetures constituent des solutions populaires et param\u00e9trables. Mais comment les fabricants r\u00e9pondent-ils \u00e0 la demande d\u2019innovation \u00e9cologique ?\" \/>\n<meta property=\"og:url\" content=\"https:\/\/www.seliggroup.com\/fr\/la-reaction-des-fabricants-face-a-la-demande-demballages-ecologiques-novateurs\/\" \/>\n<meta property=\"og:site_name\" content=\"Selig Group\" \/>\n<meta property=\"article:published_time\" content=\"2020-01-30T20:52:00+00:00\" \/>\n<meta property=\"article:modified_time\" content=\"2023-05-21T12:35:51+00:00\" \/>\n<meta property=\"og:image\" content=\"https:\/\/www.seliggroup.com\/wp-content\/uploads\/2022\/12\/manufacturers-respond-demand-ecopackaging-1.jpeg\" \/>\n\t<meta property=\"og:image:width\" content=\"266\" \/>\n\t<meta property=\"og:image:height\" content=\"113\" \/>\n\t<meta property=\"og:image:type\" content=\"image\/jpeg\" \/>\n<meta name=\"author\" content=\"Amabel Ryan\" \/>\n<meta name=\"twitter:card\" content=\"summary_large_image\" \/>\n<meta name=\"twitter:label1\" content=\"\u00c9crit par\" \/>\n\t<meta name=\"twitter:data1\" content=\"Amabel Ryan\" \/>\n<script type=\"application\/ld+json\" class=\"yoast-schema-graph\">{\"@context\":\"https:\\\/\\\/schema.org\",\"@graph\":[{\"@type\":\"Article\",\"@id\":\"https:\\\/\\\/www.seliggroup.com\\\/fr\\\/la-reaction-des-fabricants-face-a-la-demande-demballages-ecologiques-novateurs\\\/#article\",\"isPartOf\":{\"@id\":\"https:\\\/\\\/www.seliggroup.com\\\/fr\\\/la-reaction-des-fabricants-face-a-la-demande-demballages-ecologiques-novateurs\\\/\"},\"author\":{\"name\":\"Amabel Ryan\",\"@id\":\"https:\\\/\\\/www.seliggroup.com\\\/fr\\\/#\\\/schema\\\/person\\\/e7b30b0f09d9837fcb675cbf121c4fbb\"},\"headline\":\"La r\u00e9action des fabricants face \u00e0 la demande d\u2019emballages \u00e9cologiques novateurs\",\"datePublished\":\"2020-01-30T20:52:00+00:00\",\"dateModified\":\"2023-05-21T12:35:51+00:00\",\"mainEntityOfPage\":{\"@id\":\"https:\\\/\\\/www.seliggroup.com\\\/fr\\\/la-reaction-des-fabricants-face-a-la-demande-demballages-ecologiques-novateurs\\\/\"},\"wordCount\":52,\"publisher\":{\"@id\":\"https:\\\/\\\/www.seliggroup.com\\\/fr\\\/#organization\"},\"image\":{\"@id\":\"https:\\\/\\\/www.seliggroup.com\\\/fr\\\/la-reaction-des-fabricants-face-a-la-demande-demballages-ecologiques-novateurs\\\/#primaryimage\"},\"thumbnailUrl\":\"https:\\\/\\\/www.seliggroup.com\\\/wp-content\\\/uploads\\\/2022\\\/12\\\/manufacturers-respond-demand-ecopackaging-1.jpeg\",\"keywords\":[\"Boissons\",\"Les produits alimentaires\",\"Les produits chimiques et industriels\",\"Les soins personnels\",\"Sant\u00e9\",\"Vins et spiritueux\"],\"articleSection\":[\"Actualit\u00e9s\",\"Non classifi\u00e9(e)\"],\"inLanguage\":\"fr-FR\"},{\"@type\":\"WebPage\",\"@id\":\"https:\\\/\\\/www.seliggroup.com\\\/fr\\\/la-reaction-des-fabricants-face-a-la-demande-demballages-ecologiques-novateurs\\\/\",\"url\":\"https:\\\/\\\/www.seliggroup.com\\\/fr\\\/la-reaction-des-fabricants-face-a-la-demande-demballages-ecologiques-novateurs\\\/\",\"name\":\"La r\u00e9action des fabricants face \u00e0 la demande d\u2019emballages \u00e9cologiques novateurs - Selig Group\",\"isPartOf\":{\"@id\":\"https:\\\/\\\/www.seliggroup.com\\\/fr\\\/#website\"},\"primaryImageOfPage\":{\"@id\":\"https:\\\/\\\/www.seliggroup.com\\\/fr\\\/la-reaction-des-fabricants-face-a-la-demande-demballages-ecologiques-novateurs\\\/#primaryimage\"},\"image\":{\"@id\":\"https:\\\/\\\/www.seliggroup.com\\\/fr\\\/la-reaction-des-fabricants-face-a-la-demande-demballages-ecologiques-novateurs\\\/#primaryimage\"},\"thumbnailUrl\":\"https:\\\/\\\/www.seliggroup.com\\\/wp-content\\\/uploads\\\/2022\\\/12\\\/manufacturers-respond-demand-ecopackaging-1.jpeg\",\"datePublished\":\"2020-01-30T20:52:00+00:00\",\"dateModified\":\"2023-05-21T12:35:51+00:00\",\"breadcrumb\":{\"@id\":\"https:\\\/\\\/www.seliggroup.com\\\/fr\\\/la-reaction-des-fabricants-face-a-la-demande-demballages-ecologiques-novateurs\\\/#breadcrumb\"},\"inLanguage\":\"fr-FR\",\"potentialAction\":[{\"@type\":\"ReadAction\",\"target\":[\"https:\\\/\\\/www.seliggroup.com\\\/fr\\\/la-reaction-des-fabricants-face-a-la-demande-demballages-ecologiques-novateurs\\\/\"]}]},{\"@type\":\"ImageObject\",\"inLanguage\":\"fr-FR\",\"@id\":\"https:\\\/\\\/www.seliggroup.com\\\/fr\\\/la-reaction-des-fabricants-face-a-la-demande-demballages-ecologiques-novateurs\\\/#primaryimage\",\"url\":\"https:\\\/\\\/www.seliggroup.com\\\/wp-content\\\/uploads\\\/2022\\\/12\\\/manufacturers-respond-demand-ecopackaging-1.jpeg\",\"contentUrl\":\"https:\\\/\\\/www.seliggroup.com\\\/wp-content\\\/uploads\\\/2022\\\/12\\\/manufacturers-respond-demand-ecopackaging-1.jpeg\",\"width\":266,\"height\":113},{\"@type\":\"BreadcrumbList\",\"@id\":\"https:\\\/\\\/www.seliggroup.com\\\/fr\\\/la-reaction-des-fabricants-face-a-la-demande-demballages-ecologiques-novateurs\\\/#breadcrumb\",\"itemListElement\":[{\"@type\":\"ListItem\",\"position\":1,\"name\":\"Home\",\"item\":\"https:\\\/\\\/www.seliggroup.com\\\/fr\\\/\"},{\"@type\":\"ListItem\",\"position\":2,\"name\":\"La r\u00e9action des fabricants face \u00e0 la demande d\u2019emballages \u00e9cologiques novateurs\"}]},{\"@type\":\"WebSite\",\"@id\":\"https:\\\/\\\/www.seliggroup.com\\\/fr\\\/#website\",\"url\":\"https:\\\/\\\/www.seliggroup.com\\\/fr\\\/\",\"name\":\"Selig Group\",\"description\":\"Selig Group is a reliable and experienced partner in the global packaging industry, offering quality sealing, venting, flexible packaging, and protection.\",\"publisher\":{\"@id\":\"https:\\\/\\\/www.seliggroup.com\\\/fr\\\/#organization\"},\"potentialAction\":[{\"@type\":\"SearchAction\",\"target\":{\"@type\":\"EntryPoint\",\"urlTemplate\":\"https:\\\/\\\/www.seliggroup.com\\\/fr\\\/?s={search_term_string}\"},\"query-input\":{\"@type\":\"PropertyValueSpecification\",\"valueRequired\":true,\"valueName\":\"search_term_string\"}}],\"inLanguage\":\"fr-FR\"},{\"@type\":\"Organization\",\"@id\":\"https:\\\/\\\/www.seliggroup.com\\\/fr\\\/#organization\",\"name\":\"Selig Group\",\"alternateName\":\"Selig\",\"url\":\"https:\\\/\\\/www.seliggroup.com\\\/fr\\\/\",\"logo\":{\"@type\":\"ImageObject\",\"inLanguage\":\"fr-FR\",\"@id\":\"https:\\\/\\\/www.seliggroup.com\\\/fr\\\/#\\\/schema\\\/logo\\\/image\\\/\",\"url\":\"https:\\\/\\\/www.seliggroup.com\\\/wp-content\\\/uploads\\\/2022\\\/12\\\/SeligGroupLogo_CMYK.jpg\",\"contentUrl\":\"https:\\\/\\\/www.seliggroup.com\\\/wp-content\\\/uploads\\\/2022\\\/12\\\/SeligGroupLogo_CMYK.jpg\",\"width\":720,\"height\":336,\"caption\":\"Selig Group\"},\"image\":{\"@id\":\"https:\\\/\\\/www.seliggroup.com\\\/fr\\\/#\\\/schema\\\/logo\\\/image\\\/\"}},{\"@type\":\"Person\",\"@id\":\"https:\\\/\\\/www.seliggroup.com\\\/fr\\\/#\\\/schema\\\/person\\\/e7b30b0f09d9837fcb675cbf121c4fbb\",\"name\":\"Amabel Ryan\",\"image\":{\"@type\":\"ImageObject\",\"inLanguage\":\"fr-FR\",\"@id\":\"https:\\\/\\\/secure.gravatar.com\\\/avatar\\\/7d52e3df607aef380a78d81ab14c17008cd9bd5b734b307bc1911e2175ab4de9?s=96&d=mm&r=g\",\"url\":\"https:\\\/\\\/secure.gravatar.com\\\/avatar\\\/7d52e3df607aef380a78d81ab14c17008cd9bd5b734b307bc1911e2175ab4de9?s=96&d=mm&r=g\",\"contentUrl\":\"https:\\\/\\\/secure.gravatar.com\\\/avatar\\\/7d52e3df607aef380a78d81ab14c17008cd9bd5b734b307bc1911e2175ab4de9?s=96&d=mm&r=g\",\"caption\":\"Amabel Ryan\"}}]}<\/script>\n<!-- \/ Yoast SEO plugin. -->","yoast_head_json":{"title":"La r\u00e9action des fabricants face \u00e0 la demande d\u2019emballages \u00e9cologiques novateurs - Selig Group","robots":{"index":"index","follow":"follow","max-snippet":"max-snippet:-1","max-image-preview":"max-image-preview:large","max-video-preview":"max-video-preview:-1"},"canonical":"https:\/\/www.seliggroup.com\/fr\/la-reaction-des-fabricants-face-a-la-demande-demballages-ecologiques-novateurs\/","og_locale":"fr_FR","og_type":"article","og_title":"La r\u00e9action des fabricants face \u00e0 la demande d\u2019emballages \u00e9cologiques novateurs - Selig Group","og_description":"Lorsqu\u2019il s\u2019agit de pr\u00e9venir les fuites et de maintenir la fra\u00eecheur, les disques, les anas et les fermetures constituent des solutions populaires et param\u00e9trables. Mais comment les fabricants r\u00e9pondent-ils \u00e0 la demande d\u2019innovation \u00e9cologique ?","og_url":"https:\/\/www.seliggroup.com\/fr\/la-reaction-des-fabricants-face-a-la-demande-demballages-ecologiques-novateurs\/","og_site_name":"Selig Group","article_published_time":"2020-01-30T20:52:00+00:00","article_modified_time":"2023-05-21T12:35:51+00:00","og_image":[{"width":266,"height":113,"url":"https:\/\/www.seliggroup.com\/wp-content\/uploads\/2022\/12\/manufacturers-respond-demand-ecopackaging-1.jpeg","type":"image\/jpeg"}],"author":"Amabel Ryan","twitter_card":"summary_large_image","twitter_misc":{"\u00c9crit par":"Amabel Ryan"},"schema":{"@context":"https:\/\/schema.org","@graph":[{"@type":"Article","@id":"https:\/\/www.seliggroup.com\/fr\/la-reaction-des-fabricants-face-a-la-demande-demballages-ecologiques-novateurs\/#article","isPartOf":{"@id":"https:\/\/www.seliggroup.com\/fr\/la-reaction-des-fabricants-face-a-la-demande-demballages-ecologiques-novateurs\/"},"author":{"name":"Amabel Ryan","@id":"https:\/\/www.seliggroup.com\/fr\/#\/schema\/person\/e7b30b0f09d9837fcb675cbf121c4fbb"},"headline":"La r\u00e9action des fabricants face \u00e0 la demande d\u2019emballages \u00e9cologiques novateurs","datePublished":"2020-01-30T20:52:00+00:00","dateModified":"2023-05-21T12:35:51+00:00","mainEntityOfPage":{"@id":"https:\/\/www.seliggroup.com\/fr\/la-reaction-des-fabricants-face-a-la-demande-demballages-ecologiques-novateurs\/"},"wordCount":52,"publisher":{"@id":"https:\/\/www.seliggroup.com\/fr\/#organization"},"image":{"@id":"https:\/\/www.seliggroup.com\/fr\/la-reaction-des-fabricants-face-a-la-demande-demballages-ecologiques-novateurs\/#primaryimage"},"thumbnailUrl":"https:\/\/www.seliggroup.com\/wp-content\/uploads\/2022\/12\/manufacturers-respond-demand-ecopackaging-1.jpeg","keywords":["Boissons","Les produits alimentaires","Les produits chimiques et industriels","Les soins personnels","Sant\u00e9","Vins et spiritueux"],"articleSection":["Actualit\u00e9s","Non classifi\u00e9(e)"],"inLanguage":"fr-FR"},{"@type":"WebPage","@id":"https:\/\/www.seliggroup.com\/fr\/la-reaction-des-fabricants-face-a-la-demande-demballages-ecologiques-novateurs\/","url":"https:\/\/www.seliggroup.com\/fr\/la-reaction-des-fabricants-face-a-la-demande-demballages-ecologiques-novateurs\/","name":"La r\u00e9action des fabricants face \u00e0 la demande d\u2019emballages \u00e9cologiques novateurs - Selig Group","isPartOf":{"@id":"https:\/\/www.seliggroup.com\/fr\/#website"},"primaryImageOfPage":{"@id":"https:\/\/www.seliggroup.com\/fr\/la-reaction-des-fabricants-face-a-la-demande-demballages-ecologiques-novateurs\/#primaryimage"},"image":{"@id":"https:\/\/www.seliggroup.com\/fr\/la-reaction-des-fabricants-face-a-la-demande-demballages-ecologiques-novateurs\/#primaryimage"},"thumbnailUrl":"https:\/\/www.seliggroup.com\/wp-content\/uploads\/2022\/12\/manufacturers-respond-demand-ecopackaging-1.jpeg","datePublished":"2020-01-30T20:52:00+00:00","dateModified":"2023-05-21T12:35:51+00:00","breadcrumb":{"@id":"https:\/\/www.seliggroup.com\/fr\/la-reaction-des-fabricants-face-a-la-demande-demballages-ecologiques-novateurs\/#breadcrumb"},"inLanguage":"fr-FR","potentialAction":[{"@type":"ReadAction","target":["https:\/\/www.seliggroup.com\/fr\/la-reaction-des-fabricants-face-a-la-demande-demballages-ecologiques-novateurs\/"]}]},{"@type":"ImageObject","inLanguage":"fr-FR","@id":"https:\/\/www.seliggroup.com\/fr\/la-reaction-des-fabricants-face-a-la-demande-demballages-ecologiques-novateurs\/#primaryimage","url":"https:\/\/www.seliggroup.com\/wp-content\/uploads\/2022\/12\/manufacturers-respond-demand-ecopackaging-1.jpeg","contentUrl":"https:\/\/www.seliggroup.com\/wp-content\/uploads\/2022\/12\/manufacturers-respond-demand-ecopackaging-1.jpeg","width":266,"height":113},{"@type":"BreadcrumbList","@id":"https:\/\/www.seliggroup.com\/fr\/la-reaction-des-fabricants-face-a-la-demande-demballages-ecologiques-novateurs\/#breadcrumb","itemListElement":[{"@type":"ListItem","position":1,"name":"Home","item":"https:\/\/www.seliggroup.com\/fr\/"},{"@type":"ListItem","position":2,"name":"La r\u00e9action des fabricants face \u00e0 la demande d\u2019emballages \u00e9cologiques novateurs"}]},{"@type":"WebSite","@id":"https:\/\/www.seliggroup.com\/fr\/#website","url":"https:\/\/www.seliggroup.com\/fr\/","name":"Selig Group","description":"Selig Group is a reliable and experienced partner in the global packaging industry, offering quality sealing, venting, flexible packaging, and protection.","publisher":{"@id":"https:\/\/www.seliggroup.com\/fr\/#organization"},"potentialAction":[{"@type":"SearchAction","target":{"@type":"EntryPoint","urlTemplate":"https:\/\/www.seliggroup.com\/fr\/?s={search_term_string}"},"query-input":{"@type":"PropertyValueSpecification","valueRequired":true,"valueName":"search_term_string"}}],"inLanguage":"fr-FR"},{"@type":"Organization","@id":"https:\/\/www.seliggroup.com\/fr\/#organization","name":"Selig Group","alternateName":"Selig","url":"https:\/\/www.seliggroup.com\/fr\/","logo":{"@type":"ImageObject","inLanguage":"fr-FR","@id":"https:\/\/www.seliggroup.com\/fr\/#\/schema\/logo\/image\/","url":"https:\/\/www.seliggroup.com\/wp-content\/uploads\/2022\/12\/SeligGroupLogo_CMYK.jpg","contentUrl":"https:\/\/www.seliggroup.com\/wp-content\/uploads\/2022\/12\/SeligGroupLogo_CMYK.jpg","width":720,"height":336,"caption":"Selig Group"},"image":{"@id":"https:\/\/www.seliggroup.com\/fr\/#\/schema\/logo\/image\/"}},{"@type":"Person","@id":"https:\/\/www.seliggroup.com\/fr\/#\/schema\/person\/e7b30b0f09d9837fcb675cbf121c4fbb","name":"Amabel Ryan","image":{"@type":"ImageObject","inLanguage":"fr-FR","@id":"https:\/\/secure.gravatar.com\/avatar\/7d52e3df607aef380a78d81ab14c17008cd9bd5b734b307bc1911e2175ab4de9?s=96&d=mm&r=g","url":"https:\/\/secure.gravatar.com\/avatar\/7d52e3df607aef380a78d81ab14c17008cd9bd5b734b307bc1911e2175ab4de9?s=96&d=mm&r=g","contentUrl":"https:\/\/secure.gravatar.com\/avatar\/7d52e3df607aef380a78d81ab14c17008cd9bd5b734b307bc1911e2175ab4de9?s=96&d=mm&r=g","caption":"Amabel Ryan"}}]}},"_links":{"self":[{"href":"https:\/\/www.seliggroup.com\/fr\/wp-json\/wp\/v2\/posts\/58545","targetHints":{"allow":["GET"]}}],"collection":[{"href":"https:\/\/www.seliggroup.com\/fr\/wp-json\/wp\/v2\/posts"}],"about":[{"href":"https:\/\/www.seliggroup.com\/fr\/wp-json\/wp\/v2\/types\/post"}],"author":[{"embeddable":true,"href":"https:\/\/www.seliggroup.com\/fr\/wp-json\/wp\/v2\/users\/3"}],"replies":[{"embeddable":true,"href":"https:\/\/www.seliggroup.com\/fr\/wp-json\/wp\/v2\/comments?post=58545"}],"version-history":[{"count":0,"href":"https:\/\/www.seliggroup.com\/fr\/wp-json\/wp\/v2\/posts\/58545\/revisions"}],"wp:featuredmedia":[{"embeddable":true,"href":"https:\/\/www.seliggroup.com\/fr\/wp-json\/wp\/v2\/media\/58546"}],"wp:attachment":[{"href":"https:\/\/www.seliggroup.com\/fr\/wp-json\/wp\/v2\/media?parent=58545"}],"wp:term":[{"taxonomy":"category","embeddable":true,"href":"https:\/\/www.seliggroup.com\/fr\/wp-json\/wp\/v2\/categories?post=58545"},{"taxonomy":"post_tag","embeddable":true,"href":"https:\/\/www.seliggroup.com\/fr\/wp-json\/wp\/v2\/tags?post=58545"}],"curies":[{"name":"wp","href":"https:\/\/api.w.org\/{rel}","templated":true}]}}