{"id":58640,"date":"2019-04-04T18:34:00","date_gmt":"2019-04-04T18:34:00","guid":{"rendered":"https:\/\/selig-group.com\/les-defis-en-matiere-demballage-que-pose-le-vieillissement-de-la-population\/"},"modified":"2023-05-22T13:15:35","modified_gmt":"2023-05-22T13:15:35","slug":"les-defis-en-matiere-demballage-que-pose-le-vieillissement-de-la-population","status":"publish","type":"post","link":"https:\/\/www.seliggroup.com\/fr\/les-defis-en-matiere-demballage-que-pose-le-vieillissement-de-la-population\/","title":{"rendered":"Les d\u00e9fis en mati\u00e8re d\u2019emballage que pose le vieillissement de la population"},"content":{"rendered":"\n<p>Le d\u00e9fi auquel l\u2019industrie est confront\u00e9e consiste \u00e0 cr\u00e9er des emballages s\u00fbrs et inviolables, mais \u00e9galement faciles \u00e0 ouvrir pour les consommateurs \u00e2g\u00e9s et ceux qui souffrent de probl\u00e8mes de dext\u00e9rit\u00e9 ou de mobilit\u00e9.<\/p>\n","protected":false},"excerpt":{"rendered":"<p>Le d\u00e9fi auquel l\u2019industrie est confront\u00e9e consiste \u00e0 cr\u00e9er des emballages s\u00fbrs et inviolables, mais \u00e9galement faciles \u00e0 ouvrir pour les consommateurs \u00e2g\u00e9s et ceux qui souffrent de probl\u00e8mes de dext\u00e9rit\u00e9 ou de mobilit\u00e9.<\/p>\n","protected":false},"author":3,"featured_media":58641,"comment_status":"closed","ping_status":"closed","sticky":false,"template":"","format":"standard","meta":{"_acf_changed":false,"inline_featured_image":false,"_monsterinsights_skip_tracking":false,"_monsterinsights_sitenote_active":false,"_monsterinsights_sitenote_note":"","_monsterinsights_sitenote_category":0,"footnotes":"","_links_to":"","_links_to_target":""},"categories":[1684],"tags":[1723,1722,1725,1726,1727,1724],"class_list":["post-58640","post","type-post","status-publish","format-standard","has-post-thumbnail","hentry","category-non-classifiee","tag-boissons","tag-les-produits-alimentaires","tag-les-produits-chimiques-et-industriels","tag-les-soins-personnels","tag-sante","tag-vins-et-spiritueux"],"acf":[],"yoast_head":"<!-- This site is optimized with the Yoast SEO plugin v27.4 - https:\/\/yoast.com\/product\/yoast-seo-wordpress\/ -->\n<title>Les d\u00e9fis en mati\u00e8re d\u2019emballage que pose le vieillissement de la population - Selig Group<\/title>\n<meta name=\"robots\" content=\"index, follow, max-snippet:-1, max-image-preview:large, max-video-preview:-1\" \/>\n<link rel=\"canonical\" href=\"https:\/\/www.seliggroup.com\/fr\/les-defis-en-matiere-demballage-que-pose-le-vieillissement-de-la-population\/\" \/>\n<meta property=\"og:locale\" content=\"fr_FR\" \/>\n<meta property=\"og:type\" content=\"article\" \/>\n<meta property=\"og:title\" content=\"Les d\u00e9fis en mati\u00e8re d\u2019emballage que pose le vieillissement de la population - Selig Group\" \/>\n<meta property=\"og:description\" content=\"Le d\u00e9fi auquel l\u2019industrie est confront\u00e9e consiste \u00e0 cr\u00e9er des emballages s\u00fbrs et inviolables, mais \u00e9galement faciles \u00e0 ouvrir pour les consommateurs \u00e2g\u00e9s et ceux qui souffrent de probl\u00e8mes de dext\u00e9rit\u00e9 ou de mobilit\u00e9.\" \/>\n<meta property=\"og:url\" content=\"https:\/\/www.seliggroup.com\/fr\/les-defis-en-matiere-demballage-que-pose-le-vieillissement-de-la-population\/\" \/>\n<meta property=\"og:site_name\" content=\"Selig Group\" \/>\n<meta property=\"article:published_time\" content=\"2019-04-04T18:34:00+00:00\" \/>\n<meta property=\"article:modified_time\" content=\"2023-05-22T13:15:35+00:00\" \/>\n<meta property=\"og:image\" content=\"https:\/\/www.seliggroup.com\/wp-content\/uploads\/2022\/12\/packaging-challenges-ageing-population-1.jpeg\" \/>\n\t<meta property=\"og:image:width\" content=\"266\" \/>\n\t<meta property=\"og:image:height\" content=\"113\" \/>\n\t<meta property=\"og:image:type\" content=\"image\/jpeg\" \/>\n<meta name=\"author\" content=\"Amabel Ryan\" \/>\n<meta name=\"twitter:card\" content=\"summary_large_image\" \/>\n<meta name=\"twitter:label1\" content=\"\u00c9crit par\" \/>\n\t<meta name=\"twitter:data1\" content=\"Amabel Ryan\" \/>\n<script type=\"application\/ld+json\" class=\"yoast-schema-graph\">{\"@context\":\"https:\\\/\\\/schema.org\",\"@graph\":[{\"@type\":\"Article\",\"@id\":\"https:\\\/\\\/www.seliggroup.com\\\/fr\\\/les-defis-en-matiere-demballage-que-pose-le-vieillissement-de-la-population\\\/#article\",\"isPartOf\":{\"@id\":\"https:\\\/\\\/www.seliggroup.com\\\/fr\\\/les-defis-en-matiere-demballage-que-pose-le-vieillissement-de-la-population\\\/\"},\"author\":{\"name\":\"Amabel Ryan\",\"@id\":\"https:\\\/\\\/www.seliggroup.com\\\/fr\\\/#\\\/schema\\\/person\\\/e7b30b0f09d9837fcb675cbf121c4fbb\"},\"headline\":\"Les d\u00e9fis en mati\u00e8re d\u2019emballage que pose le vieillissement de la population\",\"datePublished\":\"2019-04-04T18:34:00+00:00\",\"dateModified\":\"2023-05-22T13:15:35+00:00\",\"mainEntityOfPage\":{\"@id\":\"https:\\\/\\\/www.seliggroup.com\\\/fr\\\/les-defis-en-matiere-demballage-que-pose-le-vieillissement-de-la-population\\\/\"},\"wordCount\":55,\"publisher\":{\"@id\":\"https:\\\/\\\/www.seliggroup.com\\\/fr\\\/#organization\"},\"image\":{\"@id\":\"https:\\\/\\\/www.seliggroup.com\\\/fr\\\/les-defis-en-matiere-demballage-que-pose-le-vieillissement-de-la-population\\\/#primaryimage\"},\"thumbnailUrl\":\"https:\\\/\\\/www.seliggroup.com\\\/wp-content\\\/uploads\\\/2022\\\/12\\\/packaging-challenges-ageing-population-1.jpeg\",\"keywords\":[\"Boissons\",\"Les produits alimentaires\",\"Les produits chimiques et industriels\",\"Les soins personnels\",\"Sant\u00e9\",\"Vins et spiritueux\"],\"articleSection\":[\"Non classifi\u00e9(e)\"],\"inLanguage\":\"fr-FR\"},{\"@type\":\"WebPage\",\"@id\":\"https:\\\/\\\/www.seliggroup.com\\\/fr\\\/les-defis-en-matiere-demballage-que-pose-le-vieillissement-de-la-population\\\/\",\"url\":\"https:\\\/\\\/www.seliggroup.com\\\/fr\\\/les-defis-en-matiere-demballage-que-pose-le-vieillissement-de-la-population\\\/\",\"name\":\"Les d\u00e9fis en mati\u00e8re d\u2019emballage que pose le vieillissement de la population - Selig Group\",\"isPartOf\":{\"@id\":\"https:\\\/\\\/www.seliggroup.com\\\/fr\\\/#website\"},\"primaryImageOfPage\":{\"@id\":\"https:\\\/\\\/www.seliggroup.com\\\/fr\\\/les-defis-en-matiere-demballage-que-pose-le-vieillissement-de-la-population\\\/#primaryimage\"},\"image\":{\"@id\":\"https:\\\/\\\/www.seliggroup.com\\\/fr\\\/les-defis-en-matiere-demballage-que-pose-le-vieillissement-de-la-population\\\/#primaryimage\"},\"thumbnailUrl\":\"https:\\\/\\\/www.seliggroup.com\\\/wp-content\\\/uploads\\\/2022\\\/12\\\/packaging-challenges-ageing-population-1.jpeg\",\"datePublished\":\"2019-04-04T18:34:00+00:00\",\"dateModified\":\"2023-05-22T13:15:35+00:00\",\"breadcrumb\":{\"@id\":\"https:\\\/\\\/www.seliggroup.com\\\/fr\\\/les-defis-en-matiere-demballage-que-pose-le-vieillissement-de-la-population\\\/#breadcrumb\"},\"inLanguage\":\"fr-FR\",\"potentialAction\":[{\"@type\":\"ReadAction\",\"target\":[\"https:\\\/\\\/www.seliggroup.com\\\/fr\\\/les-defis-en-matiere-demballage-que-pose-le-vieillissement-de-la-population\\\/\"]}]},{\"@type\":\"ImageObject\",\"inLanguage\":\"fr-FR\",\"@id\":\"https:\\\/\\\/www.seliggroup.com\\\/fr\\\/les-defis-en-matiere-demballage-que-pose-le-vieillissement-de-la-population\\\/#primaryimage\",\"url\":\"https:\\\/\\\/www.seliggroup.com\\\/wp-content\\\/uploads\\\/2022\\\/12\\\/packaging-challenges-ageing-population-1.jpeg\",\"contentUrl\":\"https:\\\/\\\/www.seliggroup.com\\\/wp-content\\\/uploads\\\/2022\\\/12\\\/packaging-challenges-ageing-population-1.jpeg\",\"width\":266,\"height\":113},{\"@type\":\"BreadcrumbList\",\"@id\":\"https:\\\/\\\/www.seliggroup.com\\\/fr\\\/les-defis-en-matiere-demballage-que-pose-le-vieillissement-de-la-population\\\/#breadcrumb\",\"itemListElement\":[{\"@type\":\"ListItem\",\"position\":1,\"name\":\"Home\",\"item\":\"https:\\\/\\\/www.seliggroup.com\\\/fr\\\/\"},{\"@type\":\"ListItem\",\"position\":2,\"name\":\"Les d\u00e9fis en mati\u00e8re d\u2019emballage que pose le vieillissement de la population\"}]},{\"@type\":\"WebSite\",\"@id\":\"https:\\\/\\\/www.seliggroup.com\\\/fr\\\/#website\",\"url\":\"https:\\\/\\\/www.seliggroup.com\\\/fr\\\/\",\"name\":\"Selig Group\",\"description\":\"Selig Group is a reliable and experienced partner in the global packaging industry, offering quality sealing, venting, flexible packaging, and protection.\",\"publisher\":{\"@id\":\"https:\\\/\\\/www.seliggroup.com\\\/fr\\\/#organization\"},\"potentialAction\":[{\"@type\":\"SearchAction\",\"target\":{\"@type\":\"EntryPoint\",\"urlTemplate\":\"https:\\\/\\\/www.seliggroup.com\\\/fr\\\/?s={search_term_string}\"},\"query-input\":{\"@type\":\"PropertyValueSpecification\",\"valueRequired\":true,\"valueName\":\"search_term_string\"}}],\"inLanguage\":\"fr-FR\"},{\"@type\":\"Organization\",\"@id\":\"https:\\\/\\\/www.seliggroup.com\\\/fr\\\/#organization\",\"name\":\"Selig Group\",\"alternateName\":\"Selig\",\"url\":\"https:\\\/\\\/www.seliggroup.com\\\/fr\\\/\",\"logo\":{\"@type\":\"ImageObject\",\"inLanguage\":\"fr-FR\",\"@id\":\"https:\\\/\\\/www.seliggroup.com\\\/fr\\\/#\\\/schema\\\/logo\\\/image\\\/\",\"url\":\"https:\\\/\\\/www.seliggroup.com\\\/wp-content\\\/uploads\\\/2022\\\/12\\\/SeligGroupLogo_CMYK.jpg\",\"contentUrl\":\"https:\\\/\\\/www.seliggroup.com\\\/wp-content\\\/uploads\\\/2022\\\/12\\\/SeligGroupLogo_CMYK.jpg\",\"width\":720,\"height\":336,\"caption\":\"Selig Group\"},\"image\":{\"@id\":\"https:\\\/\\\/www.seliggroup.com\\\/fr\\\/#\\\/schema\\\/logo\\\/image\\\/\"}},{\"@type\":\"Person\",\"@id\":\"https:\\\/\\\/www.seliggroup.com\\\/fr\\\/#\\\/schema\\\/person\\\/e7b30b0f09d9837fcb675cbf121c4fbb\",\"name\":\"Amabel Ryan\",\"image\":{\"@type\":\"ImageObject\",\"inLanguage\":\"fr-FR\",\"@id\":\"https:\\\/\\\/secure.gravatar.com\\\/avatar\\\/7d52e3df607aef380a78d81ab14c17008cd9bd5b734b307bc1911e2175ab4de9?s=96&d=mm&r=g\",\"url\":\"https:\\\/\\\/secure.gravatar.com\\\/avatar\\\/7d52e3df607aef380a78d81ab14c17008cd9bd5b734b307bc1911e2175ab4de9?s=96&d=mm&r=g\",\"contentUrl\":\"https:\\\/\\\/secure.gravatar.com\\\/avatar\\\/7d52e3df607aef380a78d81ab14c17008cd9bd5b734b307bc1911e2175ab4de9?s=96&d=mm&r=g\",\"caption\":\"Amabel Ryan\"}}]}<\/script>\n<!-- \/ Yoast SEO plugin. -->","yoast_head_json":{"title":"Les d\u00e9fis en mati\u00e8re d\u2019emballage que pose le vieillissement de la population - Selig Group","robots":{"index":"index","follow":"follow","max-snippet":"max-snippet:-1","max-image-preview":"max-image-preview:large","max-video-preview":"max-video-preview:-1"},"canonical":"https:\/\/www.seliggroup.com\/fr\/les-defis-en-matiere-demballage-que-pose-le-vieillissement-de-la-population\/","og_locale":"fr_FR","og_type":"article","og_title":"Les d\u00e9fis en mati\u00e8re d\u2019emballage que pose le vieillissement de la population - Selig Group","og_description":"Le d\u00e9fi auquel l\u2019industrie est confront\u00e9e consiste \u00e0 cr\u00e9er des emballages s\u00fbrs et inviolables, mais \u00e9galement faciles \u00e0 ouvrir pour les consommateurs \u00e2g\u00e9s et ceux qui souffrent de probl\u00e8mes de dext\u00e9rit\u00e9 ou de mobilit\u00e9.","og_url":"https:\/\/www.seliggroup.com\/fr\/les-defis-en-matiere-demballage-que-pose-le-vieillissement-de-la-population\/","og_site_name":"Selig Group","article_published_time":"2019-04-04T18:34:00+00:00","article_modified_time":"2023-05-22T13:15:35+00:00","og_image":[{"width":266,"height":113,"url":"https:\/\/www.seliggroup.com\/wp-content\/uploads\/2022\/12\/packaging-challenges-ageing-population-1.jpeg","type":"image\/jpeg"}],"author":"Amabel Ryan","twitter_card":"summary_large_image","twitter_misc":{"\u00c9crit par":"Amabel Ryan"},"schema":{"@context":"https:\/\/schema.org","@graph":[{"@type":"Article","@id":"https:\/\/www.seliggroup.com\/fr\/les-defis-en-matiere-demballage-que-pose-le-vieillissement-de-la-population\/#article","isPartOf":{"@id":"https:\/\/www.seliggroup.com\/fr\/les-defis-en-matiere-demballage-que-pose-le-vieillissement-de-la-population\/"},"author":{"name":"Amabel Ryan","@id":"https:\/\/www.seliggroup.com\/fr\/#\/schema\/person\/e7b30b0f09d9837fcb675cbf121c4fbb"},"headline":"Les d\u00e9fis en mati\u00e8re d\u2019emballage que pose le vieillissement de la population","datePublished":"2019-04-04T18:34:00+00:00","dateModified":"2023-05-22T13:15:35+00:00","mainEntityOfPage":{"@id":"https:\/\/www.seliggroup.com\/fr\/les-defis-en-matiere-demballage-que-pose-le-vieillissement-de-la-population\/"},"wordCount":55,"publisher":{"@id":"https:\/\/www.seliggroup.com\/fr\/#organization"},"image":{"@id":"https:\/\/www.seliggroup.com\/fr\/les-defis-en-matiere-demballage-que-pose-le-vieillissement-de-la-population\/#primaryimage"},"thumbnailUrl":"https:\/\/www.seliggroup.com\/wp-content\/uploads\/2022\/12\/packaging-challenges-ageing-population-1.jpeg","keywords":["Boissons","Les produits alimentaires","Les produits chimiques et industriels","Les soins personnels","Sant\u00e9","Vins et spiritueux"],"articleSection":["Non classifi\u00e9(e)"],"inLanguage":"fr-FR"},{"@type":"WebPage","@id":"https:\/\/www.seliggroup.com\/fr\/les-defis-en-matiere-demballage-que-pose-le-vieillissement-de-la-population\/","url":"https:\/\/www.seliggroup.com\/fr\/les-defis-en-matiere-demballage-que-pose-le-vieillissement-de-la-population\/","name":"Les d\u00e9fis en mati\u00e8re d\u2019emballage que pose le vieillissement de la population - Selig Group","isPartOf":{"@id":"https:\/\/www.seliggroup.com\/fr\/#website"},"primaryImageOfPage":{"@id":"https:\/\/www.seliggroup.com\/fr\/les-defis-en-matiere-demballage-que-pose-le-vieillissement-de-la-population\/#primaryimage"},"image":{"@id":"https:\/\/www.seliggroup.com\/fr\/les-defis-en-matiere-demballage-que-pose-le-vieillissement-de-la-population\/#primaryimage"},"thumbnailUrl":"https:\/\/www.seliggroup.com\/wp-content\/uploads\/2022\/12\/packaging-challenges-ageing-population-1.jpeg","datePublished":"2019-04-04T18:34:00+00:00","dateModified":"2023-05-22T13:15:35+00:00","breadcrumb":{"@id":"https:\/\/www.seliggroup.com\/fr\/les-defis-en-matiere-demballage-que-pose-le-vieillissement-de-la-population\/#breadcrumb"},"inLanguage":"fr-FR","potentialAction":[{"@type":"ReadAction","target":["https:\/\/www.seliggroup.com\/fr\/les-defis-en-matiere-demballage-que-pose-le-vieillissement-de-la-population\/"]}]},{"@type":"ImageObject","inLanguage":"fr-FR","@id":"https:\/\/www.seliggroup.com\/fr\/les-defis-en-matiere-demballage-que-pose-le-vieillissement-de-la-population\/#primaryimage","url":"https:\/\/www.seliggroup.com\/wp-content\/uploads\/2022\/12\/packaging-challenges-ageing-population-1.jpeg","contentUrl":"https:\/\/www.seliggroup.com\/wp-content\/uploads\/2022\/12\/packaging-challenges-ageing-population-1.jpeg","width":266,"height":113},{"@type":"BreadcrumbList","@id":"https:\/\/www.seliggroup.com\/fr\/les-defis-en-matiere-demballage-que-pose-le-vieillissement-de-la-population\/#breadcrumb","itemListElement":[{"@type":"ListItem","position":1,"name":"Home","item":"https:\/\/www.seliggroup.com\/fr\/"},{"@type":"ListItem","position":2,"name":"Les d\u00e9fis en mati\u00e8re d\u2019emballage que pose le vieillissement de la population"}]},{"@type":"WebSite","@id":"https:\/\/www.seliggroup.com\/fr\/#website","url":"https:\/\/www.seliggroup.com\/fr\/","name":"Selig Group","description":"Selig Group is a reliable and experienced partner in the global packaging industry, offering quality sealing, venting, flexible packaging, and protection.","publisher":{"@id":"https:\/\/www.seliggroup.com\/fr\/#organization"},"potentialAction":[{"@type":"SearchAction","target":{"@type":"EntryPoint","urlTemplate":"https:\/\/www.seliggroup.com\/fr\/?s={search_term_string}"},"query-input":{"@type":"PropertyValueSpecification","valueRequired":true,"valueName":"search_term_string"}}],"inLanguage":"fr-FR"},{"@type":"Organization","@id":"https:\/\/www.seliggroup.com\/fr\/#organization","name":"Selig Group","alternateName":"Selig","url":"https:\/\/www.seliggroup.com\/fr\/","logo":{"@type":"ImageObject","inLanguage":"fr-FR","@id":"https:\/\/www.seliggroup.com\/fr\/#\/schema\/logo\/image\/","url":"https:\/\/www.seliggroup.com\/wp-content\/uploads\/2022\/12\/SeligGroupLogo_CMYK.jpg","contentUrl":"https:\/\/www.seliggroup.com\/wp-content\/uploads\/2022\/12\/SeligGroupLogo_CMYK.jpg","width":720,"height":336,"caption":"Selig Group"},"image":{"@id":"https:\/\/www.seliggroup.com\/fr\/#\/schema\/logo\/image\/"}},{"@type":"Person","@id":"https:\/\/www.seliggroup.com\/fr\/#\/schema\/person\/e7b30b0f09d9837fcb675cbf121c4fbb","name":"Amabel Ryan","image":{"@type":"ImageObject","inLanguage":"fr-FR","@id":"https:\/\/secure.gravatar.com\/avatar\/7d52e3df607aef380a78d81ab14c17008cd9bd5b734b307bc1911e2175ab4de9?s=96&d=mm&r=g","url":"https:\/\/secure.gravatar.com\/avatar\/7d52e3df607aef380a78d81ab14c17008cd9bd5b734b307bc1911e2175ab4de9?s=96&d=mm&r=g","contentUrl":"https:\/\/secure.gravatar.com\/avatar\/7d52e3df607aef380a78d81ab14c17008cd9bd5b734b307bc1911e2175ab4de9?s=96&d=mm&r=g","caption":"Amabel Ryan"}}]}},"_links":{"self":[{"href":"https:\/\/www.seliggroup.com\/fr\/wp-json\/wp\/v2\/posts\/58640","targetHints":{"allow":["GET"]}}],"collection":[{"href":"https:\/\/www.seliggroup.com\/fr\/wp-json\/wp\/v2\/posts"}],"about":[{"href":"https:\/\/www.seliggroup.com\/fr\/wp-json\/wp\/v2\/types\/post"}],"author":[{"embeddable":true,"href":"https:\/\/www.seliggroup.com\/fr\/wp-json\/wp\/v2\/users\/3"}],"replies":[{"embeddable":true,"href":"https:\/\/www.seliggroup.com\/fr\/wp-json\/wp\/v2\/comments?post=58640"}],"version-history":[{"count":0,"href":"https:\/\/www.seliggroup.com\/fr\/wp-json\/wp\/v2\/posts\/58640\/revisions"}],"wp:featuredmedia":[{"embeddable":true,"href":"https:\/\/www.seliggroup.com\/fr\/wp-json\/wp\/v2\/media\/58641"}],"wp:attachment":[{"href":"https:\/\/www.seliggroup.com\/fr\/wp-json\/wp\/v2\/media?parent=58640"}],"wp:term":[{"taxonomy":"category","embeddable":true,"href":"https:\/\/www.seliggroup.com\/fr\/wp-json\/wp\/v2\/categories?post=58640"},{"taxonomy":"post_tag","embeddable":true,"href":"https:\/\/www.seliggroup.com\/fr\/wp-json\/wp\/v2\/tags?post=58640"}],"curies":[{"name":"wp","href":"https:\/\/api.w.org\/{rel}","templated":true}]}}